{"id":47,"date":"2013-06-11T14:34:55","date_gmt":"2013-06-11T11:34:55","guid":{"rendered":"https:\/\/suomenkuvalehti.fi\/americana\/pohjois-carolinan-kapina\/"},"modified":"2013-11-30T16:22:00","modified_gmt":"2013-11-30T14:22:00","slug":"pohjois-carolinan-kapina","status":"publish","type":"post","link":"https:\/\/suomenkuvalehti.fi\/americana\/pohjois-carolinan-kapina\/","title":{"rendered":"Pohjois-Carolinan kapina"},"content":{"rendered":"\n<p>Professorit, papit ja el\u00e4kel\u00e4iset k\u00e4siraudoissa? Huhtikuussa alkanut protestiaalto Pohjois-Carolinassa on nousemassa kansalliseksi puheenaiheeksi.<\/p>\n\n\n\n<p>Yhdysvaltojen poliittiset j\u00e4nnitteet ovat kiteytyneet Pohjois-Carolinassa. Osavaltiosta on muodostunut amerikkalaisen poliittisen nykykulttuurin testitapaus. Molemmat puolueet seuraavat tapahtumia Pohjois-Carolinassa tarkalla silm\u00e4ll\u00e4.<\/p>\n\n\n\n<p>Pohjois-Carolina on Etel\u00e4n osavaltio, mutta poliittisesti kirjavalla osavaltiolla on my\u00f6s vankat liberaalit ja populistiset perinteet. Se on l\u00e4hihistoriansa aikana valinnut kansallisiksi edustajikseen niin ultrakonservatiiveja (<strong>Jesse Helms<\/strong>) kuin 1960-70 lukujen liberaalejakin (<strong>Terry Sanford<\/strong>). Osavaltiossa on toiminut niin aktiivinen KKK kuin kommunistinen puoluekin. Vuonna 2008 Pohjois-Carolina \u00e4\u00e4nesti niukasti Barack Obamaa, ja vuonna 2012 se meni yht\u00e4 niukasti Mitt Romneylle.<\/p>\n\n\n\n<p>Vuonna 2010 republikaanit marssivat mittavaan vaalivoittoon Pohjois-Carolinassa. Ensimm\u00e4ist\u00e4 kertaa yli vuosisataan, he kontrolloivat osavaltion kongressin molempia huoneita. Vuonna 2012 \u00e4\u00e4nest\u00e4j\u00e4t valitsivat my\u00f6s republikaani <strong>Pat McCroryn<\/strong> kuvern\u00f6\u00f6rikseen.<\/p>\n\n\n\n<p>Republikaanit tarttuivat tilaisuuteen piirt\u00e4m\u00e4ll\u00e4 osavaltion vaalipiirit uusiksi. T\u00e4m\u00e4 on normaali k\u00e4yt\u00e4nt\u00f6, jota molemmat osapuolet harrastavat aina v\u00e4est\u00f6laskentojen j\u00e4lkeen. Republikaanit piirsiv\u00e4t, ymm\u00e4rrett\u00e4v\u00e4sti, vaalipiirit itselleen mahdollisimman suotuisiksi. Demograafinen kehitys osavaltiossa suosii demokraatteja, ja republikaanit yrittiv\u00e4t voittaa aikaa taitavalla <a href=\"http:\/\/fi.wikipedia.org\/wiki\/Gerrymandering\">gerrymandering-ohjelmalla<\/a>.<\/p>\n\n\n\n<p>Pohjois-Carolina on poliittisesti purppura osavaltio, mutta republikaanien konservatiivinen siipi on viime aikoina dominoinut puolueen esivaaleja. Teekutsu-liikkeen inspiroima kentt\u00e4 on puskenut osavaltion republikaanista puoluetta yh\u00e4 oikeammalle.<\/p>\n\n\n\n<p>Noustuaan valtaan Pohjois-Carolinan republikaanit ajoivat l\u00e4pi mittavan ja demokraatteja raivostuttavan sarjan lakeja. Republikaanit torjuivat Obamacaren tarjoaman julkisen terveydenhoidon Medicare-ohjelman laajennuksen. He my\u00f6s lyhensiv\u00e4t ennakko\u00e4\u00e4nestyst\u00e4 sek\u00e4 vaativat \u00e4\u00e4nest\u00e4ji\u00e4 todistamaan henkil\u00f6llisyytens\u00e4 vaalipaikoilla. Republikaanit leikkasivat koulujen rahoitusta ja ajoivat l\u00e4pi veroremontin, joka demokraattien mukaan suosii hyv\u00e4tuloisia keskiluokan ja k\u00f6yhien kustannuksella.<\/p>\n\n\n\n<p>Republikaanit toimivat t\u00e4ysin lain puitteissa, mutta monet demokraatit syytt\u00e4v\u00e4t valtapuoluetta kahtiajaon politiikasta sek\u00e4 hihhulismista, joka ei vastaa osavaltion purppuraa poliittista todellisuutta. Pohjois-Carolinan demokraatit ovat huhtikuusta alkaen kokoontuneet maanantaisin osavaltion kongressiin <a href=\"http:\/\/www.thenation.com\/article\/174679\/protesters-shake-north-carolina-legislature-moral-monday-demonstrations\">protestoimaan republikaanien toimia<\/a>. He kutsuvat protestejaan &#8221;moraalisiksi maanantaiksi.&#8221;<\/p>\n\n\n\n<p>Protestit ovat houkutelleet yll\u00e4tt\u00e4vi\u00e4 aktivisteja. Professorit, papit ja el\u00e4kel\u00e4iset ovat uhmanneet poliisin hajaantumisk\u00e4skyj\u00e4 ja antautuneet vapaaehtoisesti pid\u00e4tett\u00e4viksi. Pid\u00e4tettyjen joukossa on <a href=\"http:\/\/www.newsobserver.com\/2013\/05\/08\/2880510\/an-nc-history-worth-preserving.html\">muutamia akateemisia tuttaviani<\/a>. Tunnen mm. professori <strong>Jacquelyn Dowd Hallin<\/strong> ja <strong>Harry Watsonin<\/strong> henkil\u00f6kohtaisesti, ja professori Watsonin kanssa olen hyv\u00e4t sinuttelukaverit. En voisi mill\u00e4\u00e4n ilveell\u00e4 kutsua h\u00e4nt\u00e4 intohimojen riivaamaksi aktivistiksi. Ennemminkin h\u00e4n sopii kohteliaan, varovaisen ja harkitsevan professorin stereotyyppiin.<\/p>\n\n\n\n<p>Pohjois-Carolina on perinteisesti ollut t\u00e4rke\u00e4 mielipidevaikuttaja koko Etel\u00e4ss\u00e4. Muut Etel\u00e4n osavaltiot ovat seuranneet sen esimerkki\u00e4 koulutus- ja talouspolitiikassaan. Protestoijat uskovat, ett\u00e4 Pohjois-Carolinassa ratkaistaan koko Etel\u00e4n poliittinen l\u00e4hitulevaisuus.<\/p>\n\n\n\n<p>Demokraatit toivovat, ett\u00e4 protestit her\u00e4tt\u00e4v\u00e4t osavaltion \u00e4\u00e4nest\u00e4j\u00e4t sek\u00e4 aktivoivat heid\u00e4t vuonna 2014 \u00e4\u00e4nest\u00e4m\u00e4\u00e4n puoluettaan. T\u00e4m\u00e4 on riskialtis strategia. Demokraatit n\u00e4ytt\u00e4v\u00e4t paikoitellen huonoilta h\u00e4vi\u00e4jilt\u00e4, ja eliittien aktivismi saattaa kostautua vankan populistisessa osavaltiossa. Toisaalta, uskoisin professori Watsonin ja kumppaneiden tuntevan kotiosavaltionsa sek\u00e4 sen poliittisen kulttuurin paremmin kuin kukaan muu.<\/p>\n\n\n\n<p><em>Soundtrack: Ben Folds, <a href=\"https:\/\/www.youtube.com\/watch?v=0vPygzPSg8M\">Landed<\/a>.<\/em><\/p>\n\n\n","protected":false},"excerpt":{"rendered":"<p>Professorit, papit ja el\u00e4kel\u00e4iset k\u00e4siraudoissa? Huhtikuussa alkanut protestiaalto Pohjois-Carolinassa on nousemassa kansalliseksi puheenaiheeksi. Yhdysvaltojen poliittiset j\u00e4nnitteet ovat kiteytyneet Pohjois-Carolinassa. Osavaltiosta on muodostunut amerikkalaisen poliittisen nykykulttuurin<br \/>\ntes&hellip;<\/p>\n","protected":false},"author":158,"featured_media":0,"comment_status":"open","ping_status":"open","sticky":false,"template":"","format":"standard","meta":{"_acf_changed":false,"asauth_required_access_level":0,"asauth_cansharepaid":"","om_header_attributes":[],"footnotes":"","om_featured_image_focal_point":[],"om_primary_tag":0,"om_contributors":[],"om_co_authors":[],"beyondwords_generate_audio":"","beyondwords_project_id":"","beyondwords_content_id":"","beyondwords_preview_token":"","beyondwords_player_content":"","beyondwords_player_style":"","beyondwords_language_code":"","beyondwords_language_id":"","beyondwords_title_voice_id":"","beyondwords_body_voice_id":"","beyondwords_summary_voice_id":"","beyondwords_error_message":"","beyondwords_disabled":"","beyondwords_delete_content":"","beyondwords_podcast_id":"","beyondwords_hash":"","publish_post_to_speechkit":"","speechkit_hash":"","speechkit_generate_audio":"","speechkit_project_id":"","speechkit_podcast_id":"","speechkit_error_message":"","speechkit_disabled":"","speechkit_access_key":"","speechkit_error":"","speechkit_info":"","speechkit_response":"","speechkit_retries":"","speechkit_status":"","speechkit_updated_at":"","_speechkit_link":"","_speechkit_text":""},"categories":[1],"tags":[31,188,187,185,186,183,184,30],"class_list":["post-47","post","type-post","status-publish","format-standard","hentry","category-americana","tag-demokraatit","tag-harry-watson","tag-jacquelyn-hall","tag-moraaliset-maanantait","tag-pidatys","tag-pohjois-carolina","tag-protestit","tag-republikaanit"],"om_views":null,"acf":{"tuuma_off":false,"tuuma_kysymys":"","tuuma_vastaus":""},"asauth":{"required_access_level":1,"share_token":"","is_paid":false},"yoast_head":"<!-- This site is optimized with the Yoast SEO plugin v26.4 - https:\/\/yoast.com\/wordpress\/plugins\/seo\/ -->\n<title>Pohjois-Carolinan kapina - Americana<\/title>\n<meta name=\"robots\" content=\"noindex, follow\" \/>\n<meta property=\"og:locale\" content=\"fi_FI\" \/>\n<meta property=\"og:type\" content=\"article\" \/>\n<meta property=\"og:title\" content=\"Pohjois-Carolinan kapina - Americana\" \/>\n<meta property=\"og:description\" content=\"Professorit, papit ja el\u00e4kel\u00e4iset k\u00e4siraudoissa? Huhtikuussa alkanut protestiaalto Pohjois-Carolinassa on nousemassa kansalliseksi puheenaiheeksi. Yhdysvaltojen poliittiset j\u00e4nnitteet ovat kiteytyneet Pohjois-Carolinassa. Osavaltiosta on muodostunut amerikkalaisen poliittisen nykykulttuurin tes&hellip;\" \/>\n<meta property=\"og:url\" content=\"https:\/\/suomenkuvalehti.fi\/americana\/pohjois-carolinan-kapina\/\" \/>\n<meta property=\"og:site_name\" content=\"Americana\" \/>\n<meta property=\"article:published_time\" content=\"2013-06-11T11:34:55+00:00\" \/>\n<meta property=\"article:modified_time\" content=\"2013-11-30T14:22:00+00:00\" \/>\n<meta property=\"og:image\" content=\"https:\/\/suomenkuvalehti.fi\/americana\/wp-content\/uploads\/sites\/10\/2022\/04\/americana_maunula-scaled.jpg\" \/>\n\t<meta property=\"og:image:width\" content=\"2560\" \/>\n\t<meta property=\"og:image:height\" content=\"1706\" \/>\n\t<meta property=\"og:image:type\" content=\"image\/jpeg\" \/>\n<meta name=\"author\" content=\"Marko Maunula\" \/>\n<meta name=\"twitter:card\" content=\"summary_large_image\" \/>\n<meta name=\"twitter:label1\" content=\"Written by\" \/>\n\t<meta name=\"twitter:data1\" content=\"Marko Maunula\" \/>\n\t<meta name=\"twitter:label2\" content=\"Est. reading time\" \/>\n\t<meta name=\"twitter:data2\" content=\"2 minuuttia\" \/>\n<script type=\"application\/ld+json\" class=\"yoast-schema-graph\">{\"@context\":\"https:\/\/schema.org\",\"@graph\":[{\"@type\":\"WebPage\",\"@id\":\"https:\/\/suomenkuvalehti.fi\/americana\/pohjois-carolinan-kapina\/\",\"url\":\"https:\/\/suomenkuvalehti.fi\/americana\/pohjois-carolinan-kapina\/\",\"name\":\"Pohjois-Carolinan kapina - Americana\",\"isPartOf\":{\"@id\":\"https:\/\/suomenkuvalehti.fi\/americana\/#website\"},\"datePublished\":\"2013-06-11T11:34:55+00:00\",\"dateModified\":\"2013-11-30T14:22:00+00:00\",\"author\":{\"@id\":\"https:\/\/suomenkuvalehti.fi\/americana\/#\/schema\/person\/12d514491cb37506bc39c8e10176c3ec\"},\"breadcrumb\":{\"@id\":\"https:\/\/suomenkuvalehti.fi\/americana\/pohjois-carolinan-kapina\/#breadcrumb\"},\"inLanguage\":\"fi\",\"potentialAction\":[{\"@type\":\"ReadAction\",\"target\":[\"https:\/\/suomenkuvalehti.fi\/americana\/pohjois-carolinan-kapina\/\"]}]},{\"@type\":\"BreadcrumbList\",\"@id\":\"https:\/\/suomenkuvalehti.fi\/americana\/pohjois-carolinan-kapina\/#breadcrumb\",\"itemListElement\":[{\"@type\":\"ListItem\",\"position\":1,\"name\":\"Home\",\"item\":\"https:\/\/suomenkuvalehti.fi\/americana\/\"},{\"@type\":\"ListItem\",\"position\":2,\"name\":\"Pohjois-Carolinan kapina\"}]},{\"@type\":\"WebSite\",\"@id\":\"https:\/\/suomenkuvalehti.fi\/americana\/#website\",\"url\":\"https:\/\/suomenkuvalehti.fi\/americana\/\",\"name\":\"Americana\",\"description\":\"Professori Marko Maunula seuraa USA:n politiikkaa ja populaarikulttuuria\",\"potentialAction\":[{\"@type\":\"SearchAction\",\"target\":{\"@type\":\"EntryPoint\",\"urlTemplate\":\"https:\/\/suomenkuvalehti.fi\/haku\/?q={search_term_string}\"},\"query-input\":{\"@type\":\"PropertyValueSpecification\",\"valueRequired\":true,\"valueName\":\"search_term_string\"}}],\"inLanguage\":\"fi\"},{\"@type\":\"Person\",\"@id\":\"https:\/\/suomenkuvalehti.fi\/americana\/#\/schema\/person\/12d514491cb37506bc39c8e10176c3ec\",\"name\":\"Marko Maunula\",\"image\":{\"@type\":\"ImageObject\",\"inLanguage\":\"fi\",\"@id\":\"https:\/\/suomenkuvalehti.fi\/americana\/#\/schema\/person\/image\/\",\"url\":\"https:\/\/suomenkuvalehti.fi\/americana\/wp-content\/uploads\/sites\/10\/2022\/04\/americana_maunula-150x150.jpg\",\"contentUrl\":\"https:\/\/suomenkuvalehti.fi\/americana\/wp-content\/uploads\/sites\/10\/2022\/04\/americana_maunula-150x150.jpg\",\"caption\":\"Marko Maunula\"},\"description\":\"Kirjoittaja on Yhdysvaltain historian professori Atlantassa.\"}]}<\/script>\n<!-- \/ Yoast SEO plugin. -->","yoast_head_json":{"title":"Pohjois-Carolinan kapina - Americana","robots":{"index":"noindex","follow":"follow"},"og_locale":"fi_FI","og_type":"article","og_title":"Pohjois-Carolinan kapina - Americana","og_description":"Professorit, papit ja el\u00e4kel\u00e4iset k\u00e4siraudoissa? Huhtikuussa alkanut protestiaalto Pohjois-Carolinassa on nousemassa kansalliseksi puheenaiheeksi. Yhdysvaltojen poliittiset j\u00e4nnitteet ovat kiteytyneet Pohjois-Carolinassa. Osavaltiosta on muodostunut amerikkalaisen poliittisen nykykulttuurin tes&hellip;","og_url":"https:\/\/suomenkuvalehti.fi\/americana\/pohjois-carolinan-kapina\/","og_site_name":"Americana","article_published_time":"2013-06-11T11:34:55+00:00","article_modified_time":"2013-11-30T14:22:00+00:00","og_image":[{"width":2560,"height":1706,"url":"https:\/\/suomenkuvalehti.fi\/americana\/wp-content\/uploads\/sites\/10\/2022\/04\/americana_maunula-scaled.jpg","type":"image\/jpeg"}],"author":"Marko Maunula","twitter_card":"summary_large_image","twitter_misc":{"Written by":"Marko Maunula","Est. reading time":"2 minuuttia"},"schema":{"@context":"https:\/\/schema.org","@graph":[{"@type":"WebPage","@id":"https:\/\/suomenkuvalehti.fi\/americana\/pohjois-carolinan-kapina\/","url":"https:\/\/suomenkuvalehti.fi\/americana\/pohjois-carolinan-kapina\/","name":"Pohjois-Carolinan kapina - Americana","isPartOf":{"@id":"https:\/\/suomenkuvalehti.fi\/americana\/#website"},"datePublished":"2013-06-11T11:34:55+00:00","dateModified":"2013-11-30T14:22:00+00:00","author":{"@id":"https:\/\/suomenkuvalehti.fi\/americana\/#\/schema\/person\/12d514491cb37506bc39c8e10176c3ec"},"breadcrumb":{"@id":"https:\/\/suomenkuvalehti.fi\/americana\/pohjois-carolinan-kapina\/#breadcrumb"},"inLanguage":"fi","potentialAction":[{"@type":"ReadAction","target":["https:\/\/suomenkuvalehti.fi\/americana\/pohjois-carolinan-kapina\/"]}]},{"@type":"BreadcrumbList","@id":"https:\/\/suomenkuvalehti.fi\/americana\/pohjois-carolinan-kapina\/#breadcrumb","itemListElement":[{"@type":"ListItem","position":1,"name":"Home","item":"https:\/\/suomenkuvalehti.fi\/americana\/"},{"@type":"ListItem","position":2,"name":"Pohjois-Carolinan kapina"}]},{"@type":"WebSite","@id":"https:\/\/suomenkuvalehti.fi\/americana\/#website","url":"https:\/\/suomenkuvalehti.fi\/americana\/","name":"Americana","description":"Professori Marko Maunula seuraa USA:n politiikkaa ja populaarikulttuuria","potentialAction":[{"@type":"SearchAction","target":{"@type":"EntryPoint","urlTemplate":"https:\/\/suomenkuvalehti.fi\/haku\/?q={search_term_string}"},"query-input":{"@type":"PropertyValueSpecification","valueRequired":true,"valueName":"search_term_string"}}],"inLanguage":"fi"},{"@type":"Person","@id":"https:\/\/suomenkuvalehti.fi\/americana\/#\/schema\/person\/12d514491cb37506bc39c8e10176c3ec","name":"Marko Maunula","image":{"@type":"ImageObject","inLanguage":"fi","@id":"https:\/\/suomenkuvalehti.fi\/americana\/#\/schema\/person\/image\/","url":"https:\/\/suomenkuvalehti.fi\/americana\/wp-content\/uploads\/sites\/10\/2022\/04\/americana_maunula-150x150.jpg","contentUrl":"https:\/\/suomenkuvalehti.fi\/americana\/wp-content\/uploads\/sites\/10\/2022\/04\/americana_maunula-150x150.jpg","caption":"Marko Maunula"},"description":"Kirjoittaja on Yhdysvaltain historian professori Atlantassa."}]}},"_links":{"self":[{"href":"https:\/\/suomenkuvalehti.fi\/americana\/wp-json\/wp\/v2\/posts\/47","targetHints":{"allow":["GET"]}}],"collection":[{"href":"https:\/\/suomenkuvalehti.fi\/americana\/wp-json\/wp\/v2\/posts"}],"about":[{"href":"https:\/\/suomenkuvalehti.fi\/americana\/wp-json\/wp\/v2\/types\/post"}],"author":[{"embeddable":true,"href":"https:\/\/suomenkuvalehti.fi\/americana\/wp-json\/wp\/v2\/users\/158"}],"replies":[{"embeddable":true,"href":"https:\/\/suomenkuvalehti.fi\/americana\/wp-json\/wp\/v2\/comments?post=47"}],"version-history":[{"count":1,"href":"https:\/\/suomenkuvalehti.fi\/americana\/wp-json\/wp\/v2\/posts\/47\/revisions"}],"predecessor-version":[{"id":179,"href":"https:\/\/suomenkuvalehti.fi\/americana\/wp-json\/wp\/v2\/posts\/47\/revisions\/179"}],"wp:attachment":[{"href":"https:\/\/suomenkuvalehti.fi\/americana\/wp-json\/wp\/v2\/media?parent=47"}],"wp:term":[{"taxonomy":"category","embeddable":true,"href":"https:\/\/suomenkuvalehti.fi\/americana\/wp-json\/wp\/v2\/categories?post=47"},{"taxonomy":"post_tag","embeddable":true,"href":"https:\/\/suomenkuvalehti.fi\/americana\/wp-json\/wp\/v2\/tags?post=47"}],"curies":[{"name":"wp","href":"https:\/\/api.w.org\/{rel}","templated":true}]}}