{"id":4669,"date":"2019-11-05T09:33:29","date_gmt":"2019-11-05T07:33:29","guid":{"rendered":"https:\/\/suomenkuvalehti.fi\/americana\/?p=4669"},"modified":"2019-11-05T09:33:40","modified_gmt":"2019-11-05T07:33:40","slug":"barack-obama-ideologinen-puhdasoppisuus-ja-tuomitsemisen-kulttuuri-eivat-ole-rakentavaa-aktivismia","status":"publish","type":"post","link":"https:\/\/suomenkuvalehti.fi\/americana\/barack-obama-ideologinen-puhdasoppisuus-ja-tuomitsemisen-kulttuuri-eivat-ole-rakentavaa-aktivismia\/","title":{"rendered":"Barack Obama: Ideologinen puhdasoppisuus ja tuomitsemisen kulttuuri eiv\u00e4t ole rakentavaa aktivismia"},"content":{"rendered":"\n<p><span class=\"capitalized\">El\u00e4kel\u00e4inen<\/span> <strong>Barack Obama<\/strong> heilutti opettavaa sormeaan nuorille aktivisteille. Nuorten poliittista osallistumista tukevassa tapahtumassa Obama <a href=\"https:\/\/www.nytimes.com\/2019\/10\/31\/us\/politics\/obama-woke-cancel-culture.html\">varoitti niin sanotun woke-kulttuurin vaaroista<\/a>.<\/p>\n\n\n\n<p>Obama kritisoi ideologisen puhdasoppisuuden vaatimusta ja muistutti oikean maailman monimutkaisuudesta: \u201dHyvill\u00e4kin ihmisill\u00e4 on heikkoutensa. Ihmiset joita sin\u00e4 vastustat, saattavat rakastaa lapsiaan, jakaa monet sinun arvoistasi.\u201d<\/p>\n\n\n\n<p>Liian usein aktivistit uskovat positiivisen muutoksen ponnistavan tuomitsemisen kulttuurista, Obama valitti. Hashtag-kulttuuri, toisinajattelevien solvaaminen sosiaalisessa mediassa, ja itsetyytyv\u00e4inen tiedostus eiv\u00e4t sytyt\u00e4 entist\u00e4 aktivistia.<\/p>\n\n\n\n<p>\u201dT\u00e4m\u00e4 ei ole aktivismia eik\u00e4 se muuta maailmaa. Jos keskityt ainoastaan kivien heittelyyn, et todenn\u00e4k\u00f6isesti p\u00e4\u00e4se kovinkaan pitk\u00e4lle.\u201d<\/p>\n\n\n\n<p>&nbsp;<\/p>\n\n\n\n<p><span class=\"capitalized\">Obama<\/span> on t\u00e4ysin oikeassa. Woke-kulttuuri ei ainoastaan tukahduta yhteiskunnallista keskustelua vaan se on usein my\u00f6s este rakentavalle muutokselle.<\/p>\n\n\n\n<p>Min\u00e4k\u00e4\u00e4n en ole toistaiseksi havainnut tuomitsemisen kulttuurin tai sosiaalisen sulkemisen luovan parempia ihmisi\u00e4, ruokkivan positiivista muutosta. Ihmiset harvoin reagoivat sosiaalisen median kyl\u00e4k\u00e4r\u00e4jiin positiivisesti. Tuomitseminen vain vahvistaa seini\u00e4 \u201dmeid\u00e4n\u201d ja \u201dniiden\u201d v\u00e4lill\u00e4.<\/p>\n\n\n\n<p>&nbsp;<\/p>\n\n\n\n<p><span class=\"capitalized\">Edesmennyt<\/span> tuttavani ja kollegani <strong>Eugene Genovese<\/strong>, eturivin amerikkalainen historioitsija, liittyi nuorena opiskelijana Yhdysvaltain kommunistiseen puolueeseen. H\u00e4net puhdistettiin pian puolueesta. Kun joku kysyi syyt\u00e4 erottamiseen, Gene sanoi: \u201dI was zigging when I was supposed to be zagging.\u201d Eli vapaasti suomennettuna: Gene laski ideologisen pujottelukepin v\u00e4\u00e4r\u00e4lt\u00e4 puolelta.<\/p>\n\n\n\n<p>Muutama vuosi sitten haastattelin amerikansuomalaista, sittemmin edesmennytt\u00e4 Toisen maailmansodan veteraania ja vasemmistoradikaali <strong>Harry Siitosta<\/strong>. H\u00e4n muisteli lyhytt\u00e4 kauttaan Yhdysvaltain kommunistisessa puolueessa. Muistoistaan huvittunut Harry kertoi toistuvista puhdistuksista, joissa puolueen ennest\u00e4\u00e4nkin pienet rivit kutistuivat ideologisten riitojen my\u00f6t\u00e4.<\/p>\n\n\n\n<p>Nykyisess\u00e4 tilanteessa on paljon yhteist\u00e4 menneiden vuosikymmenten fanatismin kanssa. Vierailu monilla aktivistien some-sivuilla todistaa saman hengen voiman. Rasistit ja fasistit ovat pahoja, mutta rasismia ja fasismia v\u00e4\u00e4rin vastustavat ihmisetkin ovat usein kyseenalaisia. Tolkku on haukkumasana.<\/p>\n\n\n\n<p>&nbsp;<\/p>\n\n\n\n<p><span class=\"capitalized\">En<\/span> tied\u00e4 parempaa keinoa vakuuttaa eri tavoin ajattelevat kuin vaihtaa ajatuksia keskin\u00e4isen kunnioituksen ilmapiiriss\u00e4. Faktavetoinen, looginen ja kohteliainen keskustelu muokkaa mielipiteit\u00e4. Woke-kulttuuri ainoastaan kaventaa potentiaalisesti samanmielisten rivej\u00e4 entisest\u00e4\u00e4n.<\/p>\n\n\n\n<p>T\u00e4m\u00e4 ei tietenk\u00e4\u00e4n tarkoita, ett\u00e4 meid\u00e4n pit\u00e4\u00e4 kuunnella ja taputella p\u00e4\u00e4h\u00e4n jokaista rasistia, trollia tai vihaa huokuvaa radikaalia. Monet heist\u00e4 ovat logiikan, humaanien arvojen, k\u00e4yt\u00f6stapojen ja faktojen ulottumattomissa, eik\u00e4 heid\u00e4n kanssaan keskustelusta tule kuin paha mieli.<\/p>\n\n\n\n<p>Politiikka ja arvot ratkotaan hitaasti ja usein my\u00f6s ideologisten leirien keskimarginaaleissa. Vetoaminen faktavetoisiin toisinajattelijoihin on paras keino luoda rakentavaa muutosta. Rehellinen itsekritiikki, oman ajattelun ongelmakohtien tiedostaminen, ja vastakkaisten ajatusten mahdollisimman viile\u00e4 ja rauhallinen analyysi ovat ensimm\u00e4inen askel kohti positiivista muutosta.<\/p>\n\n\n\n<p>&nbsp;<\/p>\n\n\n\n<p><em>Soundtrack: SZA, Broken Clocks.<\/em><\/p>\n\n\n<p><iframe loading=\"lazy\" width=\"630\" height=\"354\" src=\"https:\/\/www.youtube.com\/embed\/zVc-K1kKkVk?feature=oembed\" frameborder=\"0\" allow=\"accelerometer; autoplay; encrypted-media; gyroscope; picture-in-picture\" allowfullscreen><\/iframe><\/p>\n","protected":false},"excerpt":{"rendered":"<p>Woke-kulttuuri ei ainoastaan tukahduta yhteiskunnallista keskustelua vaan se on usein my\u00f6s este rakentavalle muutokselle.<\/p>\n","protected":false},"author":158,"featured_media":0,"comment_status":"open","ping_status":"open","sticky":false,"template":"","format":"standard","meta":{"_acf_changed":false,"asauth_required_access_level":3,"asauth_cansharepaid":"true","om_header_attributes":[],"footnotes":"","om_featured_image_focal_point":[],"om_primary_tag":0,"om_contributors":[],"om_co_authors":[],"beyondwords_generate_audio":"","beyondwords_project_id":"","beyondwords_content_id":"","beyondwords_preview_token":"","beyondwords_player_content":"","beyondwords_player_style":"","beyondwords_language_code":"","beyondwords_language_id":"","beyondwords_title_voice_id":"","beyondwords_body_voice_id":"","beyondwords_summary_voice_id":"","beyondwords_error_message":"","beyondwords_disabled":"","beyondwords_delete_content":"","beyondwords_podcast_id":"","beyondwords_hash":"","publish_post_to_speechkit":"","speechkit_hash":"","speechkit_generate_audio":"","speechkit_project_id":"","speechkit_podcast_id":"","speechkit_error_message":"","speechkit_disabled":"","speechkit_access_key":"","speechkit_error":"","speechkit_info":"","speechkit_response":"","speechkit_retries":"","speechkit_status":"","speechkit_updated_at":"","_speechkit_link":"","_speechkit_text":""},"categories":[1],"tags":[36,478,2151,127,1681,2150,2149],"class_list":["post-4669","post","type-post","status-publish","format-standard","hentry","category-americana","tag-barack-obama","tag-eugene-genovese","tag-harry-siitonen","tag-ideologia","tag-some","tag-trollit","tag-woke-kulttuuri"],"om_views":null,"acf":{"tuuma_off":false,"tuuma_kysymys":"","tuuma_vastaus":""},"asauth":{"required_access_level":1,"share_token":"","is_paid":false},"yoast_head":"<!-- This site is optimized with the Yoast SEO plugin v26.4 - https:\/\/yoast.com\/wordpress\/plugins\/seo\/ -->\n<title>Barack Obama: Ideologinen puhdasoppisuus ja tuomitsemisen kulttuuri eiv\u00e4t ole rakentavaa aktivismia - Americana<\/title>\n<meta name=\"robots\" content=\"noindex, follow\" \/>\n<meta property=\"og:locale\" content=\"fi_FI\" \/>\n<meta property=\"og:type\" content=\"article\" \/>\n<meta property=\"og:title\" content=\"Barack Obama: Ideologinen puhdasoppisuus ja tuomitsemisen kulttuuri eiv\u00e4t ole rakentavaa aktivismia - Americana\" \/>\n<meta property=\"og:description\" content=\"Woke-kulttuuri ei ainoastaan tukahduta yhteiskunnallista keskustelua vaan se on usein my\u00f6s este rakentavalle muutokselle.\" \/>\n<meta property=\"og:url\" content=\"https:\/\/suomenkuvalehti.fi\/americana\/barack-obama-ideologinen-puhdasoppisuus-ja-tuomitsemisen-kulttuuri-eivat-ole-rakentavaa-aktivismia\/\" \/>\n<meta property=\"og:site_name\" content=\"Americana\" \/>\n<meta property=\"article:published_time\" content=\"2019-11-05T07:33:29+00:00\" \/>\n<meta property=\"article:modified_time\" content=\"2019-11-05T07:33:40+00:00\" \/>\n<meta property=\"og:image\" content=\"https:\/\/suomenkuvalehti.fi\/americana\/wp-content\/uploads\/sites\/10\/2022\/04\/americana_maunula-scaled.jpg\" \/>\n\t<meta property=\"og:image:width\" content=\"2560\" \/>\n\t<meta property=\"og:image:height\" content=\"1706\" \/>\n\t<meta property=\"og:image:type\" content=\"image\/jpeg\" \/>\n<meta name=\"author\" content=\"Marko Maunula\" \/>\n<meta name=\"twitter:card\" content=\"summary_large_image\" \/>\n<meta name=\"twitter:label1\" content=\"Written by\" \/>\n\t<meta name=\"twitter:data1\" content=\"Marko Maunula\" \/>\n\t<meta name=\"twitter:label2\" content=\"Est. reading time\" \/>\n\t<meta name=\"twitter:data2\" content=\"2 minuuttia\" \/>\n<script type=\"application\/ld+json\" class=\"yoast-schema-graph\">{\"@context\":\"https:\/\/schema.org\",\"@graph\":[{\"@type\":\"WebPage\",\"@id\":\"https:\/\/suomenkuvalehti.fi\/americana\/barack-obama-ideologinen-puhdasoppisuus-ja-tuomitsemisen-kulttuuri-eivat-ole-rakentavaa-aktivismia\/\",\"url\":\"https:\/\/suomenkuvalehti.fi\/americana\/barack-obama-ideologinen-puhdasoppisuus-ja-tuomitsemisen-kulttuuri-eivat-ole-rakentavaa-aktivismia\/\",\"name\":\"Barack Obama: Ideologinen puhdasoppisuus ja tuomitsemisen kulttuuri eiv\u00e4t ole rakentavaa aktivismia - Americana\",\"isPartOf\":{\"@id\":\"https:\/\/suomenkuvalehti.fi\/americana\/#website\"},\"datePublished\":\"2019-11-05T07:33:29+00:00\",\"dateModified\":\"2019-11-05T07:33:40+00:00\",\"author\":{\"@id\":\"https:\/\/suomenkuvalehti.fi\/americana\/#\/schema\/person\/12d514491cb37506bc39c8e10176c3ec\"},\"breadcrumb\":{\"@id\":\"https:\/\/suomenkuvalehti.fi\/americana\/barack-obama-ideologinen-puhdasoppisuus-ja-tuomitsemisen-kulttuuri-eivat-ole-rakentavaa-aktivismia\/#breadcrumb\"},\"inLanguage\":\"fi\",\"potentialAction\":[{\"@type\":\"ReadAction\",\"target\":[\"https:\/\/suomenkuvalehti.fi\/americana\/barack-obama-ideologinen-puhdasoppisuus-ja-tuomitsemisen-kulttuuri-eivat-ole-rakentavaa-aktivismia\/\"]}]},{\"@type\":\"BreadcrumbList\",\"@id\":\"https:\/\/suomenkuvalehti.fi\/americana\/barack-obama-ideologinen-puhdasoppisuus-ja-tuomitsemisen-kulttuuri-eivat-ole-rakentavaa-aktivismia\/#breadcrumb\",\"itemListElement\":[{\"@type\":\"ListItem\",\"position\":1,\"name\":\"Home\",\"item\":\"https:\/\/suomenkuvalehti.fi\/americana\/\"},{\"@type\":\"ListItem\",\"position\":2,\"name\":\"Barack Obama: Ideologinen puhdasoppisuus ja tuomitsemisen kulttuuri eiv\u00e4t ole rakentavaa aktivismia\"}]},{\"@type\":\"WebSite\",\"@id\":\"https:\/\/suomenkuvalehti.fi\/americana\/#website\",\"url\":\"https:\/\/suomenkuvalehti.fi\/americana\/\",\"name\":\"Americana\",\"description\":\"Professori Marko Maunula seuraa USA:n politiikkaa ja populaarikulttuuria\",\"potentialAction\":[{\"@type\":\"SearchAction\",\"target\":{\"@type\":\"EntryPoint\",\"urlTemplate\":\"https:\/\/suomenkuvalehti.fi\/haku\/?q={search_term_string}\"},\"query-input\":{\"@type\":\"PropertyValueSpecification\",\"valueRequired\":true,\"valueName\":\"search_term_string\"}}],\"inLanguage\":\"fi\"},{\"@type\":\"Person\",\"@id\":\"https:\/\/suomenkuvalehti.fi\/americana\/#\/schema\/person\/12d514491cb37506bc39c8e10176c3ec\",\"name\":\"Marko Maunula\",\"image\":{\"@type\":\"ImageObject\",\"inLanguage\":\"fi\",\"@id\":\"https:\/\/suomenkuvalehti.fi\/americana\/#\/schema\/person\/image\/\",\"url\":\"https:\/\/suomenkuvalehti.fi\/americana\/wp-content\/uploads\/sites\/10\/2022\/04\/americana_maunula-150x150.jpg\",\"contentUrl\":\"https:\/\/suomenkuvalehti.fi\/americana\/wp-content\/uploads\/sites\/10\/2022\/04\/americana_maunula-150x150.jpg\",\"caption\":\"Marko Maunula\"},\"description\":\"Kirjoittaja on Yhdysvaltain historian professori Atlantassa.\"}]}<\/script>\n<!-- \/ Yoast SEO plugin. -->","yoast_head_json":{"title":"Barack Obama: Ideologinen puhdasoppisuus ja tuomitsemisen kulttuuri eiv\u00e4t ole rakentavaa aktivismia - Americana","robots":{"index":"noindex","follow":"follow"},"og_locale":"fi_FI","og_type":"article","og_title":"Barack Obama: Ideologinen puhdasoppisuus ja tuomitsemisen kulttuuri eiv\u00e4t ole rakentavaa aktivismia - Americana","og_description":"Woke-kulttuuri ei ainoastaan tukahduta yhteiskunnallista keskustelua vaan se on usein my\u00f6s este rakentavalle muutokselle.","og_url":"https:\/\/suomenkuvalehti.fi\/americana\/barack-obama-ideologinen-puhdasoppisuus-ja-tuomitsemisen-kulttuuri-eivat-ole-rakentavaa-aktivismia\/","og_site_name":"Americana","article_published_time":"2019-11-05T07:33:29+00:00","article_modified_time":"2019-11-05T07:33:40+00:00","og_image":[{"width":2560,"height":1706,"url":"https:\/\/suomenkuvalehti.fi\/americana\/wp-content\/uploads\/sites\/10\/2022\/04\/americana_maunula-scaled.jpg","type":"image\/jpeg"}],"author":"Marko Maunula","twitter_card":"summary_large_image","twitter_misc":{"Written by":"Marko Maunula","Est. reading time":"2 minuuttia"},"schema":{"@context":"https:\/\/schema.org","@graph":[{"@type":"WebPage","@id":"https:\/\/suomenkuvalehti.fi\/americana\/barack-obama-ideologinen-puhdasoppisuus-ja-tuomitsemisen-kulttuuri-eivat-ole-rakentavaa-aktivismia\/","url":"https:\/\/suomenkuvalehti.fi\/americana\/barack-obama-ideologinen-puhdasoppisuus-ja-tuomitsemisen-kulttuuri-eivat-ole-rakentavaa-aktivismia\/","name":"Barack Obama: Ideologinen puhdasoppisuus ja tuomitsemisen kulttuuri eiv\u00e4t ole rakentavaa aktivismia - Americana","isPartOf":{"@id":"https:\/\/suomenkuvalehti.fi\/americana\/#website"},"datePublished":"2019-11-05T07:33:29+00:00","dateModified":"2019-11-05T07:33:40+00:00","author":{"@id":"https:\/\/suomenkuvalehti.fi\/americana\/#\/schema\/person\/12d514491cb37506bc39c8e10176c3ec"},"breadcrumb":{"@id":"https:\/\/suomenkuvalehti.fi\/americana\/barack-obama-ideologinen-puhdasoppisuus-ja-tuomitsemisen-kulttuuri-eivat-ole-rakentavaa-aktivismia\/#breadcrumb"},"inLanguage":"fi","potentialAction":[{"@type":"ReadAction","target":["https:\/\/suomenkuvalehti.fi\/americana\/barack-obama-ideologinen-puhdasoppisuus-ja-tuomitsemisen-kulttuuri-eivat-ole-rakentavaa-aktivismia\/"]}]},{"@type":"BreadcrumbList","@id":"https:\/\/suomenkuvalehti.fi\/americana\/barack-obama-ideologinen-puhdasoppisuus-ja-tuomitsemisen-kulttuuri-eivat-ole-rakentavaa-aktivismia\/#breadcrumb","itemListElement":[{"@type":"ListItem","position":1,"name":"Home","item":"https:\/\/suomenkuvalehti.fi\/americana\/"},{"@type":"ListItem","position":2,"name":"Barack Obama: Ideologinen puhdasoppisuus ja tuomitsemisen kulttuuri eiv\u00e4t ole rakentavaa aktivismia"}]},{"@type":"WebSite","@id":"https:\/\/suomenkuvalehti.fi\/americana\/#website","url":"https:\/\/suomenkuvalehti.fi\/americana\/","name":"Americana","description":"Professori Marko Maunula seuraa USA:n politiikkaa ja populaarikulttuuria","potentialAction":[{"@type":"SearchAction","target":{"@type":"EntryPoint","urlTemplate":"https:\/\/suomenkuvalehti.fi\/haku\/?q={search_term_string}"},"query-input":{"@type":"PropertyValueSpecification","valueRequired":true,"valueName":"search_term_string"}}],"inLanguage":"fi"},{"@type":"Person","@id":"https:\/\/suomenkuvalehti.fi\/americana\/#\/schema\/person\/12d514491cb37506bc39c8e10176c3ec","name":"Marko Maunula","image":{"@type":"ImageObject","inLanguage":"fi","@id":"https:\/\/suomenkuvalehti.fi\/americana\/#\/schema\/person\/image\/","url":"https:\/\/suomenkuvalehti.fi\/americana\/wp-content\/uploads\/sites\/10\/2022\/04\/americana_maunula-150x150.jpg","contentUrl":"https:\/\/suomenkuvalehti.fi\/americana\/wp-content\/uploads\/sites\/10\/2022\/04\/americana_maunula-150x150.jpg","caption":"Marko Maunula"},"description":"Kirjoittaja on Yhdysvaltain historian professori Atlantassa."}]}},"_links":{"self":[{"href":"https:\/\/suomenkuvalehti.fi\/americana\/wp-json\/wp\/v2\/posts\/4669","targetHints":{"allow":["GET"]}}],"collection":[{"href":"https:\/\/suomenkuvalehti.fi\/americana\/wp-json\/wp\/v2\/posts"}],"about":[{"href":"https:\/\/suomenkuvalehti.fi\/americana\/wp-json\/wp\/v2\/types\/post"}],"author":[{"embeddable":true,"href":"https:\/\/suomenkuvalehti.fi\/americana\/wp-json\/wp\/v2\/users\/158"}],"replies":[{"embeddable":true,"href":"https:\/\/suomenkuvalehti.fi\/americana\/wp-json\/wp\/v2\/comments?post=4669"}],"version-history":[{"count":6,"href":"https:\/\/suomenkuvalehti.fi\/americana\/wp-json\/wp\/v2\/posts\/4669\/revisions"}],"predecessor-version":[{"id":4680,"href":"https:\/\/suomenkuvalehti.fi\/americana\/wp-json\/wp\/v2\/posts\/4669\/revisions\/4680"}],"wp:attachment":[{"href":"https:\/\/suomenkuvalehti.fi\/americana\/wp-json\/wp\/v2\/media?parent=4669"}],"wp:term":[{"taxonomy":"category","embeddable":true,"href":"https:\/\/suomenkuvalehti.fi\/americana\/wp-json\/wp\/v2\/categories?post=4669"},{"taxonomy":"post_tag","embeddable":true,"href":"https:\/\/suomenkuvalehti.fi\/americana\/wp-json\/wp\/v2\/tags?post=4669"}],"curies":[{"name":"wp","href":"https:\/\/api.w.org\/{rel}","templated":true}]}}