{"id":4543,"date":"2019-08-18T07:30:47","date_gmt":"2019-08-18T04:30:47","guid":{"rendered":"https:\/\/suomenkuvalehti.fi\/americana\/?p=4543"},"modified":"2019-08-18T02:54:48","modified_gmt":"2019-08-17T23:54:48","slug":"israel-esti-amerikkalaisten-kongressiedustajien-saapumisen-maahan-ja-hukkasi-tilaisuutensa","status":"publish","type":"post","link":"https:\/\/suomenkuvalehti.fi\/americana\/israel-esti-amerikkalaisten-kongressiedustajien-saapumisen-maahan-ja-hukkasi-tilaisuutensa\/","title":{"rendered":"Israel esti amerikkalaisten kongressiedustajien saapumisen maahan \u2013 ja hukkasi tilaisuutensa"},"content":{"rendered":"\n<p><span class=\"capitalized\">Demokraattiset<\/span> kongressiedustajat <strong>Rashida Tlaib<\/strong> ja <strong>Ilhan Omar<\/strong> ovat \u00e4\u00e4nekk\u00e4it\u00e4 Israelin kriitikkoja, jotka ovat flirttailleet antisemitismin kanssa. Israelin hallinto teki pahan virheen est\u00e4ess\u00e4\u00e4n heid\u00e4n vierailunsa maahan.<\/p>\n\n\n\n<p>Tlaib ja Omar halusivat vierailla Jerusalemissa ja L\u00e4nsirannalla. Heid\u00e4n vierailunsa ei olisi ollut osa virallista Yhdysvaltain kongressin delegaatiota, vaan <a href=\"https:\/\/www.nationalreview.com\/2019\/08\/ilhan-omar-and-rashida-tlaib-partnered-with-vicious-anti-semites-to-plan-their-trip-to-israel\/\">antisemitismist\u00e4 syytetyn Miftah-j\u00e4rjest\u00f6n<\/a> junailema matka.<\/p>\n\n\n\n<p>Ei ole vaikea kuvitella Tlaibin ja Omarin matkan varsinaista motiivia. Se tuskin olisi ollut mit\u00e4\u00e4n muuta kuin propagandaoperaatio, joka olisi taas esitellyt L\u00e4nsirannan tilanteen yksisilm\u00e4isen\u00e4 sek\u00e4 valheellisena \u201dhyv\u00e4t palestiinalaiset vastaan Israelin v\u00e4kivaltainen imperialismi\u201d \u2013narratiivina.<\/p>\n\n\n\n<p>Vierailu oli silti tapahtumassa, kunnes presidentti <strong>Donald Trump<\/strong> twiittasi. Trumpin mukaan vierailun salliminen olisi ollut Israelilta <a href=\"https:\/\/twitter.com\/realDonaldTrump\/status\/1162000480681287683\">heikkouden osoitus<\/a>. Israelin p\u00e4\u00e4ministeri <strong>Bibi Netanyahu<\/strong> esti kongressiedustajien vierailun pian twiitin j\u00e4lkeen.<\/p>\n\n\n\n<p>&nbsp;<\/p>\n\n\n\n<p><span class=\"capitalized\">Itsevarmat<\/span>, asiansa oikeudenmukaisuuteen uskovat valtiot ja organisaatiot eiv\u00e4t pelk\u00e4\u00e4 kritiikki\u00e4. Ne toivottavat kritiikin ja rehellisen keskustelun tervetulleiksi, ja vastaavat propagandaan faktoilla.<\/p>\n\n\n\n<p>Netanyahun hallituksen p\u00e4\u00e4t\u00f6s vaikuttaa pelokkaan, keskustelua pelk\u00e4\u00e4v\u00e4n organisaation yritykselt\u00e4 piiloutua rajojensa taakse. Itsevarma Israel olisi avannut ovensa, antanut Tlaibin ja Omarin esitt\u00e4\u00e4 kantansa, ja sitten haastanut heid\u00e4t faktavetoiseen keskusteluun alueen realiteeteist\u00e4 ja tulevaisuudesta.<\/p>\n\n\n\n<p>Pari kourallista suoria kysymyksi\u00e4 ja vastauksia riitt\u00e4\u00e4 anti-Israel-aktivistien motiivien ja maailmankuvien sek\u00e4 niihin liittyvien korjaamattomien ristiriitojen paljastamiseksi.<\/p>\n\n\n\n<p>Onko Israelilla oikeus olla olemassa? Jos on, niin onko sill\u00e4 oikeus puolustaa kansalaisiaan? Jos Israel tuhoutuisi ja sen raunioille syntyisi Palestiina, mit\u00e4 tapahtuisi juutalaisille? Ent\u00e4 uskonnonvapaudelle, naisten oikeuksille, homojen tasa-arvolle, demokratialle?<\/p>\n\n\n\n<p>&nbsp;<\/p>\n\n\n\n<p><span class=\"capitalized\">Gazan<\/span> ja L\u00e4nsirannan hallitsijat sek\u00e4 monet palestiinalaisten \u201dpakolaisten\u201d puolestapuhujat ovat jo vuosikymmeni\u00e4 kunnostautuneet todellisten tavoitteidensa pimitt\u00e4misess\u00e4.<\/p>\n\n\n\n<p>He ovat propangandan avulla tehneet miljoonista idealistisista l\u00e4nsimaalaisista ideologiansa tukijoita, &#8221;hy\u00f6dyllisi\u00e4 idiootteja&#8221;, vaikka organisaatioiden tavoitteet ovat usein jyrk\u00e4ss\u00e4 ristiriidassa tukijoiden julistamien arvojen kanssa.<\/p>\n\n\n\n<p>Propaganda ei toimi valistuneen ja faktat tuntevan yleis\u00f6n kanssa. Data ja rehellinen debatti k\u00e4\u00e4nt\u00e4v\u00e4t mielet. Ovien sulkeminen vastakkaisilta mielipiteilt\u00e4 on propagandavoitto Israelin kriitikoille. Israelin ei pit\u00e4isi pelata heid\u00e4n peli\u00e4\u00e4n.<\/p>\n\n\n\n<p>&nbsp;<\/p>\n\n\n\n<p><em>Soundtrack: Tool, Fear Inoculum.<\/em><\/p>\n\n\n<p><iframe loading=\"lazy\" width=\"630\" height=\"354\" src=\"https:\/\/www.youtube.com\/embed\/q7DfQMPmJRI?feature=oembed\" frameborder=\"0\" allow=\"accelerometer; autoplay; encrypted-media; gyroscope; picture-in-picture\" allowfullscreen><\/iframe><\/p>\n","protected":false},"excerpt":{"rendered":"<p>Demokraattiset kongressiedustajat Rashida Tlaib ja Ilhan Omar ovat \u00e4\u00e4nekk\u00e4it\u00e4 Israelin kriitikkoja, jotka ovat flirttailleet antisemitismin kanssa. Israelin hallinto teki pahan virheen est\u00e4ess\u00e4\u00e4n heid\u00e4n vierailunsa maahan. Tlaib<br \/>\nja Omar&hellip;<\/p>\n","protected":false},"author":158,"featured_media":0,"comment_status":"open","ping_status":"open","sticky":false,"template":"","format":"standard","meta":{"_acf_changed":false,"asauth_required_access_level":3,"asauth_cansharepaid":"true","om_header_attributes":[],"footnotes":"","om_featured_image_focal_point":[],"om_primary_tag":0,"om_contributors":[],"om_co_authors":[],"beyondwords_generate_audio":"","beyondwords_project_id":"","beyondwords_content_id":"","beyondwords_preview_token":"","beyondwords_player_content":"","beyondwords_player_style":"","beyondwords_language_code":"","beyondwords_language_id":"","beyondwords_title_voice_id":"","beyondwords_body_voice_id":"","beyondwords_summary_voice_id":"","beyondwords_error_message":"","beyondwords_disabled":"","beyondwords_delete_content":"","beyondwords_podcast_id":"","beyondwords_hash":"","publish_post_to_speechkit":"","speechkit_hash":"","speechkit_generate_audio":"","speechkit_project_id":"","speechkit_podcast_id":"","speechkit_error_message":"","speechkit_disabled":"","speechkit_access_key":"","speechkit_error":"","speechkit_info":"","speechkit_response":"","speechkit_retries":"","speechkit_status":"","speechkit_updated_at":"","_speechkit_link":"","_speechkit_text":""},"categories":[1],"tags":[2132,586,2131,311,435,2130,907],"class_list":["post-4543","post","type-post","status-publish","format-standard","hentry","category-americana","tag-bibi-netanyahu","tag-donald-trump","tag-ilhan-omar","tag-israel","tag-propaganda","tag-rashida-tlaib","tag-vierailu"],"om_views":null,"acf":{"tuuma_off":false,"tuuma_kysymys":"","tuuma_vastaus":""},"asauth":{"required_access_level":1,"share_token":"","is_paid":false},"yoast_head":"<!-- This site is optimized with the Yoast SEO plugin v26.4 - https:\/\/yoast.com\/wordpress\/plugins\/seo\/ -->\n<title>Israel esti amerikkalaisten kongressiedustajien saapumisen maahan \u2013 ja hukkasi tilaisuutensa - Americana<\/title>\n<meta name=\"robots\" content=\"noindex, follow\" \/>\n<meta property=\"og:locale\" content=\"fi_FI\" \/>\n<meta property=\"og:type\" content=\"article\" \/>\n<meta property=\"og:title\" content=\"Israel esti amerikkalaisten kongressiedustajien saapumisen maahan \u2013 ja hukkasi tilaisuutensa - Americana\" \/>\n<meta property=\"og:description\" content=\"Demokraattiset kongressiedustajat Rashida Tlaib ja Ilhan Omar ovat \u00e4\u00e4nekk\u00e4it\u00e4 Israelin kriitikkoja, jotka ovat flirttailleet antisemitismin kanssa. Israelin hallinto teki pahan virheen est\u00e4ess\u00e4\u00e4n heid\u00e4n vierailunsa maahan. Tlaib ja Omar&hellip;\" \/>\n<meta property=\"og:url\" content=\"https:\/\/suomenkuvalehti.fi\/americana\/israel-esti-amerikkalaisten-kongressiedustajien-saapumisen-maahan-ja-hukkasi-tilaisuutensa\/\" \/>\n<meta property=\"og:site_name\" content=\"Americana\" \/>\n<meta property=\"article:published_time\" content=\"2019-08-18T04:30:47+00:00\" \/>\n<meta property=\"og:image\" content=\"https:\/\/suomenkuvalehti.fi\/americana\/wp-content\/uploads\/sites\/10\/2022\/04\/americana_maunula-scaled.jpg\" \/>\n\t<meta property=\"og:image:width\" content=\"2560\" \/>\n\t<meta property=\"og:image:height\" content=\"1706\" \/>\n\t<meta property=\"og:image:type\" content=\"image\/jpeg\" \/>\n<meta name=\"author\" content=\"Marko Maunula\" \/>\n<meta name=\"twitter:card\" content=\"summary_large_image\" \/>\n<meta name=\"twitter:label1\" content=\"Written by\" \/>\n\t<meta name=\"twitter:data1\" content=\"Marko Maunula\" \/>\n\t<meta name=\"twitter:label2\" content=\"Est. reading time\" \/>\n\t<meta name=\"twitter:data2\" content=\"2 minuuttia\" \/>\n<script type=\"application\/ld+json\" class=\"yoast-schema-graph\">{\"@context\":\"https:\/\/schema.org\",\"@graph\":[{\"@type\":\"WebPage\",\"@id\":\"https:\/\/suomenkuvalehti.fi\/americana\/israel-esti-amerikkalaisten-kongressiedustajien-saapumisen-maahan-ja-hukkasi-tilaisuutensa\/\",\"url\":\"https:\/\/suomenkuvalehti.fi\/americana\/israel-esti-amerikkalaisten-kongressiedustajien-saapumisen-maahan-ja-hukkasi-tilaisuutensa\/\",\"name\":\"Israel esti amerikkalaisten kongressiedustajien saapumisen maahan \u2013 ja hukkasi tilaisuutensa - Americana\",\"isPartOf\":{\"@id\":\"https:\/\/suomenkuvalehti.fi\/americana\/#website\"},\"datePublished\":\"2019-08-18T04:30:47+00:00\",\"author\":{\"@id\":\"https:\/\/suomenkuvalehti.fi\/americana\/#\/schema\/person\/12d514491cb37506bc39c8e10176c3ec\"},\"breadcrumb\":{\"@id\":\"https:\/\/suomenkuvalehti.fi\/americana\/israel-esti-amerikkalaisten-kongressiedustajien-saapumisen-maahan-ja-hukkasi-tilaisuutensa\/#breadcrumb\"},\"inLanguage\":\"fi\",\"potentialAction\":[{\"@type\":\"ReadAction\",\"target\":[\"https:\/\/suomenkuvalehti.fi\/americana\/israel-esti-amerikkalaisten-kongressiedustajien-saapumisen-maahan-ja-hukkasi-tilaisuutensa\/\"]}]},{\"@type\":\"BreadcrumbList\",\"@id\":\"https:\/\/suomenkuvalehti.fi\/americana\/israel-esti-amerikkalaisten-kongressiedustajien-saapumisen-maahan-ja-hukkasi-tilaisuutensa\/#breadcrumb\",\"itemListElement\":[{\"@type\":\"ListItem\",\"position\":1,\"name\":\"Home\",\"item\":\"https:\/\/suomenkuvalehti.fi\/americana\/\"},{\"@type\":\"ListItem\",\"position\":2,\"name\":\"Israel esti amerikkalaisten kongressiedustajien saapumisen maahan \u2013 ja hukkasi tilaisuutensa\"}]},{\"@type\":\"WebSite\",\"@id\":\"https:\/\/suomenkuvalehti.fi\/americana\/#website\",\"url\":\"https:\/\/suomenkuvalehti.fi\/americana\/\",\"name\":\"Americana\",\"description\":\"Professori Marko Maunula seuraa USA:n politiikkaa ja populaarikulttuuria\",\"potentialAction\":[{\"@type\":\"SearchAction\",\"target\":{\"@type\":\"EntryPoint\",\"urlTemplate\":\"https:\/\/suomenkuvalehti.fi\/haku\/?q={search_term_string}\"},\"query-input\":{\"@type\":\"PropertyValueSpecification\",\"valueRequired\":true,\"valueName\":\"search_term_string\"}}],\"inLanguage\":\"fi\"},{\"@type\":\"Person\",\"@id\":\"https:\/\/suomenkuvalehti.fi\/americana\/#\/schema\/person\/12d514491cb37506bc39c8e10176c3ec\",\"name\":\"Marko Maunula\",\"image\":{\"@type\":\"ImageObject\",\"inLanguage\":\"fi\",\"@id\":\"https:\/\/suomenkuvalehti.fi\/americana\/#\/schema\/person\/image\/\",\"url\":\"https:\/\/suomenkuvalehti.fi\/americana\/wp-content\/uploads\/sites\/10\/2022\/04\/americana_maunula-150x150.jpg\",\"contentUrl\":\"https:\/\/suomenkuvalehti.fi\/americana\/wp-content\/uploads\/sites\/10\/2022\/04\/americana_maunula-150x150.jpg\",\"caption\":\"Marko Maunula\"},\"description\":\"Kirjoittaja on Yhdysvaltain historian professori Atlantassa.\"}]}<\/script>\n<!-- \/ Yoast SEO plugin. -->","yoast_head_json":{"title":"Israel esti amerikkalaisten kongressiedustajien saapumisen maahan \u2013 ja hukkasi tilaisuutensa - Americana","robots":{"index":"noindex","follow":"follow"},"og_locale":"fi_FI","og_type":"article","og_title":"Israel esti amerikkalaisten kongressiedustajien saapumisen maahan \u2013 ja hukkasi tilaisuutensa - Americana","og_description":"Demokraattiset kongressiedustajat Rashida Tlaib ja Ilhan Omar ovat \u00e4\u00e4nekk\u00e4it\u00e4 Israelin kriitikkoja, jotka ovat flirttailleet antisemitismin kanssa. Israelin hallinto teki pahan virheen est\u00e4ess\u00e4\u00e4n heid\u00e4n vierailunsa maahan. Tlaib ja Omar&hellip;","og_url":"https:\/\/suomenkuvalehti.fi\/americana\/israel-esti-amerikkalaisten-kongressiedustajien-saapumisen-maahan-ja-hukkasi-tilaisuutensa\/","og_site_name":"Americana","article_published_time":"2019-08-18T04:30:47+00:00","og_image":[{"width":2560,"height":1706,"url":"https:\/\/suomenkuvalehti.fi\/americana\/wp-content\/uploads\/sites\/10\/2022\/04\/americana_maunula-scaled.jpg","type":"image\/jpeg"}],"author":"Marko Maunula","twitter_card":"summary_large_image","twitter_misc":{"Written by":"Marko Maunula","Est. reading time":"2 minuuttia"},"schema":{"@context":"https:\/\/schema.org","@graph":[{"@type":"WebPage","@id":"https:\/\/suomenkuvalehti.fi\/americana\/israel-esti-amerikkalaisten-kongressiedustajien-saapumisen-maahan-ja-hukkasi-tilaisuutensa\/","url":"https:\/\/suomenkuvalehti.fi\/americana\/israel-esti-amerikkalaisten-kongressiedustajien-saapumisen-maahan-ja-hukkasi-tilaisuutensa\/","name":"Israel esti amerikkalaisten kongressiedustajien saapumisen maahan \u2013 ja hukkasi tilaisuutensa - Americana","isPartOf":{"@id":"https:\/\/suomenkuvalehti.fi\/americana\/#website"},"datePublished":"2019-08-18T04:30:47+00:00","author":{"@id":"https:\/\/suomenkuvalehti.fi\/americana\/#\/schema\/person\/12d514491cb37506bc39c8e10176c3ec"},"breadcrumb":{"@id":"https:\/\/suomenkuvalehti.fi\/americana\/israel-esti-amerikkalaisten-kongressiedustajien-saapumisen-maahan-ja-hukkasi-tilaisuutensa\/#breadcrumb"},"inLanguage":"fi","potentialAction":[{"@type":"ReadAction","target":["https:\/\/suomenkuvalehti.fi\/americana\/israel-esti-amerikkalaisten-kongressiedustajien-saapumisen-maahan-ja-hukkasi-tilaisuutensa\/"]}]},{"@type":"BreadcrumbList","@id":"https:\/\/suomenkuvalehti.fi\/americana\/israel-esti-amerikkalaisten-kongressiedustajien-saapumisen-maahan-ja-hukkasi-tilaisuutensa\/#breadcrumb","itemListElement":[{"@type":"ListItem","position":1,"name":"Home","item":"https:\/\/suomenkuvalehti.fi\/americana\/"},{"@type":"ListItem","position":2,"name":"Israel esti amerikkalaisten kongressiedustajien saapumisen maahan \u2013 ja hukkasi tilaisuutensa"}]},{"@type":"WebSite","@id":"https:\/\/suomenkuvalehti.fi\/americana\/#website","url":"https:\/\/suomenkuvalehti.fi\/americana\/","name":"Americana","description":"Professori Marko Maunula seuraa USA:n politiikkaa ja populaarikulttuuria","potentialAction":[{"@type":"SearchAction","target":{"@type":"EntryPoint","urlTemplate":"https:\/\/suomenkuvalehti.fi\/haku\/?q={search_term_string}"},"query-input":{"@type":"PropertyValueSpecification","valueRequired":true,"valueName":"search_term_string"}}],"inLanguage":"fi"},{"@type":"Person","@id":"https:\/\/suomenkuvalehti.fi\/americana\/#\/schema\/person\/12d514491cb37506bc39c8e10176c3ec","name":"Marko Maunula","image":{"@type":"ImageObject","inLanguage":"fi","@id":"https:\/\/suomenkuvalehti.fi\/americana\/#\/schema\/person\/image\/","url":"https:\/\/suomenkuvalehti.fi\/americana\/wp-content\/uploads\/sites\/10\/2022\/04\/americana_maunula-150x150.jpg","contentUrl":"https:\/\/suomenkuvalehti.fi\/americana\/wp-content\/uploads\/sites\/10\/2022\/04\/americana_maunula-150x150.jpg","caption":"Marko Maunula"},"description":"Kirjoittaja on Yhdysvaltain historian professori Atlantassa."}]}},"_links":{"self":[{"href":"https:\/\/suomenkuvalehti.fi\/americana\/wp-json\/wp\/v2\/posts\/4543","targetHints":{"allow":["GET"]}}],"collection":[{"href":"https:\/\/suomenkuvalehti.fi\/americana\/wp-json\/wp\/v2\/posts"}],"about":[{"href":"https:\/\/suomenkuvalehti.fi\/americana\/wp-json\/wp\/v2\/types\/post"}],"author":[{"embeddable":true,"href":"https:\/\/suomenkuvalehti.fi\/americana\/wp-json\/wp\/v2\/users\/158"}],"replies":[{"embeddable":true,"href":"https:\/\/suomenkuvalehti.fi\/americana\/wp-json\/wp\/v2\/comments?post=4543"}],"version-history":[{"count":4,"href":"https:\/\/suomenkuvalehti.fi\/americana\/wp-json\/wp\/v2\/posts\/4543\/revisions"}],"predecessor-version":[{"id":4551,"href":"https:\/\/suomenkuvalehti.fi\/americana\/wp-json\/wp\/v2\/posts\/4543\/revisions\/4551"}],"wp:attachment":[{"href":"https:\/\/suomenkuvalehti.fi\/americana\/wp-json\/wp\/v2\/media?parent=4543"}],"wp:term":[{"taxonomy":"category","embeddable":true,"href":"https:\/\/suomenkuvalehti.fi\/americana\/wp-json\/wp\/v2\/categories?post=4543"},{"taxonomy":"post_tag","embeddable":true,"href":"https:\/\/suomenkuvalehti.fi\/americana\/wp-json\/wp\/v2\/tags?post=4543"}],"curies":[{"name":"wp","href":"https:\/\/api.w.org\/{rel}","templated":true}]}}