{"id":446,"date":"2011-04-11T13:17:00","date_gmt":"2011-04-11T10:17:00","guid":{"rendered":"https:\/\/suomenkuvalehti.fi\/americana\/trump-v-kenialainen-muslimi-sosialisti\/"},"modified":"2013-11-30T16:22:30","modified_gmt":"2013-11-30T14:22:30","slug":"trump-v-kenialainen-muslimi-sosialisti","status":"publish","type":"post","link":"https:\/\/suomenkuvalehti.fi\/americana\/trump-v-kenialainen-muslimi-sosialisti\/","title":{"rendered":"Trump v. kenialainen muslimi-sosialisti"},"content":{"rendered":"\n<p>Kiinteist\u00f6moguli-showmies <strong>Donald Trump<\/strong> heitti hattunsa republikaanien presidenttikisaan ja aloitti kampanjansa ep\u00e4ilem\u00e4ll\u00e4 presidentti <strong>Obaman<\/strong> amerikkalaisuutta. T\u00e4m\u00e4 nosti h\u00e4net v\u00e4litt\u00f6m\u00e4sti aivan gallup-k\u00e4rjen tuntumaan.<\/p>\n\n\n\n<p>Trump on ter\u00e4v\u00e4 operaattori ja taitava showmies. Mielipidetiedostelut osoittavat, ett\u00e4 yli puolet republikaanien esivaali\u00e4\u00e4nest\u00e4jist\u00e4 <a href=\"http:\/\/www.politico.com\/news\/stories\/0211\/49554.html\">uskovat Obaman syntyneen ulkomailla<\/a>. Muut republikaaniset ehdokkaat ovat tanssineet semanttisesti kysymyksen ymp\u00e4rill\u00e4, yritt\u00e4en samanaikaisesti miellytt\u00e4\u00e4 hihhuleita sek\u00e4 vaikuttaa t\u00e4ysp\u00e4isilt\u00e4 ihmisilt\u00e4, mutta Trump on valinnut erilaisen strategian. H\u00e4n on ryhtynyt ns. <a href=\"http:\/\/today.msnbc.msn.com\/id\/42469703\">birther-hihhuleiden marssinjohtajaksi<\/a>.<\/p>\n\n\n\n<p>Viime viikolla Trump ilmoitti l\u00e4hett\u00e4v\u00e4ns\u00e4 tutkimusryhm\u00e4n Hawajille etsim\u00e4\u00e4n todisteita Obaman syntyper\u00e4st\u00e4. Samanaikaisesti Trump on kiert\u00e4nyt televisiokanavia puhuen ep\u00e4ilyist\u00e4\u00e4n koskien Obaman amerikkalaisuutta.<\/p>\n\n\n\n<p>Strategia toimii, sill\u00e4 hihhulit ovat tehneet Trumpista sankarinsa. Tuore mielipidetutkimus osoittaa, ett\u00e4 Trump on noussut republikaanien esivaalirankkauksissa <a href=\"http:\/\/blogs.wsj.com\/washwire\/2011\/04\/06\/wsjnbc-poll-a-donald-trump-surprise\/\">jaetulle kakkossijalle<\/a>.<\/p>\n\n\n\n<p>Birther-hihhulointi on poliittista komediaa parhaimmillaan. Republikaanien johto on ollut hiljaa koskien naurettavia ep\u00e4ilyj\u00e4 Obaman syntyper\u00e4st\u00e4, pyrkien kanavoimaan hihhulien energiaa ja imem\u00e4\u00e4n sen avulla \u00e4\u00e4ni\u00e4, mutta nyt ovat potilaat ottamassa vallan mielisairaalasta. \u00c4\u00e4riuskomukset ovat nyt nostaneet puolivillaisen showmiehen sekoittamaan republikaanien presidenttipakkaa.<\/p>\n\n\n\n<p>Obama voisi lopettaa sirkuksen v\u00e4litt\u00f6m\u00e4sti n\u00e4ytt\u00e4m\u00e4ll\u00e4 ns. pitk\u00e4n kaavan syntym\u00e4todistuksensa, mutta miksi h\u00e4n tekisi niin? Republikaanien hihhulointi sataa istuvan presidentin laariin, korostaen h\u00e4nen t\u00e4ysip\u00e4isyytt\u00e4\u00e4n vastaehdokkaisiin verrattuna. Obaman joukkueen kannattaa antaa enemm\u00e4n k\u00f6ytt\u00e4 sek\u00e4 hurrata Trumpin puolesta. Jokainen p\u00e4iv\u00e4 kun republikaanit mesoavat Obaman syntyper\u00e4st\u00e4 on p\u00e4iv\u00e4 pois vakavasta kampanjoinnista.<\/p>\n\n\n\n<p><em>Soundtrack: The Replacements, Talent Show.<\/em><\/p>\n\n\n","protected":false},"excerpt":{"rendered":"<p>Kiinteist\u00f6moguli-showmies Donald Trump heitti hattunsa republikaanien presidenttikisaan ja aloitti kampanjansa ep\u00e4ilem\u00e4ll\u00e4 presidentti Obaman amerikkalaisuutta. T\u00e4m\u00e4 nosti h\u00e4net v\u00e4litt\u00f6m\u00e4sti aivan gallup-k\u00e4rjen tuntumaan. Trump on ter\u00e4v\u00e4 operaattori ja taitava showmies.<br \/>\nMielipidetie&hellip;<\/p>\n","protected":false},"author":158,"featured_media":0,"comment_status":"open","ping_status":"open","sticky":false,"template":"","format":"standard","meta":{"_acf_changed":false,"asauth_required_access_level":0,"asauth_cansharepaid":"","om_header_attributes":[],"footnotes":"","om_featured_image_focal_point":[],"om_primary_tag":0,"om_contributors":[],"om_co_authors":[],"beyondwords_generate_audio":"","beyondwords_project_id":"","beyondwords_content_id":"","beyondwords_preview_token":"","beyondwords_player_content":"","beyondwords_player_style":"","beyondwords_language_code":"","beyondwords_language_id":"","beyondwords_title_voice_id":"","beyondwords_body_voice_id":"","beyondwords_summary_voice_id":"","beyondwords_error_message":"","beyondwords_disabled":"","beyondwords_delete_content":"","beyondwords_podcast_id":"","beyondwords_hash":"","publish_post_to_speechkit":"","speechkit_hash":"","speechkit_generate_audio":"","speechkit_project_id":"","speechkit_podcast_id":"","speechkit_error_message":"","speechkit_disabled":"","speechkit_access_key":"","speechkit_error":"","speechkit_info":"","speechkit_response":"","speechkit_retries":"","speechkit_status":"","speechkit_updated_at":"","_speechkit_link":"","_speechkit_text":""},"categories":[1],"tags":[36,881,586,648,30],"class_list":["post-446","post","type-post","status-publish","format-standard","hentry","category-americana","tag-barack-obama","tag-birthers","tag-donald-trump","tag-esivaalit","tag-republikaanit"],"om_views":null,"acf":{"tuuma_off":false,"tuuma_kysymys":"","tuuma_vastaus":""},"asauth":{"required_access_level":1,"share_token":"","is_paid":false},"yoast_head":"<!-- This site is optimized with the Yoast SEO plugin v26.4 - https:\/\/yoast.com\/wordpress\/plugins\/seo\/ -->\n<title>Trump v. kenialainen muslimi-sosialisti - Americana<\/title>\n<meta name=\"robots\" content=\"noindex, follow\" \/>\n<meta property=\"og:locale\" content=\"fi_FI\" \/>\n<meta property=\"og:type\" content=\"article\" \/>\n<meta property=\"og:title\" content=\"Trump v. kenialainen muslimi-sosialisti - Americana\" \/>\n<meta property=\"og:description\" content=\"Kiinteist\u00f6moguli-showmies Donald Trump heitti hattunsa republikaanien presidenttikisaan ja aloitti kampanjansa ep\u00e4ilem\u00e4ll\u00e4 presidentti Obaman amerikkalaisuutta. T\u00e4m\u00e4 nosti h\u00e4net v\u00e4litt\u00f6m\u00e4sti aivan gallup-k\u00e4rjen tuntumaan. Trump on ter\u00e4v\u00e4 operaattori ja taitava showmies. Mielipidetie&hellip;\" \/>\n<meta property=\"og:url\" content=\"https:\/\/suomenkuvalehti.fi\/americana\/trump-v-kenialainen-muslimi-sosialisti\/\" \/>\n<meta property=\"og:site_name\" content=\"Americana\" \/>\n<meta property=\"article:published_time\" content=\"2011-04-11T10:17:00+00:00\" \/>\n<meta property=\"article:modified_time\" content=\"2013-11-30T14:22:30+00:00\" \/>\n<meta property=\"og:image\" content=\"https:\/\/suomenkuvalehti.fi\/americana\/wp-content\/uploads\/sites\/10\/2022\/04\/americana_maunula-scaled.jpg\" \/>\n\t<meta property=\"og:image:width\" content=\"2560\" \/>\n\t<meta property=\"og:image:height\" content=\"1706\" \/>\n\t<meta property=\"og:image:type\" content=\"image\/jpeg\" \/>\n<meta name=\"author\" content=\"Marko Maunula\" \/>\n<meta name=\"twitter:card\" content=\"summary_large_image\" \/>\n<meta name=\"twitter:label1\" content=\"Written by\" \/>\n\t<meta name=\"twitter:data1\" content=\"Marko Maunula\" \/>\n\t<meta name=\"twitter:label2\" content=\"Est. reading time\" \/>\n\t<meta name=\"twitter:data2\" content=\"1 minuutti\" \/>\n<script type=\"application\/ld+json\" class=\"yoast-schema-graph\">{\"@context\":\"https:\/\/schema.org\",\"@graph\":[{\"@type\":\"WebPage\",\"@id\":\"https:\/\/suomenkuvalehti.fi\/americana\/trump-v-kenialainen-muslimi-sosialisti\/\",\"url\":\"https:\/\/suomenkuvalehti.fi\/americana\/trump-v-kenialainen-muslimi-sosialisti\/\",\"name\":\"Trump v. kenialainen muslimi-sosialisti - Americana\",\"isPartOf\":{\"@id\":\"https:\/\/suomenkuvalehti.fi\/americana\/#website\"},\"datePublished\":\"2011-04-11T10:17:00+00:00\",\"dateModified\":\"2013-11-30T14:22:30+00:00\",\"author\":{\"@id\":\"https:\/\/suomenkuvalehti.fi\/americana\/#\/schema\/person\/12d514491cb37506bc39c8e10176c3ec\"},\"breadcrumb\":{\"@id\":\"https:\/\/suomenkuvalehti.fi\/americana\/trump-v-kenialainen-muslimi-sosialisti\/#breadcrumb\"},\"inLanguage\":\"fi\",\"potentialAction\":[{\"@type\":\"ReadAction\",\"target\":[\"https:\/\/suomenkuvalehti.fi\/americana\/trump-v-kenialainen-muslimi-sosialisti\/\"]}]},{\"@type\":\"BreadcrumbList\",\"@id\":\"https:\/\/suomenkuvalehti.fi\/americana\/trump-v-kenialainen-muslimi-sosialisti\/#breadcrumb\",\"itemListElement\":[{\"@type\":\"ListItem\",\"position\":1,\"name\":\"Home\",\"item\":\"https:\/\/suomenkuvalehti.fi\/americana\/\"},{\"@type\":\"ListItem\",\"position\":2,\"name\":\"Trump v. kenialainen muslimi-sosialisti\"}]},{\"@type\":\"WebSite\",\"@id\":\"https:\/\/suomenkuvalehti.fi\/americana\/#website\",\"url\":\"https:\/\/suomenkuvalehti.fi\/americana\/\",\"name\":\"Americana\",\"description\":\"Professori Marko Maunula seuraa USA:n politiikkaa ja populaarikulttuuria\",\"potentialAction\":[{\"@type\":\"SearchAction\",\"target\":{\"@type\":\"EntryPoint\",\"urlTemplate\":\"https:\/\/suomenkuvalehti.fi\/haku\/?q={search_term_string}\"},\"query-input\":{\"@type\":\"PropertyValueSpecification\",\"valueRequired\":true,\"valueName\":\"search_term_string\"}}],\"inLanguage\":\"fi\"},{\"@type\":\"Person\",\"@id\":\"https:\/\/suomenkuvalehti.fi\/americana\/#\/schema\/person\/12d514491cb37506bc39c8e10176c3ec\",\"name\":\"Marko Maunula\",\"image\":{\"@type\":\"ImageObject\",\"inLanguage\":\"fi\",\"@id\":\"https:\/\/suomenkuvalehti.fi\/americana\/#\/schema\/person\/image\/\",\"url\":\"https:\/\/suomenkuvalehti.fi\/americana\/wp-content\/uploads\/sites\/10\/2022\/04\/americana_maunula-150x150.jpg\",\"contentUrl\":\"https:\/\/suomenkuvalehti.fi\/americana\/wp-content\/uploads\/sites\/10\/2022\/04\/americana_maunula-150x150.jpg\",\"caption\":\"Marko Maunula\"},\"description\":\"Kirjoittaja on Yhdysvaltain historian professori Atlantassa.\"}]}<\/script>\n<!-- \/ Yoast SEO plugin. -->","yoast_head_json":{"title":"Trump v. kenialainen muslimi-sosialisti - Americana","robots":{"index":"noindex","follow":"follow"},"og_locale":"fi_FI","og_type":"article","og_title":"Trump v. kenialainen muslimi-sosialisti - Americana","og_description":"Kiinteist\u00f6moguli-showmies Donald Trump heitti hattunsa republikaanien presidenttikisaan ja aloitti kampanjansa ep\u00e4ilem\u00e4ll\u00e4 presidentti Obaman amerikkalaisuutta. T\u00e4m\u00e4 nosti h\u00e4net v\u00e4litt\u00f6m\u00e4sti aivan gallup-k\u00e4rjen tuntumaan. Trump on ter\u00e4v\u00e4 operaattori ja taitava showmies. Mielipidetie&hellip;","og_url":"https:\/\/suomenkuvalehti.fi\/americana\/trump-v-kenialainen-muslimi-sosialisti\/","og_site_name":"Americana","article_published_time":"2011-04-11T10:17:00+00:00","article_modified_time":"2013-11-30T14:22:30+00:00","og_image":[{"width":2560,"height":1706,"url":"https:\/\/suomenkuvalehti.fi\/americana\/wp-content\/uploads\/sites\/10\/2022\/04\/americana_maunula-scaled.jpg","type":"image\/jpeg"}],"author":"Marko Maunula","twitter_card":"summary_large_image","twitter_misc":{"Written by":"Marko Maunula","Est. reading time":"1 minuutti"},"schema":{"@context":"https:\/\/schema.org","@graph":[{"@type":"WebPage","@id":"https:\/\/suomenkuvalehti.fi\/americana\/trump-v-kenialainen-muslimi-sosialisti\/","url":"https:\/\/suomenkuvalehti.fi\/americana\/trump-v-kenialainen-muslimi-sosialisti\/","name":"Trump v. kenialainen muslimi-sosialisti - Americana","isPartOf":{"@id":"https:\/\/suomenkuvalehti.fi\/americana\/#website"},"datePublished":"2011-04-11T10:17:00+00:00","dateModified":"2013-11-30T14:22:30+00:00","author":{"@id":"https:\/\/suomenkuvalehti.fi\/americana\/#\/schema\/person\/12d514491cb37506bc39c8e10176c3ec"},"breadcrumb":{"@id":"https:\/\/suomenkuvalehti.fi\/americana\/trump-v-kenialainen-muslimi-sosialisti\/#breadcrumb"},"inLanguage":"fi","potentialAction":[{"@type":"ReadAction","target":["https:\/\/suomenkuvalehti.fi\/americana\/trump-v-kenialainen-muslimi-sosialisti\/"]}]},{"@type":"BreadcrumbList","@id":"https:\/\/suomenkuvalehti.fi\/americana\/trump-v-kenialainen-muslimi-sosialisti\/#breadcrumb","itemListElement":[{"@type":"ListItem","position":1,"name":"Home","item":"https:\/\/suomenkuvalehti.fi\/americana\/"},{"@type":"ListItem","position":2,"name":"Trump v. kenialainen muslimi-sosialisti"}]},{"@type":"WebSite","@id":"https:\/\/suomenkuvalehti.fi\/americana\/#website","url":"https:\/\/suomenkuvalehti.fi\/americana\/","name":"Americana","description":"Professori Marko Maunula seuraa USA:n politiikkaa ja populaarikulttuuria","potentialAction":[{"@type":"SearchAction","target":{"@type":"EntryPoint","urlTemplate":"https:\/\/suomenkuvalehti.fi\/haku\/?q={search_term_string}"},"query-input":{"@type":"PropertyValueSpecification","valueRequired":true,"valueName":"search_term_string"}}],"inLanguage":"fi"},{"@type":"Person","@id":"https:\/\/suomenkuvalehti.fi\/americana\/#\/schema\/person\/12d514491cb37506bc39c8e10176c3ec","name":"Marko Maunula","image":{"@type":"ImageObject","inLanguage":"fi","@id":"https:\/\/suomenkuvalehti.fi\/americana\/#\/schema\/person\/image\/","url":"https:\/\/suomenkuvalehti.fi\/americana\/wp-content\/uploads\/sites\/10\/2022\/04\/americana_maunula-150x150.jpg","contentUrl":"https:\/\/suomenkuvalehti.fi\/americana\/wp-content\/uploads\/sites\/10\/2022\/04\/americana_maunula-150x150.jpg","caption":"Marko Maunula"},"description":"Kirjoittaja on Yhdysvaltain historian professori Atlantassa."}]}},"_links":{"self":[{"href":"https:\/\/suomenkuvalehti.fi\/americana\/wp-json\/wp\/v2\/posts\/446","targetHints":{"allow":["GET"]}}],"collection":[{"href":"https:\/\/suomenkuvalehti.fi\/americana\/wp-json\/wp\/v2\/posts"}],"about":[{"href":"https:\/\/suomenkuvalehti.fi\/americana\/wp-json\/wp\/v2\/types\/post"}],"author":[{"embeddable":true,"href":"https:\/\/suomenkuvalehti.fi\/americana\/wp-json\/wp\/v2\/users\/158"}],"replies":[{"embeddable":true,"href":"https:\/\/suomenkuvalehti.fi\/americana\/wp-json\/wp\/v2\/comments?post=446"}],"version-history":[{"count":1,"href":"https:\/\/suomenkuvalehti.fi\/americana\/wp-json\/wp\/v2\/posts\/446\/revisions"}],"predecessor-version":[{"id":1063,"href":"https:\/\/suomenkuvalehti.fi\/americana\/wp-json\/wp\/v2\/posts\/446\/revisions\/1063"}],"wp:attachment":[{"href":"https:\/\/suomenkuvalehti.fi\/americana\/wp-json\/wp\/v2\/media?parent=446"}],"wp:term":[{"taxonomy":"category","embeddable":true,"href":"https:\/\/suomenkuvalehti.fi\/americana\/wp-json\/wp\/v2\/categories?post=446"},{"taxonomy":"post_tag","embeddable":true,"href":"https:\/\/suomenkuvalehti.fi\/americana\/wp-json\/wp\/v2\/tags?post=446"}],"curies":[{"name":"wp","href":"https:\/\/api.w.org\/{rel}","templated":true}]}}