{"id":439,"date":"2011-04-25T14:26:35","date_gmt":"2011-04-25T11:26:35","guid":{"rendered":"https:\/\/suomenkuvalehti.fi\/americana\/onko-yhdysvallat-valmis-sosiaalidemokratiaan\/"},"modified":"2013-11-30T16:22:29","modified_gmt":"2013-11-30T14:22:29","slug":"onko-yhdysvallat-valmis-sosiaalidemokratiaan","status":"publish","type":"post","link":"https:\/\/suomenkuvalehti.fi\/americana\/onko-yhdysvallat-valmis-sosiaalidemokratiaan\/","title":{"rendered":"Onko Yhdysvallat valmis sosiaalidemokratiaan?"},"content":{"rendered":"\n<p>Tuore tutkimus osoittaa, ett\u00e4 ehdoton enemmist\u00f6 amerikkalaisista haluaa tasaisemman tulonjaon. Sek\u00e4 demokraatit ett\u00e4 republikaanit, rikkaat ja&nbsp;k\u00f6yh\u00e4t pit\u00e4v\u00e4t skandinaavista mallia omaa systeemi\u00e4\u00e4n parempana.<\/p>\n\n\n\n<p>Harvardissa ja Dukessa ty\u00f6skentelev\u00e4 tutkijapari teki kattavan <a href=\"http:\/\/www.people.hbs.edu\/mnorton\/norton%20ariely%20in%20press.pdf\">kyselyn amerikkalaisten asenteista<\/a> tulonjaon suhteen. Tulokset osoittivat, ett\u00e4 amerikkalaiset olivat pahoin v\u00e4\u00e4r\u00e4ss\u00e4 arvioidessaan maansa tulonjakoa. Useimmat uskoivat maan tulonjaon olevan huomattavasti tasaisempi kuin se itse asiassa on. Tutkimus my\u00f6s osoitti, ett\u00e4 92 prosenttia amerikkalaisista piti Ruotsin tulonjaon mallia huomattavasti omaansa parempana.<\/p>\n\n\n\n<p>Yhdysvallat on edelleen huomattavasti L\u00e4nsi-Eurooppaa oikeistolaisempi maa. Silti, nyt jopa amerikkalaisten selke\u00e4 enemmist\u00f6 uskoo, ett\u00e4 varallisuuden keskittyminen on mennyt liian pitk\u00e4lle.<\/p>\n\n\n\n<p>Aniharvat republikaanit uskovat, ett\u00e4 vaurauden keskittyminen on hyv\u00e4 asia. Useimmat heist\u00e4 toimivat vilpitt\u00f6m\u00e4ss\u00e4 uskossa, ett\u00e4 tarjonnan talouspolitiikka johtaa lopulta kaikkien vaurastumiseen sek\u00e4 rahan valumiseen my\u00f6s k\u00f6yhemm\u00e4n v\u00e4est\u00f6nosan taskuihin. Faktat valitettavasti osoittavat, ett\u00e4 teoria ei toimi, sill\u00e4 vaurauden keskittyminen rikkaimmalle viidennekselle on jatkunut jo vuosikymmeni\u00e4.<\/p>\n\n\n\n<p>Tutkimus osoittaa aktiivisemman tulonjakopolitiikan olevan vahvassa nosteessa. My\u00f6s poliittiset mielipidetiedustelut osoittavat, ett\u00e4 maan enemmist\u00f6 haluaa <a href=\"http:\/\/www.pollingreport.com\/budget.htm\">nostaa rikkaimman kansanosan verotusta<\/a>.<\/p>\n\n\n\n<p>Yhdysvaltain taloudellinen tilanne ja yleinen mielipide tarjoavat hyvi\u00e4 argumentteja demokraateille, mutta demokraatit ovat, tapansa mukaan, vellihousuilemassa itsens\u00e4 tappiolle budjettivaje-debateissa.<\/p>\n\n\n\n<p><em>Soundtrack: Prodigy, Breathe.<\/em><\/p>\n\n\n","protected":false},"excerpt":{"rendered":"<p>Tuore tutkimus osoittaa, ett\u00e4 ehdoton enemmist\u00f6 amerikkalaisista haluaa tasaisemman tulonjaon. Sek\u00e4 demokraatit ett\u00e4 republikaanit, rikkaat ja&nbsp;k\u00f6yh\u00e4t pit\u00e4v\u00e4t skandinaavista mallia omaa systeemi\u00e4\u00e4n parempana. Harvardissa ja Dukessa ty\u00f6skentelev\u00e4 tutkijapari teki<br \/>\nkattavan ky&hellip;<\/p>\n","protected":false},"author":158,"featured_media":0,"comment_status":"open","ping_status":"open","sticky":false,"template":"","format":"standard","meta":{"_acf_changed":false,"asauth_required_access_level":0,"asauth_cansharepaid":"","om_header_attributes":[],"footnotes":"","om_featured_image_focal_point":[],"om_primary_tag":0,"om_contributors":[],"om_co_authors":[],"beyondwords_generate_audio":"","beyondwords_project_id":"","beyondwords_content_id":"","beyondwords_preview_token":"","beyondwords_player_content":"","beyondwords_player_style":"","beyondwords_language_code":"","beyondwords_language_id":"","beyondwords_title_voice_id":"","beyondwords_body_voice_id":"","beyondwords_summary_voice_id":"","beyondwords_error_message":"","beyondwords_disabled":"","beyondwords_delete_content":"","beyondwords_podcast_id":"","beyondwords_hash":"","publish_post_to_speechkit":"","speechkit_hash":"","speechkit_generate_audio":"","speechkit_project_id":"","speechkit_podcast_id":"","speechkit_error_message":"","speechkit_disabled":"","speechkit_access_key":"","speechkit_error":"","speechkit_info":"","speechkit_response":"","speechkit_retries":"","speechkit_status":"","speechkit_updated_at":"","_speechkit_link":"","_speechkit_text":""},"categories":[1],"tags":[868,867,866,133,24],"class_list":["post-439","post","type-post","status-publish","format-standard","hentry","category-americana","tag-duke","tag-harvard","tag-tulojako","tag-tutkimus","tag-yhdysvallat"],"om_views":null,"acf":{"tuuma_off":false,"tuuma_kysymys":"","tuuma_vastaus":""},"asauth":{"required_access_level":1,"share_token":"","is_paid":false},"yoast_head":"<!-- This site is optimized with the Yoast SEO plugin v26.4 - https:\/\/yoast.com\/wordpress\/plugins\/seo\/ -->\n<title>Onko Yhdysvallat valmis sosiaalidemokratiaan? - Americana<\/title>\n<meta name=\"robots\" content=\"noindex, follow\" \/>\n<meta property=\"og:locale\" content=\"fi_FI\" \/>\n<meta property=\"og:type\" content=\"article\" \/>\n<meta property=\"og:title\" content=\"Onko Yhdysvallat valmis sosiaalidemokratiaan? - Americana\" \/>\n<meta property=\"og:description\" content=\"Tuore tutkimus osoittaa, ett\u00e4 ehdoton enemmist\u00f6 amerikkalaisista haluaa tasaisemman tulonjaon. Sek\u00e4 demokraatit ett\u00e4 republikaanit, rikkaat ja&nbsp;k\u00f6yh\u00e4t pit\u00e4v\u00e4t skandinaavista mallia omaa systeemi\u00e4\u00e4n parempana. Harvardissa ja Dukessa ty\u00f6skentelev\u00e4 tutkijapari teki kattavan ky&hellip;\" \/>\n<meta property=\"og:url\" content=\"https:\/\/suomenkuvalehti.fi\/americana\/onko-yhdysvallat-valmis-sosiaalidemokratiaan\/\" \/>\n<meta property=\"og:site_name\" content=\"Americana\" \/>\n<meta property=\"article:published_time\" content=\"2011-04-25T11:26:35+00:00\" \/>\n<meta property=\"article:modified_time\" content=\"2013-11-30T14:22:29+00:00\" \/>\n<meta property=\"og:image\" content=\"https:\/\/suomenkuvalehti.fi\/americana\/wp-content\/uploads\/sites\/10\/2022\/04\/americana_maunula-scaled.jpg\" \/>\n\t<meta property=\"og:image:width\" content=\"2560\" \/>\n\t<meta property=\"og:image:height\" content=\"1706\" \/>\n\t<meta property=\"og:image:type\" content=\"image\/jpeg\" \/>\n<meta name=\"author\" content=\"Marko Maunula\" \/>\n<meta name=\"twitter:card\" content=\"summary_large_image\" \/>\n<meta name=\"twitter:label1\" content=\"Written by\" \/>\n\t<meta name=\"twitter:data1\" content=\"Marko Maunula\" \/>\n\t<meta name=\"twitter:label2\" content=\"Est. reading time\" \/>\n\t<meta name=\"twitter:data2\" content=\"1 minuutti\" \/>\n<script type=\"application\/ld+json\" class=\"yoast-schema-graph\">{\"@context\":\"https:\/\/schema.org\",\"@graph\":[{\"@type\":\"WebPage\",\"@id\":\"https:\/\/suomenkuvalehti.fi\/americana\/onko-yhdysvallat-valmis-sosiaalidemokratiaan\/\",\"url\":\"https:\/\/suomenkuvalehti.fi\/americana\/onko-yhdysvallat-valmis-sosiaalidemokratiaan\/\",\"name\":\"Onko Yhdysvallat valmis sosiaalidemokratiaan? - Americana\",\"isPartOf\":{\"@id\":\"https:\/\/suomenkuvalehti.fi\/americana\/#website\"},\"datePublished\":\"2011-04-25T11:26:35+00:00\",\"dateModified\":\"2013-11-30T14:22:29+00:00\",\"author\":{\"@id\":\"https:\/\/suomenkuvalehti.fi\/americana\/#\/schema\/person\/12d514491cb37506bc39c8e10176c3ec\"},\"breadcrumb\":{\"@id\":\"https:\/\/suomenkuvalehti.fi\/americana\/onko-yhdysvallat-valmis-sosiaalidemokratiaan\/#breadcrumb\"},\"inLanguage\":\"fi\",\"potentialAction\":[{\"@type\":\"ReadAction\",\"target\":[\"https:\/\/suomenkuvalehti.fi\/americana\/onko-yhdysvallat-valmis-sosiaalidemokratiaan\/\"]}]},{\"@type\":\"BreadcrumbList\",\"@id\":\"https:\/\/suomenkuvalehti.fi\/americana\/onko-yhdysvallat-valmis-sosiaalidemokratiaan\/#breadcrumb\",\"itemListElement\":[{\"@type\":\"ListItem\",\"position\":1,\"name\":\"Home\",\"item\":\"https:\/\/suomenkuvalehti.fi\/americana\/\"},{\"@type\":\"ListItem\",\"position\":2,\"name\":\"Onko Yhdysvallat valmis sosiaalidemokratiaan?\"}]},{\"@type\":\"WebSite\",\"@id\":\"https:\/\/suomenkuvalehti.fi\/americana\/#website\",\"url\":\"https:\/\/suomenkuvalehti.fi\/americana\/\",\"name\":\"Americana\",\"description\":\"Professori Marko Maunula seuraa USA:n politiikkaa ja populaarikulttuuria\",\"potentialAction\":[{\"@type\":\"SearchAction\",\"target\":{\"@type\":\"EntryPoint\",\"urlTemplate\":\"https:\/\/suomenkuvalehti.fi\/haku\/?q={search_term_string}\"},\"query-input\":{\"@type\":\"PropertyValueSpecification\",\"valueRequired\":true,\"valueName\":\"search_term_string\"}}],\"inLanguage\":\"fi\"},{\"@type\":\"Person\",\"@id\":\"https:\/\/suomenkuvalehti.fi\/americana\/#\/schema\/person\/12d514491cb37506bc39c8e10176c3ec\",\"name\":\"Marko Maunula\",\"image\":{\"@type\":\"ImageObject\",\"inLanguage\":\"fi\",\"@id\":\"https:\/\/suomenkuvalehti.fi\/americana\/#\/schema\/person\/image\/\",\"url\":\"https:\/\/suomenkuvalehti.fi\/americana\/wp-content\/uploads\/sites\/10\/2022\/04\/americana_maunula-150x150.jpg\",\"contentUrl\":\"https:\/\/suomenkuvalehti.fi\/americana\/wp-content\/uploads\/sites\/10\/2022\/04\/americana_maunula-150x150.jpg\",\"caption\":\"Marko Maunula\"},\"description\":\"Kirjoittaja on Yhdysvaltain historian professori Atlantassa.\"}]}<\/script>\n<!-- \/ Yoast SEO plugin. -->","yoast_head_json":{"title":"Onko Yhdysvallat valmis sosiaalidemokratiaan? - Americana","robots":{"index":"noindex","follow":"follow"},"og_locale":"fi_FI","og_type":"article","og_title":"Onko Yhdysvallat valmis sosiaalidemokratiaan? - Americana","og_description":"Tuore tutkimus osoittaa, ett\u00e4 ehdoton enemmist\u00f6 amerikkalaisista haluaa tasaisemman tulonjaon. Sek\u00e4 demokraatit ett\u00e4 republikaanit, rikkaat ja&nbsp;k\u00f6yh\u00e4t pit\u00e4v\u00e4t skandinaavista mallia omaa systeemi\u00e4\u00e4n parempana. Harvardissa ja Dukessa ty\u00f6skentelev\u00e4 tutkijapari teki kattavan ky&hellip;","og_url":"https:\/\/suomenkuvalehti.fi\/americana\/onko-yhdysvallat-valmis-sosiaalidemokratiaan\/","og_site_name":"Americana","article_published_time":"2011-04-25T11:26:35+00:00","article_modified_time":"2013-11-30T14:22:29+00:00","og_image":[{"width":2560,"height":1706,"url":"https:\/\/suomenkuvalehti.fi\/americana\/wp-content\/uploads\/sites\/10\/2022\/04\/americana_maunula-scaled.jpg","type":"image\/jpeg"}],"author":"Marko Maunula","twitter_card":"summary_large_image","twitter_misc":{"Written by":"Marko Maunula","Est. reading time":"1 minuutti"},"schema":{"@context":"https:\/\/schema.org","@graph":[{"@type":"WebPage","@id":"https:\/\/suomenkuvalehti.fi\/americana\/onko-yhdysvallat-valmis-sosiaalidemokratiaan\/","url":"https:\/\/suomenkuvalehti.fi\/americana\/onko-yhdysvallat-valmis-sosiaalidemokratiaan\/","name":"Onko Yhdysvallat valmis sosiaalidemokratiaan? - Americana","isPartOf":{"@id":"https:\/\/suomenkuvalehti.fi\/americana\/#website"},"datePublished":"2011-04-25T11:26:35+00:00","dateModified":"2013-11-30T14:22:29+00:00","author":{"@id":"https:\/\/suomenkuvalehti.fi\/americana\/#\/schema\/person\/12d514491cb37506bc39c8e10176c3ec"},"breadcrumb":{"@id":"https:\/\/suomenkuvalehti.fi\/americana\/onko-yhdysvallat-valmis-sosiaalidemokratiaan\/#breadcrumb"},"inLanguage":"fi","potentialAction":[{"@type":"ReadAction","target":["https:\/\/suomenkuvalehti.fi\/americana\/onko-yhdysvallat-valmis-sosiaalidemokratiaan\/"]}]},{"@type":"BreadcrumbList","@id":"https:\/\/suomenkuvalehti.fi\/americana\/onko-yhdysvallat-valmis-sosiaalidemokratiaan\/#breadcrumb","itemListElement":[{"@type":"ListItem","position":1,"name":"Home","item":"https:\/\/suomenkuvalehti.fi\/americana\/"},{"@type":"ListItem","position":2,"name":"Onko Yhdysvallat valmis sosiaalidemokratiaan?"}]},{"@type":"WebSite","@id":"https:\/\/suomenkuvalehti.fi\/americana\/#website","url":"https:\/\/suomenkuvalehti.fi\/americana\/","name":"Americana","description":"Professori Marko Maunula seuraa USA:n politiikkaa ja populaarikulttuuria","potentialAction":[{"@type":"SearchAction","target":{"@type":"EntryPoint","urlTemplate":"https:\/\/suomenkuvalehti.fi\/haku\/?q={search_term_string}"},"query-input":{"@type":"PropertyValueSpecification","valueRequired":true,"valueName":"search_term_string"}}],"inLanguage":"fi"},{"@type":"Person","@id":"https:\/\/suomenkuvalehti.fi\/americana\/#\/schema\/person\/12d514491cb37506bc39c8e10176c3ec","name":"Marko Maunula","image":{"@type":"ImageObject","inLanguage":"fi","@id":"https:\/\/suomenkuvalehti.fi\/americana\/#\/schema\/person\/image\/","url":"https:\/\/suomenkuvalehti.fi\/americana\/wp-content\/uploads\/sites\/10\/2022\/04\/americana_maunula-150x150.jpg","contentUrl":"https:\/\/suomenkuvalehti.fi\/americana\/wp-content\/uploads\/sites\/10\/2022\/04\/americana_maunula-150x150.jpg","caption":"Marko Maunula"},"description":"Kirjoittaja on Yhdysvaltain historian professori Atlantassa."}]}},"_links":{"self":[{"href":"https:\/\/suomenkuvalehti.fi\/americana\/wp-json\/wp\/v2\/posts\/439","targetHints":{"allow":["GET"]}}],"collection":[{"href":"https:\/\/suomenkuvalehti.fi\/americana\/wp-json\/wp\/v2\/posts"}],"about":[{"href":"https:\/\/suomenkuvalehti.fi\/americana\/wp-json\/wp\/v2\/types\/post"}],"author":[{"embeddable":true,"href":"https:\/\/suomenkuvalehti.fi\/americana\/wp-json\/wp\/v2\/users\/158"}],"replies":[{"embeddable":true,"href":"https:\/\/suomenkuvalehti.fi\/americana\/wp-json\/wp\/v2\/comments?post=439"}],"version-history":[{"count":1,"href":"https:\/\/suomenkuvalehti.fi\/americana\/wp-json\/wp\/v2\/posts\/439\/revisions"}],"predecessor-version":[{"id":1056,"href":"https:\/\/suomenkuvalehti.fi\/americana\/wp-json\/wp\/v2\/posts\/439\/revisions\/1056"}],"wp:attachment":[{"href":"https:\/\/suomenkuvalehti.fi\/americana\/wp-json\/wp\/v2\/media?parent=439"}],"wp:term":[{"taxonomy":"category","embeddable":true,"href":"https:\/\/suomenkuvalehti.fi\/americana\/wp-json\/wp\/v2\/categories?post=439"},{"taxonomy":"post_tag","embeddable":true,"href":"https:\/\/suomenkuvalehti.fi\/americana\/wp-json\/wp\/v2\/tags?post=439"}],"curies":[{"name":"wp","href":"https:\/\/api.w.org\/{rel}","templated":true}]}}