{"id":437,"date":"2011-05-02T17:12:18","date_gmt":"2011-05-02T14:12:18","guid":{"rendered":"https:\/\/suomenkuvalehti.fi\/americana\/bin-ladenin-kuolema-ja-amerikan-ansaittu-ilo\/"},"modified":"2013-11-30T16:22:29","modified_gmt":"2013-11-30T14:22:29","slug":"bin-ladenin-kuolema-ja-amerikan-ansaittu-ilo","status":"publish","type":"post","link":"https:\/\/suomenkuvalehti.fi\/americana\/bin-ladenin-kuolema-ja-amerikan-ansaittu-ilo\/","title":{"rendered":"Bin Ladenin kuolema ja Amerikan ansaittu ilo"},"content":{"rendered":"\n<p>Kun uutiset <strong>Osama bin Ladenin<\/strong> kuolemasta levisiv\u00e4t, spontaanit juhlat k\u00e4ynnistyiv\u00e4t ymp\u00e4ri Yhdysvaltoja. T\u00e4m\u00e4 oli Yhdysvaltojen Eichmann-hetki.<\/p>\n\n\n\n<p>Kun Mossad onnistui viidentoista vuoden j\u00e4lkeen paikallistamaan ja vangitsemaan <strong>Adolf Eichmannin<\/strong>, joukkomurhaajan tuominen oikeuden eteen sai israelilaiset sek\u00e4 juutalaiset kautta maailman riemuitsemaan tapahtuneen johdosta. Oikeuden tapahtuminen kesti kauan, mutta miehen tuomio ja teloitus olivat merkitt\u00e4vi\u00e4 virstapylv\u00e4it\u00e4 holokaustin j\u00e4lkeisess\u00e4 terapiassa.<\/p>\n\n\n\n<p>Amerikkalaiset eilen vallanneessa ilossa oli yht\u00e4l\u00e4isyytt\u00e4 israelilaisten vuoden 1962 riemun kanssa. Eichmann ja bin Laden olivat liki ihmisyyden tuolla puolen olevia murhaajia sek\u00e4 fanaattisen ja sairaan ideologian k\u00e4rkihahmoja. Molemmat olivat onnistuneet pakoilemaan oikeutta vuosikausia, ja molempien miesten saaminen vastuuseen teoistaan oli erinomaisen tiedustelu- sek\u00e4 operatiivisen toiminnan tulos. Amerikkalaiset tunsivat iloa oikeuden tapahtumisesta, mutta my\u00f6s ansaittua ylpeytt\u00e4 ensiluokkaisesta operaatiosta.<\/p>\n\n\n\n<p>Yht\u00e4l\u00e4isyydet ulottuvat my\u00f6s Eichmannin ja bin Ladenin henkil\u00f6kohtaisiin merkityksiin. Molemmat olivat surkean pateettisia ja vaarallisia, mutta my\u00f6s naurettavia hahmoja.<\/p>\n\n\n\n<p>Vuonna 1963 filosofi <strong>Hannah Arendt<\/strong> julkaisi mestariteoksen <em>Eichmann in Jerusalem: Report on the Banality of Evil<\/em>. Arendt saapui Jerusalemiin seuraamaan oikeudenk\u00e4ynti\u00e4 <em>New Yorker<\/em> -lehden toimeksiannosta. Kuunneltuaan Eichmannin puolustuspuheita, Arendt havaitsi, ett\u00e4 Eichmann ei ollutkaan saatanallinen supermies, vaan surkea ja pateettinen pikkubyrokraatti. Arendt lopulta kanavoi yst\u00e4v\u00e4\u00e4ns\u00e4, filosofi <strong>Karl Jaspersia<\/strong>. Jaspers kuvaili natsismia pieneksi virukseksi, joka silti kykenee suotuisissa olosuhteissa tappamaan miljoonia ihmisi\u00e4 sek\u00e4 muokkaamaan maailmanhistoriaa. Pahuus on joskus banaalia, pateettisen arkip\u00e4iv\u00e4ist\u00e4, Arendt kiteytti.<\/p>\n\n\n\n<p>Bin Laden edusti samaa pahuuden banaalisuutta. Islamilaisen terrorismin merkitt\u00e4vin symboli ja johtaja oli pateettinen yksil\u00f6. H\u00e4n vietti viimeisen vuosikymmenens\u00e4 piilopaikoissa ymp\u00e4ri L\u00e4hi-It\u00e4\u00e4 ja Keski-Aasiaa, yh\u00e4 kutistuvan organisaation ja tukijaryhm\u00e4n ymp\u00e4r\u00f6im\u00e4n\u00e4. Bin Ladenin viimeinen koti n\u00e4ytti betoniselta varastorakennukselta, jossa h\u00e4n eli ilman yhteytt\u00e4 ulkomaailmaan.<\/p>\n\n\n\n<p>Bin Ladenin fantasiat joiden mukaan syyskuun 11. p\u00e4iv\u00e4n iskut johtaisivat muslimien radikalisoitumiseen, Yhdysvaltain romahdukseen, sek\u00e4 bin Ladenin nousuun uuden kalifaatin johtajaksi olivat osoittautuneet katteettomiksi. Viimeiset vuodet h\u00e4n ei kyennyt muuhun kuin l\u00e4hett\u00e4m\u00e4\u00e4n yh\u00e4 suuruudenhullumpia sek\u00e4 tehottomampia \u00e4\u00e4nikirjeit\u00e4 muslimeille sek\u00e4 h\u00e4nen v\u00e4h\u00e4isille seuraajilleen. Muslimien valtaosa torjui bin Ladenin teologian ja fantastisen politiikan. Virus tappoi kymmeni\u00e4 tuhansia, mutta ei, bin Ladenin toiveista huolimatta, kyennyt tappamaan miljoonia ja romauttamaan kokonaisia yhteiskuntia.<\/p>\n\n\n\n<p>El\u00e4m\u00e4ns\u00e4 viime kuukausina bin Laden todisti muslimien kansannousua, mutta nuoret eiv\u00e4t nousseet barrikaadeille vaatimaan paluuta toiseen kalifaattiin ja &#8221;puhtaaseen&#8221; islamismiin: he vaativat demokratiaa, modernisaatiota, sek\u00e4 yhteiskuntiensa osittaista l\u00e4nsimaalaistamista.<\/p>\n\n\n\n<p>Eichmann kuoli hirsipuussa, mutta bin Laden ei koskaan p\u00e4\u00e4ssyt oikeuden eteen. Kun isrealilaiset kaappasivat Eichmannin, natsismi ja Natsi-Saksa olivat olleet raunioina jo 17 vuotta. Oikeudenk\u00e4ynti tarjosi israelilaisille sek\u00e4 koko maailmalle erinomaista terapiaa. Al-Qaida on edelleen jotakuinkin elossa, ja vankilassa oikeudenk\u00e4ynti\u00e4\u00e4n odottava bin Laden olisi inspiroinut lukuisia terrori-iskuja sek\u00e4 viattomia kuolonuhreja. Presidentti <strong>Obaman<\/strong> ilmeisesti antama tappok\u00e4sky on ymm\u00e4rrett\u00e4v\u00e4 ja humanitaarisesti todenn\u00e4k\u00f6isesti oikea p\u00e4\u00e4t\u00f6s.<\/p>\n\n\n\n<p>Yhdysvaltain ilo on ymm\u00e4rrett\u00e4v\u00e4 jo oikeutettu. Maailma on parempi paikka ilman bin Ladenia. Miehen kuolema on merkitt\u00e4v\u00e4 askel islamilaisen \u00e4\u00e4riliikkeen kuolinkorahteluissa. Sota jatkuu viel\u00e4 vuosia, mutta t\u00e4m\u00e4 on merkitt\u00e4v\u00e4 voitto.<\/p>\n\n\n\n<p><em>Soundtrack: Hiljainen hetki \u00e4\u00e4ri-islamismin vastaisessa taistelussa kuolleiden muistoksi.<\/em><\/p>\n\n\n","protected":false},"excerpt":{"rendered":"<p>Kun uutiset Osama bin Ladenin kuolemasta levisiv\u00e4t, spontaanit juhlat k\u00e4ynnistyiv\u00e4t ymp\u00e4ri Yhdysvaltoja. T\u00e4m\u00e4 oli Yhdysvaltojen Eichmann-hetki. Kun Mossad onnistui viidentoista vuoden j\u00e4lkeen paikallistamaan ja vangitsemaan Adolf Eichmannin, joukkomurhaajan tuominen oikeuden<br \/>\neteen &hellip;<\/p>\n","protected":false},"author":158,"featured_media":0,"comment_status":"open","ping_status":"open","sticky":false,"template":"","format":"standard","meta":{"_acf_changed":false,"asauth_required_access_level":0,"asauth_cansharepaid":"","om_header_attributes":[],"footnotes":"","om_featured_image_focal_point":[],"om_primary_tag":0,"om_contributors":[],"om_co_authors":[],"beyondwords_generate_audio":"","beyondwords_project_id":"","beyondwords_content_id":"","beyondwords_preview_token":"","beyondwords_player_content":"","beyondwords_player_style":"","beyondwords_language_code":"","beyondwords_language_id":"","beyondwords_title_voice_id":"","beyondwords_body_voice_id":"","beyondwords_summary_voice_id":"","beyondwords_error_message":"","beyondwords_disabled":"","beyondwords_delete_content":"","beyondwords_podcast_id":"","beyondwords_hash":"","publish_post_to_speechkit":"","speechkit_hash":"","speechkit_generate_audio":"","speechkit_project_id":"","speechkit_podcast_id":"","speechkit_error_message":"","speechkit_disabled":"","speechkit_access_key":"","speechkit_error":"","speechkit_info":"","speechkit_response":"","speechkit_retries":"","speechkit_status":"","speechkit_updated_at":"","_speechkit_link":"","_speechkit_text":""},"categories":[1],"tags":[612,36,613,469,508,24],"class_list":["post-437","post","type-post","status-publish","format-standard","hentry","category-americana","tag-adolf-eichmann","tag-barack-obama","tag-hannah-arendt","tag-kuolema","tag-osama-bin-laden","tag-yhdysvallat"],"om_views":null,"acf":{"tuuma_off":false,"tuuma_kysymys":"","tuuma_vastaus":""},"asauth":{"required_access_level":1,"share_token":"","is_paid":false},"yoast_head":"<!-- This site is optimized with the Yoast SEO plugin v26.4 - https:\/\/yoast.com\/wordpress\/plugins\/seo\/ -->\n<title>Bin Ladenin kuolema ja Amerikan ansaittu ilo - Americana<\/title>\n<meta name=\"robots\" content=\"noindex, follow\" \/>\n<meta property=\"og:locale\" content=\"fi_FI\" \/>\n<meta property=\"og:type\" content=\"article\" \/>\n<meta property=\"og:title\" content=\"Bin Ladenin kuolema ja Amerikan ansaittu ilo - Americana\" \/>\n<meta property=\"og:description\" content=\"Kun uutiset Osama bin Ladenin kuolemasta levisiv\u00e4t, spontaanit juhlat k\u00e4ynnistyiv\u00e4t ymp\u00e4ri Yhdysvaltoja. T\u00e4m\u00e4 oli Yhdysvaltojen Eichmann-hetki. Kun Mossad onnistui viidentoista vuoden j\u00e4lkeen paikallistamaan ja vangitsemaan Adolf Eichmannin, joukkomurhaajan tuominen oikeuden eteen &hellip;\" \/>\n<meta property=\"og:url\" content=\"https:\/\/suomenkuvalehti.fi\/americana\/bin-ladenin-kuolema-ja-amerikan-ansaittu-ilo\/\" \/>\n<meta property=\"og:site_name\" content=\"Americana\" \/>\n<meta property=\"article:published_time\" content=\"2011-05-02T14:12:18+00:00\" \/>\n<meta property=\"article:modified_time\" content=\"2013-11-30T14:22:29+00:00\" \/>\n<meta property=\"og:image\" content=\"https:\/\/suomenkuvalehti.fi\/americana\/wp-content\/uploads\/sites\/10\/2022\/04\/americana_maunula-scaled.jpg\" \/>\n\t<meta property=\"og:image:width\" content=\"2560\" \/>\n\t<meta property=\"og:image:height\" content=\"1706\" \/>\n\t<meta property=\"og:image:type\" content=\"image\/jpeg\" \/>\n<meta name=\"author\" content=\"Marko Maunula\" \/>\n<meta name=\"twitter:card\" content=\"summary_large_image\" \/>\n<meta name=\"twitter:label1\" content=\"Written by\" \/>\n\t<meta name=\"twitter:data1\" content=\"Marko Maunula\" \/>\n\t<meta name=\"twitter:label2\" content=\"Est. reading time\" \/>\n\t<meta name=\"twitter:data2\" content=\"3 minuuttia\" \/>\n<script type=\"application\/ld+json\" class=\"yoast-schema-graph\">{\"@context\":\"https:\/\/schema.org\",\"@graph\":[{\"@type\":\"WebPage\",\"@id\":\"https:\/\/suomenkuvalehti.fi\/americana\/bin-ladenin-kuolema-ja-amerikan-ansaittu-ilo\/\",\"url\":\"https:\/\/suomenkuvalehti.fi\/americana\/bin-ladenin-kuolema-ja-amerikan-ansaittu-ilo\/\",\"name\":\"Bin Ladenin kuolema ja Amerikan ansaittu ilo - Americana\",\"isPartOf\":{\"@id\":\"https:\/\/suomenkuvalehti.fi\/americana\/#website\"},\"datePublished\":\"2011-05-02T14:12:18+00:00\",\"dateModified\":\"2013-11-30T14:22:29+00:00\",\"author\":{\"@id\":\"https:\/\/suomenkuvalehti.fi\/americana\/#\/schema\/person\/12d514491cb37506bc39c8e10176c3ec\"},\"breadcrumb\":{\"@id\":\"https:\/\/suomenkuvalehti.fi\/americana\/bin-ladenin-kuolema-ja-amerikan-ansaittu-ilo\/#breadcrumb\"},\"inLanguage\":\"fi\",\"potentialAction\":[{\"@type\":\"ReadAction\",\"target\":[\"https:\/\/suomenkuvalehti.fi\/americana\/bin-ladenin-kuolema-ja-amerikan-ansaittu-ilo\/\"]}]},{\"@type\":\"BreadcrumbList\",\"@id\":\"https:\/\/suomenkuvalehti.fi\/americana\/bin-ladenin-kuolema-ja-amerikan-ansaittu-ilo\/#breadcrumb\",\"itemListElement\":[{\"@type\":\"ListItem\",\"position\":1,\"name\":\"Home\",\"item\":\"https:\/\/suomenkuvalehti.fi\/americana\/\"},{\"@type\":\"ListItem\",\"position\":2,\"name\":\"Bin Ladenin kuolema ja Amerikan ansaittu ilo\"}]},{\"@type\":\"WebSite\",\"@id\":\"https:\/\/suomenkuvalehti.fi\/americana\/#website\",\"url\":\"https:\/\/suomenkuvalehti.fi\/americana\/\",\"name\":\"Americana\",\"description\":\"Professori Marko Maunula seuraa USA:n politiikkaa ja populaarikulttuuria\",\"potentialAction\":[{\"@type\":\"SearchAction\",\"target\":{\"@type\":\"EntryPoint\",\"urlTemplate\":\"https:\/\/suomenkuvalehti.fi\/haku\/?q={search_term_string}\"},\"query-input\":{\"@type\":\"PropertyValueSpecification\",\"valueRequired\":true,\"valueName\":\"search_term_string\"}}],\"inLanguage\":\"fi\"},{\"@type\":\"Person\",\"@id\":\"https:\/\/suomenkuvalehti.fi\/americana\/#\/schema\/person\/12d514491cb37506bc39c8e10176c3ec\",\"name\":\"Marko Maunula\",\"image\":{\"@type\":\"ImageObject\",\"inLanguage\":\"fi\",\"@id\":\"https:\/\/suomenkuvalehti.fi\/americana\/#\/schema\/person\/image\/\",\"url\":\"https:\/\/suomenkuvalehti.fi\/americana\/wp-content\/uploads\/sites\/10\/2022\/04\/americana_maunula-150x150.jpg\",\"contentUrl\":\"https:\/\/suomenkuvalehti.fi\/americana\/wp-content\/uploads\/sites\/10\/2022\/04\/americana_maunula-150x150.jpg\",\"caption\":\"Marko Maunula\"},\"description\":\"Kirjoittaja on Yhdysvaltain historian professori Atlantassa.\"}]}<\/script>\n<!-- \/ Yoast SEO plugin. -->","yoast_head_json":{"title":"Bin Ladenin kuolema ja Amerikan ansaittu ilo - Americana","robots":{"index":"noindex","follow":"follow"},"og_locale":"fi_FI","og_type":"article","og_title":"Bin Ladenin kuolema ja Amerikan ansaittu ilo - Americana","og_description":"Kun uutiset Osama bin Ladenin kuolemasta levisiv\u00e4t, spontaanit juhlat k\u00e4ynnistyiv\u00e4t ymp\u00e4ri Yhdysvaltoja. T\u00e4m\u00e4 oli Yhdysvaltojen Eichmann-hetki. Kun Mossad onnistui viidentoista vuoden j\u00e4lkeen paikallistamaan ja vangitsemaan Adolf Eichmannin, joukkomurhaajan tuominen oikeuden eteen &hellip;","og_url":"https:\/\/suomenkuvalehti.fi\/americana\/bin-ladenin-kuolema-ja-amerikan-ansaittu-ilo\/","og_site_name":"Americana","article_published_time":"2011-05-02T14:12:18+00:00","article_modified_time":"2013-11-30T14:22:29+00:00","og_image":[{"width":2560,"height":1706,"url":"https:\/\/suomenkuvalehti.fi\/americana\/wp-content\/uploads\/sites\/10\/2022\/04\/americana_maunula-scaled.jpg","type":"image\/jpeg"}],"author":"Marko Maunula","twitter_card":"summary_large_image","twitter_misc":{"Written by":"Marko Maunula","Est. reading time":"3 minuuttia"},"schema":{"@context":"https:\/\/schema.org","@graph":[{"@type":"WebPage","@id":"https:\/\/suomenkuvalehti.fi\/americana\/bin-ladenin-kuolema-ja-amerikan-ansaittu-ilo\/","url":"https:\/\/suomenkuvalehti.fi\/americana\/bin-ladenin-kuolema-ja-amerikan-ansaittu-ilo\/","name":"Bin Ladenin kuolema ja Amerikan ansaittu ilo - Americana","isPartOf":{"@id":"https:\/\/suomenkuvalehti.fi\/americana\/#website"},"datePublished":"2011-05-02T14:12:18+00:00","dateModified":"2013-11-30T14:22:29+00:00","author":{"@id":"https:\/\/suomenkuvalehti.fi\/americana\/#\/schema\/person\/12d514491cb37506bc39c8e10176c3ec"},"breadcrumb":{"@id":"https:\/\/suomenkuvalehti.fi\/americana\/bin-ladenin-kuolema-ja-amerikan-ansaittu-ilo\/#breadcrumb"},"inLanguage":"fi","potentialAction":[{"@type":"ReadAction","target":["https:\/\/suomenkuvalehti.fi\/americana\/bin-ladenin-kuolema-ja-amerikan-ansaittu-ilo\/"]}]},{"@type":"BreadcrumbList","@id":"https:\/\/suomenkuvalehti.fi\/americana\/bin-ladenin-kuolema-ja-amerikan-ansaittu-ilo\/#breadcrumb","itemListElement":[{"@type":"ListItem","position":1,"name":"Home","item":"https:\/\/suomenkuvalehti.fi\/americana\/"},{"@type":"ListItem","position":2,"name":"Bin Ladenin kuolema ja Amerikan ansaittu ilo"}]},{"@type":"WebSite","@id":"https:\/\/suomenkuvalehti.fi\/americana\/#website","url":"https:\/\/suomenkuvalehti.fi\/americana\/","name":"Americana","description":"Professori Marko Maunula seuraa USA:n politiikkaa ja populaarikulttuuria","potentialAction":[{"@type":"SearchAction","target":{"@type":"EntryPoint","urlTemplate":"https:\/\/suomenkuvalehti.fi\/haku\/?q={search_term_string}"},"query-input":{"@type":"PropertyValueSpecification","valueRequired":true,"valueName":"search_term_string"}}],"inLanguage":"fi"},{"@type":"Person","@id":"https:\/\/suomenkuvalehti.fi\/americana\/#\/schema\/person\/12d514491cb37506bc39c8e10176c3ec","name":"Marko Maunula","image":{"@type":"ImageObject","inLanguage":"fi","@id":"https:\/\/suomenkuvalehti.fi\/americana\/#\/schema\/person\/image\/","url":"https:\/\/suomenkuvalehti.fi\/americana\/wp-content\/uploads\/sites\/10\/2022\/04\/americana_maunula-150x150.jpg","contentUrl":"https:\/\/suomenkuvalehti.fi\/americana\/wp-content\/uploads\/sites\/10\/2022\/04\/americana_maunula-150x150.jpg","caption":"Marko Maunula"},"description":"Kirjoittaja on Yhdysvaltain historian professori Atlantassa."}]}},"_links":{"self":[{"href":"https:\/\/suomenkuvalehti.fi\/americana\/wp-json\/wp\/v2\/posts\/437","targetHints":{"allow":["GET"]}}],"collection":[{"href":"https:\/\/suomenkuvalehti.fi\/americana\/wp-json\/wp\/v2\/posts"}],"about":[{"href":"https:\/\/suomenkuvalehti.fi\/americana\/wp-json\/wp\/v2\/types\/post"}],"author":[{"embeddable":true,"href":"https:\/\/suomenkuvalehti.fi\/americana\/wp-json\/wp\/v2\/users\/158"}],"replies":[{"embeddable":true,"href":"https:\/\/suomenkuvalehti.fi\/americana\/wp-json\/wp\/v2\/comments?post=437"}],"version-history":[{"count":1,"href":"https:\/\/suomenkuvalehti.fi\/americana\/wp-json\/wp\/v2\/posts\/437\/revisions"}],"predecessor-version":[{"id":1054,"href":"https:\/\/suomenkuvalehti.fi\/americana\/wp-json\/wp\/v2\/posts\/437\/revisions\/1054"}],"wp:attachment":[{"href":"https:\/\/suomenkuvalehti.fi\/americana\/wp-json\/wp\/v2\/media?parent=437"}],"wp:term":[{"taxonomy":"category","embeddable":true,"href":"https:\/\/suomenkuvalehti.fi\/americana\/wp-json\/wp\/v2\/categories?post=437"},{"taxonomy":"post_tag","embeddable":true,"href":"https:\/\/suomenkuvalehti.fi\/americana\/wp-json\/wp\/v2\/tags?post=437"}],"curies":[{"name":"wp","href":"https:\/\/api.w.org\/{rel}","templated":true}]}}