{"id":432,"date":"2011-05-16T09:00:00","date_gmt":"2011-05-16T06:00:00","guid":{"rendered":"https:\/\/suomenkuvalehti.fi\/americana\/common-johnny-cash-ja-rasismin-nykytila\/"},"modified":"2013-11-30T16:22:29","modified_gmt":"2013-11-30T14:22:29","slug":"common-johnny-cash-ja-rasismin-nykytila","status":"publish","type":"post","link":"https:\/\/suomenkuvalehti.fi\/americana\/common-johnny-cash-ja-rasismin-nykytila\/","title":{"rendered":"Common, Johnny Cash ja rasismin nykytila"},"content":{"rendered":"\n<p>Tietoinen ja avoin rasismi on Yhdysvalloissa valtaosin kadonnut. Tiedostamaton rasismi puolestaan voi hyvin. Reaktio rap-artisti Commonin Valkoisen talon kutsuun on malliesimerkki tiedostamattomasta rasismista sek\u00e4 sen pelottavasta hyv\u00e4ksik\u00e4yt\u00f6st\u00e4.<\/p>\n\n\n\n\n<p><strong>Michelle Obama<\/strong> kutsui Commonin viimeviikkoiseen runoustapahtumaan Valkoisessa talossa. Artistin vierailu her\u00e4tti oikeistolaiset kommentoijat kritiikkimyrskyyn, <strong>Karl Rove<\/strong> ja <strong>Sarah Palin<\/strong> etunen\u00e4ss\u00e4. Heid\u00e4n mukaansa Commonin laulut ylist\u00e4v\u00e4t v\u00e4kivaltaa, ja Rove kutsui Commonia gangsteriksi.<\/p>\n\n\n\n<p>Jotkut Commonin laulut puhuvat v\u00e4kivallasta, totta. Common on my\u00f6s lyyrisesti er\u00e4s kiinnostavimmista sukupolvensa rap-artisteista, jonka biiseiss\u00e4 on selke\u00e4 poliittinen ja sosiologinen konteksti. Mutta pohjimmiltaan oikeiston reaktiossa Commonin kutsuun on kyse tiedostamattomasta rasismista sek\u00e4 valkoisten ja mustien eriarvoisesta k\u00e4sittelyst\u00e4.<\/p>\n\n\n\n<p>Monet konservatiiviset valkoiset kritisoivat mustien teinien pukeutumistyyli\u00e4. V\u00e4rikk\u00e4\u00e4t vaatteet, roikkuvat farkut, kultahampaat sek\u00e4 muu getto-estetiikka saavat ankaran tuomion. Samanaikaisesti he diggailevat Elvist\u00e4, jonka suten\u00f6\u00f6ri-look oli tiukimmasta p\u00e4\u00e4st\u00e4 lasitimanttisine haalareineen, kullattuine sormuksineen, aurinkolaseineen, sek\u00e4 mailanlapa-pulisonkeineen.<\/p>\n\n\n\n<p>Kunnon konservatiivinen is\u00e4nt\u00e4mies tuomitsee rapin v\u00e4kivallan ja misogynian, mutta rakastaa <strong>Johnny Cashia<\/strong>, huumeongelmaista kantrilaulajaa, joka takoi miljoonia romantisoimalla rikollisten el\u00e4m\u00e4\u00e4 sek\u00e4 laulamalla p\u00f6yristytt\u00e4v\u00e4n psykoottisia ja v\u00e4kivaltaisia lauluja.<\/p>\n\n\n\n<p>Jenkkifutiskent\u00e4n laidalla monet valkoiset valittavat, kuinka tunteitaan osoittavat mustat urheilijat ovat ylipalkattuja primadonnia ja huonoja ihmisi\u00e4. Samanaikaisesti valkoisilla t\u00e4hdill\u00e4 on ainoastaan hyv\u00e4 itsetunto sek\u00e4 valtava tahto voittaa.<\/p>\n\n\n\n<p>Vastaavia esimerkkej\u00e4 l\u00f6ytyy arkip\u00e4iv\u00e4st\u00e4 kymmeni\u00e4, mutta jos syyt\u00e4t mustalle kulttuurille kriittisi\u00e4 mielipiteit\u00e4\u00e4n laukovia valkoisia rasismista, he raivostuvat silmitt\u00f6m\u00e4sti.<\/p>\n\n\n\n<p>Heid\u00e4n pelikirjoissaan mustien mielenosoittajien k\u00e4sittely 1950-1960 luvuilla oli rasismia, mutta nykyp\u00e4iv\u00e4n kriittisyys afroamerikkalaisia kohtaan on ainoastaan asioista puhumista niiden oikeilla nimill\u00e4.<\/p>\n\n\n\n<p>Palinin ja Roven hy\u00f6kk\u00e4ykset osoittavat joko sokeutta tai tietoista manipulointia. He joko eiv\u00e4t n\u00e4e nyansseja eiv\u00e4tk\u00e4 tiedosta mustan ja valkoisen kulttuurin eriarvoista k\u00e4sittely\u00e4, tai he manipuloivat afroamerikkalaisille ylikriittisi\u00e4 valkoisia, puhuen rasistista koodikielt\u00e4 ja toivovat sen sitovan piilorasistit entist\u00e4kin vahvemmin republikaaniseen puolueeseen.<\/p>\n\n\n\n<p>Veikkaan Palinin kommenttien osuvan ensimm\u00e4iseen kategoriaan, ja Roven edustavan toista koulukuntaa. Molemmat vaihtoehdot ovat ik\u00e4vi\u00e4.<\/p>\n\n\n\n<p><em>Soundtrack: Al Jolson, Mammy.<\/em><\/p>\n\n\n","protected":false},"excerpt":{"rendered":"<p>Tietoinen ja avoin rasismi on Yhdysvalloissa valtaosin kadonnut. Tiedostamaton rasismi puolestaan voi hyvin. Reaktio rap-artisti Commonin Valkoisen talon kutsuun on malliesimerkki tiedostamattomasta rasismista sek\u00e4 sen pelottavasta hyv\u00e4ksik\u00e4yt\u00f6st\u00e4. Michelle Obama kutsui Commonin<br \/>\nviim&hellip;<\/p>\n","protected":false},"author":158,"featured_media":0,"comment_status":"open","ping_status":"open","sticky":false,"template":"","format":"standard","meta":{"_acf_changed":false,"asauth_required_access_level":0,"asauth_cansharepaid":"","om_header_attributes":[],"footnotes":"","om_featured_image_focal_point":[],"om_primary_tag":0,"om_contributors":[],"om_co_authors":[],"beyondwords_generate_audio":"","beyondwords_project_id":"","beyondwords_content_id":"","beyondwords_preview_token":"","beyondwords_player_content":"","beyondwords_player_style":"","beyondwords_language_code":"","beyondwords_language_id":"","beyondwords_title_voice_id":"","beyondwords_body_voice_id":"","beyondwords_summary_voice_id":"","beyondwords_error_message":"","beyondwords_disabled":"","beyondwords_delete_content":"","beyondwords_podcast_id":"","beyondwords_hash":"","publish_post_to_speechkit":"","speechkit_hash":"","speechkit_generate_audio":"","speechkit_project_id":"","speechkit_podcast_id":"","speechkit_error_message":"","speechkit_disabled":"","speechkit_access_key":"","speechkit_error":"","speechkit_info":"","speechkit_response":"","speechkit_retries":"","speechkit_status":"","speechkit_updated_at":"","_speechkit_link":"","_speechkit_text":""},"categories":[1],"tags":[855,690,280,595,24],"class_list":["post-432","post","type-post","status-publish","format-standard","hentry","category-americana","tag-johnny-cash","tag-karl-rove","tag-rasismi","tag-sarah-palin","tag-yhdysvallat"],"om_views":null,"acf":{"tuuma_off":false,"tuuma_kysymys":"","tuuma_vastaus":""},"asauth":{"required_access_level":1,"share_token":"","is_paid":false},"yoast_head":"<!-- This site is optimized with the Yoast SEO plugin v26.4 - https:\/\/yoast.com\/wordpress\/plugins\/seo\/ -->\n<title>Common, Johnny Cash ja rasismin nykytila - Americana<\/title>\n<meta name=\"robots\" content=\"noindex, follow\" \/>\n<meta property=\"og:locale\" content=\"fi_FI\" \/>\n<meta property=\"og:type\" content=\"article\" \/>\n<meta property=\"og:title\" content=\"Common, Johnny Cash ja rasismin nykytila - Americana\" \/>\n<meta property=\"og:description\" content=\"Tietoinen ja avoin rasismi on Yhdysvalloissa valtaosin kadonnut. Tiedostamaton rasismi puolestaan voi hyvin. Reaktio rap-artisti Commonin Valkoisen talon kutsuun on malliesimerkki tiedostamattomasta rasismista sek\u00e4 sen pelottavasta hyv\u00e4ksik\u00e4yt\u00f6st\u00e4. Michelle Obama kutsui Commonin viim&hellip;\" \/>\n<meta property=\"og:url\" content=\"https:\/\/suomenkuvalehti.fi\/americana\/common-johnny-cash-ja-rasismin-nykytila\/\" \/>\n<meta property=\"og:site_name\" content=\"Americana\" \/>\n<meta property=\"article:published_time\" content=\"2011-05-16T06:00:00+00:00\" \/>\n<meta property=\"article:modified_time\" content=\"2013-11-30T14:22:29+00:00\" \/>\n<meta property=\"og:image\" content=\"https:\/\/suomenkuvalehti.fi\/americana\/wp-content\/uploads\/sites\/10\/2022\/04\/americana_maunula-scaled.jpg\" \/>\n\t<meta property=\"og:image:width\" content=\"2560\" \/>\n\t<meta property=\"og:image:height\" content=\"1706\" \/>\n\t<meta property=\"og:image:type\" content=\"image\/jpeg\" \/>\n<meta name=\"author\" content=\"Marko Maunula\" \/>\n<meta name=\"twitter:card\" content=\"summary_large_image\" \/>\n<meta name=\"twitter:label1\" content=\"Written by\" \/>\n\t<meta name=\"twitter:data1\" content=\"Marko Maunula\" \/>\n\t<meta name=\"twitter:label2\" content=\"Est. reading time\" \/>\n\t<meta name=\"twitter:data2\" content=\"2 minuuttia\" \/>\n<script type=\"application\/ld+json\" class=\"yoast-schema-graph\">{\"@context\":\"https:\/\/schema.org\",\"@graph\":[{\"@type\":\"WebPage\",\"@id\":\"https:\/\/suomenkuvalehti.fi\/americana\/common-johnny-cash-ja-rasismin-nykytila\/\",\"url\":\"https:\/\/suomenkuvalehti.fi\/americana\/common-johnny-cash-ja-rasismin-nykytila\/\",\"name\":\"Common, Johnny Cash ja rasismin nykytila - Americana\",\"isPartOf\":{\"@id\":\"https:\/\/suomenkuvalehti.fi\/americana\/#website\"},\"datePublished\":\"2011-05-16T06:00:00+00:00\",\"dateModified\":\"2013-11-30T14:22:29+00:00\",\"author\":{\"@id\":\"https:\/\/suomenkuvalehti.fi\/americana\/#\/schema\/person\/12d514491cb37506bc39c8e10176c3ec\"},\"breadcrumb\":{\"@id\":\"https:\/\/suomenkuvalehti.fi\/americana\/common-johnny-cash-ja-rasismin-nykytila\/#breadcrumb\"},\"inLanguage\":\"fi\",\"potentialAction\":[{\"@type\":\"ReadAction\",\"target\":[\"https:\/\/suomenkuvalehti.fi\/americana\/common-johnny-cash-ja-rasismin-nykytila\/\"]}]},{\"@type\":\"BreadcrumbList\",\"@id\":\"https:\/\/suomenkuvalehti.fi\/americana\/common-johnny-cash-ja-rasismin-nykytila\/#breadcrumb\",\"itemListElement\":[{\"@type\":\"ListItem\",\"position\":1,\"name\":\"Home\",\"item\":\"https:\/\/suomenkuvalehti.fi\/americana\/\"},{\"@type\":\"ListItem\",\"position\":2,\"name\":\"Common, Johnny Cash ja rasismin nykytila\"}]},{\"@type\":\"WebSite\",\"@id\":\"https:\/\/suomenkuvalehti.fi\/americana\/#website\",\"url\":\"https:\/\/suomenkuvalehti.fi\/americana\/\",\"name\":\"Americana\",\"description\":\"Professori Marko Maunula seuraa USA:n politiikkaa ja populaarikulttuuria\",\"potentialAction\":[{\"@type\":\"SearchAction\",\"target\":{\"@type\":\"EntryPoint\",\"urlTemplate\":\"https:\/\/suomenkuvalehti.fi\/haku\/?q={search_term_string}\"},\"query-input\":{\"@type\":\"PropertyValueSpecification\",\"valueRequired\":true,\"valueName\":\"search_term_string\"}}],\"inLanguage\":\"fi\"},{\"@type\":\"Person\",\"@id\":\"https:\/\/suomenkuvalehti.fi\/americana\/#\/schema\/person\/12d514491cb37506bc39c8e10176c3ec\",\"name\":\"Marko Maunula\",\"image\":{\"@type\":\"ImageObject\",\"inLanguage\":\"fi\",\"@id\":\"https:\/\/suomenkuvalehti.fi\/americana\/#\/schema\/person\/image\/\",\"url\":\"https:\/\/suomenkuvalehti.fi\/americana\/wp-content\/uploads\/sites\/10\/2022\/04\/americana_maunula-150x150.jpg\",\"contentUrl\":\"https:\/\/suomenkuvalehti.fi\/americana\/wp-content\/uploads\/sites\/10\/2022\/04\/americana_maunula-150x150.jpg\",\"caption\":\"Marko Maunula\"},\"description\":\"Kirjoittaja on Yhdysvaltain historian professori Atlantassa.\"}]}<\/script>\n<!-- \/ Yoast SEO plugin. -->","yoast_head_json":{"title":"Common, Johnny Cash ja rasismin nykytila - Americana","robots":{"index":"noindex","follow":"follow"},"og_locale":"fi_FI","og_type":"article","og_title":"Common, Johnny Cash ja rasismin nykytila - Americana","og_description":"Tietoinen ja avoin rasismi on Yhdysvalloissa valtaosin kadonnut. Tiedostamaton rasismi puolestaan voi hyvin. Reaktio rap-artisti Commonin Valkoisen talon kutsuun on malliesimerkki tiedostamattomasta rasismista sek\u00e4 sen pelottavasta hyv\u00e4ksik\u00e4yt\u00f6st\u00e4. Michelle Obama kutsui Commonin viim&hellip;","og_url":"https:\/\/suomenkuvalehti.fi\/americana\/common-johnny-cash-ja-rasismin-nykytila\/","og_site_name":"Americana","article_published_time":"2011-05-16T06:00:00+00:00","article_modified_time":"2013-11-30T14:22:29+00:00","og_image":[{"width":2560,"height":1706,"url":"https:\/\/suomenkuvalehti.fi\/americana\/wp-content\/uploads\/sites\/10\/2022\/04\/americana_maunula-scaled.jpg","type":"image\/jpeg"}],"author":"Marko Maunula","twitter_card":"summary_large_image","twitter_misc":{"Written by":"Marko Maunula","Est. reading time":"2 minuuttia"},"schema":{"@context":"https:\/\/schema.org","@graph":[{"@type":"WebPage","@id":"https:\/\/suomenkuvalehti.fi\/americana\/common-johnny-cash-ja-rasismin-nykytila\/","url":"https:\/\/suomenkuvalehti.fi\/americana\/common-johnny-cash-ja-rasismin-nykytila\/","name":"Common, Johnny Cash ja rasismin nykytila - Americana","isPartOf":{"@id":"https:\/\/suomenkuvalehti.fi\/americana\/#website"},"datePublished":"2011-05-16T06:00:00+00:00","dateModified":"2013-11-30T14:22:29+00:00","author":{"@id":"https:\/\/suomenkuvalehti.fi\/americana\/#\/schema\/person\/12d514491cb37506bc39c8e10176c3ec"},"breadcrumb":{"@id":"https:\/\/suomenkuvalehti.fi\/americana\/common-johnny-cash-ja-rasismin-nykytila\/#breadcrumb"},"inLanguage":"fi","potentialAction":[{"@type":"ReadAction","target":["https:\/\/suomenkuvalehti.fi\/americana\/common-johnny-cash-ja-rasismin-nykytila\/"]}]},{"@type":"BreadcrumbList","@id":"https:\/\/suomenkuvalehti.fi\/americana\/common-johnny-cash-ja-rasismin-nykytila\/#breadcrumb","itemListElement":[{"@type":"ListItem","position":1,"name":"Home","item":"https:\/\/suomenkuvalehti.fi\/americana\/"},{"@type":"ListItem","position":2,"name":"Common, Johnny Cash ja rasismin nykytila"}]},{"@type":"WebSite","@id":"https:\/\/suomenkuvalehti.fi\/americana\/#website","url":"https:\/\/suomenkuvalehti.fi\/americana\/","name":"Americana","description":"Professori Marko Maunula seuraa USA:n politiikkaa ja populaarikulttuuria","potentialAction":[{"@type":"SearchAction","target":{"@type":"EntryPoint","urlTemplate":"https:\/\/suomenkuvalehti.fi\/haku\/?q={search_term_string}"},"query-input":{"@type":"PropertyValueSpecification","valueRequired":true,"valueName":"search_term_string"}}],"inLanguage":"fi"},{"@type":"Person","@id":"https:\/\/suomenkuvalehti.fi\/americana\/#\/schema\/person\/12d514491cb37506bc39c8e10176c3ec","name":"Marko Maunula","image":{"@type":"ImageObject","inLanguage":"fi","@id":"https:\/\/suomenkuvalehti.fi\/americana\/#\/schema\/person\/image\/","url":"https:\/\/suomenkuvalehti.fi\/americana\/wp-content\/uploads\/sites\/10\/2022\/04\/americana_maunula-150x150.jpg","contentUrl":"https:\/\/suomenkuvalehti.fi\/americana\/wp-content\/uploads\/sites\/10\/2022\/04\/americana_maunula-150x150.jpg","caption":"Marko Maunula"},"description":"Kirjoittaja on Yhdysvaltain historian professori Atlantassa."}]}},"_links":{"self":[{"href":"https:\/\/suomenkuvalehti.fi\/americana\/wp-json\/wp\/v2\/posts\/432","targetHints":{"allow":["GET"]}}],"collection":[{"href":"https:\/\/suomenkuvalehti.fi\/americana\/wp-json\/wp\/v2\/posts"}],"about":[{"href":"https:\/\/suomenkuvalehti.fi\/americana\/wp-json\/wp\/v2\/types\/post"}],"author":[{"embeddable":true,"href":"https:\/\/suomenkuvalehti.fi\/americana\/wp-json\/wp\/v2\/users\/158"}],"replies":[{"embeddable":true,"href":"https:\/\/suomenkuvalehti.fi\/americana\/wp-json\/wp\/v2\/comments?post=432"}],"version-history":[{"count":1,"href":"https:\/\/suomenkuvalehti.fi\/americana\/wp-json\/wp\/v2\/posts\/432\/revisions"}],"predecessor-version":[{"id":1049,"href":"https:\/\/suomenkuvalehti.fi\/americana\/wp-json\/wp\/v2\/posts\/432\/revisions\/1049"}],"wp:attachment":[{"href":"https:\/\/suomenkuvalehti.fi\/americana\/wp-json\/wp\/v2\/media?parent=432"}],"wp:term":[{"taxonomy":"category","embeddable":true,"href":"https:\/\/suomenkuvalehti.fi\/americana\/wp-json\/wp\/v2\/categories?post=432"},{"taxonomy":"post_tag","embeddable":true,"href":"https:\/\/suomenkuvalehti.fi\/americana\/wp-json\/wp\/v2\/tags?post=432"}],"curies":[{"name":"wp","href":"https:\/\/api.w.org\/{rel}","templated":true}]}}