{"id":4252,"date":"2019-02-18T08:54:38","date_gmt":"2019-02-18T06:54:38","guid":{"rendered":"https:\/\/suomenkuvalehti.fi\/americana\/?p=4252"},"modified":"2019-02-18T08:54:38","modified_gmt":"2019-02-18T06:54:38","slug":"kansallinen-hatatila-ei-sijaitse-meksikon-rajalla-vaan-yhdysvaltojen-kongressissa","status":"publish","type":"post","link":"https:\/\/suomenkuvalehti.fi\/americana\/kansallinen-hatatila-ei-sijaitse-meksikon-rajalla-vaan-yhdysvaltojen-kongressissa\/","title":{"rendered":"Kansallinen h\u00e4t\u00e4tila ei sijaitse Meksikon rajalla, vaan Yhdysvaltojen kongressissa"},"content":{"rendered":"\n<p><span class=\"capitalized\">Presidentti<\/span> <strong>Donald Trump<\/strong> julisti kansallisen h\u00e4t\u00e4tilan rahoittaakseen muurin Meksikon vastaiselle rajalle. T\u00e4m\u00e4 on eritt\u00e4in radikaali veto, jota erityisesti kaikkien konservatiivien pit\u00e4isi vastustaa ankarasti.<\/p>\n\n\n\n<p>Kansallisen h\u00e4t\u00e4tilan julistaminen ei ole harvinaista, mutta tapa, jolla Trump k\u00e4ytt\u00e4\u00e4 h\u00e4t\u00e4tilaa nyt on historiallinen uutuus. Nopean penkomisen perusteella en muista tapausta, jossa presidentti olisi julistanut h\u00e4t\u00e4tilan ajaakseen l\u00e4pi aloitteen, jota kongressi on juuri kielt\u00e4ytynyt rahoittamasta.<\/p>\n\n\n\n<p>Trumpin tempun onnistuminen ei ole <a href=\"https:\/\/www.theatlantic.com\/ideas\/archive\/2019\/02\/trump-state-of-emergency\/582913\/\">viel\u00e4 kirkossa kuulutettu<\/a>.&nbsp;Rahojen siirto esimerkiksi puolustuksesta muurin rakentamiseen on jo edennyt oikeusistuimien selvitett\u00e4v\u00e4ksi. Olen yll\u00e4ttynyt, jos p\u00e4\u00e4t\u00f6s ei lopulta nouse my\u00f6s korkeimman oikeuden asialistalle.<\/p>\n\n\n\n<p>&nbsp;<\/p>\n\n\n\n<p><span class=\"capitalized\">Valitettavasti<\/span> yksi t\u00e4rkeimmist\u00e4 instituutioista ei kuitenkaan ole noussut vastustamaan Trumpia. Kun presidentti murentaa kongressin vaikutusvaltaa ja laajentaa presidentin valtaoikeuksia, kongressin republikaanit seisovat valtaosin presidentin tukena.<\/p>\n\n\n\n<p>Yhdysvaltain poliittisen j\u00e4rjestelm\u00e4n keskeisi\u00e4 konservatiivisia elementtej\u00e4 ovat sen vallan kolmijako-oppiin perustuva hitaus ja hankaluus. Oikeuslaitos, presidentti ja kongressi toimivat kaikki tehokkaina vastapainoina toisilleen ja est\u00e4v\u00e4t poliittiset ylily\u00f6nnit.<\/p>\n\n\n\n<p>Viime vuosikymmenin\u00e4 kongressin kahtiajako ja poliittinen halvaus ovat jatkuvasti pahentuneet. Seurauksena presidentit ovat ottaneet yh\u00e4 vahvemman roolin Yhdysvaltain politiikassa. T\u00e4m\u00e4 on poliittisen tasapainon kannalta haitallista ja vastoin ainakin perustuslain henke\u00e4, jos nyt ei lain kirjainta.<\/p>\n\n\n\n<p>Nyt republikaanit ovat vapaaehtoisesti heikent\u00e4m\u00e4ss\u00e4 kongressin asemaa tavalla, joka rapauttaa amerikkalaista poliittista kulttuuria ja k\u00e4yt\u00e4nt\u00f6\u00e4 entisest\u00e4\u00e4n.<\/p>\n\n\n\n<p>Senaatin republikaanit <strong>Mitch McConnellin<\/strong> johdolla ovat k\u00e4\u00e4nt\u00e4neet takkinsa ja ilmaisseet tukensa Trumpin vedolle, vaikka vastustivat aiemmin h\u00e4t\u00e4tilan julistamista selkein sanoin.<\/p>\n\n\n\n<p>Presidentin tukeminen saattaa olla lyhyell\u00e4 t\u00e4ht\u00e4imell\u00e4 vetoava vaihtoehto, mutta jossain vaiheessa housuihin kuseminen ei en\u00e4\u00e4 l\u00e4mmit\u00e4.<\/p>\n\n\n\n<p>Miten republikaanien suu pannaan, kun seuraava demokraattipresidentti vetoaa Trumpin esimerkkiin ja julistaa kansallisen h\u00e4t\u00e4tilan rajoittaakseen k\u00e4siaseiden myynti\u00e4, tiukentaakseen ymp\u00e4rist\u00f6lains\u00e4\u00e4d\u00e4nt\u00f6\u00e4, parantaakseen aborttien saatavuutta tai vaikkapa ohjatakseen valtion rahoja veganismin edist\u00e4miseen kouluissa?<\/p>\n\n\n\n<p>&nbsp;<\/p>\n\n\n\n<p><em>Soundtrack: Ryan Adams, Come Pick Me Up.<\/em><\/p>\n\n\n<p><iframe loading=\"lazy\" width=\"472\" height=\"354\" src=\"https:\/\/www.youtube.com\/embed\/kM0mjukDGRw?feature=oembed\" frameborder=\"0\" allow=\"accelerometer; autoplay; encrypted-media; gyroscope; picture-in-picture\" allowfullscreen><\/iframe><\/p>\n","protected":false},"excerpt":{"rendered":"<p>Miten republikaanien suu pannaan, kun seuraava demokraattipresidentti seuraa Trumpin esimerkki\u00e4?<\/p>\n","protected":false},"author":158,"featured_media":0,"comment_status":"open","ping_status":"open","sticky":false,"template":"","format":"standard","meta":{"_acf_changed":false,"asauth_required_access_level":3,"asauth_cansharepaid":"true","om_header_attributes":[],"footnotes":"","om_featured_image_focal_point":[],"om_primary_tag":0,"om_contributors":[],"om_co_authors":[],"beyondwords_generate_audio":"","beyondwords_project_id":"","beyondwords_content_id":"","beyondwords_preview_token":"","beyondwords_player_content":"","beyondwords_player_style":"","beyondwords_language_code":"","beyondwords_language_id":"","beyondwords_title_voice_id":"","beyondwords_body_voice_id":"","beyondwords_summary_voice_id":"","beyondwords_error_message":"","beyondwords_disabled":"","beyondwords_delete_content":"","beyondwords_podcast_id":"","beyondwords_hash":"","publish_post_to_speechkit":"","speechkit_hash":"","speechkit_generate_audio":"","speechkit_project_id":"","speechkit_podcast_id":"","speechkit_error_message":"","speechkit_disabled":"","speechkit_access_key":"","speechkit_error":"","speechkit_info":"","speechkit_response":"","speechkit_retries":"","speechkit_status":"","speechkit_updated_at":"","_speechkit_link":"","_speechkit_text":""},"categories":[1],"tags":[586,2079,23,775,1891,1560,30,24],"class_list":["post-4252","post","type-post","status-publish","format-standard","hentry","category-americana","tag-donald-trump","tag-hatatila","tag-kongressi","tag-meksiko","tag-muuri","tag-raja","tag-republikaanit","tag-yhdysvallat"],"om_views":null,"acf":{"tuuma_off":false,"tuuma_kysymys":"","tuuma_vastaus":""},"asauth":{"required_access_level":1,"share_token":"","is_paid":false},"yoast_head":"<!-- This site is optimized with the Yoast SEO plugin v26.4 - https:\/\/yoast.com\/wordpress\/plugins\/seo\/ -->\n<title>Kansallinen h\u00e4t\u00e4tila ei sijaitse Meksikon rajalla, vaan Yhdysvaltojen kongressissa - Americana<\/title>\n<meta name=\"description\" content=\"Miten republikaanien suu pannaan, kun seuraava demokraattipresidentti seuraa Trumpin esimerkki\u00e4.\" \/>\n<meta name=\"robots\" content=\"noindex, follow\" \/>\n<meta property=\"og:locale\" content=\"fi_FI\" \/>\n<meta property=\"og:type\" content=\"article\" \/>\n<meta property=\"og:title\" content=\"Kansallinen h\u00e4t\u00e4tila ei sijaitse Meksikon rajalla, vaan Yhdysvaltojen kongressissa - Americana\" \/>\n<meta property=\"og:description\" content=\"Miten republikaanien suu pannaan, kun seuraava demokraattipresidentti seuraa Trumpin esimerkki\u00e4.\" \/>\n<meta property=\"og:url\" content=\"https:\/\/suomenkuvalehti.fi\/americana\/kansallinen-hatatila-ei-sijaitse-meksikon-rajalla-vaan-yhdysvaltojen-kongressissa\/\" \/>\n<meta property=\"og:site_name\" content=\"Americana\" \/>\n<meta property=\"article:published_time\" content=\"2019-02-18T06:54:38+00:00\" \/>\n<meta property=\"og:image\" content=\"https:\/\/suomenkuvalehti.fi\/americana\/wp-content\/uploads\/sites\/10\/2022\/04\/americana_maunula-scaled.jpg\" \/>\n\t<meta property=\"og:image:width\" content=\"2560\" \/>\n\t<meta property=\"og:image:height\" content=\"1706\" \/>\n\t<meta property=\"og:image:type\" content=\"image\/jpeg\" \/>\n<meta name=\"author\" content=\"Marko Maunula\" \/>\n<meta name=\"twitter:card\" content=\"summary_large_image\" \/>\n<meta name=\"twitter:label1\" content=\"Written by\" \/>\n\t<meta name=\"twitter:data1\" content=\"Marko Maunula\" \/>\n\t<meta name=\"twitter:label2\" content=\"Est. reading time\" \/>\n\t<meta name=\"twitter:data2\" content=\"2 minuuttia\" \/>\n<script type=\"application\/ld+json\" class=\"yoast-schema-graph\">{\"@context\":\"https:\/\/schema.org\",\"@graph\":[{\"@type\":\"WebPage\",\"@id\":\"https:\/\/suomenkuvalehti.fi\/americana\/kansallinen-hatatila-ei-sijaitse-meksikon-rajalla-vaan-yhdysvaltojen-kongressissa\/\",\"url\":\"https:\/\/suomenkuvalehti.fi\/americana\/kansallinen-hatatila-ei-sijaitse-meksikon-rajalla-vaan-yhdysvaltojen-kongressissa\/\",\"name\":\"Kansallinen h\u00e4t\u00e4tila ei sijaitse Meksikon rajalla, vaan Yhdysvaltojen kongressissa - Americana\",\"isPartOf\":{\"@id\":\"https:\/\/suomenkuvalehti.fi\/americana\/#website\"},\"datePublished\":\"2019-02-18T06:54:38+00:00\",\"author\":{\"@id\":\"https:\/\/suomenkuvalehti.fi\/americana\/#\/schema\/person\/12d514491cb37506bc39c8e10176c3ec\"},\"description\":\"Miten republikaanien suu pannaan, kun seuraava demokraattipresidentti seuraa Trumpin esimerkki\u00e4.\",\"breadcrumb\":{\"@id\":\"https:\/\/suomenkuvalehti.fi\/americana\/kansallinen-hatatila-ei-sijaitse-meksikon-rajalla-vaan-yhdysvaltojen-kongressissa\/#breadcrumb\"},\"inLanguage\":\"fi\",\"potentialAction\":[{\"@type\":\"ReadAction\",\"target\":[\"https:\/\/suomenkuvalehti.fi\/americana\/kansallinen-hatatila-ei-sijaitse-meksikon-rajalla-vaan-yhdysvaltojen-kongressissa\/\"]}]},{\"@type\":\"BreadcrumbList\",\"@id\":\"https:\/\/suomenkuvalehti.fi\/americana\/kansallinen-hatatila-ei-sijaitse-meksikon-rajalla-vaan-yhdysvaltojen-kongressissa\/#breadcrumb\",\"itemListElement\":[{\"@type\":\"ListItem\",\"position\":1,\"name\":\"Home\",\"item\":\"https:\/\/suomenkuvalehti.fi\/americana\/\"},{\"@type\":\"ListItem\",\"position\":2,\"name\":\"Kansallinen h\u00e4t\u00e4tila ei sijaitse Meksikon rajalla, vaan Yhdysvaltojen kongressissa\"}]},{\"@type\":\"WebSite\",\"@id\":\"https:\/\/suomenkuvalehti.fi\/americana\/#website\",\"url\":\"https:\/\/suomenkuvalehti.fi\/americana\/\",\"name\":\"Americana\",\"description\":\"Professori Marko Maunula seuraa USA:n politiikkaa ja populaarikulttuuria\",\"potentialAction\":[{\"@type\":\"SearchAction\",\"target\":{\"@type\":\"EntryPoint\",\"urlTemplate\":\"https:\/\/suomenkuvalehti.fi\/haku\/?q={search_term_string}\"},\"query-input\":{\"@type\":\"PropertyValueSpecification\",\"valueRequired\":true,\"valueName\":\"search_term_string\"}}],\"inLanguage\":\"fi\"},{\"@type\":\"Person\",\"@id\":\"https:\/\/suomenkuvalehti.fi\/americana\/#\/schema\/person\/12d514491cb37506bc39c8e10176c3ec\",\"name\":\"Marko Maunula\",\"image\":{\"@type\":\"ImageObject\",\"inLanguage\":\"fi\",\"@id\":\"https:\/\/suomenkuvalehti.fi\/americana\/#\/schema\/person\/image\/\",\"url\":\"https:\/\/suomenkuvalehti.fi\/americana\/wp-content\/uploads\/sites\/10\/2022\/04\/americana_maunula-150x150.jpg\",\"contentUrl\":\"https:\/\/suomenkuvalehti.fi\/americana\/wp-content\/uploads\/sites\/10\/2022\/04\/americana_maunula-150x150.jpg\",\"caption\":\"Marko Maunula\"},\"description\":\"Kirjoittaja on Yhdysvaltain historian professori Atlantassa.\"}]}<\/script>\n<!-- \/ Yoast SEO plugin. -->","yoast_head_json":{"title":"Kansallinen h\u00e4t\u00e4tila ei sijaitse Meksikon rajalla, vaan Yhdysvaltojen kongressissa - Americana","description":"Miten republikaanien suu pannaan, kun seuraava demokraattipresidentti seuraa Trumpin esimerkki\u00e4.","robots":{"index":"noindex","follow":"follow"},"og_locale":"fi_FI","og_type":"article","og_title":"Kansallinen h\u00e4t\u00e4tila ei sijaitse Meksikon rajalla, vaan Yhdysvaltojen kongressissa - Americana","og_description":"Miten republikaanien suu pannaan, kun seuraava demokraattipresidentti seuraa Trumpin esimerkki\u00e4.","og_url":"https:\/\/suomenkuvalehti.fi\/americana\/kansallinen-hatatila-ei-sijaitse-meksikon-rajalla-vaan-yhdysvaltojen-kongressissa\/","og_site_name":"Americana","article_published_time":"2019-02-18T06:54:38+00:00","og_image":[{"width":2560,"height":1706,"url":"https:\/\/suomenkuvalehti.fi\/americana\/wp-content\/uploads\/sites\/10\/2022\/04\/americana_maunula-scaled.jpg","type":"image\/jpeg"}],"author":"Marko Maunula","twitter_card":"summary_large_image","twitter_misc":{"Written by":"Marko Maunula","Est. reading time":"2 minuuttia"},"schema":{"@context":"https:\/\/schema.org","@graph":[{"@type":"WebPage","@id":"https:\/\/suomenkuvalehti.fi\/americana\/kansallinen-hatatila-ei-sijaitse-meksikon-rajalla-vaan-yhdysvaltojen-kongressissa\/","url":"https:\/\/suomenkuvalehti.fi\/americana\/kansallinen-hatatila-ei-sijaitse-meksikon-rajalla-vaan-yhdysvaltojen-kongressissa\/","name":"Kansallinen h\u00e4t\u00e4tila ei sijaitse Meksikon rajalla, vaan Yhdysvaltojen kongressissa - Americana","isPartOf":{"@id":"https:\/\/suomenkuvalehti.fi\/americana\/#website"},"datePublished":"2019-02-18T06:54:38+00:00","author":{"@id":"https:\/\/suomenkuvalehti.fi\/americana\/#\/schema\/person\/12d514491cb37506bc39c8e10176c3ec"},"description":"Miten republikaanien suu pannaan, kun seuraava demokraattipresidentti seuraa Trumpin esimerkki\u00e4.","breadcrumb":{"@id":"https:\/\/suomenkuvalehti.fi\/americana\/kansallinen-hatatila-ei-sijaitse-meksikon-rajalla-vaan-yhdysvaltojen-kongressissa\/#breadcrumb"},"inLanguage":"fi","potentialAction":[{"@type":"ReadAction","target":["https:\/\/suomenkuvalehti.fi\/americana\/kansallinen-hatatila-ei-sijaitse-meksikon-rajalla-vaan-yhdysvaltojen-kongressissa\/"]}]},{"@type":"BreadcrumbList","@id":"https:\/\/suomenkuvalehti.fi\/americana\/kansallinen-hatatila-ei-sijaitse-meksikon-rajalla-vaan-yhdysvaltojen-kongressissa\/#breadcrumb","itemListElement":[{"@type":"ListItem","position":1,"name":"Home","item":"https:\/\/suomenkuvalehti.fi\/americana\/"},{"@type":"ListItem","position":2,"name":"Kansallinen h\u00e4t\u00e4tila ei sijaitse Meksikon rajalla, vaan Yhdysvaltojen kongressissa"}]},{"@type":"WebSite","@id":"https:\/\/suomenkuvalehti.fi\/americana\/#website","url":"https:\/\/suomenkuvalehti.fi\/americana\/","name":"Americana","description":"Professori Marko Maunula seuraa USA:n politiikkaa ja populaarikulttuuria","potentialAction":[{"@type":"SearchAction","target":{"@type":"EntryPoint","urlTemplate":"https:\/\/suomenkuvalehti.fi\/haku\/?q={search_term_string}"},"query-input":{"@type":"PropertyValueSpecification","valueRequired":true,"valueName":"search_term_string"}}],"inLanguage":"fi"},{"@type":"Person","@id":"https:\/\/suomenkuvalehti.fi\/americana\/#\/schema\/person\/12d514491cb37506bc39c8e10176c3ec","name":"Marko Maunula","image":{"@type":"ImageObject","inLanguage":"fi","@id":"https:\/\/suomenkuvalehti.fi\/americana\/#\/schema\/person\/image\/","url":"https:\/\/suomenkuvalehti.fi\/americana\/wp-content\/uploads\/sites\/10\/2022\/04\/americana_maunula-150x150.jpg","contentUrl":"https:\/\/suomenkuvalehti.fi\/americana\/wp-content\/uploads\/sites\/10\/2022\/04\/americana_maunula-150x150.jpg","caption":"Marko Maunula"},"description":"Kirjoittaja on Yhdysvaltain historian professori Atlantassa."}]}},"_links":{"self":[{"href":"https:\/\/suomenkuvalehti.fi\/americana\/wp-json\/wp\/v2\/posts\/4252","targetHints":{"allow":["GET"]}}],"collection":[{"href":"https:\/\/suomenkuvalehti.fi\/americana\/wp-json\/wp\/v2\/posts"}],"about":[{"href":"https:\/\/suomenkuvalehti.fi\/americana\/wp-json\/wp\/v2\/types\/post"}],"author":[{"embeddable":true,"href":"https:\/\/suomenkuvalehti.fi\/americana\/wp-json\/wp\/v2\/users\/158"}],"replies":[{"embeddable":true,"href":"https:\/\/suomenkuvalehti.fi\/americana\/wp-json\/wp\/v2\/comments?post=4252"}],"version-history":[{"count":4,"href":"https:\/\/suomenkuvalehti.fi\/americana\/wp-json\/wp\/v2\/posts\/4252\/revisions"}],"predecessor-version":[{"id":4257,"href":"https:\/\/suomenkuvalehti.fi\/americana\/wp-json\/wp\/v2\/posts\/4252\/revisions\/4257"}],"wp:attachment":[{"href":"https:\/\/suomenkuvalehti.fi\/americana\/wp-json\/wp\/v2\/media?parent=4252"}],"wp:term":[{"taxonomy":"category","embeddable":true,"href":"https:\/\/suomenkuvalehti.fi\/americana\/wp-json\/wp\/v2\/categories?post=4252"},{"taxonomy":"post_tag","embeddable":true,"href":"https:\/\/suomenkuvalehti.fi\/americana\/wp-json\/wp\/v2\/tags?post=4252"}],"curies":[{"name":"wp","href":"https:\/\/api.w.org\/{rel}","templated":true}]}}