{"id":423,"date":"2011-06-09T19:33:45","date_gmt":"2011-06-09T16:33:45","guid":{"rendered":"https:\/\/suomenkuvalehti.fi\/americana\/miksi-minusta-tuli-amerikkalainen\/"},"modified":"2013-11-30T16:22:08","modified_gmt":"2013-11-30T14:22:08","slug":"miksi-minusta-tuli-amerikkalainen","status":"publish","type":"post","link":"https:\/\/suomenkuvalehti.fi\/americana\/miksi-minusta-tuli-amerikkalainen\/","title":{"rendered":"Miksi minusta tuli amerikkalainen"},"content":{"rendered":"\n<p>Prosessin henkinen puoli kesti 19 vuotta, byrokraattinen osa seitsem\u00e4n kuukautta, ja seremonia 15 minuuttia. Minusta tuli virallisesti suomalais-amerikkalainen keskiviikkona kello 15.00 it\u00e4rannikon aikaa.<\/p>\n\n\n\n<p>Keskiviikon seremoniassa luotiin 107 uutta amerikkalaista. Meist\u00e4 oli eurooppalaisia ehk\u00e4 kuusi tai seitsem\u00e4n. Valtaosa tuli Afrikasta, Aasiasta, tai espanjankielisest\u00e4 Amerikasta.<\/p>\n\n\n\n<p>Kun tilaisuus oli ohi ja meid\u00e4t julistettiin amerikkalaisiksi, uusien kansalaisten riemu oli suorassa suhteessa alkuper\u00e4isen kotimaan k\u00f6yhyyteen. Yhdysvaltain kansalaisuuden saanut kongolaisperhe itki ilosta, halaten toisiaan ja ikuistaen tapahtuman videokameralla. Juuri amerikkalaistunut kamputsealaismies kuivasi kyyneleit\u00e4\u00e4n ja heilutti Yhdysvaltain lippua patrioottisessa euforiassa. Me eurooppalaiset korkeintaan hymyilimme ja k\u00e4ttelimme toisia tuoreita kanssa-amerikkalaisia pid\u00e4tt\u00e4ytyneen kohteliaasti.<\/p>\n\n\n\n<p>Kongolaisperheen elintaso, turvallisuus, sek\u00e4 onnellisuusindeksi todenn\u00e4k\u00f6isesti kasvoi kymmeni\u00e4 kertoja Yhdysvaltoihin muuton my\u00f6t\u00e4, ja kansalaisuus on ymm\u00e4rrett\u00e4v\u00e4 riemun aihe. Ex-eurooppalaisten maltillisuus seremoniassa kertoo puolestaan Euroopan merkitt\u00e4v\u00e4st\u00e4 vaurastumisesta ja kulturaalisesta kehityksest\u00e4.<\/p>\n\n\n\n<p>Oma motivaationi tulla amerikkalaiseksi ei ollut taloudellista, ja <strong>Kekkosen<\/strong>, Neuvostoliiton, sek\u00e4 SKP:n kaatumisen j\u00e4lkeen Suomi on ollut my\u00f6s vapaa ja k\u00e4yt\u00e4nn\u00f6ss\u00e4 kaikesta keskusteleva valtio. Minusta tuli amerikkalainen, sill\u00e4 kahdenkymmenen vuoden j\u00e4lkeen haluan osallistua kaupunkini, osavaltioni, sek\u00e4 maani tapahtumiin t\u00e4ysvaltaisena kansalaisena.<\/p>\n\n\n\n<p>Reaktioni viimeisen vuosikymmenen maailmanlaajuisiin ja henkil\u00f6kohtaisiin tapahtumiin kertoivat my\u00f6s selv\u00e4st\u00e4 amerikkalaistumisestani: raivoni 9\/11 terrori-iskuista, suunnaton ylpeyteni <strong>Barack Obaman<\/strong> valinnasta, leukemia-vuoden pohdiskeluni josko haluaisin pahimman tapahtuessa tulla haudatuksi joko Suomeen tai Yhdysvaltoihin, sek\u00e4 viime kes\u00e4n MM-kisojen Ghana-tappion j\u00e4lkeinen ankara hatutus osoittivat minun olevan syd\u00e4melt\u00e4ni my\u00f6s amerikkalainen.<\/p>\n\n\n\n<p>Lopuksi, valtava kiitos niille kansanedustajille, jotka hyv\u00e4ksyiv\u00e4t lain kaksoiskansalaisuudesta. Nyt me siirtolaiset voimme olla laillisestikin sek\u00e4 suomalaisia ett\u00e4 amerikkalaisia. Henkisesti useimmat meist\u00e4 ovat olleet siell\u00e4 jo vuosia.<\/p>\n\n\n\n<p><em>Soundtrack: Kaivama, <a href=\"https:\/\/www.youtube.com\/watch?v=KdmO96Elw4k\">Pirun Polska<\/a>.<\/em><\/p>\n\n\n","protected":false},"excerpt":{"rendered":"<p>Prosessin henkinen puoli kesti 19 vuotta, byrokraattinen osa seitsem\u00e4n kuukautta, ja seremonia 15 minuuttia. Minusta tuli virallisesti suomalais-amerikkalainen keskiviikkona kello 15.00 it\u00e4rannikon aikaa. Keskiviikon seremoniassa luotiin 107 uutta amerikkalaista. Meist\u00e4 oli eurooppalaisia<br \/>\neh&hellip;<\/p>\n","protected":false},"author":158,"featured_media":0,"comment_status":"open","ping_status":"open","sticky":false,"template":"","format":"standard","meta":{"_acf_changed":false,"asauth_required_access_level":0,"asauth_cansharepaid":"","om_header_attributes":[],"footnotes":"","om_featured_image_focal_point":[],"om_primary_tag":0,"om_contributors":[],"om_co_authors":[],"beyondwords_generate_audio":"","beyondwords_project_id":"","beyondwords_content_id":"","beyondwords_preview_token":"","beyondwords_player_content":"","beyondwords_player_style":"","beyondwords_language_code":"","beyondwords_language_id":"","beyondwords_title_voice_id":"","beyondwords_body_voice_id":"","beyondwords_summary_voice_id":"","beyondwords_error_message":"","beyondwords_disabled":"","beyondwords_delete_content":"","beyondwords_podcast_id":"","beyondwords_hash":"","publish_post_to_speechkit":"","speechkit_hash":"","speechkit_generate_audio":"","speechkit_project_id":"","speechkit_podcast_id":"","speechkit_error_message":"","speechkit_disabled":"","speechkit_access_key":"","speechkit_error":"","speechkit_info":"","speechkit_response":"","speechkit_retries":"","speechkit_status":"","speechkit_updated_at":"","_speechkit_link":"","_speechkit_text":""},"categories":[1],"tags":[836,835,145,24],"class_list":["post-423","post","type-post","status-publish","format-standard","hentry","category-americana","tag-amerikkalaisuus","tag-kaksoiskansalaisuus","tag-suomi","tag-yhdysvallat"],"om_views":null,"acf":{"tuuma_off":false,"tuuma_kysymys":"","tuuma_vastaus":""},"asauth":{"required_access_level":1,"share_token":"","is_paid":false},"yoast_head":"<!-- This site is optimized with the Yoast SEO plugin v26.4 - https:\/\/yoast.com\/wordpress\/plugins\/seo\/ -->\n<title>Miksi minusta tuli amerikkalainen - Americana<\/title>\n<meta name=\"robots\" content=\"noindex, follow\" \/>\n<meta property=\"og:locale\" content=\"fi_FI\" \/>\n<meta property=\"og:type\" content=\"article\" \/>\n<meta property=\"og:title\" content=\"Miksi minusta tuli amerikkalainen - Americana\" \/>\n<meta property=\"og:description\" content=\"Prosessin henkinen puoli kesti 19 vuotta, byrokraattinen osa seitsem\u00e4n kuukautta, ja seremonia 15 minuuttia. Minusta tuli virallisesti suomalais-amerikkalainen keskiviikkona kello 15.00 it\u00e4rannikon aikaa. Keskiviikon seremoniassa luotiin 107 uutta amerikkalaista. Meist\u00e4 oli eurooppalaisia eh&hellip;\" \/>\n<meta property=\"og:url\" content=\"https:\/\/suomenkuvalehti.fi\/americana\/miksi-minusta-tuli-amerikkalainen\/\" \/>\n<meta property=\"og:site_name\" content=\"Americana\" \/>\n<meta property=\"article:published_time\" content=\"2011-06-09T16:33:45+00:00\" \/>\n<meta property=\"article:modified_time\" content=\"2013-11-30T14:22:08+00:00\" \/>\n<meta property=\"og:image\" content=\"https:\/\/suomenkuvalehti.fi\/americana\/wp-content\/uploads\/sites\/10\/2022\/04\/americana_maunula-scaled.jpg\" \/>\n\t<meta property=\"og:image:width\" content=\"2560\" \/>\n\t<meta property=\"og:image:height\" content=\"1706\" \/>\n\t<meta property=\"og:image:type\" content=\"image\/jpeg\" \/>\n<meta name=\"author\" content=\"Marko Maunula\" \/>\n<meta name=\"twitter:card\" content=\"summary_large_image\" \/>\n<meta name=\"twitter:label1\" content=\"Written by\" \/>\n\t<meta name=\"twitter:data1\" content=\"Marko Maunula\" \/>\n\t<meta name=\"twitter:label2\" content=\"Est. reading time\" \/>\n\t<meta name=\"twitter:data2\" content=\"1 minuutti\" \/>\n<script type=\"application\/ld+json\" class=\"yoast-schema-graph\">{\"@context\":\"https:\/\/schema.org\",\"@graph\":[{\"@type\":\"WebPage\",\"@id\":\"https:\/\/suomenkuvalehti.fi\/americana\/miksi-minusta-tuli-amerikkalainen\/\",\"url\":\"https:\/\/suomenkuvalehti.fi\/americana\/miksi-minusta-tuli-amerikkalainen\/\",\"name\":\"Miksi minusta tuli amerikkalainen - Americana\",\"isPartOf\":{\"@id\":\"https:\/\/suomenkuvalehti.fi\/americana\/#website\"},\"datePublished\":\"2011-06-09T16:33:45+00:00\",\"dateModified\":\"2013-11-30T14:22:08+00:00\",\"author\":{\"@id\":\"https:\/\/suomenkuvalehti.fi\/americana\/#\/schema\/person\/12d514491cb37506bc39c8e10176c3ec\"},\"breadcrumb\":{\"@id\":\"https:\/\/suomenkuvalehti.fi\/americana\/miksi-minusta-tuli-amerikkalainen\/#breadcrumb\"},\"inLanguage\":\"fi\",\"potentialAction\":[{\"@type\":\"ReadAction\",\"target\":[\"https:\/\/suomenkuvalehti.fi\/americana\/miksi-minusta-tuli-amerikkalainen\/\"]}]},{\"@type\":\"BreadcrumbList\",\"@id\":\"https:\/\/suomenkuvalehti.fi\/americana\/miksi-minusta-tuli-amerikkalainen\/#breadcrumb\",\"itemListElement\":[{\"@type\":\"ListItem\",\"position\":1,\"name\":\"Home\",\"item\":\"https:\/\/suomenkuvalehti.fi\/americana\/\"},{\"@type\":\"ListItem\",\"position\":2,\"name\":\"Miksi minusta tuli amerikkalainen\"}]},{\"@type\":\"WebSite\",\"@id\":\"https:\/\/suomenkuvalehti.fi\/americana\/#website\",\"url\":\"https:\/\/suomenkuvalehti.fi\/americana\/\",\"name\":\"Americana\",\"description\":\"Professori Marko Maunula seuraa USA:n politiikkaa ja populaarikulttuuria\",\"potentialAction\":[{\"@type\":\"SearchAction\",\"target\":{\"@type\":\"EntryPoint\",\"urlTemplate\":\"https:\/\/suomenkuvalehti.fi\/haku\/?q={search_term_string}\"},\"query-input\":{\"@type\":\"PropertyValueSpecification\",\"valueRequired\":true,\"valueName\":\"search_term_string\"}}],\"inLanguage\":\"fi\"},{\"@type\":\"Person\",\"@id\":\"https:\/\/suomenkuvalehti.fi\/americana\/#\/schema\/person\/12d514491cb37506bc39c8e10176c3ec\",\"name\":\"Marko Maunula\",\"image\":{\"@type\":\"ImageObject\",\"inLanguage\":\"fi\",\"@id\":\"https:\/\/suomenkuvalehti.fi\/americana\/#\/schema\/person\/image\/\",\"url\":\"https:\/\/suomenkuvalehti.fi\/americana\/wp-content\/uploads\/sites\/10\/2022\/04\/americana_maunula-150x150.jpg\",\"contentUrl\":\"https:\/\/suomenkuvalehti.fi\/americana\/wp-content\/uploads\/sites\/10\/2022\/04\/americana_maunula-150x150.jpg\",\"caption\":\"Marko Maunula\"},\"description\":\"Kirjoittaja on Yhdysvaltain historian professori Atlantassa.\"}]}<\/script>\n<!-- \/ Yoast SEO plugin. -->","yoast_head_json":{"title":"Miksi minusta tuli amerikkalainen - Americana","robots":{"index":"noindex","follow":"follow"},"og_locale":"fi_FI","og_type":"article","og_title":"Miksi minusta tuli amerikkalainen - Americana","og_description":"Prosessin henkinen puoli kesti 19 vuotta, byrokraattinen osa seitsem\u00e4n kuukautta, ja seremonia 15 minuuttia. Minusta tuli virallisesti suomalais-amerikkalainen keskiviikkona kello 15.00 it\u00e4rannikon aikaa. Keskiviikon seremoniassa luotiin 107 uutta amerikkalaista. Meist\u00e4 oli eurooppalaisia eh&hellip;","og_url":"https:\/\/suomenkuvalehti.fi\/americana\/miksi-minusta-tuli-amerikkalainen\/","og_site_name":"Americana","article_published_time":"2011-06-09T16:33:45+00:00","article_modified_time":"2013-11-30T14:22:08+00:00","og_image":[{"width":2560,"height":1706,"url":"https:\/\/suomenkuvalehti.fi\/americana\/wp-content\/uploads\/sites\/10\/2022\/04\/americana_maunula-scaled.jpg","type":"image\/jpeg"}],"author":"Marko Maunula","twitter_card":"summary_large_image","twitter_misc":{"Written by":"Marko Maunula","Est. reading time":"1 minuutti"},"schema":{"@context":"https:\/\/schema.org","@graph":[{"@type":"WebPage","@id":"https:\/\/suomenkuvalehti.fi\/americana\/miksi-minusta-tuli-amerikkalainen\/","url":"https:\/\/suomenkuvalehti.fi\/americana\/miksi-minusta-tuli-amerikkalainen\/","name":"Miksi minusta tuli amerikkalainen - Americana","isPartOf":{"@id":"https:\/\/suomenkuvalehti.fi\/americana\/#website"},"datePublished":"2011-06-09T16:33:45+00:00","dateModified":"2013-11-30T14:22:08+00:00","author":{"@id":"https:\/\/suomenkuvalehti.fi\/americana\/#\/schema\/person\/12d514491cb37506bc39c8e10176c3ec"},"breadcrumb":{"@id":"https:\/\/suomenkuvalehti.fi\/americana\/miksi-minusta-tuli-amerikkalainen\/#breadcrumb"},"inLanguage":"fi","potentialAction":[{"@type":"ReadAction","target":["https:\/\/suomenkuvalehti.fi\/americana\/miksi-minusta-tuli-amerikkalainen\/"]}]},{"@type":"BreadcrumbList","@id":"https:\/\/suomenkuvalehti.fi\/americana\/miksi-minusta-tuli-amerikkalainen\/#breadcrumb","itemListElement":[{"@type":"ListItem","position":1,"name":"Home","item":"https:\/\/suomenkuvalehti.fi\/americana\/"},{"@type":"ListItem","position":2,"name":"Miksi minusta tuli amerikkalainen"}]},{"@type":"WebSite","@id":"https:\/\/suomenkuvalehti.fi\/americana\/#website","url":"https:\/\/suomenkuvalehti.fi\/americana\/","name":"Americana","description":"Professori Marko Maunula seuraa USA:n politiikkaa ja populaarikulttuuria","potentialAction":[{"@type":"SearchAction","target":{"@type":"EntryPoint","urlTemplate":"https:\/\/suomenkuvalehti.fi\/haku\/?q={search_term_string}"},"query-input":{"@type":"PropertyValueSpecification","valueRequired":true,"valueName":"search_term_string"}}],"inLanguage":"fi"},{"@type":"Person","@id":"https:\/\/suomenkuvalehti.fi\/americana\/#\/schema\/person\/12d514491cb37506bc39c8e10176c3ec","name":"Marko Maunula","image":{"@type":"ImageObject","inLanguage":"fi","@id":"https:\/\/suomenkuvalehti.fi\/americana\/#\/schema\/person\/image\/","url":"https:\/\/suomenkuvalehti.fi\/americana\/wp-content\/uploads\/sites\/10\/2022\/04\/americana_maunula-150x150.jpg","contentUrl":"https:\/\/suomenkuvalehti.fi\/americana\/wp-content\/uploads\/sites\/10\/2022\/04\/americana_maunula-150x150.jpg","caption":"Marko Maunula"},"description":"Kirjoittaja on Yhdysvaltain historian professori Atlantassa."}]}},"_links":{"self":[{"href":"https:\/\/suomenkuvalehti.fi\/americana\/wp-json\/wp\/v2\/posts\/423","targetHints":{"allow":["GET"]}}],"collection":[{"href":"https:\/\/suomenkuvalehti.fi\/americana\/wp-json\/wp\/v2\/posts"}],"about":[{"href":"https:\/\/suomenkuvalehti.fi\/americana\/wp-json\/wp\/v2\/types\/post"}],"author":[{"embeddable":true,"href":"https:\/\/suomenkuvalehti.fi\/americana\/wp-json\/wp\/v2\/users\/158"}],"replies":[{"embeddable":true,"href":"https:\/\/suomenkuvalehti.fi\/americana\/wp-json\/wp\/v2\/comments?post=423"}],"version-history":[{"count":1,"href":"https:\/\/suomenkuvalehti.fi\/americana\/wp-json\/wp\/v2\/posts\/423\/revisions"}],"predecessor-version":[{"id":1040,"href":"https:\/\/suomenkuvalehti.fi\/americana\/wp-json\/wp\/v2\/posts\/423\/revisions\/1040"}],"wp:attachment":[{"href":"https:\/\/suomenkuvalehti.fi\/americana\/wp-json\/wp\/v2\/media?parent=423"}],"wp:term":[{"taxonomy":"category","embeddable":true,"href":"https:\/\/suomenkuvalehti.fi\/americana\/wp-json\/wp\/v2\/categories?post=423"},{"taxonomy":"post_tag","embeddable":true,"href":"https:\/\/suomenkuvalehti.fi\/americana\/wp-json\/wp\/v2\/tags?post=423"}],"curies":[{"name":"wp","href":"https:\/\/api.w.org\/{rel}","templated":true}]}}