{"id":422,"date":"2011-06-13T19:57:23","date_gmt":"2011-06-13T16:57:23","guid":{"rendered":"https:\/\/suomenkuvalehti.fi\/americana\/multietninen-tel-aviv\/"},"modified":"2013-11-30T16:22:08","modified_gmt":"2013-11-30T14:22:08","slug":"multietninen-tel-aviv","status":"publish","type":"post","link":"https:\/\/suomenkuvalehti.fi\/americana\/multietninen-tel-aviv\/","title":{"rendered":"Multietninen Tel Aviv"},"content":{"rendered":"\n<p>Juutalaiset ja arabit osaavat el\u00e4\u00e4 rauhallista ja tasapainoista yhteisel\u00e4m\u00e4\u00e4 &#8211; ainakin Tel Avivissa.<\/p>\n\n\n\n<p>Tel Aviv on moderni multi-etninen kaupunki. Ensimm\u00e4inen vuorokausi on takana, ja olen n\u00e4hnyt enemm\u00e4n mustaihoisia asukkeja kuin mustahattuisia hasidi-juutalaisia.<\/p>\n\n\n\n<p>N\u00e4kyvine homov\u00e4est\u00f6ineen, etnisine kirjoineen, sek\u00e4 trendikk\u00e4ine juppeineen, Tel Aviv huokuu v\u00e4limerellist\u00e4 cooliutta. Moderni arkkitehtuuri, vilkas katuel\u00e4m\u00e4, sek\u00e4 tasokkaat ravintolat hallitsevat kaupungin valtav\u00e4yli\u00e4. Kaupunki on sekoitus ikiaikaista antiikin L\u00e4hi-It\u00e4\u00e4, amerikkalaistyylist\u00e4 pilvenpiirt\u00e4jien hallitsemaa bisneskyl\u00e4\u00e4, sek\u00e4 ranskalaistyylist\u00e4 V\u00e4limeren bon vivant -aluetta.<\/p>\n\n\n\n<p>Viiden kilometrin aamulenkill\u00e4 ohitin kaksi moskeijaa sek\u00e4 yhden kirkon, mutta en yht\u00e4\u00e4n synagoogaa. Kun s\u00f6imme seurueemme kanssa illallista valtaosin arabien asuttamassa Jaffassa, imaamin rukouskutsu minareetista kaikui juutalaisten, arabien, ja turistien t\u00e4ytt\u00e4mill\u00e4 kujilla. Yhteiselo ei tietenk\u00e4\u00e4n ole t\u00e4ysin kitkatonta, mutta arkip\u00e4iv\u00e4inen el\u00e4m\u00e4 israelilaisten muslimien ja juutalaisten yhteisess\u00e4 kaupungissa muistuttaa, ett\u00e4 heimojen vihanpito ei ole ikuisiin aikakirjoihin kaiverrettu Muuttumaton Totuus.<\/p>\n\n\n\n<p>Olen kaupungissa osallistumassa kymmenp\u00e4iv\u00e4iseen terrorismi ja demokratia -seminaariin. Vierailemme oleskelumme aikana Jerusalemissa, saamme haastatella vangittuja terroristeja, kuulemme parin suurl\u00e4hettil\u00e4\u00e4n sek\u00e4 israelilaisen asiantuntijan kommentit \u00e4\u00e4ri-islamistisesta terrorismista, sek\u00e4 seuraamme israelilaisten turvallisuusty\u00f6ntekij\u00f6iden toimintaa.<\/p>\n\n\n\n<p>Seminaarin aikataulu on eritt\u00e4in tiivis, mutta pyrin raportoimaan kuulemastani mahdollisimman usein ja perinpohjaisesti.<\/p>\n\n\n\n<p><em>Soundtrack: Bob Dylan, Tangled Up in Blue.<\/em><\/p>\n\n\n","protected":false},"excerpt":{"rendered":"<p>Juutalaiset ja arabit osaavat el\u00e4\u00e4 rauhallista ja tasapainoista yhteisel\u00e4m\u00e4\u00e4 &#8211; ainakin Tel Avivissa. Tel Aviv on moderni multi-etninen kaupunki. Ensimm\u00e4inen vuorokausi on takana, ja olen n\u00e4hnyt enemm\u00e4n mustaihoisia asukkeja kuin mustahattuisia hasidi-juutalaisia. N\u00e4kyvine homov\u00e4est\u00f6ineen,<br \/>\netnisine k&hellip;<\/p>\n","protected":false},"author":158,"featured_media":0,"comment_status":"open","ping_status":"open","sticky":false,"template":"","format":"standard","meta":{"_acf_changed":false,"asauth_required_access_level":0,"asauth_cansharepaid":"","om_header_attributes":[],"footnotes":"","om_featured_image_focal_point":[],"om_primary_tag":0,"om_contributors":[],"om_co_authors":[],"beyondwords_generate_audio":"","beyondwords_project_id":"","beyondwords_content_id":"","beyondwords_preview_token":"","beyondwords_player_content":"","beyondwords_player_style":"","beyondwords_language_code":"","beyondwords_language_id":"","beyondwords_title_voice_id":"","beyondwords_body_voice_id":"","beyondwords_summary_voice_id":"","beyondwords_error_message":"","beyondwords_disabled":"","beyondwords_delete_content":"","beyondwords_podcast_id":"","beyondwords_hash":"","publish_post_to_speechkit":"","speechkit_hash":"","speechkit_generate_audio":"","speechkit_project_id":"","speechkit_podcast_id":"","speechkit_error_message":"","speechkit_disabled":"","speechkit_access_key":"","speechkit_error":"","speechkit_info":"","speechkit_response":"","speechkit_retries":"","speechkit_status":"","speechkit_updated_at":"","_speechkit_link":"","_speechkit_text":""},"categories":[1],"tags":[833,311,834,193],"class_list":["post-422","post","type-post","status-publish","format-standard","hentry","category-americana","tag-arabit","tag-israel","tag-tel-aviv","tag-terrorismi"],"om_views":null,"acf":{"tuuma_off":false,"tuuma_kysymys":"","tuuma_vastaus":""},"asauth":{"required_access_level":1,"share_token":"","is_paid":false},"yoast_head":"<!-- This site is optimized with the Yoast SEO plugin v26.4 - https:\/\/yoast.com\/wordpress\/plugins\/seo\/ -->\n<title>Multietninen Tel Aviv - Americana<\/title>\n<meta name=\"robots\" content=\"noindex, follow\" \/>\n<meta property=\"og:locale\" content=\"fi_FI\" \/>\n<meta property=\"og:type\" content=\"article\" \/>\n<meta property=\"og:title\" content=\"Multietninen Tel Aviv - Americana\" \/>\n<meta property=\"og:description\" content=\"Juutalaiset ja arabit osaavat el\u00e4\u00e4 rauhallista ja tasapainoista yhteisel\u00e4m\u00e4\u00e4 &#8211; ainakin Tel Avivissa. Tel Aviv on moderni multi-etninen kaupunki. Ensimm\u00e4inen vuorokausi on takana, ja olen n\u00e4hnyt enemm\u00e4n mustaihoisia asukkeja kuin mustahattuisia hasidi-juutalaisia. N\u00e4kyvine homov\u00e4est\u00f6ineen, etnisine k&hellip;\" \/>\n<meta property=\"og:url\" content=\"https:\/\/suomenkuvalehti.fi\/americana\/multietninen-tel-aviv\/\" \/>\n<meta property=\"og:site_name\" content=\"Americana\" \/>\n<meta property=\"article:published_time\" content=\"2011-06-13T16:57:23+00:00\" \/>\n<meta property=\"article:modified_time\" content=\"2013-11-30T14:22:08+00:00\" \/>\n<meta property=\"og:image\" content=\"https:\/\/suomenkuvalehti.fi\/americana\/wp-content\/uploads\/sites\/10\/2022\/04\/americana_maunula-scaled.jpg\" \/>\n\t<meta property=\"og:image:width\" content=\"2560\" \/>\n\t<meta property=\"og:image:height\" content=\"1706\" \/>\n\t<meta property=\"og:image:type\" content=\"image\/jpeg\" \/>\n<meta name=\"author\" content=\"Marko Maunula\" \/>\n<meta name=\"twitter:card\" content=\"summary_large_image\" \/>\n<meta name=\"twitter:label1\" content=\"Written by\" \/>\n\t<meta name=\"twitter:data1\" content=\"Marko Maunula\" \/>\n\t<meta name=\"twitter:label2\" content=\"Est. reading time\" \/>\n\t<meta name=\"twitter:data2\" content=\"1 minuutti\" \/>\n<script type=\"application\/ld+json\" class=\"yoast-schema-graph\">{\"@context\":\"https:\/\/schema.org\",\"@graph\":[{\"@type\":\"WebPage\",\"@id\":\"https:\/\/suomenkuvalehti.fi\/americana\/multietninen-tel-aviv\/\",\"url\":\"https:\/\/suomenkuvalehti.fi\/americana\/multietninen-tel-aviv\/\",\"name\":\"Multietninen Tel Aviv - Americana\",\"isPartOf\":{\"@id\":\"https:\/\/suomenkuvalehti.fi\/americana\/#website\"},\"datePublished\":\"2011-06-13T16:57:23+00:00\",\"dateModified\":\"2013-11-30T14:22:08+00:00\",\"author\":{\"@id\":\"https:\/\/suomenkuvalehti.fi\/americana\/#\/schema\/person\/12d514491cb37506bc39c8e10176c3ec\"},\"breadcrumb\":{\"@id\":\"https:\/\/suomenkuvalehti.fi\/americana\/multietninen-tel-aviv\/#breadcrumb\"},\"inLanguage\":\"fi\",\"potentialAction\":[{\"@type\":\"ReadAction\",\"target\":[\"https:\/\/suomenkuvalehti.fi\/americana\/multietninen-tel-aviv\/\"]}]},{\"@type\":\"BreadcrumbList\",\"@id\":\"https:\/\/suomenkuvalehti.fi\/americana\/multietninen-tel-aviv\/#breadcrumb\",\"itemListElement\":[{\"@type\":\"ListItem\",\"position\":1,\"name\":\"Home\",\"item\":\"https:\/\/suomenkuvalehti.fi\/americana\/\"},{\"@type\":\"ListItem\",\"position\":2,\"name\":\"Multietninen Tel Aviv\"}]},{\"@type\":\"WebSite\",\"@id\":\"https:\/\/suomenkuvalehti.fi\/americana\/#website\",\"url\":\"https:\/\/suomenkuvalehti.fi\/americana\/\",\"name\":\"Americana\",\"description\":\"Professori Marko Maunula seuraa USA:n politiikkaa ja populaarikulttuuria\",\"potentialAction\":[{\"@type\":\"SearchAction\",\"target\":{\"@type\":\"EntryPoint\",\"urlTemplate\":\"https:\/\/suomenkuvalehti.fi\/haku\/?q={search_term_string}\"},\"query-input\":{\"@type\":\"PropertyValueSpecification\",\"valueRequired\":true,\"valueName\":\"search_term_string\"}}],\"inLanguage\":\"fi\"},{\"@type\":\"Person\",\"@id\":\"https:\/\/suomenkuvalehti.fi\/americana\/#\/schema\/person\/12d514491cb37506bc39c8e10176c3ec\",\"name\":\"Marko Maunula\",\"image\":{\"@type\":\"ImageObject\",\"inLanguage\":\"fi\",\"@id\":\"https:\/\/suomenkuvalehti.fi\/americana\/#\/schema\/person\/image\/\",\"url\":\"https:\/\/suomenkuvalehti.fi\/americana\/wp-content\/uploads\/sites\/10\/2022\/04\/americana_maunula-150x150.jpg\",\"contentUrl\":\"https:\/\/suomenkuvalehti.fi\/americana\/wp-content\/uploads\/sites\/10\/2022\/04\/americana_maunula-150x150.jpg\",\"caption\":\"Marko Maunula\"},\"description\":\"Kirjoittaja on Yhdysvaltain historian professori Atlantassa.\"}]}<\/script>\n<!-- \/ Yoast SEO plugin. -->","yoast_head_json":{"title":"Multietninen Tel Aviv - Americana","robots":{"index":"noindex","follow":"follow"},"og_locale":"fi_FI","og_type":"article","og_title":"Multietninen Tel Aviv - Americana","og_description":"Juutalaiset ja arabit osaavat el\u00e4\u00e4 rauhallista ja tasapainoista yhteisel\u00e4m\u00e4\u00e4 &#8211; ainakin Tel Avivissa. Tel Aviv on moderni multi-etninen kaupunki. Ensimm\u00e4inen vuorokausi on takana, ja olen n\u00e4hnyt enemm\u00e4n mustaihoisia asukkeja kuin mustahattuisia hasidi-juutalaisia. N\u00e4kyvine homov\u00e4est\u00f6ineen, etnisine k&hellip;","og_url":"https:\/\/suomenkuvalehti.fi\/americana\/multietninen-tel-aviv\/","og_site_name":"Americana","article_published_time":"2011-06-13T16:57:23+00:00","article_modified_time":"2013-11-30T14:22:08+00:00","og_image":[{"width":2560,"height":1706,"url":"https:\/\/suomenkuvalehti.fi\/americana\/wp-content\/uploads\/sites\/10\/2022\/04\/americana_maunula-scaled.jpg","type":"image\/jpeg"}],"author":"Marko Maunula","twitter_card":"summary_large_image","twitter_misc":{"Written by":"Marko Maunula","Est. reading time":"1 minuutti"},"schema":{"@context":"https:\/\/schema.org","@graph":[{"@type":"WebPage","@id":"https:\/\/suomenkuvalehti.fi\/americana\/multietninen-tel-aviv\/","url":"https:\/\/suomenkuvalehti.fi\/americana\/multietninen-tel-aviv\/","name":"Multietninen Tel Aviv - Americana","isPartOf":{"@id":"https:\/\/suomenkuvalehti.fi\/americana\/#website"},"datePublished":"2011-06-13T16:57:23+00:00","dateModified":"2013-11-30T14:22:08+00:00","author":{"@id":"https:\/\/suomenkuvalehti.fi\/americana\/#\/schema\/person\/12d514491cb37506bc39c8e10176c3ec"},"breadcrumb":{"@id":"https:\/\/suomenkuvalehti.fi\/americana\/multietninen-tel-aviv\/#breadcrumb"},"inLanguage":"fi","potentialAction":[{"@type":"ReadAction","target":["https:\/\/suomenkuvalehti.fi\/americana\/multietninen-tel-aviv\/"]}]},{"@type":"BreadcrumbList","@id":"https:\/\/suomenkuvalehti.fi\/americana\/multietninen-tel-aviv\/#breadcrumb","itemListElement":[{"@type":"ListItem","position":1,"name":"Home","item":"https:\/\/suomenkuvalehti.fi\/americana\/"},{"@type":"ListItem","position":2,"name":"Multietninen Tel Aviv"}]},{"@type":"WebSite","@id":"https:\/\/suomenkuvalehti.fi\/americana\/#website","url":"https:\/\/suomenkuvalehti.fi\/americana\/","name":"Americana","description":"Professori Marko Maunula seuraa USA:n politiikkaa ja populaarikulttuuria","potentialAction":[{"@type":"SearchAction","target":{"@type":"EntryPoint","urlTemplate":"https:\/\/suomenkuvalehti.fi\/haku\/?q={search_term_string}"},"query-input":{"@type":"PropertyValueSpecification","valueRequired":true,"valueName":"search_term_string"}}],"inLanguage":"fi"},{"@type":"Person","@id":"https:\/\/suomenkuvalehti.fi\/americana\/#\/schema\/person\/12d514491cb37506bc39c8e10176c3ec","name":"Marko Maunula","image":{"@type":"ImageObject","inLanguage":"fi","@id":"https:\/\/suomenkuvalehti.fi\/americana\/#\/schema\/person\/image\/","url":"https:\/\/suomenkuvalehti.fi\/americana\/wp-content\/uploads\/sites\/10\/2022\/04\/americana_maunula-150x150.jpg","contentUrl":"https:\/\/suomenkuvalehti.fi\/americana\/wp-content\/uploads\/sites\/10\/2022\/04\/americana_maunula-150x150.jpg","caption":"Marko Maunula"},"description":"Kirjoittaja on Yhdysvaltain historian professori Atlantassa."}]}},"_links":{"self":[{"href":"https:\/\/suomenkuvalehti.fi\/americana\/wp-json\/wp\/v2\/posts\/422","targetHints":{"allow":["GET"]}}],"collection":[{"href":"https:\/\/suomenkuvalehti.fi\/americana\/wp-json\/wp\/v2\/posts"}],"about":[{"href":"https:\/\/suomenkuvalehti.fi\/americana\/wp-json\/wp\/v2\/types\/post"}],"author":[{"embeddable":true,"href":"https:\/\/suomenkuvalehti.fi\/americana\/wp-json\/wp\/v2\/users\/158"}],"replies":[{"embeddable":true,"href":"https:\/\/suomenkuvalehti.fi\/americana\/wp-json\/wp\/v2\/comments?post=422"}],"version-history":[{"count":1,"href":"https:\/\/suomenkuvalehti.fi\/americana\/wp-json\/wp\/v2\/posts\/422\/revisions"}],"predecessor-version":[{"id":1039,"href":"https:\/\/suomenkuvalehti.fi\/americana\/wp-json\/wp\/v2\/posts\/422\/revisions\/1039"}],"wp:attachment":[{"href":"https:\/\/suomenkuvalehti.fi\/americana\/wp-json\/wp\/v2\/media?parent=422"}],"wp:term":[{"taxonomy":"category","embeddable":true,"href":"https:\/\/suomenkuvalehti.fi\/americana\/wp-json\/wp\/v2\/categories?post=422"},{"taxonomy":"post_tag","embeddable":true,"href":"https:\/\/suomenkuvalehti.fi\/americana\/wp-json\/wp\/v2\/tags?post=422"}],"curies":[{"name":"wp","href":"https:\/\/api.w.org\/{rel}","templated":true}]}}