{"id":4111,"date":"2018-10-24T17:01:20","date_gmt":"2018-10-24T14:01:20","guid":{"rendered":"https:\/\/suomenkuvalehti.fi\/americana\/?p=4111"},"modified":"2018-10-24T17:01:20","modified_gmt":"2018-10-24T14:01:20","slug":"karavaani-donald-trump-ja-laiton-maahanmuutto-ruokkiiko-kriisi-republikaanien-vaalikampanjaa","status":"publish","type":"post","link":"https:\/\/suomenkuvalehti.fi\/americana\/karavaani-donald-trump-ja-laiton-maahanmuutto-ruokkiiko-kriisi-republikaanien-vaalikampanjaa\/","title":{"rendered":"Karavaani, Donald Trump ja laiton maahanmuutto: ruokkiiko kriisi republikaanien vaalikampanjaa?"},"content":{"rendered":"\n<p><span class=\"capitalized\">\u201dJos<\/span> liberaalit sanovat ett\u00e4 ainoastaan fasistit puolustavat maansa rajoja, kansalaiset \u00e4\u00e4nest\u00e4v\u00e4t fasisteja tekem\u00e4\u00e4n ty\u00f6n, jota liberaalit eiv\u00e4t halua tehd\u00e4.\u201d<\/p>\n\n\n\n<p>Viime vuosien poliittisessa valossa <strong>David Frumin<\/strong> <a href=\"https:\/\/www.theatlantic.com\/ideas\/archive\/2018\/10\/caravan-challenges-integrity-us-borders\/573691\/\">kommentti on valitettavan tosi<\/a>. Surullinen tarina jatkuu edelleen.<\/p>\n\n\n\n<p>Ihmiskaravaani on parhaillaan tuomassa <strong>Donald Trumpille<\/strong> ja republikaaneille isoa vaalilahjaa. Arviolta 7000\u20138000 v\u00e4liamerikkalaista on parhaillaan matkalla kohti Yhdysvaltojen etel\u00e4rajaa.<\/p>\n\n\n\n<p>Karavaanin ajoitus on tarjonnut Trumpille ja republikaaneille erinomaisen vaaliaseen. Siirtolaisvastainen kampanja osaltaan nosti Trumpin Valkoiseen taloon, ja nyt, v\u00e4livaalien alla, Trump on saanut tuoretta vett\u00e4 propagandamyllyyns\u00e4.<\/p>\n\n\n\n<p>&nbsp;<\/p>\n\n\n\n<p><span class=\"capitalized\">Karavaanin<\/span> l\u00e4hestyess\u00e4 Yhdysvaltojen rajaa, todistamme todenn\u00e4k\u00f6isesti kahta rinnakkaista reaktiota.<\/p>\n\n\n\n<p>Demokraattien vasen laita n\u00e4kee, ett\u00e4 kyseess\u00e4 on humanit\u00e4\u00e4rinen kriisin, joka vaatii amerikkalaista ratkaisua. Aktivistien \u00e4\u00e4nek\u00e4s siipi uskoo vilpitt\u00f6m\u00e4sti rajattomaan maailmaan ja haluaa vastaanottaa kaikki maahanpyrkij\u00e4t.<\/p>\n\n\n\n<p>Trumpin tukijat tulkitsevat karavaanin uhaksi Yhdysvaltojen turvallisuudelle. He haluavat pys\u00e4ytt\u00e4\u00e4 sen liki keinolla mill\u00e4 hyv\u00e4ns\u00e4. Heille kyse on kansakuntien oikeudesta turvata rajansa ja valita haluamansa maahanmuuttajat.<\/p>\n\n\n\n<p>\u00c4\u00e4nest\u00e4jien <a href=\"http:\/\/www.rasmussenreports.com\/public_content\/politics\/current_events\/immigration\/october_2018\/voters_say_government_should_stop_hondurans_at_the_border\">niukka enemmist\u00f6<\/a> haluaa pys\u00e4ytt\u00e4\u00e4 karavaanin. Vajaa 40 prosenttia amerikkalaisista haluaa seurata normaalia prosessia ja k\u00e4sitell\u00e4 tulijoiden turvapaikka-hakemukset tapauskohtaisesti.<\/p>\n\n\n\n<p>&nbsp;<\/p>\n\n\n\n<p><span class=\"capitalized\">Frum<\/span> uskoo, ett\u00e4 Euroopan muutaman vuoden takainen pakolaiskriisi oli pitk\u00e4lti vastuussa kansallismielisen oikeiston vaalimenestyksest\u00e4 ja jopa Brexitin voitosta.<\/p>\n\n\n\n<p>Pakolaiskriisin eettinen ratkaisu on er\u00e4s aikakautemme isoja poliittisia ongelmia, mutta liberaalit riskeeraavat poliittisen tulevaisuutensa, jos he eiv\u00e4t ota huomioon realiteetteja.<\/p>\n\n\n\n<p>Noin 58 prosenttia salvadorilaisista haluaisi muuttaa Yhdysvaltoihin, jos se olisi mahdollista. Yhdysvallat ei voi ottaa vastaan potentiaalisesti kymmeni\u00e4 miljoonia Latinalaisen Amerikan tulokkaita ilman vakavia h\u00e4iri\u00f6it\u00e4 taloudelleen ja \u2013 ainakin tilap\u00e4isesti \u2013 turvallisuudelleen.<\/p>\n\n\n\n<p>&nbsp;<\/p>\n\n\n\n<p><span class=\"capitalized\">Demokraattien<\/span> pit\u00e4isi opettaa aktivistisiivelleen poliittisia realiteetteja. Pienet taktiset voitot yksitt\u00e4istapauksissa saattavat helposti johtaa isoihin strategisiin tappioihin, kun amerikkalaisten \u00e4\u00e4nest\u00e4jien enemmist\u00f6 valitsee lain ja j\u00e4rjestyksen emotionaalisten torikokousten ja \u201dtuntemukset ovat t\u00e4rke\u00e4mpi\u00e4 kuin lait\u201d \u2013kiljumisen sijasta.<\/p>\n\n\n\n<p>Nykyisess\u00e4 poliittisessa kulttuurissa demokraattien kannattaisi profiloitua humaanin j\u00e4rjestyksen ja lains\u00e4\u00e4d\u00e4nn\u00f6n puolueena. Puolueen on sanottava ei trumpetistien rasismille, mutta my\u00f6s aktivistien torikokouksille.<\/p>\n\n\n\n<p>Mit\u00e4 siirtolaiskysymykseen tulee, demokraatit voivat poimia miljoonia potentiaalisia \u00e4\u00e4nest\u00e4ji\u00e4 ajamalla maltillista ja humaania siirtolaislains\u00e4\u00e4d\u00e4nt\u00f6\u00e4 ja painottaa mainettaan lakeihin perustuvan yhteiskunnan puolustajina \u2013 kuten er\u00e4s <strong>Barack Obama<\/strong> <a href=\"https:\/\/www.youtube.com\/watch?v=S88i1eWNhPM\">tapasi tehd\u00e4<\/a>.<\/p>\n\n\n\n<p>&nbsp;<\/p>\n\n\n\n<p><em>Soundtrack: Beck, Morning.<\/em><\/p>\n\n\n<p><iframe loading=\"lazy\" width=\"630\" height=\"354\" src=\"https:\/\/www.youtube.com\/embed\/UvKbBkiYN9Y?feature=oembed\" frameborder=\"0\" allow=\"autoplay; encrypted-media\" allowfullscreen><\/iframe><\/p>\n","protected":false},"excerpt":{"rendered":"<p>V\u00e4li-Amerikasta Yhdysvaltoihin matkaavan karavaanin ajoitus on tarjonnut Trumpille ja republikaaneille erinomaisen vaaliaseen. <\/p>\n","protected":false},"author":158,"featured_media":0,"comment_status":"open","ping_status":"open","sticky":false,"template":"","format":"standard","meta":{"_acf_changed":false,"asauth_required_access_level":3,"asauth_cansharepaid":"true","om_header_attributes":[],"footnotes":"","om_featured_image_focal_point":[],"om_primary_tag":0,"om_contributors":[],"om_co_authors":[],"beyondwords_generate_audio":"","beyondwords_project_id":"","beyondwords_content_id":"","beyondwords_preview_token":"","beyondwords_player_content":"","beyondwords_player_style":"","beyondwords_language_code":"","beyondwords_language_id":"","beyondwords_title_voice_id":"","beyondwords_body_voice_id":"","beyondwords_summary_voice_id":"","beyondwords_error_message":"","beyondwords_disabled":"","beyondwords_delete_content":"","beyondwords_podcast_id":"","beyondwords_hash":"","publish_post_to_speechkit":"","speechkit_hash":"","speechkit_generate_audio":"","speechkit_project_id":"","speechkit_podcast_id":"","speechkit_error_message":"","speechkit_disabled":"","speechkit_access_key":"","speechkit_error":"","speechkit_info":"","speechkit_response":"","speechkit_retries":"","speechkit_status":"","speechkit_updated_at":"","_speechkit_link":"","_speechkit_text":""},"categories":[1],"tags":[31,2064,35,146,261,375,24],"class_list":["post-4111","post","type-post","status-publish","format-standard","hentry","category-americana","tag-demokraatit","tag-karavaani","tag-kriisi","tag-maahanmuutto","tag-siirtolaiset","tag-vaalit","tag-yhdysvallat"],"om_views":null,"acf":{"tuuma_off":false,"tuuma_kysymys":"","tuuma_vastaus":""},"asauth":{"required_access_level":1,"share_token":"","is_paid":false},"yoast_head":"<!-- This site is optimized with the Yoast SEO plugin v26.4 - https:\/\/yoast.com\/wordpress\/plugins\/seo\/ -->\n<title>Karavaani, Donald Trump ja laiton maahanmuutto: ruokkiiko kriisi republikaanien vaalikampanjaa? - Americana<\/title>\n<meta name=\"robots\" content=\"noindex, follow\" \/>\n<meta property=\"og:locale\" content=\"fi_FI\" \/>\n<meta property=\"og:type\" content=\"article\" \/>\n<meta property=\"og:title\" content=\"Karavaani, Donald Trump ja laiton maahanmuutto: ruokkiiko kriisi republikaanien vaalikampanjaa? - Americana\" \/>\n<meta property=\"og:description\" content=\"V\u00e4li-Amerikasta Yhdysvaltoihin matkaavan karavaanin ajoitus on tarjonnut Trumpille ja republikaaneille erinomaisen vaaliaseen.\" \/>\n<meta property=\"og:url\" content=\"https:\/\/suomenkuvalehti.fi\/americana\/karavaani-donald-trump-ja-laiton-maahanmuutto-ruokkiiko-kriisi-republikaanien-vaalikampanjaa\/\" \/>\n<meta property=\"og:site_name\" content=\"Americana\" \/>\n<meta property=\"article:published_time\" content=\"2018-10-24T14:01:20+00:00\" \/>\n<meta property=\"og:image\" content=\"https:\/\/suomenkuvalehti.fi\/americana\/wp-content\/uploads\/sites\/10\/2022\/04\/americana_maunula-scaled.jpg\" \/>\n\t<meta property=\"og:image:width\" content=\"2560\" \/>\n\t<meta property=\"og:image:height\" content=\"1706\" \/>\n\t<meta property=\"og:image:type\" content=\"image\/jpeg\" \/>\n<meta name=\"author\" content=\"Marko Maunula\" \/>\n<meta name=\"twitter:card\" content=\"summary_large_image\" \/>\n<meta name=\"twitter:label1\" content=\"Written by\" \/>\n\t<meta name=\"twitter:data1\" content=\"Marko Maunula\" \/>\n\t<meta name=\"twitter:label2\" content=\"Est. reading time\" \/>\n\t<meta name=\"twitter:data2\" content=\"2 minuuttia\" \/>\n<script type=\"application\/ld+json\" class=\"yoast-schema-graph\">{\"@context\":\"https:\/\/schema.org\",\"@graph\":[{\"@type\":\"WebPage\",\"@id\":\"https:\/\/suomenkuvalehti.fi\/americana\/karavaani-donald-trump-ja-laiton-maahanmuutto-ruokkiiko-kriisi-republikaanien-vaalikampanjaa\/\",\"url\":\"https:\/\/suomenkuvalehti.fi\/americana\/karavaani-donald-trump-ja-laiton-maahanmuutto-ruokkiiko-kriisi-republikaanien-vaalikampanjaa\/\",\"name\":\"Karavaani, Donald Trump ja laiton maahanmuutto: ruokkiiko kriisi republikaanien vaalikampanjaa? - Americana\",\"isPartOf\":{\"@id\":\"https:\/\/suomenkuvalehti.fi\/americana\/#website\"},\"datePublished\":\"2018-10-24T14:01:20+00:00\",\"author\":{\"@id\":\"https:\/\/suomenkuvalehti.fi\/americana\/#\/schema\/person\/12d514491cb37506bc39c8e10176c3ec\"},\"breadcrumb\":{\"@id\":\"https:\/\/suomenkuvalehti.fi\/americana\/karavaani-donald-trump-ja-laiton-maahanmuutto-ruokkiiko-kriisi-republikaanien-vaalikampanjaa\/#breadcrumb\"},\"inLanguage\":\"fi\",\"potentialAction\":[{\"@type\":\"ReadAction\",\"target\":[\"https:\/\/suomenkuvalehti.fi\/americana\/karavaani-donald-trump-ja-laiton-maahanmuutto-ruokkiiko-kriisi-republikaanien-vaalikampanjaa\/\"]}]},{\"@type\":\"BreadcrumbList\",\"@id\":\"https:\/\/suomenkuvalehti.fi\/americana\/karavaani-donald-trump-ja-laiton-maahanmuutto-ruokkiiko-kriisi-republikaanien-vaalikampanjaa\/#breadcrumb\",\"itemListElement\":[{\"@type\":\"ListItem\",\"position\":1,\"name\":\"Home\",\"item\":\"https:\/\/suomenkuvalehti.fi\/americana\/\"},{\"@type\":\"ListItem\",\"position\":2,\"name\":\"Karavaani, Donald Trump ja laiton maahanmuutto: ruokkiiko kriisi republikaanien vaalikampanjaa?\"}]},{\"@type\":\"WebSite\",\"@id\":\"https:\/\/suomenkuvalehti.fi\/americana\/#website\",\"url\":\"https:\/\/suomenkuvalehti.fi\/americana\/\",\"name\":\"Americana\",\"description\":\"Professori Marko Maunula seuraa USA:n politiikkaa ja populaarikulttuuria\",\"potentialAction\":[{\"@type\":\"SearchAction\",\"target\":{\"@type\":\"EntryPoint\",\"urlTemplate\":\"https:\/\/suomenkuvalehti.fi\/haku\/?q={search_term_string}\"},\"query-input\":{\"@type\":\"PropertyValueSpecification\",\"valueRequired\":true,\"valueName\":\"search_term_string\"}}],\"inLanguage\":\"fi\"},{\"@type\":\"Person\",\"@id\":\"https:\/\/suomenkuvalehti.fi\/americana\/#\/schema\/person\/12d514491cb37506bc39c8e10176c3ec\",\"name\":\"Marko Maunula\",\"image\":{\"@type\":\"ImageObject\",\"inLanguage\":\"fi\",\"@id\":\"https:\/\/suomenkuvalehti.fi\/americana\/#\/schema\/person\/image\/\",\"url\":\"https:\/\/suomenkuvalehti.fi\/americana\/wp-content\/uploads\/sites\/10\/2022\/04\/americana_maunula-150x150.jpg\",\"contentUrl\":\"https:\/\/suomenkuvalehti.fi\/americana\/wp-content\/uploads\/sites\/10\/2022\/04\/americana_maunula-150x150.jpg\",\"caption\":\"Marko Maunula\"},\"description\":\"Kirjoittaja on Yhdysvaltain historian professori Atlantassa.\"}]}<\/script>\n<!-- \/ Yoast SEO plugin. -->","yoast_head_json":{"title":"Karavaani, Donald Trump ja laiton maahanmuutto: ruokkiiko kriisi republikaanien vaalikampanjaa? - Americana","robots":{"index":"noindex","follow":"follow"},"og_locale":"fi_FI","og_type":"article","og_title":"Karavaani, Donald Trump ja laiton maahanmuutto: ruokkiiko kriisi republikaanien vaalikampanjaa? - Americana","og_description":"V\u00e4li-Amerikasta Yhdysvaltoihin matkaavan karavaanin ajoitus on tarjonnut Trumpille ja republikaaneille erinomaisen vaaliaseen.","og_url":"https:\/\/suomenkuvalehti.fi\/americana\/karavaani-donald-trump-ja-laiton-maahanmuutto-ruokkiiko-kriisi-republikaanien-vaalikampanjaa\/","og_site_name":"Americana","article_published_time":"2018-10-24T14:01:20+00:00","og_image":[{"width":2560,"height":1706,"url":"https:\/\/suomenkuvalehti.fi\/americana\/wp-content\/uploads\/sites\/10\/2022\/04\/americana_maunula-scaled.jpg","type":"image\/jpeg"}],"author":"Marko Maunula","twitter_card":"summary_large_image","twitter_misc":{"Written by":"Marko Maunula","Est. reading time":"2 minuuttia"},"schema":{"@context":"https:\/\/schema.org","@graph":[{"@type":"WebPage","@id":"https:\/\/suomenkuvalehti.fi\/americana\/karavaani-donald-trump-ja-laiton-maahanmuutto-ruokkiiko-kriisi-republikaanien-vaalikampanjaa\/","url":"https:\/\/suomenkuvalehti.fi\/americana\/karavaani-donald-trump-ja-laiton-maahanmuutto-ruokkiiko-kriisi-republikaanien-vaalikampanjaa\/","name":"Karavaani, Donald Trump ja laiton maahanmuutto: ruokkiiko kriisi republikaanien vaalikampanjaa? - Americana","isPartOf":{"@id":"https:\/\/suomenkuvalehti.fi\/americana\/#website"},"datePublished":"2018-10-24T14:01:20+00:00","author":{"@id":"https:\/\/suomenkuvalehti.fi\/americana\/#\/schema\/person\/12d514491cb37506bc39c8e10176c3ec"},"breadcrumb":{"@id":"https:\/\/suomenkuvalehti.fi\/americana\/karavaani-donald-trump-ja-laiton-maahanmuutto-ruokkiiko-kriisi-republikaanien-vaalikampanjaa\/#breadcrumb"},"inLanguage":"fi","potentialAction":[{"@type":"ReadAction","target":["https:\/\/suomenkuvalehti.fi\/americana\/karavaani-donald-trump-ja-laiton-maahanmuutto-ruokkiiko-kriisi-republikaanien-vaalikampanjaa\/"]}]},{"@type":"BreadcrumbList","@id":"https:\/\/suomenkuvalehti.fi\/americana\/karavaani-donald-trump-ja-laiton-maahanmuutto-ruokkiiko-kriisi-republikaanien-vaalikampanjaa\/#breadcrumb","itemListElement":[{"@type":"ListItem","position":1,"name":"Home","item":"https:\/\/suomenkuvalehti.fi\/americana\/"},{"@type":"ListItem","position":2,"name":"Karavaani, Donald Trump ja laiton maahanmuutto: ruokkiiko kriisi republikaanien vaalikampanjaa?"}]},{"@type":"WebSite","@id":"https:\/\/suomenkuvalehti.fi\/americana\/#website","url":"https:\/\/suomenkuvalehti.fi\/americana\/","name":"Americana","description":"Professori Marko Maunula seuraa USA:n politiikkaa ja populaarikulttuuria","potentialAction":[{"@type":"SearchAction","target":{"@type":"EntryPoint","urlTemplate":"https:\/\/suomenkuvalehti.fi\/haku\/?q={search_term_string}"},"query-input":{"@type":"PropertyValueSpecification","valueRequired":true,"valueName":"search_term_string"}}],"inLanguage":"fi"},{"@type":"Person","@id":"https:\/\/suomenkuvalehti.fi\/americana\/#\/schema\/person\/12d514491cb37506bc39c8e10176c3ec","name":"Marko Maunula","image":{"@type":"ImageObject","inLanguage":"fi","@id":"https:\/\/suomenkuvalehti.fi\/americana\/#\/schema\/person\/image\/","url":"https:\/\/suomenkuvalehti.fi\/americana\/wp-content\/uploads\/sites\/10\/2022\/04\/americana_maunula-150x150.jpg","contentUrl":"https:\/\/suomenkuvalehti.fi\/americana\/wp-content\/uploads\/sites\/10\/2022\/04\/americana_maunula-150x150.jpg","caption":"Marko Maunula"},"description":"Kirjoittaja on Yhdysvaltain historian professori Atlantassa."}]}},"_links":{"self":[{"href":"https:\/\/suomenkuvalehti.fi\/americana\/wp-json\/wp\/v2\/posts\/4111","targetHints":{"allow":["GET"]}}],"collection":[{"href":"https:\/\/suomenkuvalehti.fi\/americana\/wp-json\/wp\/v2\/posts"}],"about":[{"href":"https:\/\/suomenkuvalehti.fi\/americana\/wp-json\/wp\/v2\/types\/post"}],"author":[{"embeddable":true,"href":"https:\/\/suomenkuvalehti.fi\/americana\/wp-json\/wp\/v2\/users\/158"}],"replies":[{"embeddable":true,"href":"https:\/\/suomenkuvalehti.fi\/americana\/wp-json\/wp\/v2\/comments?post=4111"}],"version-history":[{"count":4,"href":"https:\/\/suomenkuvalehti.fi\/americana\/wp-json\/wp\/v2\/posts\/4111\/revisions"}],"predecessor-version":[{"id":4116,"href":"https:\/\/suomenkuvalehti.fi\/americana\/wp-json\/wp\/v2\/posts\/4111\/revisions\/4116"}],"wp:attachment":[{"href":"https:\/\/suomenkuvalehti.fi\/americana\/wp-json\/wp\/v2\/media?parent=4111"}],"wp:term":[{"taxonomy":"category","embeddable":true,"href":"https:\/\/suomenkuvalehti.fi\/americana\/wp-json\/wp\/v2\/categories?post=4111"},{"taxonomy":"post_tag","embeddable":true,"href":"https:\/\/suomenkuvalehti.fi\/americana\/wp-json\/wp\/v2\/tags?post=4111"}],"curies":[{"name":"wp","href":"https:\/\/api.w.org\/{rel}","templated":true}]}}