{"id":409,"date":"2011-07-22T07:46:50","date_gmt":"2011-07-22T04:46:50","guid":{"rendered":"https:\/\/suomenkuvalehti.fi\/americana\/sotaoikeuden-puolustuspuhe\/"},"modified":"2013-11-30T16:22:08","modified_gmt":"2013-11-30T14:22:08","slug":"sotaoikeuden-puolustuspuhe","status":"publish","type":"post","link":"https:\/\/suomenkuvalehti.fi\/americana\/sotaoikeuden-puolustuspuhe\/","title":{"rendered":"Sotaoikeuden puolustuspuhe"},"content":{"rendered":"\n<p>Verrattuna esimerkiksi Suomeen, Yhdysvaltain sis\u00e4llissodan j\u00e4lkipyykki pestiin nopeasti ja melko verett\u00f6m\u00e4sti: ainoastaan yksi henkil\u00f6 teloitettiin sotarikoksista. T\u00e4m\u00e4 on huono asia.<\/p>\n\n\n\n<p>Presidentti <strong>Abraham Lincolnin <\/strong><a href=\"http:\/\/www.bartleby.com\/124\/pres32.html\">toinen virkaanastujaispuhe vuodelta 1865<\/a> on er\u00e4s hienompia tiet\u00e4mi\u00e4ni puheita. Kun Lincolnin sanat kaikuivat Washingtonin kiviseinist\u00e4, sis\u00e4llissota oli loppusuoralla. Etel\u00e4 oli ly\u00f6ty, ja sen lopullinen tappio oli vain viikkojen kysymys.<\/p>\n\n\n\n<p>Rauha ja kansakunnan yhten\u00e4isyyden j\u00e4lleenrakennus olivat p\u00e4\u00e4llimm\u00e4isin\u00e4 Lincolnin mieless\u00e4. H\u00e4n ei halunnut rankaista Etel\u00e4\u00e4, vaan laittaa laastaria sen haavoihin. Puheen huipentumassa Lincoln saarnasi anteeksiannon viesti\u00e4:<\/p>\n\n\n\n<p><em>&#8221;With malice toward none, with charity for all, with firmness in the right as God gives us to see the right, let us strive on to finish the work we are in, to bind up the nation&#8217;s wounds, to care for him who shall have borne the battle and for his widow and his orphan, to do all which may achieve and cherish a just and lasting peace among ourselves and with all nations.&#8221;<\/em><\/p>\n\n\n\n<p>Kaikella kunnoituksella, herra presidentti, mutta Etel\u00e4n rankaiseminen ei olisi ollut pahantahtoisuutta (<em>malice<\/em>) vaan oikeudenmukaisuutta (<em>justice<\/em>).<\/p>\n\n\n\n<p>Konfederaatin presidentti <strong>Jefferson Davis<\/strong>, varapresidentti <strong>Alexander Stephens<\/strong>, sek\u00e4 muut hallituksen johtajat olivat syyllisi\u00e4 valtionpetokseen. He aloittivat sis\u00e4llissodan, joka tuhosi valtavat alueet Etel\u00e4st\u00e4, tappoi satoja tuhansia amerikkalaisia, sek\u00e4 jatkoi afroamerikkalaisten orjuuttamista. He olivat suorassa vastuussa Yhdysvaltain historian pahimmasta katastrofista.<\/p>\n\n\n\n<p>Jotkut Etel\u00e4n sotilasjohtajat, kuten <strong>Nathan Bedford Forrest<\/strong>, olisivat ansainneet ankarimman mahdollisen rangaistuksen sotarikoksista. Forrestin joukot teurastivat satoja afroamerikkalaisia sotavankeja <a href=\"http:\/\/en.wikipedia.org\/wiki\/Battle_of_Fort_Pillow\">Fort Pillowin taistelun j\u00e4lkimainingeissa kev\u00e4\u00e4ll\u00e4 1864<\/a>. Forrest olisi ansainnut hirsipuun, mutta rankaisematta j\u00e4\u00e4nyt mies palasi kotiinsa, jossa h\u00e4n perusti Ku Klux Klanin, Etel\u00e4n rasistien terroristi-organisaation, joka vuosikymmeni\u00e4 jatkoi taistelua lakia ja j\u00e4rjestyst\u00e4 vastaan.<\/p>\n\n\n\n<p>Ymm\u00e4rr\u00e4n Lincolnia ja uskon yleens\u00e4 anteeksiantoon, mutta Etel\u00e4n johtajien synnit olivat liian suuria halattavaksi pois. Lis\u00e4ksi, Etel\u00e4n johtajat k\u00e4yttiv\u00e4t Pohjoisen jalomielisyytt\u00e4 surutta hyv\u00e4kseen. Vanhat Konfederaatin suosijat palasivat nopeasti takaisin valtaan, tuoden takaisin Etel\u00e4n j\u00e4lkifeudalistisen talousj\u00e4rjestelm\u00e4n sek\u00e4 rasismiin pohjautuvan sosiaalisen ja lailliseen koodiston.<\/p>\n\n\n\n<p>Kun Pohjoinen antoi valkoiselle Etel\u00e4lle armon k\u00e4yd\u00e4 oikeudesta, Etel\u00e4n afroamerikkalaiset maksoivat kovan laskun. J\u00e4lleenrakennuksen murentuessa Etel\u00e4 palasi takaisin rasismiin sek\u00e4 valkoiseen valtaan. Vasta ns. toinen j\u00e4lleenrakennus, eli Toisen maailmansodan j\u00e4lkeinen kansalaisoikeusliike, kykeni korjaamaan Sis\u00e4llissodan j\u00e4lkeiset virheet.<\/p>\n\n\n\n<p>Suomalaisten punikkien summam\u00e4\u00e4r\u00e4inen lahtaaminen, kuten my\u00f6s punainen terrori, olivat tietenkin v\u00e4\u00e4rin. Silti, anteeksiannon toinenkin \u00e4\u00e4rip\u00e4\u00e4 voi olla huono ratkaisu. Ylenpalttinen rikosten ylenkatsominen ei palvellut Yhdysvaltoja. Mit\u00e4 jos -arvailu on aina vaikeaa, mutta uskon vahvasti, ett\u00e4 Etel\u00e4n oma N\u00fcrnbergin oikeudenk\u00e4ynti olisi nopeuttanut tasa-arvoisen ja rauhantahtoisen Etel\u00e4n synty\u00e4. En usko kuolemanrangaistukseen kuin \u00e4\u00e4rimm\u00e4isiss\u00e4 tapauksissa, mutta t\u00e4m\u00e4 on yksi niist\u00e4.<\/p>\n\n\n\n<p><em>Soundtrack: The Band, The Night They Drove Old Dixie Down.<\/em><\/p>\n\n\n","protected":false},"excerpt":{"rendered":"<p>Verrattuna esimerkiksi Suomeen, Yhdysvaltain sis\u00e4llissodan j\u00e4lkipyykki pestiin nopeasti ja melko verett\u00f6m\u00e4sti: ainoastaan yksi henkil\u00f6 teloitettiin sotarikoksista. T\u00e4m\u00e4 on huono asia. Presidentti Abraham Lincolnin toinen virkaanastujaispuhe vuodelta 1865 on er\u00e4s hienompia tiet\u00e4mi\u00e4ni puheita.<br \/>\nKun Linco&hellip;<\/p>\n","protected":false},"author":158,"featured_media":0,"comment_status":"open","ping_status":"open","sticky":false,"template":"","format":"standard","meta":{"_acf_changed":false,"asauth_required_access_level":0,"asauth_cansharepaid":"","om_header_attributes":[],"footnotes":"","om_featured_image_focal_point":[],"om_primary_tag":0,"om_contributors":[],"om_co_authors":[],"beyondwords_generate_audio":"","beyondwords_project_id":"","beyondwords_content_id":"","beyondwords_preview_token":"","beyondwords_player_content":"","beyondwords_player_style":"","beyondwords_language_code":"","beyondwords_language_id":"","beyondwords_title_voice_id":"","beyondwords_body_voice_id":"","beyondwords_summary_voice_id":"","beyondwords_error_message":"","beyondwords_disabled":"","beyondwords_delete_content":"","beyondwords_podcast_id":"","beyondwords_hash":"","publish_post_to_speechkit":"","speechkit_hash":"","speechkit_generate_audio":"","speechkit_project_id":"","speechkit_podcast_id":"","speechkit_error_message":"","speechkit_disabled":"","speechkit_access_key":"","speechkit_error":"","speechkit_info":"","speechkit_response":"","speechkit_retries":"","speechkit_status":"","speechkit_updated_at":"","_speechkit_link":"","_speechkit_text":""},"categories":[1],"tags":[354,800,797,799,801,84,798,24],"class_list":["post-409","post","type-post","status-publish","format-standard","hentry","category-americana","tag-abraham-lincoln","tag-alexander-stevens","tag-fort-pillow","tag-jefferson-davis","tag-nathan-bedford-forrest","tag-sisallissota","tag-sotaoikeus","tag-yhdysvallat"],"om_views":null,"acf":{"tuuma_off":false,"tuuma_kysymys":"","tuuma_vastaus":""},"asauth":{"required_access_level":1,"share_token":"","is_paid":false},"yoast_head":"<!-- This site is optimized with the Yoast SEO plugin v26.4 - https:\/\/yoast.com\/wordpress\/plugins\/seo\/ -->\n<title>Sotaoikeuden puolustuspuhe - Americana<\/title>\n<meta name=\"robots\" content=\"noindex, follow\" \/>\n<meta property=\"og:locale\" content=\"fi_FI\" \/>\n<meta property=\"og:type\" content=\"article\" \/>\n<meta property=\"og:title\" content=\"Sotaoikeuden puolustuspuhe - Americana\" \/>\n<meta property=\"og:description\" content=\"Verrattuna esimerkiksi Suomeen, Yhdysvaltain sis\u00e4llissodan j\u00e4lkipyykki pestiin nopeasti ja melko verett\u00f6m\u00e4sti: ainoastaan yksi henkil\u00f6 teloitettiin sotarikoksista. T\u00e4m\u00e4 on huono asia. Presidentti Abraham Lincolnin toinen virkaanastujaispuhe vuodelta 1865 on er\u00e4s hienompia tiet\u00e4mi\u00e4ni puheita. Kun Linco&hellip;\" \/>\n<meta property=\"og:url\" content=\"https:\/\/suomenkuvalehti.fi\/americana\/sotaoikeuden-puolustuspuhe\/\" \/>\n<meta property=\"og:site_name\" content=\"Americana\" \/>\n<meta property=\"article:published_time\" content=\"2011-07-22T04:46:50+00:00\" \/>\n<meta property=\"article:modified_time\" content=\"2013-11-30T14:22:08+00:00\" \/>\n<meta property=\"og:image\" content=\"https:\/\/suomenkuvalehti.fi\/americana\/wp-content\/uploads\/sites\/10\/2022\/04\/americana_maunula-scaled.jpg\" \/>\n\t<meta property=\"og:image:width\" content=\"2560\" \/>\n\t<meta property=\"og:image:height\" content=\"1706\" \/>\n\t<meta property=\"og:image:type\" content=\"image\/jpeg\" \/>\n<meta name=\"author\" content=\"Marko Maunula\" \/>\n<meta name=\"twitter:card\" content=\"summary_large_image\" \/>\n<meta name=\"twitter:label1\" content=\"Written by\" \/>\n\t<meta name=\"twitter:data1\" content=\"Marko Maunula\" \/>\n\t<meta name=\"twitter:label2\" content=\"Est. reading time\" \/>\n\t<meta name=\"twitter:data2\" content=\"2 minuuttia\" \/>\n<script type=\"application\/ld+json\" class=\"yoast-schema-graph\">{\"@context\":\"https:\/\/schema.org\",\"@graph\":[{\"@type\":\"WebPage\",\"@id\":\"https:\/\/suomenkuvalehti.fi\/americana\/sotaoikeuden-puolustuspuhe\/\",\"url\":\"https:\/\/suomenkuvalehti.fi\/americana\/sotaoikeuden-puolustuspuhe\/\",\"name\":\"Sotaoikeuden puolustuspuhe - Americana\",\"isPartOf\":{\"@id\":\"https:\/\/suomenkuvalehti.fi\/americana\/#website\"},\"datePublished\":\"2011-07-22T04:46:50+00:00\",\"dateModified\":\"2013-11-30T14:22:08+00:00\",\"author\":{\"@id\":\"https:\/\/suomenkuvalehti.fi\/americana\/#\/schema\/person\/12d514491cb37506bc39c8e10176c3ec\"},\"breadcrumb\":{\"@id\":\"https:\/\/suomenkuvalehti.fi\/americana\/sotaoikeuden-puolustuspuhe\/#breadcrumb\"},\"inLanguage\":\"fi\",\"potentialAction\":[{\"@type\":\"ReadAction\",\"target\":[\"https:\/\/suomenkuvalehti.fi\/americana\/sotaoikeuden-puolustuspuhe\/\"]}]},{\"@type\":\"BreadcrumbList\",\"@id\":\"https:\/\/suomenkuvalehti.fi\/americana\/sotaoikeuden-puolustuspuhe\/#breadcrumb\",\"itemListElement\":[{\"@type\":\"ListItem\",\"position\":1,\"name\":\"Home\",\"item\":\"https:\/\/suomenkuvalehti.fi\/americana\/\"},{\"@type\":\"ListItem\",\"position\":2,\"name\":\"Sotaoikeuden puolustuspuhe\"}]},{\"@type\":\"WebSite\",\"@id\":\"https:\/\/suomenkuvalehti.fi\/americana\/#website\",\"url\":\"https:\/\/suomenkuvalehti.fi\/americana\/\",\"name\":\"Americana\",\"description\":\"Professori Marko Maunula seuraa USA:n politiikkaa ja populaarikulttuuria\",\"potentialAction\":[{\"@type\":\"SearchAction\",\"target\":{\"@type\":\"EntryPoint\",\"urlTemplate\":\"https:\/\/suomenkuvalehti.fi\/haku\/?q={search_term_string}\"},\"query-input\":{\"@type\":\"PropertyValueSpecification\",\"valueRequired\":true,\"valueName\":\"search_term_string\"}}],\"inLanguage\":\"fi\"},{\"@type\":\"Person\",\"@id\":\"https:\/\/suomenkuvalehti.fi\/americana\/#\/schema\/person\/12d514491cb37506bc39c8e10176c3ec\",\"name\":\"Marko Maunula\",\"image\":{\"@type\":\"ImageObject\",\"inLanguage\":\"fi\",\"@id\":\"https:\/\/suomenkuvalehti.fi\/americana\/#\/schema\/person\/image\/\",\"url\":\"https:\/\/suomenkuvalehti.fi\/americana\/wp-content\/uploads\/sites\/10\/2022\/04\/americana_maunula-150x150.jpg\",\"contentUrl\":\"https:\/\/suomenkuvalehti.fi\/americana\/wp-content\/uploads\/sites\/10\/2022\/04\/americana_maunula-150x150.jpg\",\"caption\":\"Marko Maunula\"},\"description\":\"Kirjoittaja on Yhdysvaltain historian professori Atlantassa.\"}]}<\/script>\n<!-- \/ Yoast SEO plugin. -->","yoast_head_json":{"title":"Sotaoikeuden puolustuspuhe - Americana","robots":{"index":"noindex","follow":"follow"},"og_locale":"fi_FI","og_type":"article","og_title":"Sotaoikeuden puolustuspuhe - Americana","og_description":"Verrattuna esimerkiksi Suomeen, Yhdysvaltain sis\u00e4llissodan j\u00e4lkipyykki pestiin nopeasti ja melko verett\u00f6m\u00e4sti: ainoastaan yksi henkil\u00f6 teloitettiin sotarikoksista. T\u00e4m\u00e4 on huono asia. Presidentti Abraham Lincolnin toinen virkaanastujaispuhe vuodelta 1865 on er\u00e4s hienompia tiet\u00e4mi\u00e4ni puheita. Kun Linco&hellip;","og_url":"https:\/\/suomenkuvalehti.fi\/americana\/sotaoikeuden-puolustuspuhe\/","og_site_name":"Americana","article_published_time":"2011-07-22T04:46:50+00:00","article_modified_time":"2013-11-30T14:22:08+00:00","og_image":[{"width":2560,"height":1706,"url":"https:\/\/suomenkuvalehti.fi\/americana\/wp-content\/uploads\/sites\/10\/2022\/04\/americana_maunula-scaled.jpg","type":"image\/jpeg"}],"author":"Marko Maunula","twitter_card":"summary_large_image","twitter_misc":{"Written by":"Marko Maunula","Est. reading time":"2 minuuttia"},"schema":{"@context":"https:\/\/schema.org","@graph":[{"@type":"WebPage","@id":"https:\/\/suomenkuvalehti.fi\/americana\/sotaoikeuden-puolustuspuhe\/","url":"https:\/\/suomenkuvalehti.fi\/americana\/sotaoikeuden-puolustuspuhe\/","name":"Sotaoikeuden puolustuspuhe - Americana","isPartOf":{"@id":"https:\/\/suomenkuvalehti.fi\/americana\/#website"},"datePublished":"2011-07-22T04:46:50+00:00","dateModified":"2013-11-30T14:22:08+00:00","author":{"@id":"https:\/\/suomenkuvalehti.fi\/americana\/#\/schema\/person\/12d514491cb37506bc39c8e10176c3ec"},"breadcrumb":{"@id":"https:\/\/suomenkuvalehti.fi\/americana\/sotaoikeuden-puolustuspuhe\/#breadcrumb"},"inLanguage":"fi","potentialAction":[{"@type":"ReadAction","target":["https:\/\/suomenkuvalehti.fi\/americana\/sotaoikeuden-puolustuspuhe\/"]}]},{"@type":"BreadcrumbList","@id":"https:\/\/suomenkuvalehti.fi\/americana\/sotaoikeuden-puolustuspuhe\/#breadcrumb","itemListElement":[{"@type":"ListItem","position":1,"name":"Home","item":"https:\/\/suomenkuvalehti.fi\/americana\/"},{"@type":"ListItem","position":2,"name":"Sotaoikeuden puolustuspuhe"}]},{"@type":"WebSite","@id":"https:\/\/suomenkuvalehti.fi\/americana\/#website","url":"https:\/\/suomenkuvalehti.fi\/americana\/","name":"Americana","description":"Professori Marko Maunula seuraa USA:n politiikkaa ja populaarikulttuuria","potentialAction":[{"@type":"SearchAction","target":{"@type":"EntryPoint","urlTemplate":"https:\/\/suomenkuvalehti.fi\/haku\/?q={search_term_string}"},"query-input":{"@type":"PropertyValueSpecification","valueRequired":true,"valueName":"search_term_string"}}],"inLanguage":"fi"},{"@type":"Person","@id":"https:\/\/suomenkuvalehti.fi\/americana\/#\/schema\/person\/12d514491cb37506bc39c8e10176c3ec","name":"Marko Maunula","image":{"@type":"ImageObject","inLanguage":"fi","@id":"https:\/\/suomenkuvalehti.fi\/americana\/#\/schema\/person\/image\/","url":"https:\/\/suomenkuvalehti.fi\/americana\/wp-content\/uploads\/sites\/10\/2022\/04\/americana_maunula-150x150.jpg","contentUrl":"https:\/\/suomenkuvalehti.fi\/americana\/wp-content\/uploads\/sites\/10\/2022\/04\/americana_maunula-150x150.jpg","caption":"Marko Maunula"},"description":"Kirjoittaja on Yhdysvaltain historian professori Atlantassa."}]}},"_links":{"self":[{"href":"https:\/\/suomenkuvalehti.fi\/americana\/wp-json\/wp\/v2\/posts\/409","targetHints":{"allow":["GET"]}}],"collection":[{"href":"https:\/\/suomenkuvalehti.fi\/americana\/wp-json\/wp\/v2\/posts"}],"about":[{"href":"https:\/\/suomenkuvalehti.fi\/americana\/wp-json\/wp\/v2\/types\/post"}],"author":[{"embeddable":true,"href":"https:\/\/suomenkuvalehti.fi\/americana\/wp-json\/wp\/v2\/users\/158"}],"replies":[{"embeddable":true,"href":"https:\/\/suomenkuvalehti.fi\/americana\/wp-json\/wp\/v2\/comments?post=409"}],"version-history":[{"count":1,"href":"https:\/\/suomenkuvalehti.fi\/americana\/wp-json\/wp\/v2\/posts\/409\/revisions"}],"predecessor-version":[{"id":1026,"href":"https:\/\/suomenkuvalehti.fi\/americana\/wp-json\/wp\/v2\/posts\/409\/revisions\/1026"}],"wp:attachment":[{"href":"https:\/\/suomenkuvalehti.fi\/americana\/wp-json\/wp\/v2\/media?parent=409"}],"wp:term":[{"taxonomy":"category","embeddable":true,"href":"https:\/\/suomenkuvalehti.fi\/americana\/wp-json\/wp\/v2\/categories?post=409"},{"taxonomy":"post_tag","embeddable":true,"href":"https:\/\/suomenkuvalehti.fi\/americana\/wp-json\/wp\/v2\/tags?post=409"}],"curies":[{"name":"wp","href":"https:\/\/api.w.org\/{rel}","templated":true}]}}