{"id":4031,"date":"2018-09-07T12:17:51","date_gmt":"2018-09-07T09:17:51","guid":{"rendered":"https:\/\/suomenkuvalehti.fi\/americana\/?p=4031"},"modified":"2018-09-07T12:17:51","modified_gmt":"2018-09-07T09:17:51","slug":"nimeton-mielipidekirjoitus-heratti-vakavan-epailyn-onko-valkoisessa-talossa-kaynnissa-palatsivallankaappaus","status":"publish","type":"post","link":"https:\/\/suomenkuvalehti.fi\/americana\/nimeton-mielipidekirjoitus-heratti-vakavan-epailyn-onko-valkoisessa-talossa-kaynnissa-palatsivallankaappaus\/","title":{"rendered":"Nimet\u00f6n mielipidekirjoitus her\u00e4tti vakavan ep\u00e4ilyn \u2013 Onko Valkoisessa talossa k\u00e4ynniss\u00e4 palatsivallankaappaus?"},"content":{"rendered":"\n<p><span class=\"capitalized\">T\u00e4ss\u00e4<\/span> vaiheessa oletan kaikkien jo lukeneen <em>New York Timesin<\/em> <a href=\"https:\/\/www.nytimes.com\/2018\/09\/05\/opinion\/trump-white-house-anonymous-resistance.html?auth=login-email&amp;login=email&amp;auth=login-email\">mielipidekirjoituksen<\/a> (tai lukeneen aiheesta), jossa nimet\u00f6n henkil\u00f6 <strong>Donald Trumpin<\/strong> hallinnosta kutsuu istuvaa presidentti\u00e4 moraalittomaksi ja impulsiiviseksi operaattoriksi, joka ei osaa johtaa.<\/p>\n\n\n\n<p>Kirjoitus on h\u00e4tk\u00e4hdytt\u00e4v\u00e4.<\/p>\n\n\n\n<p>Lausunnot Trumpin persoonasta, ammattitaidon ja \u00e4lykkyyden puutteesta, huonosta tietopohjasta, impulsiivisuudesta ja diktaattorien fanituksesta eiv\u00e4t ole uutta. Olemme jo aiemmin kuulleet monen korkeatasoisen hallinnon j\u00e4senen <a href=\"https:\/\/twitter.com\/RyanLizza\/status\/1037366437118181377\">kutsuvan presidentti\u00e4 idiootiksi<\/a>&nbsp;monin eri sanoin.<\/p>\n\n\n\n<p>Rajuin paljastus on, ett\u00e4 kirjoituksen mukaan Yhdysvallat on keskell\u00e4 perustuslaillista kriisi\u00e4.<\/p>\n\n\n\n<p>Trumpin avustajat viev\u00e4t m\u00e4\u00e4r\u00e4yksi\u00e4 ja aloitteita h\u00e4nen ty\u00f6p\u00f6yd\u00e4lt\u00e4\u00e4n, sill\u00e4 he eiv\u00e4t halua presidentin allekirjoittavan papereita jotka heid\u00e4n arvioidensa mukaan vaarantavat Yhdysvaltojen edun, kirjoittaja sanoo.<\/p>\n\n\n\n<p>T\u00e4m\u00e4 on vavahduttava v\u00e4ite kahdesta syyst\u00e4.<\/p>\n\n\n\n<p>Ensinn\u00e4kin lausunto vihjaa&nbsp;presdidentin olevan niin heikossa vedossa, ettei h\u00e4n havaitse t\u00e4rkeiden papereiden katoamista ty\u00f6p\u00f6yd\u00e4lt\u00e4\u00e4n tai agendaltaan. T\u00e4m\u00e4 viittaa vakaviin kognitiivisiin ongelmiin.<\/p>\n\n\n\n<p>Toisekseen, jos v\u00e4ite on totta, Yhdysvalloissa on tapahtunut palatsivallankaappaus. Ministerit ja muut hallinnon virkamiehet ovat ottaneet \u2013 ainakin ajoittain \u2013 lopullisen p\u00e4\u00e4t\u00e4nt\u00e4vallan Yhdysvaltojen politiikkaan.<\/p>\n\n\n\n<p>T\u00e4m\u00e4 on ei enemp\u00e4\u00e4 eik\u00e4 v\u00e4hemp\u00e4\u00e4 kuin perustuslaillinen kriisi. Mielipidekirjoittajan mukaan monet Valkoisen talon ty\u00f6ntekij\u00e4t ymm\u00e4rt\u00e4v\u00e4t t\u00e4m\u00e4n. He ovat jo pohtineet perustuslaillisia keinoja poistaa presidentti virastaan.<\/p>\n\n\n\n<p>&nbsp;<\/p>\n\n\n\n<p><span class=\"capitalized\">Miksi<\/span> kirjoittaja l\u00e4hetti tekstins\u00e4 Timesille? Mit\u00e4 hy\u00f6ty\u00e4 t\u00e4st\u00e4 on kenellek\u00e4\u00e4n?<\/p>\n\n\n\n<p>Onko kyseess\u00e4 t\u00e4ysp\u00e4isen republikaanin yritys vakuutella ajattelevat amerikkalaiset, ett\u00e4 h\u00e4nen puolueensa ei ole t\u00e4ysin seonnut Trumpin aikakaudella? Haluaako h\u00e4n pelastaa republikaanisen puolueen maineen ja varautua Trumpin j\u00e4lkeiseen aikakauteen, suojella puoluetta \u00e4\u00e4nest\u00e4jien ja historian tuomiolta?<\/p>\n\n\n\n<p>Pyrkiik\u00f6 kirjoittaja katalysoimaan liikkeen presidentin syrj\u00e4ytt\u00e4miseksi sis\u00e4lt\u00e4 k\u00e4sin? Haluaako h\u00e4n pakottaa Trumpin kriitikot paljastamaan korttinsa ja ty\u00f6skentelem\u00e4\u00e4n kongressin sek\u00e4 puolueen johtajien kanssa vallansiirron takaamiseksi?<\/p>\n\n\n\n<p>Oli syy mik\u00e4 hyv\u00e4ns\u00e4, en n\u00e4e kirjoituksen julkistamisessa juurikaan mielt\u00e4.<\/p>\n\n\n\n<p>Trump vastaa kirjoitukseen puhtaalla raivolla ja tuplaamalla panokset. H\u00e4nest\u00e4 tulee, kaikella todenn\u00e4k\u00f6isyydell\u00e4, entist\u00e4kin itsep\u00e4isempi. Jatkossa h\u00e4n puskee turvallisuuspolitiikan peruskive\u00e4 murentavaa, diktaattoreja miellytt\u00e4v\u00e4\u00e4 visiotaan ilman aikaisempia, kirjoittajan ylist\u00e4mi\u00e4 filttereit\u00e4.<\/p>\n\n\n\n<p>Kirjoittajan kehumat aikuiset ihmiset ja vastuuntuntoiset voimat Valkoisessa talossa ovat nyt huomattavasti heikompia kuin ennen kirjoitusta.<\/p>\n\n\n\n<p><em>Soundtrack: Tool, The Pot.<\/em><\/p>\n\n\n<p><iframe loading=\"lazy\" width=\"472\" height=\"354\" src=\"https:\/\/www.youtube.com\/embed\/R2F_hGwD26g?feature=oembed\" frameborder=\"0\" allow=\"autoplay; encrypted-media\" allowfullscreen><\/iframe><\/p>\n","protected":false},"excerpt":{"rendered":"<p>On vaikea ymm\u00e4rt\u00e4\u00e4, mit\u00e4 hy\u00f6ty\u00e4 mielipidekirjoituksen julkaisemisesta oli. Todenn\u00e4k\u00f6isesti Donald Trump saa siit\u00e4 vain lis\u00e4\u00e4 vett\u00e4 myllyyns\u00e4.<\/p>\n","protected":false},"author":158,"featured_media":0,"comment_status":"open","ping_status":"open","sticky":false,"template":"","format":"standard","meta":{"_acf_changed":false,"asauth_required_access_level":3,"asauth_cansharepaid":"true","om_header_attributes":[],"footnotes":"","om_featured_image_focal_point":[],"om_primary_tag":0,"om_contributors":[],"om_co_authors":[],"beyondwords_generate_audio":"","beyondwords_project_id":"","beyondwords_content_id":"","beyondwords_preview_token":"","beyondwords_player_content":"","beyondwords_player_style":"","beyondwords_language_code":"","beyondwords_language_id":"","beyondwords_title_voice_id":"","beyondwords_body_voice_id":"","beyondwords_summary_voice_id":"","beyondwords_error_message":"","beyondwords_disabled":"","beyondwords_delete_content":"","beyondwords_podcast_id":"","beyondwords_hash":"","publish_post_to_speechkit":"","speechkit_hash":"","speechkit_generate_audio":"","speechkit_project_id":"","speechkit_podcast_id":"","speechkit_error_message":"","speechkit_disabled":"","speechkit_access_key":"","speechkit_error":"","speechkit_info":"","speechkit_response":"","speechkit_retries":"","speechkit_status":"","speechkit_updated_at":"","_speechkit_link":"","_speechkit_text":""},"categories":[1],"tags":[2050,586,67,66,1541],"class_list":["post-4031","post","type-post","status-publish","format-standard","hentry","category-americana","tag-anonyymi","tag-donald-trump","tag-kirjoitus","tag-new-york-times","tag-valkoinen-talo"],"om_views":null,"acf":{"tuuma_off":false,"tuuma_kysymys":"","tuuma_vastaus":""},"asauth":{"required_access_level":1,"share_token":"","is_paid":false},"yoast_head":"<!-- This site is optimized with the Yoast SEO plugin v26.4 - https:\/\/yoast.com\/wordpress\/plugins\/seo\/ -->\n<title>Nimet\u00f6n mielipidekirjoitus her\u00e4tti vakavan ep\u00e4ilyn \u2013 Onko Valkoisessa talossa k\u00e4ynniss\u00e4 palatsivallankaappaus? - Americana<\/title>\n<meta name=\"description\" content=\"On vaikea ymm\u00e4rt\u00e4\u00e4, mit\u00e4 hy\u00f6ty\u00e4 mielipidekirjoituksen julkaisemisesta oli. Todenn\u00e4k\u00f6isesti Donald Trump saa siit\u00e4 vain lis\u00e4\u00e4 vett\u00e4 myllyyns\u00e4.\" \/>\n<meta name=\"robots\" content=\"noindex, follow\" \/>\n<meta property=\"og:locale\" content=\"fi_FI\" \/>\n<meta property=\"og:type\" content=\"article\" \/>\n<meta property=\"og:title\" content=\"Nimet\u00f6n mielipidekirjoitus her\u00e4tti vakavan ep\u00e4ilyn \u2013 Onko Valkoisessa talossa k\u00e4ynniss\u00e4 palatsivallankaappaus? - Americana\" \/>\n<meta property=\"og:description\" content=\"On vaikea ymm\u00e4rt\u00e4\u00e4, mit\u00e4 hy\u00f6ty\u00e4 mielipidekirjoituksen julkaisemisesta oli. Todenn\u00e4k\u00f6isesti Donald Trump saa siit\u00e4 vain lis\u00e4\u00e4 vett\u00e4 myllyyns\u00e4.\" \/>\n<meta property=\"og:url\" content=\"https:\/\/suomenkuvalehti.fi\/americana\/nimeton-mielipidekirjoitus-heratti-vakavan-epailyn-onko-valkoisessa-talossa-kaynnissa-palatsivallankaappaus\/\" \/>\n<meta property=\"og:site_name\" content=\"Americana\" \/>\n<meta property=\"article:published_time\" content=\"2018-09-07T09:17:51+00:00\" \/>\n<meta property=\"og:image\" content=\"https:\/\/suomenkuvalehti.fi\/americana\/wp-content\/uploads\/sites\/10\/2022\/04\/americana_maunula-scaled.jpg\" \/>\n\t<meta property=\"og:image:width\" content=\"2560\" \/>\n\t<meta property=\"og:image:height\" content=\"1706\" \/>\n\t<meta property=\"og:image:type\" content=\"image\/jpeg\" \/>\n<meta name=\"author\" content=\"Marko Maunula\" \/>\n<meta name=\"twitter:card\" content=\"summary_large_image\" \/>\n<meta name=\"twitter:label1\" content=\"Written by\" \/>\n\t<meta name=\"twitter:data1\" content=\"Marko Maunula\" \/>\n\t<meta name=\"twitter:label2\" content=\"Est. reading time\" \/>\n\t<meta name=\"twitter:data2\" content=\"2 minuuttia\" \/>\n<script type=\"application\/ld+json\" class=\"yoast-schema-graph\">{\"@context\":\"https:\/\/schema.org\",\"@graph\":[{\"@type\":\"WebPage\",\"@id\":\"https:\/\/suomenkuvalehti.fi\/americana\/nimeton-mielipidekirjoitus-heratti-vakavan-epailyn-onko-valkoisessa-talossa-kaynnissa-palatsivallankaappaus\/\",\"url\":\"https:\/\/suomenkuvalehti.fi\/americana\/nimeton-mielipidekirjoitus-heratti-vakavan-epailyn-onko-valkoisessa-talossa-kaynnissa-palatsivallankaappaus\/\",\"name\":\"Nimet\u00f6n mielipidekirjoitus her\u00e4tti vakavan ep\u00e4ilyn \u2013 Onko Valkoisessa talossa k\u00e4ynniss\u00e4 palatsivallankaappaus? - Americana\",\"isPartOf\":{\"@id\":\"https:\/\/suomenkuvalehti.fi\/americana\/#website\"},\"datePublished\":\"2018-09-07T09:17:51+00:00\",\"author\":{\"@id\":\"https:\/\/suomenkuvalehti.fi\/americana\/#\/schema\/person\/12d514491cb37506bc39c8e10176c3ec\"},\"description\":\"On vaikea ymm\u00e4rt\u00e4\u00e4, mit\u00e4 hy\u00f6ty\u00e4 mielipidekirjoituksen julkaisemisesta oli. Todenn\u00e4k\u00f6isesti Donald Trump saa siit\u00e4 vain lis\u00e4\u00e4 vett\u00e4 myllyyns\u00e4.\",\"breadcrumb\":{\"@id\":\"https:\/\/suomenkuvalehti.fi\/americana\/nimeton-mielipidekirjoitus-heratti-vakavan-epailyn-onko-valkoisessa-talossa-kaynnissa-palatsivallankaappaus\/#breadcrumb\"},\"inLanguage\":\"fi\",\"potentialAction\":[{\"@type\":\"ReadAction\",\"target\":[\"https:\/\/suomenkuvalehti.fi\/americana\/nimeton-mielipidekirjoitus-heratti-vakavan-epailyn-onko-valkoisessa-talossa-kaynnissa-palatsivallankaappaus\/\"]}]},{\"@type\":\"BreadcrumbList\",\"@id\":\"https:\/\/suomenkuvalehti.fi\/americana\/nimeton-mielipidekirjoitus-heratti-vakavan-epailyn-onko-valkoisessa-talossa-kaynnissa-palatsivallankaappaus\/#breadcrumb\",\"itemListElement\":[{\"@type\":\"ListItem\",\"position\":1,\"name\":\"Home\",\"item\":\"https:\/\/suomenkuvalehti.fi\/americana\/\"},{\"@type\":\"ListItem\",\"position\":2,\"name\":\"Nimet\u00f6n mielipidekirjoitus her\u00e4tti vakavan ep\u00e4ilyn \u2013 Onko Valkoisessa talossa k\u00e4ynniss\u00e4 palatsivallankaappaus?\"}]},{\"@type\":\"WebSite\",\"@id\":\"https:\/\/suomenkuvalehti.fi\/americana\/#website\",\"url\":\"https:\/\/suomenkuvalehti.fi\/americana\/\",\"name\":\"Americana\",\"description\":\"Professori Marko Maunula seuraa USA:n politiikkaa ja populaarikulttuuria\",\"potentialAction\":[{\"@type\":\"SearchAction\",\"target\":{\"@type\":\"EntryPoint\",\"urlTemplate\":\"https:\/\/suomenkuvalehti.fi\/haku\/?q={search_term_string}\"},\"query-input\":{\"@type\":\"PropertyValueSpecification\",\"valueRequired\":true,\"valueName\":\"search_term_string\"}}],\"inLanguage\":\"fi\"},{\"@type\":\"Person\",\"@id\":\"https:\/\/suomenkuvalehti.fi\/americana\/#\/schema\/person\/12d514491cb37506bc39c8e10176c3ec\",\"name\":\"Marko Maunula\",\"image\":{\"@type\":\"ImageObject\",\"inLanguage\":\"fi\",\"@id\":\"https:\/\/suomenkuvalehti.fi\/americana\/#\/schema\/person\/image\/\",\"url\":\"https:\/\/suomenkuvalehti.fi\/americana\/wp-content\/uploads\/sites\/10\/2022\/04\/americana_maunula-150x150.jpg\",\"contentUrl\":\"https:\/\/suomenkuvalehti.fi\/americana\/wp-content\/uploads\/sites\/10\/2022\/04\/americana_maunula-150x150.jpg\",\"caption\":\"Marko Maunula\"},\"description\":\"Kirjoittaja on Yhdysvaltain historian professori Atlantassa.\"}]}<\/script>\n<!-- \/ Yoast SEO plugin. -->","yoast_head_json":{"title":"Nimet\u00f6n mielipidekirjoitus her\u00e4tti vakavan ep\u00e4ilyn \u2013 Onko Valkoisessa talossa k\u00e4ynniss\u00e4 palatsivallankaappaus? - Americana","description":"On vaikea ymm\u00e4rt\u00e4\u00e4, mit\u00e4 hy\u00f6ty\u00e4 mielipidekirjoituksen julkaisemisesta oli. Todenn\u00e4k\u00f6isesti Donald Trump saa siit\u00e4 vain lis\u00e4\u00e4 vett\u00e4 myllyyns\u00e4.","robots":{"index":"noindex","follow":"follow"},"og_locale":"fi_FI","og_type":"article","og_title":"Nimet\u00f6n mielipidekirjoitus her\u00e4tti vakavan ep\u00e4ilyn \u2013 Onko Valkoisessa talossa k\u00e4ynniss\u00e4 palatsivallankaappaus? - Americana","og_description":"On vaikea ymm\u00e4rt\u00e4\u00e4, mit\u00e4 hy\u00f6ty\u00e4 mielipidekirjoituksen julkaisemisesta oli. Todenn\u00e4k\u00f6isesti Donald Trump saa siit\u00e4 vain lis\u00e4\u00e4 vett\u00e4 myllyyns\u00e4.","og_url":"https:\/\/suomenkuvalehti.fi\/americana\/nimeton-mielipidekirjoitus-heratti-vakavan-epailyn-onko-valkoisessa-talossa-kaynnissa-palatsivallankaappaus\/","og_site_name":"Americana","article_published_time":"2018-09-07T09:17:51+00:00","og_image":[{"width":2560,"height":1706,"url":"https:\/\/suomenkuvalehti.fi\/americana\/wp-content\/uploads\/sites\/10\/2022\/04\/americana_maunula-scaled.jpg","type":"image\/jpeg"}],"author":"Marko Maunula","twitter_card":"summary_large_image","twitter_misc":{"Written by":"Marko Maunula","Est. reading time":"2 minuuttia"},"schema":{"@context":"https:\/\/schema.org","@graph":[{"@type":"WebPage","@id":"https:\/\/suomenkuvalehti.fi\/americana\/nimeton-mielipidekirjoitus-heratti-vakavan-epailyn-onko-valkoisessa-talossa-kaynnissa-palatsivallankaappaus\/","url":"https:\/\/suomenkuvalehti.fi\/americana\/nimeton-mielipidekirjoitus-heratti-vakavan-epailyn-onko-valkoisessa-talossa-kaynnissa-palatsivallankaappaus\/","name":"Nimet\u00f6n mielipidekirjoitus her\u00e4tti vakavan ep\u00e4ilyn \u2013 Onko Valkoisessa talossa k\u00e4ynniss\u00e4 palatsivallankaappaus? - Americana","isPartOf":{"@id":"https:\/\/suomenkuvalehti.fi\/americana\/#website"},"datePublished":"2018-09-07T09:17:51+00:00","author":{"@id":"https:\/\/suomenkuvalehti.fi\/americana\/#\/schema\/person\/12d514491cb37506bc39c8e10176c3ec"},"description":"On vaikea ymm\u00e4rt\u00e4\u00e4, mit\u00e4 hy\u00f6ty\u00e4 mielipidekirjoituksen julkaisemisesta oli. Todenn\u00e4k\u00f6isesti Donald Trump saa siit\u00e4 vain lis\u00e4\u00e4 vett\u00e4 myllyyns\u00e4.","breadcrumb":{"@id":"https:\/\/suomenkuvalehti.fi\/americana\/nimeton-mielipidekirjoitus-heratti-vakavan-epailyn-onko-valkoisessa-talossa-kaynnissa-palatsivallankaappaus\/#breadcrumb"},"inLanguage":"fi","potentialAction":[{"@type":"ReadAction","target":["https:\/\/suomenkuvalehti.fi\/americana\/nimeton-mielipidekirjoitus-heratti-vakavan-epailyn-onko-valkoisessa-talossa-kaynnissa-palatsivallankaappaus\/"]}]},{"@type":"BreadcrumbList","@id":"https:\/\/suomenkuvalehti.fi\/americana\/nimeton-mielipidekirjoitus-heratti-vakavan-epailyn-onko-valkoisessa-talossa-kaynnissa-palatsivallankaappaus\/#breadcrumb","itemListElement":[{"@type":"ListItem","position":1,"name":"Home","item":"https:\/\/suomenkuvalehti.fi\/americana\/"},{"@type":"ListItem","position":2,"name":"Nimet\u00f6n mielipidekirjoitus her\u00e4tti vakavan ep\u00e4ilyn \u2013 Onko Valkoisessa talossa k\u00e4ynniss\u00e4 palatsivallankaappaus?"}]},{"@type":"WebSite","@id":"https:\/\/suomenkuvalehti.fi\/americana\/#website","url":"https:\/\/suomenkuvalehti.fi\/americana\/","name":"Americana","description":"Professori Marko Maunula seuraa USA:n politiikkaa ja populaarikulttuuria","potentialAction":[{"@type":"SearchAction","target":{"@type":"EntryPoint","urlTemplate":"https:\/\/suomenkuvalehti.fi\/haku\/?q={search_term_string}"},"query-input":{"@type":"PropertyValueSpecification","valueRequired":true,"valueName":"search_term_string"}}],"inLanguage":"fi"},{"@type":"Person","@id":"https:\/\/suomenkuvalehti.fi\/americana\/#\/schema\/person\/12d514491cb37506bc39c8e10176c3ec","name":"Marko Maunula","image":{"@type":"ImageObject","inLanguage":"fi","@id":"https:\/\/suomenkuvalehti.fi\/americana\/#\/schema\/person\/image\/","url":"https:\/\/suomenkuvalehti.fi\/americana\/wp-content\/uploads\/sites\/10\/2022\/04\/americana_maunula-150x150.jpg","contentUrl":"https:\/\/suomenkuvalehti.fi\/americana\/wp-content\/uploads\/sites\/10\/2022\/04\/americana_maunula-150x150.jpg","caption":"Marko Maunula"},"description":"Kirjoittaja on Yhdysvaltain historian professori Atlantassa."}]}},"_links":{"self":[{"href":"https:\/\/suomenkuvalehti.fi\/americana\/wp-json\/wp\/v2\/posts\/4031","targetHints":{"allow":["GET"]}}],"collection":[{"href":"https:\/\/suomenkuvalehti.fi\/americana\/wp-json\/wp\/v2\/posts"}],"about":[{"href":"https:\/\/suomenkuvalehti.fi\/americana\/wp-json\/wp\/v2\/types\/post"}],"author":[{"embeddable":true,"href":"https:\/\/suomenkuvalehti.fi\/americana\/wp-json\/wp\/v2\/users\/158"}],"replies":[{"embeddable":true,"href":"https:\/\/suomenkuvalehti.fi\/americana\/wp-json\/wp\/v2\/comments?post=4031"}],"version-history":[{"count":4,"href":"https:\/\/suomenkuvalehti.fi\/americana\/wp-json\/wp\/v2\/posts\/4031\/revisions"}],"predecessor-version":[{"id":4035,"href":"https:\/\/suomenkuvalehti.fi\/americana\/wp-json\/wp\/v2\/posts\/4031\/revisions\/4035"}],"wp:attachment":[{"href":"https:\/\/suomenkuvalehti.fi\/americana\/wp-json\/wp\/v2\/media?parent=4031"}],"wp:term":[{"taxonomy":"category","embeddable":true,"href":"https:\/\/suomenkuvalehti.fi\/americana\/wp-json\/wp\/v2\/categories?post=4031"},{"taxonomy":"post_tag","embeddable":true,"href":"https:\/\/suomenkuvalehti.fi\/americana\/wp-json\/wp\/v2\/tags?post=4031"}],"curies":[{"name":"wp","href":"https:\/\/api.w.org\/{rel}","templated":true}]}}