{"id":3936,"date":"2018-06-26T17:51:04","date_gmt":"2018-06-26T14:51:04","guid":{"rendered":"https:\/\/suomenkuvalehti.fi\/americana\/?p=3936"},"modified":"2018-06-26T17:51:04","modified_gmt":"2018-06-26T14:51:04","slug":"lapset-rajalla-aiheuttivat-trumpille-presidenttikauden-huonoimman-viikon-mutta-silla-ei-ole-juuri-valia","status":"publish","type":"post","link":"https:\/\/suomenkuvalehti.fi\/americana\/lapset-rajalla-aiheuttivat-trumpille-presidenttikauden-huonoimman-viikon-mutta-silla-ei-ole-juuri-valia\/","title":{"rendered":"Lapset rajalla aiheuttivat Trumpille presidenttikauden huonoimman viikon \u2013 mutta sill\u00e4 ei ole juuri v\u00e4li\u00e4"},"content":{"rendered":"\n<p><span class=\"capitalized\">Viime<\/span> viikko oli presidentti <strong>Donald Trumpin<\/strong> presidenttikauden huonoin. Mutta sill\u00e4 on hyvin v\u00e4h\u00e4n merkityst\u00e4.<\/p>\n\n\n\n<p>Rajakriisi ja lasten huostaanotto synnyttiv\u00e4t liki raivoa valtamedian, demokraattien ja useimpien sitoutumattomien parissa. Kuvat maahanpyrkij\u00f6iden lasten pakkohuostaanotoista ja itkevien lasten erottamisesta vanhemmistaan saivat jopa jotkut <a href=\"https:\/\/www.nbcnews.com\/politics\/first-read\/republicans-break-trump-migrant-family-separation-n884171\">republikaanipolitiikoista nielaisemaan tyhj\u00e4\u00e4<\/a>.<\/p>\n\n\n\n<p>Lis\u00e4ksi presidentin uusi nollatoleranssi-linja ja perheiden erotukset tuottivat hallinnollisen kaaoksen. Liittovaltion hallinto ei paikoitellen vaikuttanut tiet\u00e4v\u00e4n minne se oli l\u00e4hett\u00e4nyt lapset ja miten vanhemmat saisivat heihin yhteyden.<\/p>\n\n\n\n<p>Trumpin hallinto n\u00e4ytti samanaikaisesti syd\u00e4mett\u00f6m\u00e4lt\u00e4 ja ep\u00e4p\u00e4tev\u00e4lt\u00e4. Normaalin poliittisen kulttuurin aikakaudella t\u00e4m\u00e4 olisi katastrofaalinen yhdistelm\u00e4, mutta emme el\u00e4 normaaleja aikoja.<\/p>\n\n\n\n<p>&nbsp;<\/p>\n\n\n\n<p><span class=\"capitalized\">Mit\u00e4<\/span> enemm\u00e4n media ja demokraatit kritisoivat Trumpia, ja mit\u00e4 pahemmin h\u00e4nen hallintonsa t\u00f6rtt\u00f6ilee, sit\u00e4 <a href=\"https:\/\/mobile.nytimes.com\/2018\/06\/23\/us\/politics\/republican-voters-trump.html\">syvemm\u00e4lle Trumpin tukijat kaivautuvat<\/a>. Trumpin suosio republikaanien parissa on ainoastaan kasvanut viime kuukausien aikana.<\/p>\n\n\n\n<p>Kyse on kulttuurisotien ja apokalyptisen politiikan jatkuvasta k\u00e4rjistymisest\u00e4. Tuoreiden mielipidetutkimusten mukaan 24 prosenttia republikaaneista suhtautuu my\u00f6nteisesti <strong>Vladimir Putiniin<\/strong>. My\u00f6s&nbsp;<strong>Kim Jong-un<\/strong> on republikaanien parissa <a href=\"http:\/\/wjla.com\/news\/nation-world\/poll-kim-jong-un-more-popular-with-gop-voters-than-nancy-pelosi\">suositumpi kuin demokraattipomo<\/a> <strong>Nancy Pelosi<\/strong>.<\/p>\n\n\n\n<p>Trumpin vankka suosio republikaani\u00e4\u00e4nest\u00e4jien parissa hiljent\u00e4\u00e4 kongressin republikaanit. Maltillisetkin Trump-kriitikot ovat poliittisesti vaarassa, kun <a href=\"https:\/\/www.cnn.com\/2018\/06\/13\/politics\/mark-sanford-loses-congress-republican-reaction\/index.html\">Trumpin kannattajat marssivat esivaali-uurnille<\/a>.<\/p>\n\n\n\n<p>Tilanne on maan tulevaisuuden kannalta eritt\u00e4in vaarallinen. Olen ollut aiemminkin huolissani Yhdysvaltain poliittisesta kulttuurista ja maan demokraattisten instituutioiden terveydest\u00e4. Mutta nyt olen ensimm\u00e4ist\u00e4 kertaa liki peloissani.<\/p>\n\n\n\n<p>&nbsp;<\/p>\n\n\n\n<p><em>Soundtrack: Dmitri Shostakovich, Leningrad-sinfonia.<\/em><\/p>\n\n\n<p><iframe loading=\"lazy\" width=\"630\" height=\"354\" src=\"https:\/\/www.youtube.com\/embed\/vRHZu5xoIe0?feature=oembed\" frameborder=\"0\" allow=\"autoplay; encrypted-media\" allowfullscreen><\/iframe><\/p>\n","protected":false},"excerpt":{"rendered":"<p>Normaalisti Trumpin hallinnon toimista seuraisi katastrofi, mutta emme el\u00e4 normaaleja aikoja.<\/p>\n","protected":false},"author":158,"featured_media":0,"comment_status":"open","ping_status":"open","sticky":false,"template":"","format":"standard","meta":{"_acf_changed":false,"asauth_required_access_level":3,"asauth_cansharepaid":"true","om_header_attributes":[],"footnotes":"","om_featured_image_focal_point":[],"om_primary_tag":0,"om_contributors":[],"om_co_authors":[],"beyondwords_generate_audio":"","beyondwords_project_id":"","beyondwords_content_id":"","beyondwords_preview_token":"","beyondwords_player_content":"","beyondwords_player_style":"","beyondwords_language_code":"","beyondwords_language_id":"","beyondwords_title_voice_id":"","beyondwords_body_voice_id":"","beyondwords_summary_voice_id":"","beyondwords_error_message":"","beyondwords_disabled":"","beyondwords_delete_content":"","beyondwords_podcast_id":"","beyondwords_hash":"","publish_post_to_speechkit":"","speechkit_hash":"","speechkit_generate_audio":"","speechkit_project_id":"","speechkit_podcast_id":"","speechkit_error_message":"","speechkit_disabled":"","speechkit_access_key":"","speechkit_error":"","speechkit_info":"","speechkit_response":"","speechkit_retries":"","speechkit_status":"","speechkit_updated_at":"","_speechkit_link":"","_speechkit_text":""},"categories":[1],"tags":[586,1559,775,1560,30,1546,24],"class_list":["post-3936","post","type-post","status-publish","format-standard","hentry","category-americana","tag-donald-trump","tag-lapset","tag-meksiko","tag-raja","tag-republikaanit","tag-suosio","tag-yhdysvallat"],"om_views":null,"acf":{"tuuma_off":false,"tuuma_kysymys":"","tuuma_vastaus":""},"asauth":{"required_access_level":1,"share_token":"","is_paid":false},"yoast_head":"<!-- This site is optimized with the Yoast SEO plugin v26.4 - https:\/\/yoast.com\/wordpress\/plugins\/seo\/ -->\n<title>Lapset rajalla aiheuttivat Trumpille presidenttikauden huonoimman viikon \u2013 mutta sill\u00e4 ei ole juuri v\u00e4li\u00e4 - Americana<\/title>\n<meta name=\"robots\" content=\"noindex, follow\" \/>\n<meta property=\"og:locale\" content=\"fi_FI\" \/>\n<meta property=\"og:type\" content=\"article\" \/>\n<meta property=\"og:title\" content=\"Lapset rajalla aiheuttivat Trumpille presidenttikauden huonoimman viikon \u2013 mutta sill\u00e4 ei ole juuri v\u00e4li\u00e4 - Americana\" \/>\n<meta property=\"og:description\" content=\"Normaalisti Trumpin hallinnon toimista seuraisi katastrofi, mutta emme el\u00e4 normaaleja aikoja.\" \/>\n<meta property=\"og:url\" content=\"https:\/\/suomenkuvalehti.fi\/americana\/lapset-rajalla-aiheuttivat-trumpille-presidenttikauden-huonoimman-viikon-mutta-silla-ei-ole-juuri-valia\/\" \/>\n<meta property=\"og:site_name\" content=\"Americana\" \/>\n<meta property=\"article:published_time\" content=\"2018-06-26T14:51:04+00:00\" \/>\n<meta property=\"og:image\" content=\"https:\/\/suomenkuvalehti.fi\/americana\/wp-content\/uploads\/sites\/10\/2022\/04\/americana_maunula-scaled.jpg\" \/>\n\t<meta property=\"og:image:width\" content=\"2560\" \/>\n\t<meta property=\"og:image:height\" content=\"1706\" \/>\n\t<meta property=\"og:image:type\" content=\"image\/jpeg\" \/>\n<meta name=\"author\" content=\"Marko Maunula\" \/>\n<meta name=\"twitter:card\" content=\"summary_large_image\" \/>\n<meta name=\"twitter:label1\" content=\"Written by\" \/>\n\t<meta name=\"twitter:data1\" content=\"Marko Maunula\" \/>\n\t<meta name=\"twitter:label2\" content=\"Est. reading time\" \/>\n\t<meta name=\"twitter:data2\" content=\"1 minuutti\" \/>\n<script type=\"application\/ld+json\" class=\"yoast-schema-graph\">{\"@context\":\"https:\/\/schema.org\",\"@graph\":[{\"@type\":\"WebPage\",\"@id\":\"https:\/\/suomenkuvalehti.fi\/americana\/lapset-rajalla-aiheuttivat-trumpille-presidenttikauden-huonoimman-viikon-mutta-silla-ei-ole-juuri-valia\/\",\"url\":\"https:\/\/suomenkuvalehti.fi\/americana\/lapset-rajalla-aiheuttivat-trumpille-presidenttikauden-huonoimman-viikon-mutta-silla-ei-ole-juuri-valia\/\",\"name\":\"Lapset rajalla aiheuttivat Trumpille presidenttikauden huonoimman viikon \u2013 mutta sill\u00e4 ei ole juuri v\u00e4li\u00e4 - Americana\",\"isPartOf\":{\"@id\":\"https:\/\/suomenkuvalehti.fi\/americana\/#website\"},\"datePublished\":\"2018-06-26T14:51:04+00:00\",\"author\":{\"@id\":\"https:\/\/suomenkuvalehti.fi\/americana\/#\/schema\/person\/12d514491cb37506bc39c8e10176c3ec\"},\"breadcrumb\":{\"@id\":\"https:\/\/suomenkuvalehti.fi\/americana\/lapset-rajalla-aiheuttivat-trumpille-presidenttikauden-huonoimman-viikon-mutta-silla-ei-ole-juuri-valia\/#breadcrumb\"},\"inLanguage\":\"fi\",\"potentialAction\":[{\"@type\":\"ReadAction\",\"target\":[\"https:\/\/suomenkuvalehti.fi\/americana\/lapset-rajalla-aiheuttivat-trumpille-presidenttikauden-huonoimman-viikon-mutta-silla-ei-ole-juuri-valia\/\"]}]},{\"@type\":\"BreadcrumbList\",\"@id\":\"https:\/\/suomenkuvalehti.fi\/americana\/lapset-rajalla-aiheuttivat-trumpille-presidenttikauden-huonoimman-viikon-mutta-silla-ei-ole-juuri-valia\/#breadcrumb\",\"itemListElement\":[{\"@type\":\"ListItem\",\"position\":1,\"name\":\"Home\",\"item\":\"https:\/\/suomenkuvalehti.fi\/americana\/\"},{\"@type\":\"ListItem\",\"position\":2,\"name\":\"Lapset rajalla aiheuttivat Trumpille presidenttikauden huonoimman viikon \u2013 mutta sill\u00e4 ei ole juuri v\u00e4li\u00e4\"}]},{\"@type\":\"WebSite\",\"@id\":\"https:\/\/suomenkuvalehti.fi\/americana\/#website\",\"url\":\"https:\/\/suomenkuvalehti.fi\/americana\/\",\"name\":\"Americana\",\"description\":\"Professori Marko Maunula seuraa USA:n politiikkaa ja populaarikulttuuria\",\"potentialAction\":[{\"@type\":\"SearchAction\",\"target\":{\"@type\":\"EntryPoint\",\"urlTemplate\":\"https:\/\/suomenkuvalehti.fi\/haku\/?q={search_term_string}\"},\"query-input\":{\"@type\":\"PropertyValueSpecification\",\"valueRequired\":true,\"valueName\":\"search_term_string\"}}],\"inLanguage\":\"fi\"},{\"@type\":\"Person\",\"@id\":\"https:\/\/suomenkuvalehti.fi\/americana\/#\/schema\/person\/12d514491cb37506bc39c8e10176c3ec\",\"name\":\"Marko Maunula\",\"image\":{\"@type\":\"ImageObject\",\"inLanguage\":\"fi\",\"@id\":\"https:\/\/suomenkuvalehti.fi\/americana\/#\/schema\/person\/image\/\",\"url\":\"https:\/\/suomenkuvalehti.fi\/americana\/wp-content\/uploads\/sites\/10\/2022\/04\/americana_maunula-150x150.jpg\",\"contentUrl\":\"https:\/\/suomenkuvalehti.fi\/americana\/wp-content\/uploads\/sites\/10\/2022\/04\/americana_maunula-150x150.jpg\",\"caption\":\"Marko Maunula\"},\"description\":\"Kirjoittaja on Yhdysvaltain historian professori Atlantassa.\"}]}<\/script>\n<!-- \/ Yoast SEO plugin. -->","yoast_head_json":{"title":"Lapset rajalla aiheuttivat Trumpille presidenttikauden huonoimman viikon \u2013 mutta sill\u00e4 ei ole juuri v\u00e4li\u00e4 - Americana","robots":{"index":"noindex","follow":"follow"},"og_locale":"fi_FI","og_type":"article","og_title":"Lapset rajalla aiheuttivat Trumpille presidenttikauden huonoimman viikon \u2013 mutta sill\u00e4 ei ole juuri v\u00e4li\u00e4 - Americana","og_description":"Normaalisti Trumpin hallinnon toimista seuraisi katastrofi, mutta emme el\u00e4 normaaleja aikoja.","og_url":"https:\/\/suomenkuvalehti.fi\/americana\/lapset-rajalla-aiheuttivat-trumpille-presidenttikauden-huonoimman-viikon-mutta-silla-ei-ole-juuri-valia\/","og_site_name":"Americana","article_published_time":"2018-06-26T14:51:04+00:00","og_image":[{"width":2560,"height":1706,"url":"https:\/\/suomenkuvalehti.fi\/americana\/wp-content\/uploads\/sites\/10\/2022\/04\/americana_maunula-scaled.jpg","type":"image\/jpeg"}],"author":"Marko Maunula","twitter_card":"summary_large_image","twitter_misc":{"Written by":"Marko Maunula","Est. reading time":"1 minuutti"},"schema":{"@context":"https:\/\/schema.org","@graph":[{"@type":"WebPage","@id":"https:\/\/suomenkuvalehti.fi\/americana\/lapset-rajalla-aiheuttivat-trumpille-presidenttikauden-huonoimman-viikon-mutta-silla-ei-ole-juuri-valia\/","url":"https:\/\/suomenkuvalehti.fi\/americana\/lapset-rajalla-aiheuttivat-trumpille-presidenttikauden-huonoimman-viikon-mutta-silla-ei-ole-juuri-valia\/","name":"Lapset rajalla aiheuttivat Trumpille presidenttikauden huonoimman viikon \u2013 mutta sill\u00e4 ei ole juuri v\u00e4li\u00e4 - Americana","isPartOf":{"@id":"https:\/\/suomenkuvalehti.fi\/americana\/#website"},"datePublished":"2018-06-26T14:51:04+00:00","author":{"@id":"https:\/\/suomenkuvalehti.fi\/americana\/#\/schema\/person\/12d514491cb37506bc39c8e10176c3ec"},"breadcrumb":{"@id":"https:\/\/suomenkuvalehti.fi\/americana\/lapset-rajalla-aiheuttivat-trumpille-presidenttikauden-huonoimman-viikon-mutta-silla-ei-ole-juuri-valia\/#breadcrumb"},"inLanguage":"fi","potentialAction":[{"@type":"ReadAction","target":["https:\/\/suomenkuvalehti.fi\/americana\/lapset-rajalla-aiheuttivat-trumpille-presidenttikauden-huonoimman-viikon-mutta-silla-ei-ole-juuri-valia\/"]}]},{"@type":"BreadcrumbList","@id":"https:\/\/suomenkuvalehti.fi\/americana\/lapset-rajalla-aiheuttivat-trumpille-presidenttikauden-huonoimman-viikon-mutta-silla-ei-ole-juuri-valia\/#breadcrumb","itemListElement":[{"@type":"ListItem","position":1,"name":"Home","item":"https:\/\/suomenkuvalehti.fi\/americana\/"},{"@type":"ListItem","position":2,"name":"Lapset rajalla aiheuttivat Trumpille presidenttikauden huonoimman viikon \u2013 mutta sill\u00e4 ei ole juuri v\u00e4li\u00e4"}]},{"@type":"WebSite","@id":"https:\/\/suomenkuvalehti.fi\/americana\/#website","url":"https:\/\/suomenkuvalehti.fi\/americana\/","name":"Americana","description":"Professori Marko Maunula seuraa USA:n politiikkaa ja populaarikulttuuria","potentialAction":[{"@type":"SearchAction","target":{"@type":"EntryPoint","urlTemplate":"https:\/\/suomenkuvalehti.fi\/haku\/?q={search_term_string}"},"query-input":{"@type":"PropertyValueSpecification","valueRequired":true,"valueName":"search_term_string"}}],"inLanguage":"fi"},{"@type":"Person","@id":"https:\/\/suomenkuvalehti.fi\/americana\/#\/schema\/person\/12d514491cb37506bc39c8e10176c3ec","name":"Marko Maunula","image":{"@type":"ImageObject","inLanguage":"fi","@id":"https:\/\/suomenkuvalehti.fi\/americana\/#\/schema\/person\/image\/","url":"https:\/\/suomenkuvalehti.fi\/americana\/wp-content\/uploads\/sites\/10\/2022\/04\/americana_maunula-150x150.jpg","contentUrl":"https:\/\/suomenkuvalehti.fi\/americana\/wp-content\/uploads\/sites\/10\/2022\/04\/americana_maunula-150x150.jpg","caption":"Marko Maunula"},"description":"Kirjoittaja on Yhdysvaltain historian professori Atlantassa."}]}},"_links":{"self":[{"href":"https:\/\/suomenkuvalehti.fi\/americana\/wp-json\/wp\/v2\/posts\/3936","targetHints":{"allow":["GET"]}}],"collection":[{"href":"https:\/\/suomenkuvalehti.fi\/americana\/wp-json\/wp\/v2\/posts"}],"about":[{"href":"https:\/\/suomenkuvalehti.fi\/americana\/wp-json\/wp\/v2\/types\/post"}],"author":[{"embeddable":true,"href":"https:\/\/suomenkuvalehti.fi\/americana\/wp-json\/wp\/v2\/users\/158"}],"replies":[{"embeddable":true,"href":"https:\/\/suomenkuvalehti.fi\/americana\/wp-json\/wp\/v2\/comments?post=3936"}],"version-history":[{"count":6,"href":"https:\/\/suomenkuvalehti.fi\/americana\/wp-json\/wp\/v2\/posts\/3936\/revisions"}],"predecessor-version":[{"id":3953,"href":"https:\/\/suomenkuvalehti.fi\/americana\/wp-json\/wp\/v2\/posts\/3936\/revisions\/3953"}],"wp:attachment":[{"href":"https:\/\/suomenkuvalehti.fi\/americana\/wp-json\/wp\/v2\/media?parent=3936"}],"wp:term":[{"taxonomy":"category","embeddable":true,"href":"https:\/\/suomenkuvalehti.fi\/americana\/wp-json\/wp\/v2\/categories?post=3936"},{"taxonomy":"post_tag","embeddable":true,"href":"https:\/\/suomenkuvalehti.fi\/americana\/wp-json\/wp\/v2\/tags?post=3936"}],"curies":[{"name":"wp","href":"https:\/\/api.w.org\/{rel}","templated":true}]}}