{"id":3927,"date":"2018-06-14T17:21:15","date_gmt":"2018-06-14T14:21:15","guid":{"rendered":"https:\/\/suomenkuvalehti.fi\/americana\/?p=3927"},"modified":"2018-06-14T17:21:15","modified_gmt":"2018-06-14T14:21:15","slug":"pohjois-korea-hassutti-trumpin-nyt-on-euroopan-vuoro-kantaa-demokratian-soihtua","status":"publish","type":"post","link":"https:\/\/suomenkuvalehti.fi\/americana\/pohjois-korea-hassutti-trumpin-nyt-on-euroopan-vuoro-kantaa-demokratian-soihtua\/","title":{"rendered":"Pohjois-Korea hassutti Trumpin \u2013 Nyt on Euroopan vuoro kantaa demokratian soihtua"},"content":{"rendered":"\n<p><span class=\"capitalized\">Muutaman<\/span> p\u00e4iv\u00e4n sulattelun j\u00e4lkeen <strong>Donald Trump<\/strong>\u2013<strong>Kim Jong-un<\/strong>-tapaamisen saldo alkaa n\u00e4ytt\u00e4m\u00e4\u00e4n selv\u00e4lt\u00e4. Pohjois-Korea hassutti Yhdysvaltain presidentin t\u00e4ydellisesti. Tapaaminen paljasti Trumpin diplomaattisen kokemattomuuden koruttomasti.<\/p>\n\n\n\n<p>Mit\u00e4 Yhdysvallat sai irti Singaporen tapaamisesta? Ymp\u00e4ripy\u00f6re\u00e4n lupauksen Pohjois-Korean sitoutumisesta ydinaseettomaan Korean niemimaahan.<\/p>\n\n\n\n<p>Pohjois-Korea ei antanut lupaukselleen mink\u00e4\u00e4nlaisia takeita. Se ei p\u00e4\u00e4st\u00e4 maahan kansainv\u00e4lisi\u00e4 tarkkailijoita todistamaan ydinaseiden ja -ohjelman tuhoamista. Maa ei julistanut aikataulua aseistariisunnalle.<\/p>\n\n\n\n<p>Trumpin ja Jong-unin allekirjoittama paperi on k\u00e4yt\u00e4nn\u00f6ss\u00e4 merkit\u00f6n. Sen painoarvo on ainostaan symbolinen.<\/p>\n\n\n\n<p>&nbsp;<\/p>\n\n\n\n<p><span class=\"capitalized\">Mit\u00e4<\/span> Pohjois-Korea sai vastineeksi?<\/p>\n\n\n\n<p>Vankileirien t\u00e4ytt\u00e4m\u00e4n diktatuurin edustaja p\u00e4\u00e4si poseeraamaan Yhdysvaltain presidentin kanssa, ensimm\u00e4ist\u00e4 kertaa maan historiassa. Tapaaminen nosti Jong-unin profiilia ja antoi Pohjois-Korealle sen hinkuamaa kansainv\u00e4list\u00e4 tunnustusta suurvaltana.<\/p>\n\n\n\n<p>Bonuksena Yhdysvaltojen presidentti kehui vuolaasti Jong-unia lahjakkaaksi ja \u201dkansaansa rakastavaksi\u201d johtajaksi.<\/p>\n\n\n\n<p>Trump ilmoitti my\u00f6s Yhdysvaltojen lopettavan mittavat sotaharjoitukset Etel\u00e4-Korean kanssa. H\u00e4n otti sivun Pohjois-Korean propagandan k\u00e4sikirjasta ja kutsui sen v\u00e4itteit\u00e4 \u201dprovokatiivisiksi\u201d.<\/p>\n\n\n\n<p>Trump my\u00f6s sanoi, ett\u00e4 jossain vaiheessa Yhdysvaltojen joukkojen pit\u00e4isi poistua Etel\u00e4-Koreasta. Vaikka lausunto oli ep\u00e4m\u00e4\u00e4r\u00e4inen eik\u00e4 Trump antanut aikataulua poistumiselle, se tuskin silti l\u00e4mmitti Etel\u00e4-Koreaa tai muita Yhdysvaltain liittolaisia alueella.<\/p>\n\n\n\n<p>Tapaaminen osoitti presidentin ulkopoliittisen kokemattomuuden. Taitavat ja informoidut ulkopoliittiset tiet\u00e4j\u00e4t ovat harvinaisuuksia Trumpin tiimiss\u00e4, ja se n\u00e4kyy.<\/p>\n\n\n\n<blockquote class=\"wp-block-quote\"><p>Yhdysvallat on t\u00e4ll\u00e4 hetkell\u00e4 eritt\u00e4in ep\u00e4luotettava yhteisty\u00f6kumppani.<\/p><\/blockquote>\n\n\n\n<p><span class=\"capitalized\">Ennen<\/span> Singaporen tapaamista Trump loukkasi Yhdysvaltojen l\u00e4himpi\u00e4 liittolaisia G-7 tapaamisessa. H\u00e4n my\u00f6s toistuvasti vaati Ven\u00e4j\u00e4n ottamista takaisin klubin j\u00e4seneksi.<\/p>\n\n\n\n<p>Viestin Euroopalle ja Yhdysvaltojen muille liittolaisille pit\u00e4isi olla selv\u00e4. Yhdysvallat on t\u00e4ll\u00e4 hetkell\u00e4 eritt\u00e4in ep\u00e4luotettava yhteisty\u00f6kumppani. Sen ulkopolitiikka ei nojaa demokratiaa ja vapaakauppaa painottaviin ihanteisiin vaan kauppamiehen merkantilistiseen matematiikkaan.<\/p>\n\n\n\n<p>L\u00e4nsi-Euroopan, Japanin ja muiden demokraattisten valtioiden on otettava entist\u00e4 suurempi vastuu vapaan maailman johtamisesta, demokratian soihdun kantamisesta.<\/p>\n\n\n\n<p>&nbsp;<\/p>\n\n\n\n<p><em>Soundtrack: Jacques Brel, Amsterdam.<\/em><\/p>\n\n\n<p><iframe loading=\"lazy\" width=\"472\" height=\"354\" src=\"https:\/\/www.youtube.com\/embed\/11PIXoqJvcY?feature=oembed\" frameborder=\"0\" allow=\"autoplay; encrypted-media\" allowfullscreen><\/iframe><\/p>\n","protected":false},"excerpt":{"rendered":"<p>Tapaaminen nosti Jong-unin profiilia ja antoi Pohjois-Korealle sen hinkuamaa kansainv\u00e4list\u00e4 tunnustusta suurvaltana.<\/p>\n","protected":false},"author":158,"featured_media":0,"comment_status":"open","ping_status":"open","sticky":false,"template":"","format":"standard","meta":{"_acf_changed":false,"asauth_required_access_level":3,"asauth_cansharepaid":"true","om_header_attributes":[],"footnotes":"","om_featured_image_focal_point":[],"om_primary_tag":0,"om_contributors":[],"om_co_authors":[],"beyondwords_generate_audio":"","beyondwords_project_id":"","beyondwords_content_id":"","beyondwords_preview_token":"","beyondwords_player_content":"","beyondwords_player_style":"","beyondwords_language_code":"","beyondwords_language_id":"","beyondwords_title_voice_id":"","beyondwords_body_voice_id":"","beyondwords_summary_voice_id":"","beyondwords_error_message":"","beyondwords_disabled":"","beyondwords_delete_content":"","beyondwords_podcast_id":"","beyondwords_hash":"","publish_post_to_speechkit":"","speechkit_hash":"","speechkit_generate_audio":"","speechkit_project_id":"","speechkit_podcast_id":"","speechkit_error_message":"","speechkit_disabled":"","speechkit_access_key":"","speechkit_error":"","speechkit_info":"","speechkit_response":"","speechkit_retries":"","speechkit_status":"","speechkit_updated_at":"","_speechkit_link":"","_speechkit_text":""},"categories":[1],"tags":[815,54,586,1928,2037,967],"class_list":["post-3927","post","type-post","status-publish","format-standard","hentry","category-americana","tag-demokratia","tag-diplomatia","tag-donald-trump","tag-kim-jong-un","tag-singapore","tag-tapaaminen"],"om_views":null,"acf":{"tuuma_off":false,"tuuma_kysymys":"","tuuma_vastaus":""},"asauth":{"required_access_level":1,"share_token":"","is_paid":false},"yoast_head":"<!-- This site is optimized with the Yoast SEO plugin v26.4 - https:\/\/yoast.com\/wordpress\/plugins\/seo\/ -->\n<title>Pohjois-Korea hassutti Trumpin \u2013 Nyt on Euroopan vuoro kantaa demokratian soihtua - Americana<\/title>\n<meta name=\"robots\" content=\"noindex, follow\" \/>\n<meta property=\"og:locale\" content=\"fi_FI\" \/>\n<meta property=\"og:type\" content=\"article\" \/>\n<meta property=\"og:title\" content=\"Pohjois-Korea hassutti Trumpin \u2013 Nyt on Euroopan vuoro kantaa demokratian soihtua - Americana\" \/>\n<meta property=\"og:description\" content=\"Tapaaminen nosti Jong-unin profiilia ja antoi Pohjois-Korealle sen hinkuamaa kansainv\u00e4list\u00e4 tunnustusta suurvaltana.\" \/>\n<meta property=\"og:url\" content=\"https:\/\/suomenkuvalehti.fi\/americana\/pohjois-korea-hassutti-trumpin-nyt-on-euroopan-vuoro-kantaa-demokratian-soihtua\/\" \/>\n<meta property=\"og:site_name\" content=\"Americana\" \/>\n<meta property=\"article:published_time\" content=\"2018-06-14T14:21:15+00:00\" \/>\n<meta property=\"og:image\" content=\"https:\/\/suomenkuvalehti.fi\/americana\/wp-content\/uploads\/sites\/10\/2022\/04\/americana_maunula-scaled.jpg\" \/>\n\t<meta property=\"og:image:width\" content=\"2560\" \/>\n\t<meta property=\"og:image:height\" content=\"1706\" \/>\n\t<meta property=\"og:image:type\" content=\"image\/jpeg\" \/>\n<meta name=\"author\" content=\"Marko Maunula\" \/>\n<meta name=\"twitter:card\" content=\"summary_large_image\" \/>\n<meta name=\"twitter:label1\" content=\"Written by\" \/>\n\t<meta name=\"twitter:data1\" content=\"Marko Maunula\" \/>\n\t<meta name=\"twitter:label2\" content=\"Est. reading time\" \/>\n\t<meta name=\"twitter:data2\" content=\"2 minuuttia\" \/>\n<script type=\"application\/ld+json\" class=\"yoast-schema-graph\">{\"@context\":\"https:\/\/schema.org\",\"@graph\":[{\"@type\":\"WebPage\",\"@id\":\"https:\/\/suomenkuvalehti.fi\/americana\/pohjois-korea-hassutti-trumpin-nyt-on-euroopan-vuoro-kantaa-demokratian-soihtua\/\",\"url\":\"https:\/\/suomenkuvalehti.fi\/americana\/pohjois-korea-hassutti-trumpin-nyt-on-euroopan-vuoro-kantaa-demokratian-soihtua\/\",\"name\":\"Pohjois-Korea hassutti Trumpin \u2013 Nyt on Euroopan vuoro kantaa demokratian soihtua - Americana\",\"isPartOf\":{\"@id\":\"https:\/\/suomenkuvalehti.fi\/americana\/#website\"},\"datePublished\":\"2018-06-14T14:21:15+00:00\",\"author\":{\"@id\":\"https:\/\/suomenkuvalehti.fi\/americana\/#\/schema\/person\/12d514491cb37506bc39c8e10176c3ec\"},\"breadcrumb\":{\"@id\":\"https:\/\/suomenkuvalehti.fi\/americana\/pohjois-korea-hassutti-trumpin-nyt-on-euroopan-vuoro-kantaa-demokratian-soihtua\/#breadcrumb\"},\"inLanguage\":\"fi\",\"potentialAction\":[{\"@type\":\"ReadAction\",\"target\":[\"https:\/\/suomenkuvalehti.fi\/americana\/pohjois-korea-hassutti-trumpin-nyt-on-euroopan-vuoro-kantaa-demokratian-soihtua\/\"]}]},{\"@type\":\"BreadcrumbList\",\"@id\":\"https:\/\/suomenkuvalehti.fi\/americana\/pohjois-korea-hassutti-trumpin-nyt-on-euroopan-vuoro-kantaa-demokratian-soihtua\/#breadcrumb\",\"itemListElement\":[{\"@type\":\"ListItem\",\"position\":1,\"name\":\"Home\",\"item\":\"https:\/\/suomenkuvalehti.fi\/americana\/\"},{\"@type\":\"ListItem\",\"position\":2,\"name\":\"Pohjois-Korea hassutti Trumpin \u2013 Nyt on Euroopan vuoro kantaa demokratian soihtua\"}]},{\"@type\":\"WebSite\",\"@id\":\"https:\/\/suomenkuvalehti.fi\/americana\/#website\",\"url\":\"https:\/\/suomenkuvalehti.fi\/americana\/\",\"name\":\"Americana\",\"description\":\"Professori Marko Maunula seuraa USA:n politiikkaa ja populaarikulttuuria\",\"potentialAction\":[{\"@type\":\"SearchAction\",\"target\":{\"@type\":\"EntryPoint\",\"urlTemplate\":\"https:\/\/suomenkuvalehti.fi\/haku\/?q={search_term_string}\"},\"query-input\":{\"@type\":\"PropertyValueSpecification\",\"valueRequired\":true,\"valueName\":\"search_term_string\"}}],\"inLanguage\":\"fi\"},{\"@type\":\"Person\",\"@id\":\"https:\/\/suomenkuvalehti.fi\/americana\/#\/schema\/person\/12d514491cb37506bc39c8e10176c3ec\",\"name\":\"Marko Maunula\",\"image\":{\"@type\":\"ImageObject\",\"inLanguage\":\"fi\",\"@id\":\"https:\/\/suomenkuvalehti.fi\/americana\/#\/schema\/person\/image\/\",\"url\":\"https:\/\/suomenkuvalehti.fi\/americana\/wp-content\/uploads\/sites\/10\/2022\/04\/americana_maunula-150x150.jpg\",\"contentUrl\":\"https:\/\/suomenkuvalehti.fi\/americana\/wp-content\/uploads\/sites\/10\/2022\/04\/americana_maunula-150x150.jpg\",\"caption\":\"Marko Maunula\"},\"description\":\"Kirjoittaja on Yhdysvaltain historian professori Atlantassa.\"}]}<\/script>\n<!-- \/ Yoast SEO plugin. -->","yoast_head_json":{"title":"Pohjois-Korea hassutti Trumpin \u2013 Nyt on Euroopan vuoro kantaa demokratian soihtua - Americana","robots":{"index":"noindex","follow":"follow"},"og_locale":"fi_FI","og_type":"article","og_title":"Pohjois-Korea hassutti Trumpin \u2013 Nyt on Euroopan vuoro kantaa demokratian soihtua - Americana","og_description":"Tapaaminen nosti Jong-unin profiilia ja antoi Pohjois-Korealle sen hinkuamaa kansainv\u00e4list\u00e4 tunnustusta suurvaltana.","og_url":"https:\/\/suomenkuvalehti.fi\/americana\/pohjois-korea-hassutti-trumpin-nyt-on-euroopan-vuoro-kantaa-demokratian-soihtua\/","og_site_name":"Americana","article_published_time":"2018-06-14T14:21:15+00:00","og_image":[{"width":2560,"height":1706,"url":"https:\/\/suomenkuvalehti.fi\/americana\/wp-content\/uploads\/sites\/10\/2022\/04\/americana_maunula-scaled.jpg","type":"image\/jpeg"}],"author":"Marko Maunula","twitter_card":"summary_large_image","twitter_misc":{"Written by":"Marko Maunula","Est. reading time":"2 minuuttia"},"schema":{"@context":"https:\/\/schema.org","@graph":[{"@type":"WebPage","@id":"https:\/\/suomenkuvalehti.fi\/americana\/pohjois-korea-hassutti-trumpin-nyt-on-euroopan-vuoro-kantaa-demokratian-soihtua\/","url":"https:\/\/suomenkuvalehti.fi\/americana\/pohjois-korea-hassutti-trumpin-nyt-on-euroopan-vuoro-kantaa-demokratian-soihtua\/","name":"Pohjois-Korea hassutti Trumpin \u2013 Nyt on Euroopan vuoro kantaa demokratian soihtua - Americana","isPartOf":{"@id":"https:\/\/suomenkuvalehti.fi\/americana\/#website"},"datePublished":"2018-06-14T14:21:15+00:00","author":{"@id":"https:\/\/suomenkuvalehti.fi\/americana\/#\/schema\/person\/12d514491cb37506bc39c8e10176c3ec"},"breadcrumb":{"@id":"https:\/\/suomenkuvalehti.fi\/americana\/pohjois-korea-hassutti-trumpin-nyt-on-euroopan-vuoro-kantaa-demokratian-soihtua\/#breadcrumb"},"inLanguage":"fi","potentialAction":[{"@type":"ReadAction","target":["https:\/\/suomenkuvalehti.fi\/americana\/pohjois-korea-hassutti-trumpin-nyt-on-euroopan-vuoro-kantaa-demokratian-soihtua\/"]}]},{"@type":"BreadcrumbList","@id":"https:\/\/suomenkuvalehti.fi\/americana\/pohjois-korea-hassutti-trumpin-nyt-on-euroopan-vuoro-kantaa-demokratian-soihtua\/#breadcrumb","itemListElement":[{"@type":"ListItem","position":1,"name":"Home","item":"https:\/\/suomenkuvalehti.fi\/americana\/"},{"@type":"ListItem","position":2,"name":"Pohjois-Korea hassutti Trumpin \u2013 Nyt on Euroopan vuoro kantaa demokratian soihtua"}]},{"@type":"WebSite","@id":"https:\/\/suomenkuvalehti.fi\/americana\/#website","url":"https:\/\/suomenkuvalehti.fi\/americana\/","name":"Americana","description":"Professori Marko Maunula seuraa USA:n politiikkaa ja populaarikulttuuria","potentialAction":[{"@type":"SearchAction","target":{"@type":"EntryPoint","urlTemplate":"https:\/\/suomenkuvalehti.fi\/haku\/?q={search_term_string}"},"query-input":{"@type":"PropertyValueSpecification","valueRequired":true,"valueName":"search_term_string"}}],"inLanguage":"fi"},{"@type":"Person","@id":"https:\/\/suomenkuvalehti.fi\/americana\/#\/schema\/person\/12d514491cb37506bc39c8e10176c3ec","name":"Marko Maunula","image":{"@type":"ImageObject","inLanguage":"fi","@id":"https:\/\/suomenkuvalehti.fi\/americana\/#\/schema\/person\/image\/","url":"https:\/\/suomenkuvalehti.fi\/americana\/wp-content\/uploads\/sites\/10\/2022\/04\/americana_maunula-150x150.jpg","contentUrl":"https:\/\/suomenkuvalehti.fi\/americana\/wp-content\/uploads\/sites\/10\/2022\/04\/americana_maunula-150x150.jpg","caption":"Marko Maunula"},"description":"Kirjoittaja on Yhdysvaltain historian professori Atlantassa."}]}},"_links":{"self":[{"href":"https:\/\/suomenkuvalehti.fi\/americana\/wp-json\/wp\/v2\/posts\/3927","targetHints":{"allow":["GET"]}}],"collection":[{"href":"https:\/\/suomenkuvalehti.fi\/americana\/wp-json\/wp\/v2\/posts"}],"about":[{"href":"https:\/\/suomenkuvalehti.fi\/americana\/wp-json\/wp\/v2\/types\/post"}],"author":[{"embeddable":true,"href":"https:\/\/suomenkuvalehti.fi\/americana\/wp-json\/wp\/v2\/users\/158"}],"replies":[{"embeddable":true,"href":"https:\/\/suomenkuvalehti.fi\/americana\/wp-json\/wp\/v2\/comments?post=3927"}],"version-history":[{"count":4,"href":"https:\/\/suomenkuvalehti.fi\/americana\/wp-json\/wp\/v2\/posts\/3927\/revisions"}],"predecessor-version":[{"id":3934,"href":"https:\/\/suomenkuvalehti.fi\/americana\/wp-json\/wp\/v2\/posts\/3927\/revisions\/3934"}],"wp:attachment":[{"href":"https:\/\/suomenkuvalehti.fi\/americana\/wp-json\/wp\/v2\/media?parent=3927"}],"wp:term":[{"taxonomy":"category","embeddable":true,"href":"https:\/\/suomenkuvalehti.fi\/americana\/wp-json\/wp\/v2\/categories?post=3927"},{"taxonomy":"post_tag","embeddable":true,"href":"https:\/\/suomenkuvalehti.fi\/americana\/wp-json\/wp\/v2\/tags?post=3927"}],"curies":[{"name":"wp","href":"https:\/\/api.w.org\/{rel}","templated":true}]}}