{"id":3918,"date":"2018-06-08T15:24:27","date_gmt":"2018-06-08T12:24:27","guid":{"rendered":"https:\/\/suomenkuvalehti.fi\/americana\/?p=3918"},"modified":"2018-06-08T15:24:27","modified_gmt":"2018-06-08T12:24:27","slug":"vauras-keskiluokka-on-uusi-aristokratia-onko-se-tuhoamassa-amerikkalaista-unelmaa","status":"publish","type":"post","link":"https:\/\/suomenkuvalehti.fi\/americana\/vauras-keskiluokka-on-uusi-aristokratia-onko-se-tuhoamassa-amerikkalaista-unelmaa\/","title":{"rendered":"Vauras keskiluokka on uusi aristokratia \u2013 Onko se tuhoamassa amerikkalaista unelmaa?"},"content":{"rendered":"\n<p><span class=\"capitalized\">Kaksi<\/span> mielenkiintoista tuoretta kirjoitusta kehoittavat keskiluokkaa katsomaan peiliin.<\/p>\n\n\n\n<p>N\u00e4enn\u00e4isesti suvaitsevainen, meritokraattinen, demokraattinen ja tiedostava yhteiskuntaluokka on kirjoittajien mukaan rapauttamassa amerikkalaista sosioekonomista liikkuvuutta ja rikkomassa amerikkalaisen yhteiskunnan koheesion.<\/p>\n\n\n\n<p><strong>Matthew Stewart<\/strong> kirjoitti <em>The Atlanticissa<\/em> mittavan ja kriittisen <a href=\"https:\/\/www.theatlantic.com\/magazine\/archive\/2018\/06\/the-birth-of-a-new-american-aristocracy\/559130\/\">artikkelin 9,9 prosentin aristokratiasta<\/a>.<\/p>\n\n\n\n<p>H\u00e4nen mukaansa keskittyminen superrikkaiden rooliin amerikkalaisen yhteiskunnan taloudellisessa ep\u00e4tasapainossa ja kansakunnan jakaantumisessa on harhaanjohtavaa.<\/p>\n\n\n\n<p>Rikkain 0,1 prosenttia amerikkalaisista, eli noin 160 000 perhett\u00e4, omistaa saman verran vaurautta kuin 90 prosenttia k\u00f6yhimmist\u00e4 amerikkalaisista yhteens\u00e4. Superrikkaiden luokka on usein poliittisen keskustelun syntis\u00e4kki, amerikkalaisen tasa-arvon rapautumisen symboli.<\/p>\n\n\n\n<p>Stewart kehoittaa meit\u00e4 katsomaan tarkemmin j\u00e4ljellej\u00e4\u00e4v\u00e4\u00e4 9,9 prosenttia amerikkalaisista. T\u00e4m\u00e4 ryhm\u00e4 on h\u00e4nen mukaansa isossa vastuussa amerikkalaisen yhteiskunnan sosioekonomisista ongelmista.<\/p>\n\n\n\n<p>&nbsp;<\/p>\n\n\n\n<p><span class=\"capitalized\">Amerikkalaisen<\/span> yhteiskunnan hidastunut taloudellinen liikkuvuus on tosiasia. Yhteiskunta on my\u00f6s kulturaalisesti jakautunut urbaaniin, koulutettuun keskiluokkaan ja maaseudun sek\u00e4 ty\u00f6v\u00e4enluokkaisten l\u00e4hi\u00f6iden duunareihin.<\/p>\n\n\n\n<p>Ryhmittym\u00e4t eiv\u00e4t juurikaan keskustele. Kulturaaliset ja taloudelliset jakolinjat ovat syv\u00e4t sek\u00e4 leve\u00e4t. Stewartin 9,9 prosenttia uskoo edustavansa meritokratiaa ja rakentavansa siltoja jakolinjojen yli, mutta se l\u00e4hinn\u00e4 valehtelee itselleen.<\/p>\n\n\n\n<p>Uusi aristokratia laittaa lapsensa parhaisiin yleisiin tai yksityisiin kouluihin, joista eteneminen huippuluokan yliopistoihin on huomattavasti helpompaa. Se my\u00f6s on luonut itselleen hyv\u00e4 veli -verkoston, jossa yst\u00e4vyyssuhteet ja yhteiskuntaluokan sanaton solidaarisuus palvelee ryhm\u00e4n etuja.<\/p>\n\n\n\n<p>Indikaattorit osoittavat 9,9 prosentin olevan paitsi vauraampia ja paremmin koulutettuja, mutta terveempi\u00e4, onnellisempia, el\u00e4v\u00e4n paremmissa parisuhteissa ja tyytyv\u00e4isempi\u00e4 ty\u00f6h\u00f6ns\u00e4.<\/p>\n\n\n\n<p>Ryhmittym\u00e4 hyv\u00e4ksyy uusia j\u00e4seni\u00e4, ja se juhlii riveihins\u00e4 nousevia afroamerikkalaisia, muita v\u00e4hemmist\u00f6j\u00e4, ja kovalla ty\u00f6ll\u00e4 edistyneit\u00e4 k\u00f6yhien kotien kasvatteja, mutta n\u00e4m\u00e4 ovat silti poikkeuksia.<\/p>\n\n\n\n<blockquote class=\"wp-block-quote\"><p>Keskustelemme lastemme akateemisesta menestyksest\u00e4, lomamatkoista eksoottisiin paikkoihin, hyvist\u00e4 viineist\u00e4 ja tuoreista kirjoista ja elokuvista.<\/p><\/blockquote>\n\n\n\n<p><span class=\"capitalized\">Stewartin<\/span> v\u00e4itteet on helppo allekirjoittaa. N\u00e4en sen vaikutukset omassa el\u00e4m\u00e4npiiriss\u00e4ni p\u00e4ivitt\u00e4in.<\/p>\n\n\n\n<p>En kuulu taloudellisesti 9,9 prosenttiin, mutta kulturaalisesti olen sen j\u00e4sen.<\/p>\n\n\n\n<p>Amerikkalainen yst\u00e4v\u00e4piirimme on poliittisesti, etnisesti, seksuaalisesti ja uskonnollisesti kirjava, mutta suhteeton osa meist\u00e4 on korkeasti koulutettuja ja meritokratian nimiin vannovia individualisteja.<\/p>\n\n\n\n<p>Me tapaamme toisiamme kivoissa ravintoloissa tai toistemme kotona, keskustellen lastemme akateemisesta menestyksest\u00e4, lomamatkoista eksoottisiin paikkoihin, hyvist\u00e4 viineist\u00e4 ja tuoreista kirjoista ja elokuvista.<\/p>\n\n\n\n<p>Poliittisesta suuntautumisesta riippumatta me uskomme olevamme esimerkkej\u00e4 meritokratian, ter\u00e4vien hoksottimien ja kovan ty\u00f6n synnytt\u00e4m\u00e4st\u00e4 menestyksest\u00e4. Kaveripiirimme republikaanit ja demokraatit molemmat my\u00f6nt\u00e4v\u00e4t taloudellisen liikkuvuuden ongelmat, mutta emme useinkaan ole kiinnostuneet ratkaisuista kuin illallisp\u00f6ytien teoreettisella tasolla.<\/p>\n\n\n\n<p>Meid\u00e4n enemmist\u00f6mme kasvoi turvallisissa keskiluokkaisissa perheiss\u00e4, ja useimmat ovat kyenneet antamaan lapsilleen saman kasvuymp\u00e4rist\u00f6n. Me haluamme antaa kaikille amerikkalaisille mahdollisuuden samaan, mutta emme ole valmiita tekem\u00e4\u00e4n sen puolesta juurikaan muuta kuin \u00e4\u00e4nest\u00e4m\u00e4\u00e4n tai antamaan satunnaisia lahjoituksia v\u00e4h\u00e4varaisille.<\/p>\n\n\n\n<p>&nbsp;<\/p>\n\n\n\n<p><span class=\"capitalized\">Me<\/span> olemme valtaosin hyvi\u00e4 ihmisi\u00e4, hyvien arvojen kera. Mutta me olemme sis\u00e4ist\u00e4neet modernin l\u00e4nsimaisen individualismin niin voimakkaasti, ettemme aina n\u00e4e sen yhteiskunnallisesti rapauttavaa vaikutusta.<\/p>\n\n\n\n<p><strong>David Brooks<\/strong> kirjoittaa aiheesta <em>New York Timesissa<\/em> otsikolla \u201d<a href=\"https:\/\/www.nytimes.com\/2018\/05\/28\/opinion\/failure-educated-elite.html\">The Strange Failure of the Educated Elite&#8221;<\/a>.<\/p>\n\n\n\n<p>Koulutetut eliitit eiv\u00e4t ole kyenneet ohjaamaan yhteiskuntaa aina ja kaikkialla parempaan suuntaan. Vaikka naisten, rodullisten ja seksuaalisten v\u00e4hemmist\u00f6jen, ymp\u00e4rist\u00f6tietoisuuden ja monen muun hyv\u00e4n asian suhteen edistys on kiistatonta, yhteiskuntasopimuksen perusteet ovat murenemassa, poliittinen j\u00e4rjestelm\u00e4 konttaa kohti halvausta, ja monet yhteis\u00f6j\u00e4 koossapit\u00e4vist\u00e4 instituutioista ovat menett\u00e4neet merkityksens\u00e4.<\/p>\n\n\n\n<p>Pohjimmiltaan kyse on liioitellusta uskosta \u00e4lykkyyteen ja individualismiin, yhteiskunnallisten instituutioiden kustannuksella. Seurakunnat, hyv\u00e4ntekev\u00e4isyysj\u00e4rjest\u00f6t, naapurustoj\u00e4rjest\u00f6t, ja poliittiset puolueet ovat h\u00e4vinneet atomistiselle individualismille \u2013 niin oikealla kuin vasemmallakin.<\/p>\n\n\n\n<p>Molemmat kirjoittajat esitt\u00e4v\u00e4t vakavan ja t\u00e4rke\u00e4n haasteen meritokraattiselle ja hyviin asioihin uskovalle keskiluokalle. Meid\u00e4n, itseens\u00e4 ja el\u00e4m\u00e4\u00e4nsa tyytyv\u00e4isen ryhmittym\u00e4n, on syyt\u00e4 katsoa peiliin. Muuten me katsomme metaforisen vallankumouksen alkua plasma-televisioistamme, hyv\u00e4n seurustelu-illallisen p\u00e4\u00e4tteeksi.<\/p>\n\n\n\n<p>&nbsp;<\/p>\n\n\n\n<p><em>Soundtrack: Bruce Springsteen, Darkness on the Edge of Town. <\/em><\/p>\n\n\n<p><iframe loading=\"lazy\" width=\"472\" height=\"354\" src=\"https:\/\/www.youtube.com\/embed\/kg0ekQBmzKs?feature=oembed\" frameborder=\"0\" allow=\"autoplay; encrypted-media\" allowfullscreen><\/iframe><\/p>\n","protected":false},"excerpt":{"rendered":"<p>Kansasta 9,9 prosenttia uskoo rakentavansa siltoja jakolinjojen yli, mutta se l\u00e4hinn\u00e4 valehtelee itselleen.<\/p>\n","protected":false},"author":158,"featured_media":0,"comment_status":"open","ping_status":"open","sticky":false,"template":"","format":"standard","meta":{"_acf_changed":false,"asauth_required_access_level":3,"asauth_cansharepaid":"true","om_header_attributes":[],"footnotes":"","om_featured_image_focal_point":[],"om_primary_tag":0,"om_contributors":[],"om_co_authors":[],"beyondwords_generate_audio":"","beyondwords_project_id":"","beyondwords_content_id":"","beyondwords_preview_token":"","beyondwords_player_content":"","beyondwords_player_style":"","beyondwords_language_code":"","beyondwords_language_id":"","beyondwords_title_voice_id":"","beyondwords_body_voice_id":"","beyondwords_summary_voice_id":"","beyondwords_error_message":"","beyondwords_disabled":"","beyondwords_delete_content":"","beyondwords_podcast_id":"","beyondwords_hash":"","publish_post_to_speechkit":"","speechkit_hash":"","speechkit_generate_audio":"","speechkit_project_id":"","speechkit_podcast_id":"","speechkit_error_message":"","speechkit_disabled":"","speechkit_access_key":"","speechkit_error":"","speechkit_info":"","speechkit_response":"","speechkit_retries":"","speechkit_status":"","speechkit_updated_at":"","_speechkit_link":"","_speechkit_text":""},"categories":[1],"tags":[2034,2036,746,2035,66,130,47],"class_list":["post-3918","post","type-post","status-publish","format-standard","hentry","category-americana","tag-amerikkalainen-unelma","tag-jakautuminen","tag-keskiluokka","tag-liikkuvuus","tag-new-york-times","tag-talous","tag-the-atlantic"],"om_views":null,"acf":{"tuuma_off":false,"tuuma_kysymys":"","tuuma_vastaus":""},"asauth":{"required_access_level":1,"share_token":"","is_paid":false},"yoast_head":"<!-- This site is optimized with the Yoast SEO plugin v26.4 - https:\/\/yoast.com\/wordpress\/plugins\/seo\/ -->\n<title>Vauras keskiluokka on uusi aristokratia \u2013 Onko se tuhoamassa amerikkalaista unelmaa? - Americana<\/title>\n<meta name=\"robots\" content=\"noindex, follow\" \/>\n<meta property=\"og:locale\" content=\"fi_FI\" \/>\n<meta property=\"og:type\" content=\"article\" \/>\n<meta property=\"og:title\" content=\"Vauras keskiluokka on uusi aristokratia \u2013 Onko se tuhoamassa amerikkalaista unelmaa? - Americana\" \/>\n<meta property=\"og:description\" content=\"Kansasta 9,9 prosenttia uskoo rakentavansa siltoja jakolinjojen yli, mutta se l\u00e4hinn\u00e4 valehtelee itselleen.\" \/>\n<meta property=\"og:url\" content=\"https:\/\/suomenkuvalehti.fi\/americana\/vauras-keskiluokka-on-uusi-aristokratia-onko-se-tuhoamassa-amerikkalaista-unelmaa\/\" \/>\n<meta property=\"og:site_name\" content=\"Americana\" \/>\n<meta property=\"article:published_time\" content=\"2018-06-08T12:24:27+00:00\" \/>\n<meta property=\"og:image\" content=\"https:\/\/suomenkuvalehti.fi\/americana\/wp-content\/uploads\/sites\/10\/2022\/04\/americana_maunula-scaled.jpg\" \/>\n\t<meta property=\"og:image:width\" content=\"2560\" \/>\n\t<meta property=\"og:image:height\" content=\"1706\" \/>\n\t<meta property=\"og:image:type\" content=\"image\/jpeg\" \/>\n<meta name=\"author\" content=\"Marko Maunula\" \/>\n<meta name=\"twitter:card\" content=\"summary_large_image\" \/>\n<meta name=\"twitter:label1\" content=\"Written by\" \/>\n\t<meta name=\"twitter:data1\" content=\"Marko Maunula\" \/>\n\t<meta name=\"twitter:label2\" content=\"Est. reading time\" \/>\n\t<meta name=\"twitter:data2\" content=\"3 minuuttia\" \/>\n<script type=\"application\/ld+json\" class=\"yoast-schema-graph\">{\"@context\":\"https:\/\/schema.org\",\"@graph\":[{\"@type\":\"WebPage\",\"@id\":\"https:\/\/suomenkuvalehti.fi\/americana\/vauras-keskiluokka-on-uusi-aristokratia-onko-se-tuhoamassa-amerikkalaista-unelmaa\/\",\"url\":\"https:\/\/suomenkuvalehti.fi\/americana\/vauras-keskiluokka-on-uusi-aristokratia-onko-se-tuhoamassa-amerikkalaista-unelmaa\/\",\"name\":\"Vauras keskiluokka on uusi aristokratia \u2013 Onko se tuhoamassa amerikkalaista unelmaa? - Americana\",\"isPartOf\":{\"@id\":\"https:\/\/suomenkuvalehti.fi\/americana\/#website\"},\"datePublished\":\"2018-06-08T12:24:27+00:00\",\"author\":{\"@id\":\"https:\/\/suomenkuvalehti.fi\/americana\/#\/schema\/person\/12d514491cb37506bc39c8e10176c3ec\"},\"breadcrumb\":{\"@id\":\"https:\/\/suomenkuvalehti.fi\/americana\/vauras-keskiluokka-on-uusi-aristokratia-onko-se-tuhoamassa-amerikkalaista-unelmaa\/#breadcrumb\"},\"inLanguage\":\"fi\",\"potentialAction\":[{\"@type\":\"ReadAction\",\"target\":[\"https:\/\/suomenkuvalehti.fi\/americana\/vauras-keskiluokka-on-uusi-aristokratia-onko-se-tuhoamassa-amerikkalaista-unelmaa\/\"]}]},{\"@type\":\"BreadcrumbList\",\"@id\":\"https:\/\/suomenkuvalehti.fi\/americana\/vauras-keskiluokka-on-uusi-aristokratia-onko-se-tuhoamassa-amerikkalaista-unelmaa\/#breadcrumb\",\"itemListElement\":[{\"@type\":\"ListItem\",\"position\":1,\"name\":\"Home\",\"item\":\"https:\/\/suomenkuvalehti.fi\/americana\/\"},{\"@type\":\"ListItem\",\"position\":2,\"name\":\"Vauras keskiluokka on uusi aristokratia \u2013 Onko se tuhoamassa amerikkalaista unelmaa?\"}]},{\"@type\":\"WebSite\",\"@id\":\"https:\/\/suomenkuvalehti.fi\/americana\/#website\",\"url\":\"https:\/\/suomenkuvalehti.fi\/americana\/\",\"name\":\"Americana\",\"description\":\"Professori Marko Maunula seuraa USA:n politiikkaa ja populaarikulttuuria\",\"potentialAction\":[{\"@type\":\"SearchAction\",\"target\":{\"@type\":\"EntryPoint\",\"urlTemplate\":\"https:\/\/suomenkuvalehti.fi\/haku\/?q={search_term_string}\"},\"query-input\":{\"@type\":\"PropertyValueSpecification\",\"valueRequired\":true,\"valueName\":\"search_term_string\"}}],\"inLanguage\":\"fi\"},{\"@type\":\"Person\",\"@id\":\"https:\/\/suomenkuvalehti.fi\/americana\/#\/schema\/person\/12d514491cb37506bc39c8e10176c3ec\",\"name\":\"Marko Maunula\",\"image\":{\"@type\":\"ImageObject\",\"inLanguage\":\"fi\",\"@id\":\"https:\/\/suomenkuvalehti.fi\/americana\/#\/schema\/person\/image\/\",\"url\":\"https:\/\/suomenkuvalehti.fi\/americana\/wp-content\/uploads\/sites\/10\/2022\/04\/americana_maunula-150x150.jpg\",\"contentUrl\":\"https:\/\/suomenkuvalehti.fi\/americana\/wp-content\/uploads\/sites\/10\/2022\/04\/americana_maunula-150x150.jpg\",\"caption\":\"Marko Maunula\"},\"description\":\"Kirjoittaja on Yhdysvaltain historian professori Atlantassa.\"}]}<\/script>\n<!-- \/ Yoast SEO plugin. -->","yoast_head_json":{"title":"Vauras keskiluokka on uusi aristokratia \u2013 Onko se tuhoamassa amerikkalaista unelmaa? - Americana","robots":{"index":"noindex","follow":"follow"},"og_locale":"fi_FI","og_type":"article","og_title":"Vauras keskiluokka on uusi aristokratia \u2013 Onko se tuhoamassa amerikkalaista unelmaa? - Americana","og_description":"Kansasta 9,9 prosenttia uskoo rakentavansa siltoja jakolinjojen yli, mutta se l\u00e4hinn\u00e4 valehtelee itselleen.","og_url":"https:\/\/suomenkuvalehti.fi\/americana\/vauras-keskiluokka-on-uusi-aristokratia-onko-se-tuhoamassa-amerikkalaista-unelmaa\/","og_site_name":"Americana","article_published_time":"2018-06-08T12:24:27+00:00","og_image":[{"width":2560,"height":1706,"url":"https:\/\/suomenkuvalehti.fi\/americana\/wp-content\/uploads\/sites\/10\/2022\/04\/americana_maunula-scaled.jpg","type":"image\/jpeg"}],"author":"Marko Maunula","twitter_card":"summary_large_image","twitter_misc":{"Written by":"Marko Maunula","Est. reading time":"3 minuuttia"},"schema":{"@context":"https:\/\/schema.org","@graph":[{"@type":"WebPage","@id":"https:\/\/suomenkuvalehti.fi\/americana\/vauras-keskiluokka-on-uusi-aristokratia-onko-se-tuhoamassa-amerikkalaista-unelmaa\/","url":"https:\/\/suomenkuvalehti.fi\/americana\/vauras-keskiluokka-on-uusi-aristokratia-onko-se-tuhoamassa-amerikkalaista-unelmaa\/","name":"Vauras keskiluokka on uusi aristokratia \u2013 Onko se tuhoamassa amerikkalaista unelmaa? - Americana","isPartOf":{"@id":"https:\/\/suomenkuvalehti.fi\/americana\/#website"},"datePublished":"2018-06-08T12:24:27+00:00","author":{"@id":"https:\/\/suomenkuvalehti.fi\/americana\/#\/schema\/person\/12d514491cb37506bc39c8e10176c3ec"},"breadcrumb":{"@id":"https:\/\/suomenkuvalehti.fi\/americana\/vauras-keskiluokka-on-uusi-aristokratia-onko-se-tuhoamassa-amerikkalaista-unelmaa\/#breadcrumb"},"inLanguage":"fi","potentialAction":[{"@type":"ReadAction","target":["https:\/\/suomenkuvalehti.fi\/americana\/vauras-keskiluokka-on-uusi-aristokratia-onko-se-tuhoamassa-amerikkalaista-unelmaa\/"]}]},{"@type":"BreadcrumbList","@id":"https:\/\/suomenkuvalehti.fi\/americana\/vauras-keskiluokka-on-uusi-aristokratia-onko-se-tuhoamassa-amerikkalaista-unelmaa\/#breadcrumb","itemListElement":[{"@type":"ListItem","position":1,"name":"Home","item":"https:\/\/suomenkuvalehti.fi\/americana\/"},{"@type":"ListItem","position":2,"name":"Vauras keskiluokka on uusi aristokratia \u2013 Onko se tuhoamassa amerikkalaista unelmaa?"}]},{"@type":"WebSite","@id":"https:\/\/suomenkuvalehti.fi\/americana\/#website","url":"https:\/\/suomenkuvalehti.fi\/americana\/","name":"Americana","description":"Professori Marko Maunula seuraa USA:n politiikkaa ja populaarikulttuuria","potentialAction":[{"@type":"SearchAction","target":{"@type":"EntryPoint","urlTemplate":"https:\/\/suomenkuvalehti.fi\/haku\/?q={search_term_string}"},"query-input":{"@type":"PropertyValueSpecification","valueRequired":true,"valueName":"search_term_string"}}],"inLanguage":"fi"},{"@type":"Person","@id":"https:\/\/suomenkuvalehti.fi\/americana\/#\/schema\/person\/12d514491cb37506bc39c8e10176c3ec","name":"Marko Maunula","image":{"@type":"ImageObject","inLanguage":"fi","@id":"https:\/\/suomenkuvalehti.fi\/americana\/#\/schema\/person\/image\/","url":"https:\/\/suomenkuvalehti.fi\/americana\/wp-content\/uploads\/sites\/10\/2022\/04\/americana_maunula-150x150.jpg","contentUrl":"https:\/\/suomenkuvalehti.fi\/americana\/wp-content\/uploads\/sites\/10\/2022\/04\/americana_maunula-150x150.jpg","caption":"Marko Maunula"},"description":"Kirjoittaja on Yhdysvaltain historian professori Atlantassa."}]}},"_links":{"self":[{"href":"https:\/\/suomenkuvalehti.fi\/americana\/wp-json\/wp\/v2\/posts\/3918","targetHints":{"allow":["GET"]}}],"collection":[{"href":"https:\/\/suomenkuvalehti.fi\/americana\/wp-json\/wp\/v2\/posts"}],"about":[{"href":"https:\/\/suomenkuvalehti.fi\/americana\/wp-json\/wp\/v2\/types\/post"}],"author":[{"embeddable":true,"href":"https:\/\/suomenkuvalehti.fi\/americana\/wp-json\/wp\/v2\/users\/158"}],"replies":[{"embeddable":true,"href":"https:\/\/suomenkuvalehti.fi\/americana\/wp-json\/wp\/v2\/comments?post=3918"}],"version-history":[{"count":7,"href":"https:\/\/suomenkuvalehti.fi\/americana\/wp-json\/wp\/v2\/posts\/3918\/revisions"}],"predecessor-version":[{"id":3926,"href":"https:\/\/suomenkuvalehti.fi\/americana\/wp-json\/wp\/v2\/posts\/3918\/revisions\/3926"}],"wp:attachment":[{"href":"https:\/\/suomenkuvalehti.fi\/americana\/wp-json\/wp\/v2\/media?parent=3918"}],"wp:term":[{"taxonomy":"category","embeddable":true,"href":"https:\/\/suomenkuvalehti.fi\/americana\/wp-json\/wp\/v2\/categories?post=3918"},{"taxonomy":"post_tag","embeddable":true,"href":"https:\/\/suomenkuvalehti.fi\/americana\/wp-json\/wp\/v2\/tags?post=3918"}],"curies":[{"name":"wp","href":"https:\/\/api.w.org\/{rel}","templated":true}]}}