{"id":3566,"date":"2017-10-10T11:11:53","date_gmt":"2017-10-10T08:11:53","guid":{"rendered":"https:\/\/suomenkuvalehti.fi\/americana\/?p=3566"},"modified":"2017-10-10T11:25:56","modified_gmt":"2017-10-10T08:25:56","slug":"oman-puolueen-senaattori-haukkuu-trumpin-presidentin-holtittomuus-voi-johtaa-maailmansotaan","status":"publish","type":"post","link":"https:\/\/suomenkuvalehti.fi\/americana\/oman-puolueen-senaattori-haukkuu-trumpin-presidentin-holtittomuus-voi-johtaa-maailmansotaan\/","title":{"rendered":"Oman puolueen senaattori haukkuu Trumpin \u2013 Presidentin holtittomuus voi johtaa maailmansotaan"},"content":{"rendered":"\n<p>Tennesseen republikaanisenaattori <strong>Bob Corkerin<\/strong>&nbsp;ja presidentti <strong>Donald Trumpin<\/strong> julkinen riita kiteytt\u00e4\u00e4 Washingtonin t\u00e4m\u00e4n hetkisen halvauksen.<\/p>\n\n\n\n<p>Aiemmin Corker oli yksi ensimm\u00e4isist\u00e4 Trumpin julkisista tukijoista. Kun republikaanien johto viel\u00e4 piti et\u00e4isyytt\u00e4 Trumpiin, ulkopolitiikasta kiinnostunut Corker kehui Trumpin ulkopoliittisia linjanvetoja ja uskoi ehdokkaan kykenev\u00e4n oppimaan kansainv\u00e4lisen kent\u00e4n kiemurat.<\/p>\n\n\n\n<p>Trumpin vaalivoiton j\u00e4lkeen Corkerin nimi oli hetken esill\u00e4 ulkoministerispekulaatioissa. Lopulta virka meni kuitenkin Corkerin kanssa hyviss\u00e4 v\u00e4leiss\u00e4 olevalle&nbsp;<strong>Rex Tillersonille<\/strong>.&nbsp;<\/p>\n\n\n\n<p>Corker vaikutti olevan tyytyv\u00e4inen rooliinsa senaattorina.<\/p>\n\n\n\n<p>&nbsp;<\/p>\n\n\n\n<p><span class=\"capitalized\">Viime<\/span> kuukausina Corker on kuitenkin k\u00e4\u00e4ntynyt Trumpia vastaan \u2013 ensin varovasti, mutta viime aikoina yh\u00e4 k\u00e4rkev\u00e4mmin.<\/p>\n\n\n\n<p>Hiljattain Corker ilmoitti vet\u00e4ytyv\u00e4ns\u00e4 politiikasta kuluvan vaalikauden j\u00e4lkeen. H\u00e4nen ei siis en\u00e4\u00e4 tarvitse piitata uransa jatkosta. Kritiikki\u00e4 voi tuoda esiin vapaasti.<\/p>\n\n\n\n<p>Corker on haukkunut Trumpin Valkoiseen taloon luomaa hallintokulttuuria. H\u00e4n on kyseenalaistanut, kykeneek\u00f6 presidentti hitaaseen ja pitk\u00e4j\u00e4nteiseen ty\u00f6h\u00f6n, jota varsinkin diplomatia edelytt\u00e4\u00e4.<\/p>\n\n\n\n<p>Corker vaikuttaa turhautuneen erityisesti siihen, ett\u00e4 Trump on toistuvasti kyseenalaistanut yhdysvaltalaisdiplomaattien ja ulkoministeri Tillersonin ty\u00f6n.<\/p>\n\n\n\n<p>Lokakuun ensimm\u00e4isell\u00e4 viikolla Corker kuvasi Tillersonia, valkoisen talon kansliap\u00e4\u00e4llikk\u00f6&nbsp;<strong>John Kelly\u00e4<\/strong> ja puolustusministeri <strong>Jim Mattisia <\/strong><a href=\"https:\/\/www.washingtonpost.com\/news\/the-fix\/wp\/2017\/10\/04\/sen-bob-corkers-extraordinarily-dim-portrayal-of-the-trump-administration\/?utm_term=.7a8bda21fafd\" target=\"_blank\" rel=\"noopener\">turvaksi kaaosta vastaan<\/a>.<\/p>\n\n\n\n<p>Kaaos oli presidentti Trump.<\/p>\n\n\n\n<blockquote class=\"wp-block-quote\">\n<p>Trump hy\u00f6kk\u00e4si Twitteriss\u00e4.<\/p>\n<\/blockquote>\n\n\n\n<p><span class=\"capitalized\">Tavoilleen<\/span> uskollisena presidentti Trump vastasi <a href=\"http:\/\/www.cnn.com\/2017\/10\/08\/politics\/donald-trump-bob-corker-tweets\/index.html\">hy\u00f6kk\u00e4\u00e4m\u00e4ll\u00e4 Corkeria vastaan Twitteriss\u00e4<\/a>.<\/p>\n\n\n\n<p>Trump v\u00e4itti Corkerin p\u00e4\u00e4t\u00f6ksen vet\u00e4yty\u00e4 politiikasta johtuvan siit\u00e4, ett\u00e4 Trump ei ollut suostunut tukemaan Corkerin uudelleenvalintakampanjaa.&nbsp;Presidentti my\u00f6s syytti Corkeria Iranin ydinsopimuksesta.<\/p>\n\n\n\n<p>Corker vastasi twiitill\u00e4, jossa valitti Valkoisen talon muuttuneen <a href=\"https:\/\/www.nytimes.com\/2017\/10\/09\/us\/politics\/corkers-blast-at-trump-has-other-republicans-nodding-in-agreement.html\">aikuisten ihmisten p\u00e4iv\u00e4kodiksi<\/a>.<\/p>\n\n\n\n<p>Trumpin twiitit h\u00e4n kuittasi sanomalla, ett\u00e4 joku p\u00e4iv\u00e4kodin ty\u00f6ntekij\u00f6ist\u00e4 oli ilmeisesti j\u00e4tt\u00e4nyt ty\u00f6vuoronsa v\u00e4liin. Corker my\u00f6s ihmetteli miksi presidentti toistuvasti sanoo asioita, jotka eiv\u00e4t ole totta.<\/p>\n\n\n\n<p>Corker pit\u00e4\u00e4 Trumpia kyvytt\u00f6m\u00e4n\u00e4 virkaansa. H\u00e4n kertoo tietol\u00e4hteidens\u00e4 kuvanneen, miten Valkoisen talon henkil\u00f6kunta k\u00e4y p\u00e4ivitt\u00e4ist\u00e4 taistelua pit\u00e4\u00e4kseen impulsiivisen presidentin hallinnassa.<\/p>\n\n\n\n<p>Corker sanoo pelk\u00e4\u00e4v\u00e4ns\u00e4 Trumpin holtittomuuden seurauksia. H\u00e4nen mukaansa presidentti, joka johtaa maata kuin tosi-TV ohjelmaa ja uhkailee aikansa kuluksi muita valtioita, voi kykenem\u00e4tt\u00f6myytt\u00e4\u00e4n synnytt\u00e4\u00e4 jopa kolmannen maailmansodan.<\/p>\n\n\n\n<blockquote class=\"wp-block-quote\">\n<p>Corker ei ole ainoa.<\/p>\n<\/blockquote>\n\n\n\n<p><span class=\"capitalized\">Trumpin<\/span> ja Corkerin riitely osoittaa hyvin, miksi Trumpin ajama politiikka ei ole edennyt kongressissa.<\/p>\n\n\n\n<p>Bob Corker on senaatin vaikutusvaltaisen ulkopoliittisen valiokunnan puheenjohtaja. Miten Trump kuvittelee saavansa tahtonsa l\u00e4pi esimerkiksi Iran-sopimuksen suhteen, jos h\u00e4n solvaa julkisesti n\u00e4in arvovaltaisella paikalla istuvaa senaattoria?<\/p>\n\n\n\n<p>Eik\u00e4 Corker ole ainoa.<\/p>\n\n\n\n<p>Lista Trumpin julkisesti kritisoimista ja\/tai haukkumista senaatin keskeisist\u00e4 republikaaneista on pitk\u00e4:&nbsp;<strong>Ted Cruz<\/strong>, <strong>Marco Rubio<\/strong>, <strong>Mitch McConnell<\/strong>, <strong>Lisa Murkowski<\/strong>, <strong>Susan Collins<\/strong>, <strong>Jeff Flake<\/strong>, <strong>John McCain<\/strong> ja <strong>Lindsey Graham.&nbsp;<\/strong>&nbsp;Maalitauluksi on joutunut my\u00f6s Trumpin itsens\u00e4 nimitt\u00e4m\u00e4 oikeusministeri&nbsp;<strong>Jeff Sessions<\/strong>.<\/p>\n\n\n\n<p>&nbsp;<\/p>\n\n\n\n<p><span class=\"capitalized\">Alkaneella<\/span> viikolla Yhdysvaltain mediassa oli tarkoitus keskustella Trumpin maahanmuuttopolitiikasta. Keskustelu on kuitenkin j\u00e4\u00e4nyt Corker\u2013Trump-kiistan varjoon.&nbsp;<\/p>\n\n\n\n<p>Kuten varapresidentti <strong>Mike Pencen<\/strong> sunnuntainen <a href=\"http:\/\/www.cnn.com\/2017\/10\/08\/politics\/vice-president-mike-pence-nfl-protest\/index.html\">tempaus amerikkalaisen jalkapallon ottelussa<\/a> osoitti, Trumpin hallinto on taitava luomaan riitoja ja j\u00e4nnitteit\u00e4, jakamaan amerikkalaisia ja siten hallitsemaan uutisia.<\/p>\n\n\n\n<p>Mutta hallita se ei osaa.<\/p>\n\n\n\n<p>&nbsp;<\/p>\n\n\n\n<p><em>Soundtrack: Wilco, You Are My Face.&nbsp;<\/em><\/p>\n\n\n<p><iframe loading=\"lazy\" width=\"472\" height=\"354\" src=\"https:\/\/www.youtube.com\/embed\/fLe5BtbrHeo?feature=oembed\" frameborder=\"0\" allowfullscreen><\/iframe><\/p>\n","protected":false},"excerpt":{"rendered":"<p>Trumpin hallinto on taitava luomaan riitoja ja j\u00e4nnitteit\u00e4, jakamaan amerikkalaisia ja siten hallitsemaan uutisia.<\/p>\n","protected":false},"author":158,"featured_media":0,"comment_status":"open","ping_status":"open","sticky":false,"template":"","format":"standard","meta":{"_acf_changed":false,"asauth_required_access_level":3,"asauth_cansharepaid":"true","om_header_attributes":[],"footnotes":"","om_featured_image_focal_point":[],"om_primary_tag":0,"om_contributors":[],"om_co_authors":[],"beyondwords_generate_audio":"","beyondwords_project_id":"","beyondwords_content_id":"","beyondwords_preview_token":"","beyondwords_player_content":"","beyondwords_player_style":"","beyondwords_language_code":"","beyondwords_language_id":"","beyondwords_title_voice_id":"","beyondwords_body_voice_id":"","beyondwords_summary_voice_id":"","beyondwords_error_message":"","beyondwords_disabled":"","beyondwords_delete_content":"","beyondwords_podcast_id":"","beyondwords_hash":"","publish_post_to_speechkit":"","speechkit_hash":"","speechkit_generate_audio":"","speechkit_project_id":"","speechkit_podcast_id":"","speechkit_error_message":"","speechkit_disabled":"","speechkit_access_key":"","speechkit_error":"","speechkit_info":"","speechkit_response":"","speechkit_retries":"","speechkit_status":"","speechkit_updated_at":"","_speechkit_link":"","_speechkit_text":""},"categories":[1],"tags":[1966,586,1967,23,395,1704,443],"class_list":["post-3566","post","type-post","status-publish","format-standard","hentry","category-americana","tag-bob-corker","tag-donald-trump","tag-kolmas-maailmansota","tag-kongressi","tag-kritiikki","tag-riita","tag-twitter"],"om_views":null,"acf":{"tuuma_off":false,"tuuma_kysymys":"","tuuma_vastaus":""},"asauth":{"required_access_level":1,"share_token":"","is_paid":false},"yoast_head":"<!-- This site is optimized with the Yoast SEO plugin v26.4 - https:\/\/yoast.com\/wordpress\/plugins\/seo\/ -->\n<title>Oman puolueen senaattori haukkuu Trumpin \u2013 Presidentin holtittomuus voi johtaa maailmansotaan - Americana<\/title>\n<meta name=\"robots\" content=\"noindex, follow\" \/>\n<meta property=\"og:locale\" content=\"fi_FI\" \/>\n<meta property=\"og:type\" content=\"article\" \/>\n<meta property=\"og:title\" content=\"Oman puolueen senaattori haukkuu Trumpin \u2013 Presidentin holtittomuus voi johtaa maailmansotaan - Americana\" \/>\n<meta property=\"og:description\" content=\"Trumpin hallinto on taitava luomaan riitoja ja j\u00e4nnitteit\u00e4, jakamaan amerikkalaisia ja siten hallitsemaan uutisia.\" \/>\n<meta property=\"og:url\" content=\"https:\/\/suomenkuvalehti.fi\/americana\/oman-puolueen-senaattori-haukkuu-trumpin-presidentin-holtittomuus-voi-johtaa-maailmansotaan\/\" \/>\n<meta property=\"og:site_name\" content=\"Americana\" \/>\n<meta property=\"article:published_time\" content=\"2017-10-10T08:11:53+00:00\" \/>\n<meta property=\"article:modified_time\" content=\"2017-10-10T08:25:56+00:00\" \/>\n<meta property=\"og:image\" content=\"https:\/\/suomenkuvalehti.fi\/americana\/wp-content\/uploads\/sites\/10\/2022\/04\/americana_maunula-scaled.jpg\" \/>\n\t<meta property=\"og:image:width\" content=\"2560\" \/>\n\t<meta property=\"og:image:height\" content=\"1706\" \/>\n\t<meta property=\"og:image:type\" content=\"image\/jpeg\" \/>\n<meta name=\"author\" content=\"Marko Maunula\" \/>\n<meta name=\"twitter:card\" content=\"summary_large_image\" \/>\n<meta name=\"twitter:label1\" content=\"Written by\" \/>\n\t<meta name=\"twitter:data1\" content=\"Marko Maunula\" \/>\n\t<meta name=\"twitter:label2\" content=\"Est. reading time\" \/>\n\t<meta name=\"twitter:data2\" content=\"3 minuuttia\" \/>\n<script type=\"application\/ld+json\" class=\"yoast-schema-graph\">{\"@context\":\"https:\/\/schema.org\",\"@graph\":[{\"@type\":\"WebPage\",\"@id\":\"https:\/\/suomenkuvalehti.fi\/americana\/oman-puolueen-senaattori-haukkuu-trumpin-presidentin-holtittomuus-voi-johtaa-maailmansotaan\/\",\"url\":\"https:\/\/suomenkuvalehti.fi\/americana\/oman-puolueen-senaattori-haukkuu-trumpin-presidentin-holtittomuus-voi-johtaa-maailmansotaan\/\",\"name\":\"Oman puolueen senaattori haukkuu Trumpin \u2013 Presidentin holtittomuus voi johtaa maailmansotaan - Americana\",\"isPartOf\":{\"@id\":\"https:\/\/suomenkuvalehti.fi\/americana\/#website\"},\"datePublished\":\"2017-10-10T08:11:53+00:00\",\"dateModified\":\"2017-10-10T08:25:56+00:00\",\"author\":{\"@id\":\"https:\/\/suomenkuvalehti.fi\/americana\/#\/schema\/person\/12d514491cb37506bc39c8e10176c3ec\"},\"breadcrumb\":{\"@id\":\"https:\/\/suomenkuvalehti.fi\/americana\/oman-puolueen-senaattori-haukkuu-trumpin-presidentin-holtittomuus-voi-johtaa-maailmansotaan\/#breadcrumb\"},\"inLanguage\":\"fi\",\"potentialAction\":[{\"@type\":\"ReadAction\",\"target\":[\"https:\/\/suomenkuvalehti.fi\/americana\/oman-puolueen-senaattori-haukkuu-trumpin-presidentin-holtittomuus-voi-johtaa-maailmansotaan\/\"]}]},{\"@type\":\"BreadcrumbList\",\"@id\":\"https:\/\/suomenkuvalehti.fi\/americana\/oman-puolueen-senaattori-haukkuu-trumpin-presidentin-holtittomuus-voi-johtaa-maailmansotaan\/#breadcrumb\",\"itemListElement\":[{\"@type\":\"ListItem\",\"position\":1,\"name\":\"Home\",\"item\":\"https:\/\/suomenkuvalehti.fi\/americana\/\"},{\"@type\":\"ListItem\",\"position\":2,\"name\":\"Oman puolueen senaattori haukkuu Trumpin \u2013 Presidentin holtittomuus voi johtaa maailmansotaan\"}]},{\"@type\":\"WebSite\",\"@id\":\"https:\/\/suomenkuvalehti.fi\/americana\/#website\",\"url\":\"https:\/\/suomenkuvalehti.fi\/americana\/\",\"name\":\"Americana\",\"description\":\"Professori Marko Maunula seuraa USA:n politiikkaa ja populaarikulttuuria\",\"potentialAction\":[{\"@type\":\"SearchAction\",\"target\":{\"@type\":\"EntryPoint\",\"urlTemplate\":\"https:\/\/suomenkuvalehti.fi\/haku\/?q={search_term_string}\"},\"query-input\":{\"@type\":\"PropertyValueSpecification\",\"valueRequired\":true,\"valueName\":\"search_term_string\"}}],\"inLanguage\":\"fi\"},{\"@type\":\"Person\",\"@id\":\"https:\/\/suomenkuvalehti.fi\/americana\/#\/schema\/person\/12d514491cb37506bc39c8e10176c3ec\",\"name\":\"Marko Maunula\",\"image\":{\"@type\":\"ImageObject\",\"inLanguage\":\"fi\",\"@id\":\"https:\/\/suomenkuvalehti.fi\/americana\/#\/schema\/person\/image\/\",\"url\":\"https:\/\/suomenkuvalehti.fi\/americana\/wp-content\/uploads\/sites\/10\/2022\/04\/americana_maunula-150x150.jpg\",\"contentUrl\":\"https:\/\/suomenkuvalehti.fi\/americana\/wp-content\/uploads\/sites\/10\/2022\/04\/americana_maunula-150x150.jpg\",\"caption\":\"Marko Maunula\"},\"description\":\"Kirjoittaja on Yhdysvaltain historian professori Atlantassa.\"}]}<\/script>\n<!-- \/ Yoast SEO plugin. -->","yoast_head_json":{"title":"Oman puolueen senaattori haukkuu Trumpin \u2013 Presidentin holtittomuus voi johtaa maailmansotaan - Americana","robots":{"index":"noindex","follow":"follow"},"og_locale":"fi_FI","og_type":"article","og_title":"Oman puolueen senaattori haukkuu Trumpin \u2013 Presidentin holtittomuus voi johtaa maailmansotaan - Americana","og_description":"Trumpin hallinto on taitava luomaan riitoja ja j\u00e4nnitteit\u00e4, jakamaan amerikkalaisia ja siten hallitsemaan uutisia.","og_url":"https:\/\/suomenkuvalehti.fi\/americana\/oman-puolueen-senaattori-haukkuu-trumpin-presidentin-holtittomuus-voi-johtaa-maailmansotaan\/","og_site_name":"Americana","article_published_time":"2017-10-10T08:11:53+00:00","article_modified_time":"2017-10-10T08:25:56+00:00","og_image":[{"width":2560,"height":1706,"url":"https:\/\/suomenkuvalehti.fi\/americana\/wp-content\/uploads\/sites\/10\/2022\/04\/americana_maunula-scaled.jpg","type":"image\/jpeg"}],"author":"Marko Maunula","twitter_card":"summary_large_image","twitter_misc":{"Written by":"Marko Maunula","Est. reading time":"3 minuuttia"},"schema":{"@context":"https:\/\/schema.org","@graph":[{"@type":"WebPage","@id":"https:\/\/suomenkuvalehti.fi\/americana\/oman-puolueen-senaattori-haukkuu-trumpin-presidentin-holtittomuus-voi-johtaa-maailmansotaan\/","url":"https:\/\/suomenkuvalehti.fi\/americana\/oman-puolueen-senaattori-haukkuu-trumpin-presidentin-holtittomuus-voi-johtaa-maailmansotaan\/","name":"Oman puolueen senaattori haukkuu Trumpin \u2013 Presidentin holtittomuus voi johtaa maailmansotaan - Americana","isPartOf":{"@id":"https:\/\/suomenkuvalehti.fi\/americana\/#website"},"datePublished":"2017-10-10T08:11:53+00:00","dateModified":"2017-10-10T08:25:56+00:00","author":{"@id":"https:\/\/suomenkuvalehti.fi\/americana\/#\/schema\/person\/12d514491cb37506bc39c8e10176c3ec"},"breadcrumb":{"@id":"https:\/\/suomenkuvalehti.fi\/americana\/oman-puolueen-senaattori-haukkuu-trumpin-presidentin-holtittomuus-voi-johtaa-maailmansotaan\/#breadcrumb"},"inLanguage":"fi","potentialAction":[{"@type":"ReadAction","target":["https:\/\/suomenkuvalehti.fi\/americana\/oman-puolueen-senaattori-haukkuu-trumpin-presidentin-holtittomuus-voi-johtaa-maailmansotaan\/"]}]},{"@type":"BreadcrumbList","@id":"https:\/\/suomenkuvalehti.fi\/americana\/oman-puolueen-senaattori-haukkuu-trumpin-presidentin-holtittomuus-voi-johtaa-maailmansotaan\/#breadcrumb","itemListElement":[{"@type":"ListItem","position":1,"name":"Home","item":"https:\/\/suomenkuvalehti.fi\/americana\/"},{"@type":"ListItem","position":2,"name":"Oman puolueen senaattori haukkuu Trumpin \u2013 Presidentin holtittomuus voi johtaa maailmansotaan"}]},{"@type":"WebSite","@id":"https:\/\/suomenkuvalehti.fi\/americana\/#website","url":"https:\/\/suomenkuvalehti.fi\/americana\/","name":"Americana","description":"Professori Marko Maunula seuraa USA:n politiikkaa ja populaarikulttuuria","potentialAction":[{"@type":"SearchAction","target":{"@type":"EntryPoint","urlTemplate":"https:\/\/suomenkuvalehti.fi\/haku\/?q={search_term_string}"},"query-input":{"@type":"PropertyValueSpecification","valueRequired":true,"valueName":"search_term_string"}}],"inLanguage":"fi"},{"@type":"Person","@id":"https:\/\/suomenkuvalehti.fi\/americana\/#\/schema\/person\/12d514491cb37506bc39c8e10176c3ec","name":"Marko Maunula","image":{"@type":"ImageObject","inLanguage":"fi","@id":"https:\/\/suomenkuvalehti.fi\/americana\/#\/schema\/person\/image\/","url":"https:\/\/suomenkuvalehti.fi\/americana\/wp-content\/uploads\/sites\/10\/2022\/04\/americana_maunula-150x150.jpg","contentUrl":"https:\/\/suomenkuvalehti.fi\/americana\/wp-content\/uploads\/sites\/10\/2022\/04\/americana_maunula-150x150.jpg","caption":"Marko Maunula"},"description":"Kirjoittaja on Yhdysvaltain historian professori Atlantassa."}]}},"_links":{"self":[{"href":"https:\/\/suomenkuvalehti.fi\/americana\/wp-json\/wp\/v2\/posts\/3566","targetHints":{"allow":["GET"]}}],"collection":[{"href":"https:\/\/suomenkuvalehti.fi\/americana\/wp-json\/wp\/v2\/posts"}],"about":[{"href":"https:\/\/suomenkuvalehti.fi\/americana\/wp-json\/wp\/v2\/types\/post"}],"author":[{"embeddable":true,"href":"https:\/\/suomenkuvalehti.fi\/americana\/wp-json\/wp\/v2\/users\/158"}],"replies":[{"embeddable":true,"href":"https:\/\/suomenkuvalehti.fi\/americana\/wp-json\/wp\/v2\/comments?post=3566"}],"version-history":[{"count":10,"href":"https:\/\/suomenkuvalehti.fi\/americana\/wp-json\/wp\/v2\/posts\/3566\/revisions"}],"predecessor-version":[{"id":3578,"href":"https:\/\/suomenkuvalehti.fi\/americana\/wp-json\/wp\/v2\/posts\/3566\/revisions\/3578"}],"wp:attachment":[{"href":"https:\/\/suomenkuvalehti.fi\/americana\/wp-json\/wp\/v2\/media?parent=3566"}],"wp:term":[{"taxonomy":"category","embeddable":true,"href":"https:\/\/suomenkuvalehti.fi\/americana\/wp-json\/wp\/v2\/categories?post=3566"},{"taxonomy":"post_tag","embeddable":true,"href":"https:\/\/suomenkuvalehti.fi\/americana\/wp-json\/wp\/v2\/tags?post=3566"}],"curies":[{"name":"wp","href":"https:\/\/api.w.org\/{rel}","templated":true}]}}