{"id":352,"date":"2012-01-20T16:43:28","date_gmt":"2012-01-20T14:43:28","guid":{"rendered":"https:\/\/suomenkuvalehti.fi\/americana\/suomi-ja-iranin-ydinaseohjelma\/"},"modified":"2013-11-30T16:22:06","modified_gmt":"2013-11-30T14:22:06","slug":"suomi-ja-iranin-ydinaseohjelma","status":"publish","type":"post","link":"https:\/\/suomenkuvalehti.fi\/americana\/suomi-ja-iranin-ydinaseohjelma\/","title":{"rendered":"Suomi ja Iranin ydinaseohjelma"},"content":{"rendered":"\n<p>Er\u00e4s Yhdysvaltain presidentin t\u00e4rkeimpi\u00e4 l\u00e4hitulevaisuuden p\u00e4\u00e4t\u00f6ksi\u00e4 koskee reagointia Iranin ydinaseohjelmaan. H\u00e4nen suomalaisen kollegansa on osaltaan p\u00e4\u00e4tett\u00e4v\u00e4 miten Suomi suhtautuu tapahtumiin.<\/p>\n\n\n\n<p>Iran on selv\u00e4stikin rakentamassa ydinasetta, ja Yhdysvallat, Israel, Eurooppa, ja muut L\u00e4hi-Id\u00e4n valtiot joutuvat nopeasti p\u00e4\u00e4tt\u00e4m\u00e4\u00e4n strategiansa Iranin suhteen. Ydinohjuksilla aseistettu Iran on siet\u00e4m\u00e4t\u00f6n ajatus paitsi l\u00e4ntiselle maailmalle ja Israelille, mutta my\u00f6s Saudi Arabialle, Turkille, ja useimmille Iranin sunni-naapureille.<\/p>\n\n\n\n<p>Toistaiseksi muu maailma on yritt\u00e4nyt hillit\u00e4 Irania talouspakotteiden avulla, toivoen ilmeisesti sis\u00e4isen tyytym\u00e4tt\u00f6myyden kasvua ja vallankumousta Iranissa. Sen lis\u00e4ksi <a href=\"http:\/\/www.cnn.com\/2012\/01\/18\/world\/meast\/iran-secret-campaign\/index.html\">tuntematon sabot\u00f6\u00f6ri<\/a> (Mossad?) on toistaiseksi onnistunut hidastamaan Iranin ydinaseohjelmaa tietokonevirusten, sabotaasien, ja tiedemiesten murhien avulla, mutta Iran on p\u00e4\u00e4tt\u00e4v\u00e4inen. Sill\u00e4 ei ole aikomustakaan luopua ohjelmastaan.<\/p>\n\n\n\n<p>Viime p\u00e4ivin\u00e4 Iran on nostanut panoksia. Talouspakotteiden suututtama Iranin hallitus on uhannut sulkea Hormuzinsalmen, joka pys\u00e4ytt\u00e4isi suuren osan maailman \u00f6ljykauppaa. Yhdysvalloille t\u00e4m\u00e4 olisi <em>casus belli<\/em>. Se on siirt\u00e4nyt alueelle kaksi suurta lentotukialusta sek\u00e4 muita sotalaivoja. Iran on varoittanut arabinaapureitaan <a href=\"http:\/\/www.theglobeandmail.com\/news\/world\/iran-warns-neighbours-against-siding-with-us-as-military-clash-looms\/article2308829\/\">sotkeutumasta tilanteeseen<\/a>, ja tilanne alueella on kiristynyt.<\/p>\n\n\n\n<p>Yhdysvallat on my\u00f6s ilmoittanut, ettei se hyv\u00e4ksy Iranin ydinasetta, ja Yhdysvallat pit\u00e4\u00e4 kaikki vaihtoehdot ydinaseohjelman pys\u00e4ytt\u00e4miseksi avoimina, sotatoimet mukaanluettuina. Israelille Iranin ydinaseet ovat eksistentiaalinen kysymys. Se ottaa k\u00e4ytt\u00f6\u00f6n kaikki keinot Iranin pys\u00e4ytt\u00e4miseksi, ja Yhdysvallat todenn\u00e4k\u00f6isesti tukee Israelin mahdollisia sotatoimia. Toistaiseksi Israel on ilmoittanut pid\u00e4tt\u00e4ytyv\u00e4ns\u00e4 voimatoimista, mutta tilanne alueella kehittyy pelottavan nopeasti.<\/p>\n\n\n\n<p>Presidentti <strong>Obaman<\/strong> johtama Yhdysvallat ei halua sotaa, mutta tapahtumien oma logiikka saattaa ottaa vallan p\u00e4\u00e4t\u00f6ksenteosta. L\u00e4hi-Id\u00e4n asiantuntija <a href=\"http:\/\/www.tnr.com\/article\/world\/99741\/war-iran-america\">Kenneth Pollackin mukaan<\/a> Iran ei aio sulkea Hormuzinsalmea. Uhkaukset sek\u00e4 tilanteen k\u00e4rjist\u00e4minen ovat osa sen taloudellista sodank\u00e4ynti\u00e4 ja yrityksi\u00e4 nostaa \u00f6ljyn hintaa sek\u00e4 ravistella maailmantaloutta. Silti, Iranin pelaama peli on vaarallista ja saattaa pakottaa Yhdysvallat ja\/tai muut valtiot toimiin.<\/p>\n\n\n\n<p>Miten suomalaiset presidenttiehdokkaat reagoisivat tilanteeseen? <strong>Matti Vanhasen <\/strong><a href=\"https:\/\/suomenkuvalehti.fi\/jutut\/kotimaa\/vaalikone\">&#8221;vaalikoneen&#8221; ensimm\u00e4inen kysymys<\/a> koskee kuvitteellista iskua Iraniin ja Suomen reagointia tapahtumiin. Kysymys on hyv\u00e4, mutta itse jatkaisin muutamilla jatkokysymyksill\u00e4:<\/p>\n\n\n\n<p>Hyv\u00e4ksyttek\u00f6 ajatuksen ydinaseilla varustetusta Iranista? Ymm\u00e4rr\u00e4ttek\u00f6 henkil\u00f6kohtaisesti Yhdysvaltain tai Israelin voimatoimet, jos Iran selvin sanoin ilmoittaa olevansa l\u00e4hell\u00e4 pommin valmistumista ja jatkaa samalla l\u00e4nnen ja Israelin vastaista uhittelua? Miten pitk\u00e4lle teid\u00e4n johtamanne Suomi olisi valmis osallistumaan kansainv\u00e4liseen kampanjaan ja\/tai yhteisty\u00f6h\u00f6n Iranin aseohjelman pys\u00e4ytt\u00e4miseksi jos YK:n turvallisuusneuvosto p\u00e4\u00e4tt\u00e4isi toimia maata vastaan?<\/p>\n\n\n\n<p>Toistaiseksi tilanne Iranin naapurustossa on pysytellyt uhittelun tasolla, mutta (mahdollisesti) turvallisuusneuvostoon nousevalta Suomelta ja sen presidentilt\u00e4 odotetaan tilanteen kiristyess\u00e4 toimia ja vahvoja linjanvetoja. Niin valitettavaa kuin se onkin, Iranin uhka ei ratkea puheilla ja pomp\u00f6\u00f6seill\u00e4 lausunnoilla.<\/p>\n\n\n\n<p><em>Soundtrack: Joseph Haydn, 101. sinfonia.<\/em><\/p>\n\n\n","protected":false},"excerpt":{"rendered":"<p>Er\u00e4s Yhdysvaltain presidentin t\u00e4rkeimpi\u00e4 l\u00e4hitulevaisuuden p\u00e4\u00e4t\u00f6ksi\u00e4 koskee reagointia Iranin ydinaseohjelmaan. H\u00e4nen suomalaisen kollegansa on osaltaan p\u00e4\u00e4tett\u00e4v\u00e4 miten Suomi suhtautuu tapahtumiin. Iran on selv\u00e4stikin rakentamassa ydinasetta, ja Yhdysvallat, Israel, Eurooppa, ja muut<br \/>\nL\u00e4hi-Id\u00e4n val&hellip;<\/p>\n","protected":false},"author":158,"featured_media":0,"comment_status":"open","ping_status":"open","sticky":false,"template":"","format":"standard","meta":{"_acf_changed":false,"asauth_required_access_level":0,"asauth_cansharepaid":"","om_header_attributes":[],"footnotes":"","om_featured_image_focal_point":[],"om_primary_tag":0,"om_contributors":[],"om_co_authors":[],"beyondwords_generate_audio":"","beyondwords_project_id":"","beyondwords_content_id":"","beyondwords_preview_token":"","beyondwords_player_content":"","beyondwords_player_style":"","beyondwords_language_code":"","beyondwords_language_id":"","beyondwords_title_voice_id":"","beyondwords_body_voice_id":"","beyondwords_summary_voice_id":"","beyondwords_error_message":"","beyondwords_disabled":"","beyondwords_delete_content":"","beyondwords_podcast_id":"","beyondwords_hash":"","publish_post_to_speechkit":"","speechkit_hash":"","speechkit_generate_audio":"","speechkit_project_id":"","speechkit_podcast_id":"","speechkit_error_message":"","speechkit_disabled":"","speechkit_access_key":"","speechkit_error":"","speechkit_info":"","speechkit_response":"","speechkit_retries":"","speechkit_status":"","speechkit_updated_at":"","_speechkit_link":"","_speechkit_text":""},"categories":[1],"tags":[36,701,53,441,83,145,666,24,55],"class_list":["post-352","post","type-post","status-publish","format-standard","hentry","category-americana","tag-barack-obama","tag-hormuzinsalmi","tag-iran","tag-presidentti","tag-sota","tag-suomi","tag-ydinaseet","tag-yhdysvallat","tag-yk"],"om_views":null,"acf":{"tuuma_off":false,"tuuma_kysymys":"","tuuma_vastaus":""},"asauth":{"required_access_level":1,"share_token":"","is_paid":false},"yoast_head":"<!-- This site is optimized with the Yoast SEO plugin v26.4 - https:\/\/yoast.com\/wordpress\/plugins\/seo\/ -->\n<title>Suomi ja Iranin ydinaseohjelma - Americana<\/title>\n<meta name=\"robots\" content=\"noindex, follow\" \/>\n<meta property=\"og:locale\" content=\"fi_FI\" \/>\n<meta property=\"og:type\" content=\"article\" \/>\n<meta property=\"og:title\" content=\"Suomi ja Iranin ydinaseohjelma - Americana\" \/>\n<meta property=\"og:description\" content=\"Er\u00e4s Yhdysvaltain presidentin t\u00e4rkeimpi\u00e4 l\u00e4hitulevaisuuden p\u00e4\u00e4t\u00f6ksi\u00e4 koskee reagointia Iranin ydinaseohjelmaan. H\u00e4nen suomalaisen kollegansa on osaltaan p\u00e4\u00e4tett\u00e4v\u00e4 miten Suomi suhtautuu tapahtumiin. Iran on selv\u00e4stikin rakentamassa ydinasetta, ja Yhdysvallat, Israel, Eurooppa, ja muut L\u00e4hi-Id\u00e4n val&hellip;\" \/>\n<meta property=\"og:url\" content=\"https:\/\/suomenkuvalehti.fi\/americana\/suomi-ja-iranin-ydinaseohjelma\/\" \/>\n<meta property=\"og:site_name\" content=\"Americana\" \/>\n<meta property=\"article:published_time\" content=\"2012-01-20T14:43:28+00:00\" \/>\n<meta property=\"article:modified_time\" content=\"2013-11-30T14:22:06+00:00\" \/>\n<meta property=\"og:image\" content=\"https:\/\/suomenkuvalehti.fi\/americana\/wp-content\/uploads\/sites\/10\/2022\/04\/americana_maunula-scaled.jpg\" \/>\n\t<meta property=\"og:image:width\" content=\"2560\" \/>\n\t<meta property=\"og:image:height\" content=\"1706\" \/>\n\t<meta property=\"og:image:type\" content=\"image\/jpeg\" \/>\n<meta name=\"author\" content=\"Marko Maunula\" \/>\n<meta name=\"twitter:card\" content=\"summary_large_image\" \/>\n<meta name=\"twitter:label1\" content=\"Written by\" \/>\n\t<meta name=\"twitter:data1\" content=\"Marko Maunula\" \/>\n\t<meta name=\"twitter:label2\" content=\"Est. reading time\" \/>\n\t<meta name=\"twitter:data2\" content=\"2 minuuttia\" \/>\n<script type=\"application\/ld+json\" class=\"yoast-schema-graph\">{\"@context\":\"https:\/\/schema.org\",\"@graph\":[{\"@type\":\"WebPage\",\"@id\":\"https:\/\/suomenkuvalehti.fi\/americana\/suomi-ja-iranin-ydinaseohjelma\/\",\"url\":\"https:\/\/suomenkuvalehti.fi\/americana\/suomi-ja-iranin-ydinaseohjelma\/\",\"name\":\"Suomi ja Iranin ydinaseohjelma - Americana\",\"isPartOf\":{\"@id\":\"https:\/\/suomenkuvalehti.fi\/americana\/#website\"},\"datePublished\":\"2012-01-20T14:43:28+00:00\",\"dateModified\":\"2013-11-30T14:22:06+00:00\",\"author\":{\"@id\":\"https:\/\/suomenkuvalehti.fi\/americana\/#\/schema\/person\/12d514491cb37506bc39c8e10176c3ec\"},\"breadcrumb\":{\"@id\":\"https:\/\/suomenkuvalehti.fi\/americana\/suomi-ja-iranin-ydinaseohjelma\/#breadcrumb\"},\"inLanguage\":\"fi\",\"potentialAction\":[{\"@type\":\"ReadAction\",\"target\":[\"https:\/\/suomenkuvalehti.fi\/americana\/suomi-ja-iranin-ydinaseohjelma\/\"]}]},{\"@type\":\"BreadcrumbList\",\"@id\":\"https:\/\/suomenkuvalehti.fi\/americana\/suomi-ja-iranin-ydinaseohjelma\/#breadcrumb\",\"itemListElement\":[{\"@type\":\"ListItem\",\"position\":1,\"name\":\"Home\",\"item\":\"https:\/\/suomenkuvalehti.fi\/americana\/\"},{\"@type\":\"ListItem\",\"position\":2,\"name\":\"Suomi ja Iranin ydinaseohjelma\"}]},{\"@type\":\"WebSite\",\"@id\":\"https:\/\/suomenkuvalehti.fi\/americana\/#website\",\"url\":\"https:\/\/suomenkuvalehti.fi\/americana\/\",\"name\":\"Americana\",\"description\":\"Professori Marko Maunula seuraa USA:n politiikkaa ja populaarikulttuuria\",\"potentialAction\":[{\"@type\":\"SearchAction\",\"target\":{\"@type\":\"EntryPoint\",\"urlTemplate\":\"https:\/\/suomenkuvalehti.fi\/haku\/?q={search_term_string}\"},\"query-input\":{\"@type\":\"PropertyValueSpecification\",\"valueRequired\":true,\"valueName\":\"search_term_string\"}}],\"inLanguage\":\"fi\"},{\"@type\":\"Person\",\"@id\":\"https:\/\/suomenkuvalehti.fi\/americana\/#\/schema\/person\/12d514491cb37506bc39c8e10176c3ec\",\"name\":\"Marko Maunula\",\"image\":{\"@type\":\"ImageObject\",\"inLanguage\":\"fi\",\"@id\":\"https:\/\/suomenkuvalehti.fi\/americana\/#\/schema\/person\/image\/\",\"url\":\"https:\/\/suomenkuvalehti.fi\/americana\/wp-content\/uploads\/sites\/10\/2022\/04\/americana_maunula-150x150.jpg\",\"contentUrl\":\"https:\/\/suomenkuvalehti.fi\/americana\/wp-content\/uploads\/sites\/10\/2022\/04\/americana_maunula-150x150.jpg\",\"caption\":\"Marko Maunula\"},\"description\":\"Kirjoittaja on Yhdysvaltain historian professori Atlantassa.\"}]}<\/script>\n<!-- \/ Yoast SEO plugin. -->","yoast_head_json":{"title":"Suomi ja Iranin ydinaseohjelma - Americana","robots":{"index":"noindex","follow":"follow"},"og_locale":"fi_FI","og_type":"article","og_title":"Suomi ja Iranin ydinaseohjelma - Americana","og_description":"Er\u00e4s Yhdysvaltain presidentin t\u00e4rkeimpi\u00e4 l\u00e4hitulevaisuuden p\u00e4\u00e4t\u00f6ksi\u00e4 koskee reagointia Iranin ydinaseohjelmaan. H\u00e4nen suomalaisen kollegansa on osaltaan p\u00e4\u00e4tett\u00e4v\u00e4 miten Suomi suhtautuu tapahtumiin. Iran on selv\u00e4stikin rakentamassa ydinasetta, ja Yhdysvallat, Israel, Eurooppa, ja muut L\u00e4hi-Id\u00e4n val&hellip;","og_url":"https:\/\/suomenkuvalehti.fi\/americana\/suomi-ja-iranin-ydinaseohjelma\/","og_site_name":"Americana","article_published_time":"2012-01-20T14:43:28+00:00","article_modified_time":"2013-11-30T14:22:06+00:00","og_image":[{"width":2560,"height":1706,"url":"https:\/\/suomenkuvalehti.fi\/americana\/wp-content\/uploads\/sites\/10\/2022\/04\/americana_maunula-scaled.jpg","type":"image\/jpeg"}],"author":"Marko Maunula","twitter_card":"summary_large_image","twitter_misc":{"Written by":"Marko Maunula","Est. reading time":"2 minuuttia"},"schema":{"@context":"https:\/\/schema.org","@graph":[{"@type":"WebPage","@id":"https:\/\/suomenkuvalehti.fi\/americana\/suomi-ja-iranin-ydinaseohjelma\/","url":"https:\/\/suomenkuvalehti.fi\/americana\/suomi-ja-iranin-ydinaseohjelma\/","name":"Suomi ja Iranin ydinaseohjelma - Americana","isPartOf":{"@id":"https:\/\/suomenkuvalehti.fi\/americana\/#website"},"datePublished":"2012-01-20T14:43:28+00:00","dateModified":"2013-11-30T14:22:06+00:00","author":{"@id":"https:\/\/suomenkuvalehti.fi\/americana\/#\/schema\/person\/12d514491cb37506bc39c8e10176c3ec"},"breadcrumb":{"@id":"https:\/\/suomenkuvalehti.fi\/americana\/suomi-ja-iranin-ydinaseohjelma\/#breadcrumb"},"inLanguage":"fi","potentialAction":[{"@type":"ReadAction","target":["https:\/\/suomenkuvalehti.fi\/americana\/suomi-ja-iranin-ydinaseohjelma\/"]}]},{"@type":"BreadcrumbList","@id":"https:\/\/suomenkuvalehti.fi\/americana\/suomi-ja-iranin-ydinaseohjelma\/#breadcrumb","itemListElement":[{"@type":"ListItem","position":1,"name":"Home","item":"https:\/\/suomenkuvalehti.fi\/americana\/"},{"@type":"ListItem","position":2,"name":"Suomi ja Iranin ydinaseohjelma"}]},{"@type":"WebSite","@id":"https:\/\/suomenkuvalehti.fi\/americana\/#website","url":"https:\/\/suomenkuvalehti.fi\/americana\/","name":"Americana","description":"Professori Marko Maunula seuraa USA:n politiikkaa ja populaarikulttuuria","potentialAction":[{"@type":"SearchAction","target":{"@type":"EntryPoint","urlTemplate":"https:\/\/suomenkuvalehti.fi\/haku\/?q={search_term_string}"},"query-input":{"@type":"PropertyValueSpecification","valueRequired":true,"valueName":"search_term_string"}}],"inLanguage":"fi"},{"@type":"Person","@id":"https:\/\/suomenkuvalehti.fi\/americana\/#\/schema\/person\/12d514491cb37506bc39c8e10176c3ec","name":"Marko Maunula","image":{"@type":"ImageObject","inLanguage":"fi","@id":"https:\/\/suomenkuvalehti.fi\/americana\/#\/schema\/person\/image\/","url":"https:\/\/suomenkuvalehti.fi\/americana\/wp-content\/uploads\/sites\/10\/2022\/04\/americana_maunula-150x150.jpg","contentUrl":"https:\/\/suomenkuvalehti.fi\/americana\/wp-content\/uploads\/sites\/10\/2022\/04\/americana_maunula-150x150.jpg","caption":"Marko Maunula"},"description":"Kirjoittaja on Yhdysvaltain historian professori Atlantassa."}]}},"_links":{"self":[{"href":"https:\/\/suomenkuvalehti.fi\/americana\/wp-json\/wp\/v2\/posts\/352","targetHints":{"allow":["GET"]}}],"collection":[{"href":"https:\/\/suomenkuvalehti.fi\/americana\/wp-json\/wp\/v2\/posts"}],"about":[{"href":"https:\/\/suomenkuvalehti.fi\/americana\/wp-json\/wp\/v2\/types\/post"}],"author":[{"embeddable":true,"href":"https:\/\/suomenkuvalehti.fi\/americana\/wp-json\/wp\/v2\/users\/158"}],"replies":[{"embeddable":true,"href":"https:\/\/suomenkuvalehti.fi\/americana\/wp-json\/wp\/v2\/comments?post=352"}],"version-history":[{"count":1,"href":"https:\/\/suomenkuvalehti.fi\/americana\/wp-json\/wp\/v2\/posts\/352\/revisions"}],"predecessor-version":[{"id":969,"href":"https:\/\/suomenkuvalehti.fi\/americana\/wp-json\/wp\/v2\/posts\/352\/revisions\/969"}],"wp:attachment":[{"href":"https:\/\/suomenkuvalehti.fi\/americana\/wp-json\/wp\/v2\/media?parent=352"}],"wp:term":[{"taxonomy":"category","embeddable":true,"href":"https:\/\/suomenkuvalehti.fi\/americana\/wp-json\/wp\/v2\/categories?post=352"},{"taxonomy":"post_tag","embeddable":true,"href":"https:\/\/suomenkuvalehti.fi\/americana\/wp-json\/wp\/v2\/tags?post=352"}],"curies":[{"name":"wp","href":"https:\/\/api.w.org\/{rel}","templated":true}]}}