{"id":3429,"date":"2017-06-16T11:40:00","date_gmt":"2017-06-16T08:40:00","guid":{"rendered":"https:\/\/suomenkuvalehti.fi\/americana\/?p=3429"},"modified":"2017-06-16T11:40:00","modified_gmt":"2017-06-16T08:40:00","slug":"yhdysvaltain-politiikan-kriisilla-tappavia-seurauksia","status":"publish","type":"post","link":"https:\/\/suomenkuvalehti.fi\/americana\/yhdysvaltain-politiikan-kriisilla-tappavia-seurauksia\/","title":{"rendered":"Yhdysvaltain politiikan kriisill\u00e4 on tappavia seurauksia"},"content":{"rendered":"\n<p>Keskiviikon ampumisv\u00e4likohtaus Virginiassa tarjoaa traagisen muistutuksen poliittisen kulttuurin kriisist\u00e4.<\/p>\n\n\n\n<p>Fanaattinen <strong>Bernie Sandersin<\/strong> kannattaja katsoi baseball-kent\u00e4n reunalta kun jotkut kongressin republikaanit avustajineen treenasivat perinteist\u00e4 demokraatit vastaan republikaanit -hyv\u00e4ntekev\u00e4isyysottelua varten.<\/p>\n\n\n\n<p>&#8221;Ovatko he demokraatteja vai republikaaneja,\u201d mies kysyi vieress\u00e4 seisovalta ihmiselt\u00e4. Kuultuaan heid\u00e4n olevan republikaaneja, mies haki autostaan kiv\u00e4\u00e4rin ja alkoi tulittaa kaikkia kent\u00e4ll\u00e4 olevia.<\/p>\n\n\n\n<p>Ampujan haavoitettua viitt\u00e4 ihmist\u00e4, paikalla olleet kongressin poliisit onnistuivat eliminoimaan ampujan. H\u00e4n kuoli my\u00f6hemmin vammoihinsa.<\/p>\n\n\n\n<blockquote class=\"wp-block-quote\">\n<p>Uskon, ett\u00e4 valtaosa Trumpin \u00e4\u00e4nest\u00e4jist\u00e4 ovat pohjimmiltaan hyvi\u00e4 ihmisi\u00e4.<\/p>\n<\/blockquote>\n\n\n\n<p><span class=\"capitalized\">Amerikkalaisessa<\/span> politiikassa on kaksi \u00e4\u00e4rip\u00e4\u00e4t\u00e4.<\/p>\n\n\n\n<p>Viime vuosina valtaosa sairaasta, vihaa ja raivoa uhkuvasta politiikasta on tullut oikealta. Republikaanien <strong>Barack Obama&nbsp;<\/strong>-viha oli paikoitellen monomaanista.<\/p>\n\n\n\n<p>Satunnainen <strong>Rush Limbaughin<\/strong> ja kumppaneiden kuuntelu sai minut ihmettelem\u00e4\u00e4n heid\u00e4n maailmankuvansa sairautta. Millainen ihminen el\u00e4\u00e4 tuollaisesta vihasta? Eik\u00f6 n\u00e4in kaunainen ja vihan ruokkima ihminen huomaa tarvitsevansa terapiaa? Ja miksi miljoonat ihmiset kuuntelevat t\u00e4ll\u00e4ist\u00e4 saastaa?<\/p>\n\n\n\n<p>Nyt kenk\u00e4 on toisessa jalassa.<\/p>\n\n\n\n<p>Uskon, ett\u00e4 presidentti <strong>Donald Trump<\/strong> on historiallisen huono presidentti. H\u00e4nen narsisminsa, tiet\u00e4m\u00e4tt\u00f6myytens\u00e4 ja valehtelunsa ovat vaaraksi Yhdysvalloille ja maailmalle.<\/p>\n\n\n\n<p>Uskon my\u00f6s, ett\u00e4 valtaosa Trumpin \u00e4\u00e4nest\u00e4jist\u00e4 ovat pohjimmiltaan hyvi\u00e4 ihmisi\u00e4.<\/p>\n\n\n\n<p>Tunnen pari luonnevammaista meuhkaajaa, jotka \u00e4\u00e4nestiv\u00e4t Trumpia kuittaillaakseen liberaaleille, riemuten typerist\u00e4 p\u00e4\u00e4t\u00f6ksist\u00e4 koska ne hatuttavat liberaaleja. Mutta huomattavasti enemm\u00e4n tunnen mukavia, hauskoja ja hyvi\u00e4 Trumpin \u00e4\u00e4nest\u00e4ji\u00e4. He ovat republikaaneja jotka \u00e4\u00e4nestiv\u00e4t Trumpia koska h\u00e4n oli heid\u00e4n puolueensa kandidaatti.<\/p>\n\n\n\n<p>&nbsp;<\/p>\n\n\n\n<p><span class=\"capitalized\">Jotkut<\/span> vasemmalle kallellaan olevat kaverini n\u00e4ytt\u00e4v\u00e4t liki menett\u00e4neen j\u00e4rkens\u00e4 Trumpin presidenttiyden aikana. He huokuvat jatkuvaa ja monomaanista vihaa &#8221;oranssia Saatanaa\u201d kohtaan.<\/p>\n\n\n\n<p>Keskiviikon ampuja oli rikkoutuneen poliittisen kulttuurin \u00e4\u00e4ri-ilmentym\u00e4.<\/p>\n\n\n\n<p>H\u00e4nen t\u00e4ytyi olla mielelt\u00e4\u00e4n sairas. Terve ihminen ei fantasoi joukkomurhasta. Mutta on kertovaa, ett\u00e4 h\u00e4n valitsi uhreikseen republikaaneja. Tulehtunut poliittinen ilmapiiri teki h\u00e4nest\u00e4 kuolemansairaan.<\/p>\n\n\n\n<p>Viha ruokkii vihaa.<\/p>\n\n\n\n<p>&nbsp;<\/p>\n\n\n\n<p><em>Soundtrack: Tom Russell, Road to Bayamon<\/em><\/p>\n\n\n<p><iframe loading=\"lazy\" width=\"630\" height=\"354\" src=\"https:\/\/www.youtube.com\/embed\/jx68RiTB104?feature=oembed\" frameborder=\"0\" allowfullscreen><\/iframe><\/p>\n","protected":false},"excerpt":{"rendered":"<p> Kongressiedustajaa ampunut mies oli rikkoutuneen poliittisen kulttuurin \u00e4\u00e4ri-ilmentym\u00e4.<\/p>\n","protected":false},"author":158,"featured_media":0,"comment_status":"open","ping_status":"open","sticky":false,"template":"","format":"standard","meta":{"_acf_changed":false,"asauth_required_access_level":3,"asauth_cansharepaid":"true","om_header_attributes":[],"footnotes":"","om_featured_image_focal_point":[],"om_primary_tag":0,"om_contributors":[],"om_co_authors":[],"beyondwords_generate_audio":"","beyondwords_project_id":"","beyondwords_content_id":"","beyondwords_preview_token":"","beyondwords_player_content":"","beyondwords_player_style":"","beyondwords_language_code":"","beyondwords_language_id":"","beyondwords_title_voice_id":"","beyondwords_body_voice_id":"","beyondwords_summary_voice_id":"","beyondwords_error_message":"","beyondwords_disabled":"","beyondwords_delete_content":"","beyondwords_podcast_id":"","beyondwords_hash":"","publish_post_to_speechkit":"","speechkit_hash":"","speechkit_generate_audio":"","speechkit_project_id":"","speechkit_podcast_id":"","speechkit_error_message":"","speechkit_disabled":"","speechkit_access_key":"","speechkit_error":"","speechkit_info":"","speechkit_response":"","speechkit_retries":"","speechkit_status":"","speechkit_updated_at":"","_speechkit_link":"","_speechkit_text":""},"categories":[1],"tags":[249,35,148,30,662],"class_list":["post-3429","post","type-post","status-publish","format-standard","hentry","category-americana","tag-ammuskelu","tag-kriisi","tag-politiikka","tag-republikaanit","tag-virginia"],"om_views":null,"acf":{"tuuma_off":false,"tuuma_kysymys":"","tuuma_vastaus":""},"asauth":{"required_access_level":1,"share_token":"","is_paid":false},"yoast_head":"<!-- This site is optimized with the Yoast SEO plugin v26.4 - https:\/\/yoast.com\/wordpress\/plugins\/seo\/ -->\n<title>Yhdysvaltain politiikan kriisill\u00e4 on tappavia seurauksia - Americana<\/title>\n<meta name=\"robots\" content=\"noindex, follow\" \/>\n<meta property=\"og:locale\" content=\"fi_FI\" \/>\n<meta property=\"og:type\" content=\"article\" \/>\n<meta property=\"og:title\" content=\"Yhdysvaltain politiikan kriisill\u00e4 on tappavia seurauksia - Americana\" \/>\n<meta property=\"og:description\" content=\"Kongressiedustajaa ampunut mies oli rikkoutuneen poliittisen kulttuurin \u00e4\u00e4ri-ilmentym\u00e4.\" \/>\n<meta property=\"og:url\" content=\"https:\/\/suomenkuvalehti.fi\/americana\/yhdysvaltain-politiikan-kriisilla-tappavia-seurauksia\/\" \/>\n<meta property=\"og:site_name\" content=\"Americana\" \/>\n<meta property=\"article:published_time\" content=\"2017-06-16T08:40:00+00:00\" \/>\n<meta property=\"og:image\" content=\"https:\/\/suomenkuvalehti.fi\/americana\/wp-content\/uploads\/sites\/10\/2022\/04\/americana_maunula-scaled.jpg\" \/>\n\t<meta property=\"og:image:width\" content=\"2560\" \/>\n\t<meta property=\"og:image:height\" content=\"1706\" \/>\n\t<meta property=\"og:image:type\" content=\"image\/jpeg\" \/>\n<meta name=\"author\" content=\"Marko Maunula\" \/>\n<meta name=\"twitter:card\" content=\"summary_large_image\" \/>\n<meta name=\"twitter:label1\" content=\"Written by\" \/>\n\t<meta name=\"twitter:data1\" content=\"Marko Maunula\" \/>\n\t<meta name=\"twitter:label2\" content=\"Est. reading time\" \/>\n\t<meta name=\"twitter:data2\" content=\"2 minuuttia\" \/>\n<script type=\"application\/ld+json\" class=\"yoast-schema-graph\">{\"@context\":\"https:\/\/schema.org\",\"@graph\":[{\"@type\":\"WebPage\",\"@id\":\"https:\/\/suomenkuvalehti.fi\/americana\/yhdysvaltain-politiikan-kriisilla-tappavia-seurauksia\/\",\"url\":\"https:\/\/suomenkuvalehti.fi\/americana\/yhdysvaltain-politiikan-kriisilla-tappavia-seurauksia\/\",\"name\":\"Yhdysvaltain politiikan kriisill\u00e4 on tappavia seurauksia - Americana\",\"isPartOf\":{\"@id\":\"https:\/\/suomenkuvalehti.fi\/americana\/#website\"},\"datePublished\":\"2017-06-16T08:40:00+00:00\",\"author\":{\"@id\":\"https:\/\/suomenkuvalehti.fi\/americana\/#\/schema\/person\/12d514491cb37506bc39c8e10176c3ec\"},\"breadcrumb\":{\"@id\":\"https:\/\/suomenkuvalehti.fi\/americana\/yhdysvaltain-politiikan-kriisilla-tappavia-seurauksia\/#breadcrumb\"},\"inLanguage\":\"fi\",\"potentialAction\":[{\"@type\":\"ReadAction\",\"target\":[\"https:\/\/suomenkuvalehti.fi\/americana\/yhdysvaltain-politiikan-kriisilla-tappavia-seurauksia\/\"]}]},{\"@type\":\"BreadcrumbList\",\"@id\":\"https:\/\/suomenkuvalehti.fi\/americana\/yhdysvaltain-politiikan-kriisilla-tappavia-seurauksia\/#breadcrumb\",\"itemListElement\":[{\"@type\":\"ListItem\",\"position\":1,\"name\":\"Home\",\"item\":\"https:\/\/suomenkuvalehti.fi\/americana\/\"},{\"@type\":\"ListItem\",\"position\":2,\"name\":\"Yhdysvaltain politiikan kriisill\u00e4 on tappavia seurauksia\"}]},{\"@type\":\"WebSite\",\"@id\":\"https:\/\/suomenkuvalehti.fi\/americana\/#website\",\"url\":\"https:\/\/suomenkuvalehti.fi\/americana\/\",\"name\":\"Americana\",\"description\":\"Professori Marko Maunula seuraa USA:n politiikkaa ja populaarikulttuuria\",\"potentialAction\":[{\"@type\":\"SearchAction\",\"target\":{\"@type\":\"EntryPoint\",\"urlTemplate\":\"https:\/\/suomenkuvalehti.fi\/haku\/?q={search_term_string}\"},\"query-input\":{\"@type\":\"PropertyValueSpecification\",\"valueRequired\":true,\"valueName\":\"search_term_string\"}}],\"inLanguage\":\"fi\"},{\"@type\":\"Person\",\"@id\":\"https:\/\/suomenkuvalehti.fi\/americana\/#\/schema\/person\/12d514491cb37506bc39c8e10176c3ec\",\"name\":\"Marko Maunula\",\"image\":{\"@type\":\"ImageObject\",\"inLanguage\":\"fi\",\"@id\":\"https:\/\/suomenkuvalehti.fi\/americana\/#\/schema\/person\/image\/\",\"url\":\"https:\/\/suomenkuvalehti.fi\/americana\/wp-content\/uploads\/sites\/10\/2022\/04\/americana_maunula-150x150.jpg\",\"contentUrl\":\"https:\/\/suomenkuvalehti.fi\/americana\/wp-content\/uploads\/sites\/10\/2022\/04\/americana_maunula-150x150.jpg\",\"caption\":\"Marko Maunula\"},\"description\":\"Kirjoittaja on Yhdysvaltain historian professori Atlantassa.\"}]}<\/script>\n<!-- \/ Yoast SEO plugin. -->","yoast_head_json":{"title":"Yhdysvaltain politiikan kriisill\u00e4 on tappavia seurauksia - Americana","robots":{"index":"noindex","follow":"follow"},"og_locale":"fi_FI","og_type":"article","og_title":"Yhdysvaltain politiikan kriisill\u00e4 on tappavia seurauksia - Americana","og_description":"Kongressiedustajaa ampunut mies oli rikkoutuneen poliittisen kulttuurin \u00e4\u00e4ri-ilmentym\u00e4.","og_url":"https:\/\/suomenkuvalehti.fi\/americana\/yhdysvaltain-politiikan-kriisilla-tappavia-seurauksia\/","og_site_name":"Americana","article_published_time":"2017-06-16T08:40:00+00:00","og_image":[{"width":2560,"height":1706,"url":"https:\/\/suomenkuvalehti.fi\/americana\/wp-content\/uploads\/sites\/10\/2022\/04\/americana_maunula-scaled.jpg","type":"image\/jpeg"}],"author":"Marko Maunula","twitter_card":"summary_large_image","twitter_misc":{"Written by":"Marko Maunula","Est. reading time":"2 minuuttia"},"schema":{"@context":"https:\/\/schema.org","@graph":[{"@type":"WebPage","@id":"https:\/\/suomenkuvalehti.fi\/americana\/yhdysvaltain-politiikan-kriisilla-tappavia-seurauksia\/","url":"https:\/\/suomenkuvalehti.fi\/americana\/yhdysvaltain-politiikan-kriisilla-tappavia-seurauksia\/","name":"Yhdysvaltain politiikan kriisill\u00e4 on tappavia seurauksia - Americana","isPartOf":{"@id":"https:\/\/suomenkuvalehti.fi\/americana\/#website"},"datePublished":"2017-06-16T08:40:00+00:00","author":{"@id":"https:\/\/suomenkuvalehti.fi\/americana\/#\/schema\/person\/12d514491cb37506bc39c8e10176c3ec"},"breadcrumb":{"@id":"https:\/\/suomenkuvalehti.fi\/americana\/yhdysvaltain-politiikan-kriisilla-tappavia-seurauksia\/#breadcrumb"},"inLanguage":"fi","potentialAction":[{"@type":"ReadAction","target":["https:\/\/suomenkuvalehti.fi\/americana\/yhdysvaltain-politiikan-kriisilla-tappavia-seurauksia\/"]}]},{"@type":"BreadcrumbList","@id":"https:\/\/suomenkuvalehti.fi\/americana\/yhdysvaltain-politiikan-kriisilla-tappavia-seurauksia\/#breadcrumb","itemListElement":[{"@type":"ListItem","position":1,"name":"Home","item":"https:\/\/suomenkuvalehti.fi\/americana\/"},{"@type":"ListItem","position":2,"name":"Yhdysvaltain politiikan kriisill\u00e4 on tappavia seurauksia"}]},{"@type":"WebSite","@id":"https:\/\/suomenkuvalehti.fi\/americana\/#website","url":"https:\/\/suomenkuvalehti.fi\/americana\/","name":"Americana","description":"Professori Marko Maunula seuraa USA:n politiikkaa ja populaarikulttuuria","potentialAction":[{"@type":"SearchAction","target":{"@type":"EntryPoint","urlTemplate":"https:\/\/suomenkuvalehti.fi\/haku\/?q={search_term_string}"},"query-input":{"@type":"PropertyValueSpecification","valueRequired":true,"valueName":"search_term_string"}}],"inLanguage":"fi"},{"@type":"Person","@id":"https:\/\/suomenkuvalehti.fi\/americana\/#\/schema\/person\/12d514491cb37506bc39c8e10176c3ec","name":"Marko Maunula","image":{"@type":"ImageObject","inLanguage":"fi","@id":"https:\/\/suomenkuvalehti.fi\/americana\/#\/schema\/person\/image\/","url":"https:\/\/suomenkuvalehti.fi\/americana\/wp-content\/uploads\/sites\/10\/2022\/04\/americana_maunula-150x150.jpg","contentUrl":"https:\/\/suomenkuvalehti.fi\/americana\/wp-content\/uploads\/sites\/10\/2022\/04\/americana_maunula-150x150.jpg","caption":"Marko Maunula"},"description":"Kirjoittaja on Yhdysvaltain historian professori Atlantassa."}]}},"_links":{"self":[{"href":"https:\/\/suomenkuvalehti.fi\/americana\/wp-json\/wp\/v2\/posts\/3429","targetHints":{"allow":["GET"]}}],"collection":[{"href":"https:\/\/suomenkuvalehti.fi\/americana\/wp-json\/wp\/v2\/posts"}],"about":[{"href":"https:\/\/suomenkuvalehti.fi\/americana\/wp-json\/wp\/v2\/types\/post"}],"author":[{"embeddable":true,"href":"https:\/\/suomenkuvalehti.fi\/americana\/wp-json\/wp\/v2\/users\/158"}],"replies":[{"embeddable":true,"href":"https:\/\/suomenkuvalehti.fi\/americana\/wp-json\/wp\/v2\/comments?post=3429"}],"version-history":[{"count":3,"href":"https:\/\/suomenkuvalehti.fi\/americana\/wp-json\/wp\/v2\/posts\/3429\/revisions"}],"predecessor-version":[{"id":3432,"href":"https:\/\/suomenkuvalehti.fi\/americana\/wp-json\/wp\/v2\/posts\/3429\/revisions\/3432"}],"wp:attachment":[{"href":"https:\/\/suomenkuvalehti.fi\/americana\/wp-json\/wp\/v2\/media?parent=3429"}],"wp:term":[{"taxonomy":"category","embeddable":true,"href":"https:\/\/suomenkuvalehti.fi\/americana\/wp-json\/wp\/v2\/categories?post=3429"},{"taxonomy":"post_tag","embeddable":true,"href":"https:\/\/suomenkuvalehti.fi\/americana\/wp-json\/wp\/v2\/tags?post=3429"}],"curies":[{"name":"wp","href":"https:\/\/api.w.org\/{rel}","templated":true}]}}