{"id":341,"date":"2012-02-23T19:07:35","date_gmt":"2012-02-23T17:07:35","guid":{"rendered":"https:\/\/suomenkuvalehti.fi\/americana\/kuka-voitti-vaittelyt\/"},"modified":"2013-11-30T16:22:05","modified_gmt":"2013-11-30T14:22:05","slug":"kuka-voitti-vaittelyt","status":"publish","type":"post","link":"https:\/\/suomenkuvalehti.fi\/americana\/kuka-voitti-vaittelyt\/","title":{"rendered":"Kuka voitti v\u00e4ittelyt?"},"content":{"rendered":"\n<p>Republikaanien esivaalien v\u00e4ittelyt ovat nyt todenn\u00e4k\u00f6isesti ohi. Mit\u00e4 me niist\u00e4 opimme?<\/p>\n\n\n\n<p>Muutamat viime v\u00e4ittelyt ovat sortuneet tinkaamiseksi kahden senhetkisen gallup-johtajan v\u00e4lill\u00e4, antaen muille mahdollisuuden esitell\u00e4 itsens\u00e4 tappelun yl\u00e4puolella pysyttelev\u00e4n\u00e4 valtiomiehen\u00e4. Eilisen v\u00e4ittelyn taistelupari oli <strong>Rick Santorum<\/strong> ja <strong>Mitt Romney<\/strong>, ja varsinkin <strong>Newt Gingrich<\/strong> vaikutti liki valtiomiesm\u00e4iselt\u00e4 &#8221;eip\u00e4s-juupas&#8221; tinkaajien rinnalla.<\/p>\n\n\n\n<p>Esivaalien selvin havainto on, ett\u00e4 republikaaneilla ei ole hyv\u00e4\u00e4 ehdokasta. Jatkuva tappelu sek\u00e4 pikkumaisuudet ovat haavoittaneet kaikkia ehdokkaita. Rick Santorumin <a href=\"http:\/\/www.huffingtonpost.com\/2012\/02\/22\/rick-santorum-satan-_n_1293658.html\">maailmankuva on&nbsp; pelottava tai vieras<\/a> noin&nbsp;80 prosentille potentiaalisista \u00e4\u00e4nest\u00e4jist\u00e4. Mitt Romney on sekoitus temperamenttista yritysjohtajaa ja elitisti\u00e4, jonka yritykset <a href=\"https:\/\/www.youtube.com\/watch?v=RHaMqHh5NZ4\">vaikuttaa kansanmiehelt\u00e4<\/a> ovat l\u00e4hinn\u00e4 <a href=\"https:\/\/www.youtube.com\/watch?v=pJWSIqv8NOc\">nolostuttavan koomisia<\/a>. Newt Gingrich on huonolla henkil\u00f6historialla varustettu eilisen suuruus, joka maalailee <a href=\"http:\/\/www.slate.com\/articles\/technology\/future_tense\/2012\/01\/newt_gingrich_s_moon_colony_and_mars_plan_.html\">maapalloa suuremmalla pensselill\u00e4<\/a>. <strong>Ron Paul<\/strong> sytytt\u00e4\u00e4 ainoastaan idealistit.<\/p>\n\n\n\n<p>Republikaanit eiv\u00e4t ole kypsi\u00e4 palaamaan hallintovaltaan. Ron Paulia lukuunottamatta jokaisen ehdokkaan talousohjelmat lupaavat leikkauksia sek\u00e4 veroihin ett\u00e4 valtion kulutukseen, ja jokaisen tarjoama yht\u00e4l\u00f6 ainoastaan pahentaisi valtion budjettivajetta ja velkaantumista.<\/p>\n\n\n\n<p>Ron Paulia (j\u00e4lleen) lukuunottamatta jokainen ehdokas vannoo sotaisan ulkopolitiikan ja vahvan armeijan nimiin. Irakin opetukset ovat unohtuneet t\u00e4ydellisesti. Santorum, Romney, ja Gingrich olivat liki yksimielisi\u00e4 sotaisissa Iran-kannoissaan.<\/p>\n\n\n\n<p>Debatit ovat nyt todenn\u00e4k\u00f6isesti ohi, sill\u00e4 kaikki ehdokkaista eiv\u00e4t ole suostuneet tuleviin koitoksiin. T\u00e4m\u00e4 on hyv\u00e4 uutinen Mitt Romneylle, sill\u00e4 h\u00e4nell\u00e4 on varaa mainostaa televisiossa kilpakumppaneitaan enemm\u00e4n. Romney on edelleen republikaanien suosikki, mutta h\u00e4nen voittonsa ei ole kirkossa kuulutettu. Pahoista lapsuksistaan tunnettu mies on kykenev\u00e4inen itsetuhoon.<\/p>\n\n\n\n<p>V\u00e4ittelykierroksen suurin voittaja on presidentti <strong>Barack Obama<\/strong>. Republikaanien keskin\u00e4inen taistelu on ryvett\u00e4nyt jokaisen ehdokkaista, ja v\u00e4ittelyt ovat tuottaneet runsaasti harkitsemattomia lausuntoja sek\u00e4 kyseenalaisia heittoja, jotka tulevat vuorenvarmasti p\u00e4\u00e4tym\u00e4\u00e4n demokraattien vaalimainoksiin. Elleiv\u00e4t eurooppalaiset s\u00e4hl\u00e4\u00e4 ja torpedoi globaalia talouden toipumista, Obama valitaan uudelleen turvallisella marginaalilla.<\/p>\n\n\n\n<p><em>Soundtrack: John Sebastian, Welcome Back.<\/em><\/p>\n\n\n","protected":false},"excerpt":{"rendered":"<p>Republikaanien esivaalien v\u00e4ittelyt ovat nyt todenn\u00e4k\u00f6isesti ohi. Mit\u00e4 me niist\u00e4 opimme? Muutamat viime v\u00e4ittelyt ovat sortuneet tinkaamiseksi kahden senhetkisen gallup-johtajan v\u00e4lill\u00e4, antaen muille mahdollisuuden esitell\u00e4 itsens\u00e4 tappelun yl\u00e4puolella pysyttelev\u00e4n\u00e4 valtiomiehen\u00e4. Eilisen<br \/>\nv\u00e4ittelyn tai&hellip;<\/p>\n","protected":false},"author":158,"featured_media":0,"comment_status":"open","ping_status":"open","sticky":false,"template":"","format":"standard","meta":{"_acf_changed":false,"asauth_required_access_level":0,"asauth_cansharepaid":"","om_header_attributes":[],"footnotes":"","om_featured_image_focal_point":[],"om_primary_tag":0,"om_contributors":[],"om_co_authors":[],"beyondwords_generate_audio":"","beyondwords_project_id":"","beyondwords_content_id":"","beyondwords_preview_token":"","beyondwords_player_content":"","beyondwords_player_style":"","beyondwords_language_code":"","beyondwords_language_id":"","beyondwords_title_voice_id":"","beyondwords_body_voice_id":"","beyondwords_summary_voice_id":"","beyondwords_error_message":"","beyondwords_disabled":"","beyondwords_delete_content":"","beyondwords_podcast_id":"","beyondwords_hash":"","publish_post_to_speechkit":"","speechkit_hash":"","speechkit_generate_audio":"","speechkit_project_id":"","speechkit_podcast_id":"","speechkit_error_message":"","speechkit_disabled":"","speechkit_access_key":"","speechkit_error":"","speechkit_info":"","speechkit_response":"","speechkit_retries":"","speechkit_status":"","speechkit_updated_at":"","_speechkit_link":"","_speechkit_text":""},"categories":[1],"tags":[36,648,430,639,629,404,476,24],"class_list":["post-341","post","type-post","status-publish","format-standard","hentry","category-americana","tag-barack-obama","tag-esivaalit","tag-mitt-romney","tag-newt-gingrich","tag-rick-santorum","tag-ron-paul","tag-vaittelyt","tag-yhdysvallat"],"om_views":null,"acf":{"tuuma_off":false,"tuuma_kysymys":"","tuuma_vastaus":""},"asauth":{"required_access_level":1,"share_token":"","is_paid":false},"yoast_head":"<!-- This site is optimized with the Yoast SEO plugin v26.4 - https:\/\/yoast.com\/wordpress\/plugins\/seo\/ -->\n<title>Kuka voitti v\u00e4ittelyt? - Americana<\/title>\n<meta name=\"robots\" content=\"noindex, follow\" \/>\n<meta property=\"og:locale\" content=\"fi_FI\" \/>\n<meta property=\"og:type\" content=\"article\" \/>\n<meta property=\"og:title\" content=\"Kuka voitti v\u00e4ittelyt? - Americana\" \/>\n<meta property=\"og:description\" content=\"Republikaanien esivaalien v\u00e4ittelyt ovat nyt todenn\u00e4k\u00f6isesti ohi. Mit\u00e4 me niist\u00e4 opimme? Muutamat viime v\u00e4ittelyt ovat sortuneet tinkaamiseksi kahden senhetkisen gallup-johtajan v\u00e4lill\u00e4, antaen muille mahdollisuuden esitell\u00e4 itsens\u00e4 tappelun yl\u00e4puolella pysyttelev\u00e4n\u00e4 valtiomiehen\u00e4. Eilisen v\u00e4ittelyn tai&hellip;\" \/>\n<meta property=\"og:url\" content=\"https:\/\/suomenkuvalehti.fi\/americana\/kuka-voitti-vaittelyt\/\" \/>\n<meta property=\"og:site_name\" content=\"Americana\" \/>\n<meta property=\"article:published_time\" content=\"2012-02-23T17:07:35+00:00\" \/>\n<meta property=\"article:modified_time\" content=\"2013-11-30T14:22:05+00:00\" \/>\n<meta property=\"og:image\" content=\"https:\/\/suomenkuvalehti.fi\/americana\/wp-content\/uploads\/sites\/10\/2022\/04\/americana_maunula-scaled.jpg\" \/>\n\t<meta property=\"og:image:width\" content=\"2560\" \/>\n\t<meta property=\"og:image:height\" content=\"1706\" \/>\n\t<meta property=\"og:image:type\" content=\"image\/jpeg\" \/>\n<meta name=\"author\" content=\"Marko Maunula\" \/>\n<meta name=\"twitter:card\" content=\"summary_large_image\" \/>\n<meta name=\"twitter:label1\" content=\"Written by\" \/>\n\t<meta name=\"twitter:data1\" content=\"Marko Maunula\" \/>\n\t<meta name=\"twitter:label2\" content=\"Est. reading time\" \/>\n\t<meta name=\"twitter:data2\" content=\"1 minuutti\" \/>\n<script type=\"application\/ld+json\" class=\"yoast-schema-graph\">{\"@context\":\"https:\/\/schema.org\",\"@graph\":[{\"@type\":\"WebPage\",\"@id\":\"https:\/\/suomenkuvalehti.fi\/americana\/kuka-voitti-vaittelyt\/\",\"url\":\"https:\/\/suomenkuvalehti.fi\/americana\/kuka-voitti-vaittelyt\/\",\"name\":\"Kuka voitti v\u00e4ittelyt? - Americana\",\"isPartOf\":{\"@id\":\"https:\/\/suomenkuvalehti.fi\/americana\/#website\"},\"datePublished\":\"2012-02-23T17:07:35+00:00\",\"dateModified\":\"2013-11-30T14:22:05+00:00\",\"author\":{\"@id\":\"https:\/\/suomenkuvalehti.fi\/americana\/#\/schema\/person\/12d514491cb37506bc39c8e10176c3ec\"},\"breadcrumb\":{\"@id\":\"https:\/\/suomenkuvalehti.fi\/americana\/kuka-voitti-vaittelyt\/#breadcrumb\"},\"inLanguage\":\"fi\",\"potentialAction\":[{\"@type\":\"ReadAction\",\"target\":[\"https:\/\/suomenkuvalehti.fi\/americana\/kuka-voitti-vaittelyt\/\"]}]},{\"@type\":\"BreadcrumbList\",\"@id\":\"https:\/\/suomenkuvalehti.fi\/americana\/kuka-voitti-vaittelyt\/#breadcrumb\",\"itemListElement\":[{\"@type\":\"ListItem\",\"position\":1,\"name\":\"Home\",\"item\":\"https:\/\/suomenkuvalehti.fi\/americana\/\"},{\"@type\":\"ListItem\",\"position\":2,\"name\":\"Kuka voitti v\u00e4ittelyt?\"}]},{\"@type\":\"WebSite\",\"@id\":\"https:\/\/suomenkuvalehti.fi\/americana\/#website\",\"url\":\"https:\/\/suomenkuvalehti.fi\/americana\/\",\"name\":\"Americana\",\"description\":\"Professori Marko Maunula seuraa USA:n politiikkaa ja populaarikulttuuria\",\"potentialAction\":[{\"@type\":\"SearchAction\",\"target\":{\"@type\":\"EntryPoint\",\"urlTemplate\":\"https:\/\/suomenkuvalehti.fi\/haku\/?q={search_term_string}\"},\"query-input\":{\"@type\":\"PropertyValueSpecification\",\"valueRequired\":true,\"valueName\":\"search_term_string\"}}],\"inLanguage\":\"fi\"},{\"@type\":\"Person\",\"@id\":\"https:\/\/suomenkuvalehti.fi\/americana\/#\/schema\/person\/12d514491cb37506bc39c8e10176c3ec\",\"name\":\"Marko Maunula\",\"image\":{\"@type\":\"ImageObject\",\"inLanguage\":\"fi\",\"@id\":\"https:\/\/suomenkuvalehti.fi\/americana\/#\/schema\/person\/image\/\",\"url\":\"https:\/\/suomenkuvalehti.fi\/americana\/wp-content\/uploads\/sites\/10\/2022\/04\/americana_maunula-150x150.jpg\",\"contentUrl\":\"https:\/\/suomenkuvalehti.fi\/americana\/wp-content\/uploads\/sites\/10\/2022\/04\/americana_maunula-150x150.jpg\",\"caption\":\"Marko Maunula\"},\"description\":\"Kirjoittaja on Yhdysvaltain historian professori Atlantassa.\"}]}<\/script>\n<!-- \/ Yoast SEO plugin. -->","yoast_head_json":{"title":"Kuka voitti v\u00e4ittelyt? - Americana","robots":{"index":"noindex","follow":"follow"},"og_locale":"fi_FI","og_type":"article","og_title":"Kuka voitti v\u00e4ittelyt? - Americana","og_description":"Republikaanien esivaalien v\u00e4ittelyt ovat nyt todenn\u00e4k\u00f6isesti ohi. Mit\u00e4 me niist\u00e4 opimme? Muutamat viime v\u00e4ittelyt ovat sortuneet tinkaamiseksi kahden senhetkisen gallup-johtajan v\u00e4lill\u00e4, antaen muille mahdollisuuden esitell\u00e4 itsens\u00e4 tappelun yl\u00e4puolella pysyttelev\u00e4n\u00e4 valtiomiehen\u00e4. Eilisen v\u00e4ittelyn tai&hellip;","og_url":"https:\/\/suomenkuvalehti.fi\/americana\/kuka-voitti-vaittelyt\/","og_site_name":"Americana","article_published_time":"2012-02-23T17:07:35+00:00","article_modified_time":"2013-11-30T14:22:05+00:00","og_image":[{"width":2560,"height":1706,"url":"https:\/\/suomenkuvalehti.fi\/americana\/wp-content\/uploads\/sites\/10\/2022\/04\/americana_maunula-scaled.jpg","type":"image\/jpeg"}],"author":"Marko Maunula","twitter_card":"summary_large_image","twitter_misc":{"Written by":"Marko Maunula","Est. reading time":"1 minuutti"},"schema":{"@context":"https:\/\/schema.org","@graph":[{"@type":"WebPage","@id":"https:\/\/suomenkuvalehti.fi\/americana\/kuka-voitti-vaittelyt\/","url":"https:\/\/suomenkuvalehti.fi\/americana\/kuka-voitti-vaittelyt\/","name":"Kuka voitti v\u00e4ittelyt? - Americana","isPartOf":{"@id":"https:\/\/suomenkuvalehti.fi\/americana\/#website"},"datePublished":"2012-02-23T17:07:35+00:00","dateModified":"2013-11-30T14:22:05+00:00","author":{"@id":"https:\/\/suomenkuvalehti.fi\/americana\/#\/schema\/person\/12d514491cb37506bc39c8e10176c3ec"},"breadcrumb":{"@id":"https:\/\/suomenkuvalehti.fi\/americana\/kuka-voitti-vaittelyt\/#breadcrumb"},"inLanguage":"fi","potentialAction":[{"@type":"ReadAction","target":["https:\/\/suomenkuvalehti.fi\/americana\/kuka-voitti-vaittelyt\/"]}]},{"@type":"BreadcrumbList","@id":"https:\/\/suomenkuvalehti.fi\/americana\/kuka-voitti-vaittelyt\/#breadcrumb","itemListElement":[{"@type":"ListItem","position":1,"name":"Home","item":"https:\/\/suomenkuvalehti.fi\/americana\/"},{"@type":"ListItem","position":2,"name":"Kuka voitti v\u00e4ittelyt?"}]},{"@type":"WebSite","@id":"https:\/\/suomenkuvalehti.fi\/americana\/#website","url":"https:\/\/suomenkuvalehti.fi\/americana\/","name":"Americana","description":"Professori Marko Maunula seuraa USA:n politiikkaa ja populaarikulttuuria","potentialAction":[{"@type":"SearchAction","target":{"@type":"EntryPoint","urlTemplate":"https:\/\/suomenkuvalehti.fi\/haku\/?q={search_term_string}"},"query-input":{"@type":"PropertyValueSpecification","valueRequired":true,"valueName":"search_term_string"}}],"inLanguage":"fi"},{"@type":"Person","@id":"https:\/\/suomenkuvalehti.fi\/americana\/#\/schema\/person\/12d514491cb37506bc39c8e10176c3ec","name":"Marko Maunula","image":{"@type":"ImageObject","inLanguage":"fi","@id":"https:\/\/suomenkuvalehti.fi\/americana\/#\/schema\/person\/image\/","url":"https:\/\/suomenkuvalehti.fi\/americana\/wp-content\/uploads\/sites\/10\/2022\/04\/americana_maunula-150x150.jpg","contentUrl":"https:\/\/suomenkuvalehti.fi\/americana\/wp-content\/uploads\/sites\/10\/2022\/04\/americana_maunula-150x150.jpg","caption":"Marko Maunula"},"description":"Kirjoittaja on Yhdysvaltain historian professori Atlantassa."}]}},"_links":{"self":[{"href":"https:\/\/suomenkuvalehti.fi\/americana\/wp-json\/wp\/v2\/posts\/341","targetHints":{"allow":["GET"]}}],"collection":[{"href":"https:\/\/suomenkuvalehti.fi\/americana\/wp-json\/wp\/v2\/posts"}],"about":[{"href":"https:\/\/suomenkuvalehti.fi\/americana\/wp-json\/wp\/v2\/types\/post"}],"author":[{"embeddable":true,"href":"https:\/\/suomenkuvalehti.fi\/americana\/wp-json\/wp\/v2\/users\/158"}],"replies":[{"embeddable":true,"href":"https:\/\/suomenkuvalehti.fi\/americana\/wp-json\/wp\/v2\/comments?post=341"}],"version-history":[{"count":1,"href":"https:\/\/suomenkuvalehti.fi\/americana\/wp-json\/wp\/v2\/posts\/341\/revisions"}],"predecessor-version":[{"id":958,"href":"https:\/\/suomenkuvalehti.fi\/americana\/wp-json\/wp\/v2\/posts\/341\/revisions\/958"}],"wp:attachment":[{"href":"https:\/\/suomenkuvalehti.fi\/americana\/wp-json\/wp\/v2\/media?parent=341"}],"wp:term":[{"taxonomy":"category","embeddable":true,"href":"https:\/\/suomenkuvalehti.fi\/americana\/wp-json\/wp\/v2\/categories?post=341"},{"taxonomy":"post_tag","embeddable":true,"href":"https:\/\/suomenkuvalehti.fi\/americana\/wp-json\/wp\/v2\/tags?post=341"}],"curies":[{"name":"wp","href":"https:\/\/api.w.org\/{rel}","templated":true}]}}