{"id":338,"date":"2012-03-05T11:57:35","date_gmt":"2012-03-05T09:57:35","guid":{"rendered":"https:\/\/suomenkuvalehti.fi\/americana\/diplomatia-iran-ja-obama\/"},"modified":"2013-11-30T16:22:05","modified_gmt":"2013-11-30T14:22:05","slug":"diplomatia-iran-ja-obama","status":"publish","type":"post","link":"https:\/\/suomenkuvalehti.fi\/americana\/diplomatia-iran-ja-obama\/","title":{"rendered":"Diplomatia, Iran, ja Obama"},"content":{"rendered":"\n<p>Syyrian tilanne on traaginen, mutta Iranin ydinasehaaveet muodostavat t\u00e4m\u00e4nhetkisen maailman vaikeimman kriisin. Iranin tilanteesta on tullut presidentti <strong>Obaman<\/strong> diplomaattinen miehuuskoe.<\/p>\n\n\n\n<p>Iranin ydinase on siet\u00e4m\u00e4t\u00f6n ajatus. Ensiksikin, Iranin ydinase muodostaa Israelille eksistentiaalisen uhan. Ajatus holokaustin kielt\u00e4jien, antisemiittien, ja Israelin tuhoa vannovien fanaattikkojen hallitsemasta ydinaseesta on Israelille ja sen yst\u00e4ville ymm\u00e4rrett\u00e4v\u00e4sti mahdoton.<\/p>\n\n\n\n<p>Iranin ydinase johtaisi my\u00f6s suurella todenn\u00e4k\u00f6isyydell\u00e4 kilpavarusteluun alueella. Shiia-muslimien pommi voisi innoittaa alueen sunni-vallat harkitsemaan oman aseen luomista. Turkki, Saudi-Arabia, ja tulevaisuudessa jaloilleen p\u00e4\u00e4sev\u00e4 Irak tuskin seisovat k\u00e4det taskussa, kun Teheran tiedottaa ydinaseen valmistumisesta.<\/p>\n\n\n\n<p>Teheranin tuki terroristij\u00e4rjest\u00f6ille on my\u00f6s kiistaton tosiasia. Ydinasein varustettu Iran k\u00e4ytt\u00e4isi helposti uutta painoarvoaan terroristien tukemiseksi-tai jopa antaisi ydinaseita terroristeille-on vakava uhka paitsi Israelille ja Yhdysvalloille, mutta my\u00f6s Euroopalle.<\/p>\n\n\n\n<p>Maailma on pitk\u00e4lti yksimielinen Iranin ydinaseesta, mutta erimielisyys toimintatavoista on melkoinen. Eurooppa on, tapojensa mukaisesti, ylti\u00f6optimistisen pasifistinen, toivoen sanktioiden purevan sek\u00e4 Iranin tulevan j\u00e4rkiins\u00e4. Lis\u00e4ksi, Eurooppa haluaa ja odottaa Yhdysvaltojen ja\/tai Israelin tekev\u00e4n mahdollisesti tarpeellisen likaisen ty\u00f6n heid\u00e4n puolestaan.<\/p>\n\n\n\n<p>T\u00e4ll\u00e4 hetkell\u00e4 Israel ja Yhdysvallat ovat vet\u00e4m\u00e4ss\u00e4 k\u00f6ytt\u00e4 Iranin pommista. Mit\u00e4 suurimmalla todenn\u00e4k\u00f6isyydell\u00e4 Israelilla on jo iskusuunnitelma valmiina. Obaman hallinto on pit\u00e4nyt kaikki optiot avoimina, sotilaalliset iskut mukaanluettuina, mutta se on toistaiseksi pyrkinyt hillitsem\u00e4\u00e4n Israelin haukkoja. <strong>Bibi Netanyahun<\/strong> k\u00e4ynniss\u00e4 oleva Yhdysvaltain vierailu on eritt\u00e4in t\u00e4rke\u00e4, ellei ratkaiseva, diplomaattinen askel Iranin kriisin ratkaisussa.<\/p>\n\n\n\n<p>Obamalle vierailu ja Iranin ydinasekriisi muodostavat poliittisen miinakent\u00e4n. Netanyahu ei selv\u00e4stik\u00e4\u00e4n pid\u00e4 Obamasta, toivoen republikaanien ja erityisesti neokonservatiivien nopeaa paluuta Valkoiseen taloon. Obaman on turha odottaa Netanyahulta yhteisty\u00f6haluista ja tukevaa asennetta.<\/p>\n\n\n\n<p>Marraskuun vaalit ja republikaanien edesvastuuton oppositiopolitiikka rajoittavat my\u00f6s Obaman toimintamahdollisuuksia. Jos h\u00e4n suostuu sotilasiskuun Iranin ydintutkimuslaitoksia vastaan, republikaanit tulevat kritisoimaan h\u00e4nt\u00e4 p\u00e4\u00e4t\u00f6ksest\u00e4 sek\u00e4 kuiskailemaan vaalitempusta. Mik\u00e4li Obama ei iske, samat \u00e4\u00e4net tulevat syytt\u00e4m\u00e4\u00e4n h\u00e4nt\u00e4 heikkoudesta. My\u00f6s poliittisesti vahvan Israel-lobbyn sek\u00e4 Israelin vauraiden yst\u00e4vien tuki on marraskuun vaalien alla Obamalle eritt\u00e4in t\u00e4rke\u00e4\u00e4.<\/p>\n\n\n\n<p>Viime viikonloppuna Obama astui <a href=\"http:\/\/www.theatlantic.com\/international\/archive\/2012\/03\/obama-to-iran-and-israel-as-president-of-the-united-states-i-dont-bluff\/253875\/\">mediaan puhumaan Iran-politiikastaan<\/a>. Presidentin <em>The Atlantic<\/em> -lehden&nbsp;<strong>Jeffrey Goldbergille<\/strong> antama haastattelu osoittaa, ett\u00e4 Obama uskoo edelleen agressiiviseen sanktiopolitiikkaan, mutta Yhdysvallat on sitoutunut vahvasti Israelin tukemiseen sek\u00e4 Iranin ydinasehaaveiden sammuttamiseen.<\/p>\n\n\n\n<p>Obama painotti monen rintaman politiikkaa Iranin pys\u00e4ytt\u00e4miseksi: Iranin poliittista erist\u00e4mist\u00e4, taloudellista painostusta sanktioiden avulla, diplomaattista Iranin vastaisen koalition muodostamista, sek\u00e4 sotilaallista rintamaa mahdollisten toimien varalta. &#8221;Min\u00e4 en bluffaa,&#8221; Obama painotti.<\/p>\n\n\n\n<p>Haastattelu osoittaa, ett\u00e4 Obama ei halua sotaa, mutta viel\u00e4 v\u00e4hemm\u00e4n h\u00e4n haluaa tulla muistetuksi presidenttin\u00e4, joka antoi Teheranin fanaatikkojen saada ydinaseen. Viesti sek\u00e4 Iranille, Israelille, ett\u00e4 amerikkalaisille \u00e4\u00e4nest\u00e4jille on selv\u00e4. Obama on vet\u00e4nyt viivan hiekkaan.<\/p>\n\n\n\n<p>Obaman viesti on monitahoinen: Iranin on lopetettava ydinaseohjelmansa, tai se saa varautua pahimmassa tapauksessa sotaan. Israelin on turha yritt\u00e4\u00e4 manipuloida Obaman hallintoa, sill\u00e4 Yhdysvallat arvioi itse sanktioiden tehon sek\u00e4 Iranin ydinaseohjelman laajuuden. Amerikkalais\u00e4\u00e4nest\u00e4jille Obama l\u00e4hetti viestin, ett\u00e4 h\u00e4n on huomattavasti edelt\u00e4j\u00e4\u00e4ns\u00e4 varovaisempi sotap\u00e4\u00e4t\u00f6ksiss\u00e4\u00e4n, mutta mik\u00e4li tarve vaatii, Yhdysvallat on valmis iskuun.<\/p>\n\n\n\n<p>Pallo on nyt Iranilla.<\/p>\n\n\n\n<p><em>Soundtrack: The The, Sweet Bird of Truth.<\/em><\/p>\n\n\n","protected":false},"excerpt":{"rendered":"<p>Syyrian tilanne on traaginen, mutta Iranin ydinasehaaveet muodostavat t\u00e4m\u00e4nhetkisen maailman vaikeimman kriisin. Iranin tilanteesta on tullut presidentti Obaman diplomaattinen miehuuskoe. Iranin ydinase on siet\u00e4m\u00e4t\u00f6n ajatus. Ensiksikin, Iranin ydinase muodostaa Israelille eksistentiaalisen uhan.<br \/>\nAjat&hellip;<\/p>\n","protected":false},"author":158,"featured_media":0,"comment_status":"open","ping_status":"open","sticky":false,"template":"","format":"standard","meta":{"_acf_changed":false,"asauth_required_access_level":0,"asauth_cansharepaid":"","om_header_attributes":[],"footnotes":"","om_featured_image_focal_point":[],"om_primary_tag":0,"om_contributors":[],"om_co_authors":[],"beyondwords_generate_audio":"","beyondwords_project_id":"","beyondwords_content_id":"","beyondwords_preview_token":"","beyondwords_player_content":"","beyondwords_player_style":"","beyondwords_language_code":"","beyondwords_language_id":"","beyondwords_title_voice_id":"","beyondwords_body_voice_id":"","beyondwords_summary_voice_id":"","beyondwords_error_message":"","beyondwords_disabled":"","beyondwords_delete_content":"","beyondwords_podcast_id":"","beyondwords_hash":"","publish_post_to_speechkit":"","speechkit_hash":"","speechkit_generate_audio":"","speechkit_project_id":"","speechkit_podcast_id":"","speechkit_error_message":"","speechkit_disabled":"","speechkit_access_key":"","speechkit_error":"","speechkit_info":"","speechkit_response":"","speechkit_retries":"","speechkit_status":"","speechkit_updated_at":"","_speechkit_link":"","_speechkit_text":""},"categories":[1],"tags":[36,54,53,311,664,665,83,47,663,24],"class_list":["post-338","post","type-post","status-publish","format-standard","hentry","category-americana","tag-barack-obama","tag-diplomatia","tag-iran","tag-israel","tag-jeffrey-goldberg","tag-sanktio","tag-sota","tag-the-atlantic","tag-ydinase","tag-yhdysvallat"],"om_views":null,"acf":{"tuuma_off":false,"tuuma_kysymys":"","tuuma_vastaus":""},"asauth":{"required_access_level":1,"share_token":"","is_paid":false},"yoast_head":"<!-- This site is optimized with the Yoast SEO plugin v26.4 - https:\/\/yoast.com\/wordpress\/plugins\/seo\/ -->\n<title>Diplomatia, Iran, ja Obama - Americana<\/title>\n<meta name=\"robots\" content=\"noindex, follow\" \/>\n<meta property=\"og:locale\" content=\"fi_FI\" \/>\n<meta property=\"og:type\" content=\"article\" \/>\n<meta property=\"og:title\" content=\"Diplomatia, Iran, ja Obama - Americana\" \/>\n<meta property=\"og:description\" content=\"Syyrian tilanne on traaginen, mutta Iranin ydinasehaaveet muodostavat t\u00e4m\u00e4nhetkisen maailman vaikeimman kriisin. Iranin tilanteesta on tullut presidentti Obaman diplomaattinen miehuuskoe. Iranin ydinase on siet\u00e4m\u00e4t\u00f6n ajatus. Ensiksikin, Iranin ydinase muodostaa Israelille eksistentiaalisen uhan. Ajat&hellip;\" \/>\n<meta property=\"og:url\" content=\"https:\/\/suomenkuvalehti.fi\/americana\/diplomatia-iran-ja-obama\/\" \/>\n<meta property=\"og:site_name\" content=\"Americana\" \/>\n<meta property=\"article:published_time\" content=\"2012-03-05T09:57:35+00:00\" \/>\n<meta property=\"article:modified_time\" content=\"2013-11-30T14:22:05+00:00\" \/>\n<meta property=\"og:image\" content=\"https:\/\/suomenkuvalehti.fi\/americana\/wp-content\/uploads\/sites\/10\/2022\/04\/americana_maunula-scaled.jpg\" \/>\n\t<meta property=\"og:image:width\" content=\"2560\" \/>\n\t<meta property=\"og:image:height\" content=\"1706\" \/>\n\t<meta property=\"og:image:type\" content=\"image\/jpeg\" \/>\n<meta name=\"author\" content=\"Marko Maunula\" \/>\n<meta name=\"twitter:card\" content=\"summary_large_image\" \/>\n<meta name=\"twitter:label1\" content=\"Written by\" \/>\n\t<meta name=\"twitter:data1\" content=\"Marko Maunula\" \/>\n\t<meta name=\"twitter:label2\" content=\"Est. reading time\" \/>\n\t<meta name=\"twitter:data2\" content=\"3 minuuttia\" \/>\n<script type=\"application\/ld+json\" class=\"yoast-schema-graph\">{\"@context\":\"https:\/\/schema.org\",\"@graph\":[{\"@type\":\"WebPage\",\"@id\":\"https:\/\/suomenkuvalehti.fi\/americana\/diplomatia-iran-ja-obama\/\",\"url\":\"https:\/\/suomenkuvalehti.fi\/americana\/diplomatia-iran-ja-obama\/\",\"name\":\"Diplomatia, Iran, ja Obama - Americana\",\"isPartOf\":{\"@id\":\"https:\/\/suomenkuvalehti.fi\/americana\/#website\"},\"datePublished\":\"2012-03-05T09:57:35+00:00\",\"dateModified\":\"2013-11-30T14:22:05+00:00\",\"author\":{\"@id\":\"https:\/\/suomenkuvalehti.fi\/americana\/#\/schema\/person\/12d514491cb37506bc39c8e10176c3ec\"},\"breadcrumb\":{\"@id\":\"https:\/\/suomenkuvalehti.fi\/americana\/diplomatia-iran-ja-obama\/#breadcrumb\"},\"inLanguage\":\"fi\",\"potentialAction\":[{\"@type\":\"ReadAction\",\"target\":[\"https:\/\/suomenkuvalehti.fi\/americana\/diplomatia-iran-ja-obama\/\"]}]},{\"@type\":\"BreadcrumbList\",\"@id\":\"https:\/\/suomenkuvalehti.fi\/americana\/diplomatia-iran-ja-obama\/#breadcrumb\",\"itemListElement\":[{\"@type\":\"ListItem\",\"position\":1,\"name\":\"Home\",\"item\":\"https:\/\/suomenkuvalehti.fi\/americana\/\"},{\"@type\":\"ListItem\",\"position\":2,\"name\":\"Diplomatia, Iran, ja Obama\"}]},{\"@type\":\"WebSite\",\"@id\":\"https:\/\/suomenkuvalehti.fi\/americana\/#website\",\"url\":\"https:\/\/suomenkuvalehti.fi\/americana\/\",\"name\":\"Americana\",\"description\":\"Professori Marko Maunula seuraa USA:n politiikkaa ja populaarikulttuuria\",\"potentialAction\":[{\"@type\":\"SearchAction\",\"target\":{\"@type\":\"EntryPoint\",\"urlTemplate\":\"https:\/\/suomenkuvalehti.fi\/haku\/?q={search_term_string}\"},\"query-input\":{\"@type\":\"PropertyValueSpecification\",\"valueRequired\":true,\"valueName\":\"search_term_string\"}}],\"inLanguage\":\"fi\"},{\"@type\":\"Person\",\"@id\":\"https:\/\/suomenkuvalehti.fi\/americana\/#\/schema\/person\/12d514491cb37506bc39c8e10176c3ec\",\"name\":\"Marko Maunula\",\"image\":{\"@type\":\"ImageObject\",\"inLanguage\":\"fi\",\"@id\":\"https:\/\/suomenkuvalehti.fi\/americana\/#\/schema\/person\/image\/\",\"url\":\"https:\/\/suomenkuvalehti.fi\/americana\/wp-content\/uploads\/sites\/10\/2022\/04\/americana_maunula-150x150.jpg\",\"contentUrl\":\"https:\/\/suomenkuvalehti.fi\/americana\/wp-content\/uploads\/sites\/10\/2022\/04\/americana_maunula-150x150.jpg\",\"caption\":\"Marko Maunula\"},\"description\":\"Kirjoittaja on Yhdysvaltain historian professori Atlantassa.\"}]}<\/script>\n<!-- \/ Yoast SEO plugin. -->","yoast_head_json":{"title":"Diplomatia, Iran, ja Obama - Americana","robots":{"index":"noindex","follow":"follow"},"og_locale":"fi_FI","og_type":"article","og_title":"Diplomatia, Iran, ja Obama - Americana","og_description":"Syyrian tilanne on traaginen, mutta Iranin ydinasehaaveet muodostavat t\u00e4m\u00e4nhetkisen maailman vaikeimman kriisin. Iranin tilanteesta on tullut presidentti Obaman diplomaattinen miehuuskoe. Iranin ydinase on siet\u00e4m\u00e4t\u00f6n ajatus. Ensiksikin, Iranin ydinase muodostaa Israelille eksistentiaalisen uhan. Ajat&hellip;","og_url":"https:\/\/suomenkuvalehti.fi\/americana\/diplomatia-iran-ja-obama\/","og_site_name":"Americana","article_published_time":"2012-03-05T09:57:35+00:00","article_modified_time":"2013-11-30T14:22:05+00:00","og_image":[{"width":2560,"height":1706,"url":"https:\/\/suomenkuvalehti.fi\/americana\/wp-content\/uploads\/sites\/10\/2022\/04\/americana_maunula-scaled.jpg","type":"image\/jpeg"}],"author":"Marko Maunula","twitter_card":"summary_large_image","twitter_misc":{"Written by":"Marko Maunula","Est. reading time":"3 minuuttia"},"schema":{"@context":"https:\/\/schema.org","@graph":[{"@type":"WebPage","@id":"https:\/\/suomenkuvalehti.fi\/americana\/diplomatia-iran-ja-obama\/","url":"https:\/\/suomenkuvalehti.fi\/americana\/diplomatia-iran-ja-obama\/","name":"Diplomatia, Iran, ja Obama - Americana","isPartOf":{"@id":"https:\/\/suomenkuvalehti.fi\/americana\/#website"},"datePublished":"2012-03-05T09:57:35+00:00","dateModified":"2013-11-30T14:22:05+00:00","author":{"@id":"https:\/\/suomenkuvalehti.fi\/americana\/#\/schema\/person\/12d514491cb37506bc39c8e10176c3ec"},"breadcrumb":{"@id":"https:\/\/suomenkuvalehti.fi\/americana\/diplomatia-iran-ja-obama\/#breadcrumb"},"inLanguage":"fi","potentialAction":[{"@type":"ReadAction","target":["https:\/\/suomenkuvalehti.fi\/americana\/diplomatia-iran-ja-obama\/"]}]},{"@type":"BreadcrumbList","@id":"https:\/\/suomenkuvalehti.fi\/americana\/diplomatia-iran-ja-obama\/#breadcrumb","itemListElement":[{"@type":"ListItem","position":1,"name":"Home","item":"https:\/\/suomenkuvalehti.fi\/americana\/"},{"@type":"ListItem","position":2,"name":"Diplomatia, Iran, ja Obama"}]},{"@type":"WebSite","@id":"https:\/\/suomenkuvalehti.fi\/americana\/#website","url":"https:\/\/suomenkuvalehti.fi\/americana\/","name":"Americana","description":"Professori Marko Maunula seuraa USA:n politiikkaa ja populaarikulttuuria","potentialAction":[{"@type":"SearchAction","target":{"@type":"EntryPoint","urlTemplate":"https:\/\/suomenkuvalehti.fi\/haku\/?q={search_term_string}"},"query-input":{"@type":"PropertyValueSpecification","valueRequired":true,"valueName":"search_term_string"}}],"inLanguage":"fi"},{"@type":"Person","@id":"https:\/\/suomenkuvalehti.fi\/americana\/#\/schema\/person\/12d514491cb37506bc39c8e10176c3ec","name":"Marko Maunula","image":{"@type":"ImageObject","inLanguage":"fi","@id":"https:\/\/suomenkuvalehti.fi\/americana\/#\/schema\/person\/image\/","url":"https:\/\/suomenkuvalehti.fi\/americana\/wp-content\/uploads\/sites\/10\/2022\/04\/americana_maunula-150x150.jpg","contentUrl":"https:\/\/suomenkuvalehti.fi\/americana\/wp-content\/uploads\/sites\/10\/2022\/04\/americana_maunula-150x150.jpg","caption":"Marko Maunula"},"description":"Kirjoittaja on Yhdysvaltain historian professori Atlantassa."}]}},"_links":{"self":[{"href":"https:\/\/suomenkuvalehti.fi\/americana\/wp-json\/wp\/v2\/posts\/338","targetHints":{"allow":["GET"]}}],"collection":[{"href":"https:\/\/suomenkuvalehti.fi\/americana\/wp-json\/wp\/v2\/posts"}],"about":[{"href":"https:\/\/suomenkuvalehti.fi\/americana\/wp-json\/wp\/v2\/types\/post"}],"author":[{"embeddable":true,"href":"https:\/\/suomenkuvalehti.fi\/americana\/wp-json\/wp\/v2\/users\/158"}],"replies":[{"embeddable":true,"href":"https:\/\/suomenkuvalehti.fi\/americana\/wp-json\/wp\/v2\/comments?post=338"}],"version-history":[{"count":1,"href":"https:\/\/suomenkuvalehti.fi\/americana\/wp-json\/wp\/v2\/posts\/338\/revisions"}],"predecessor-version":[{"id":955,"href":"https:\/\/suomenkuvalehti.fi\/americana\/wp-json\/wp\/v2\/posts\/338\/revisions\/955"}],"wp:attachment":[{"href":"https:\/\/suomenkuvalehti.fi\/americana\/wp-json\/wp\/v2\/media?parent=338"}],"wp:term":[{"taxonomy":"category","embeddable":true,"href":"https:\/\/suomenkuvalehti.fi\/americana\/wp-json\/wp\/v2\/categories?post=338"},{"taxonomy":"post_tag","embeddable":true,"href":"https:\/\/suomenkuvalehti.fi\/americana\/wp-json\/wp\/v2\/tags?post=338"}],"curies":[{"name":"wp","href":"https:\/\/api.w.org\/{rel}","templated":true}]}}