{"id":3360,"date":"2017-05-05T09:45:19","date_gmt":"2017-05-05T06:45:19","guid":{"rendered":"https:\/\/suomenkuvalehti.fi\/americana\/?p=3360"},"modified":"2017-05-05T09:45:19","modified_gmt":"2017-05-05T06:45:19","slug":"hillary-clinton-ei-vielakaan-katso-peiliin","status":"publish","type":"post","link":"https:\/\/suomenkuvalehti.fi\/americana\/hillary-clinton-ei-vielakaan-katso-peiliin\/","title":{"rendered":"Hillary Clinton ei viel\u00e4k\u00e4\u00e4n katso peiliin"},"content":{"rendered":"\n<p>H<strong>illary Clinton<\/strong> <a href=\"https:\/\/www.youtube.com\/watch?v=GTMk7OxwFzE\">astui takaisin julkisuuteen<\/a> toukokuun 2. p\u00e4iv\u00e4n\u00e4. Haastattelu paljasti vakavia ongelmia sek\u00e4 Clintonin ett\u00e4 monien demokraattien poliittisessa ajattelussa.<\/p>\n\n\n\n<p>Clintonilla ja useilla&nbsp;demokraateilla on edelleen vaikeuksia katsoa peiliin. Kun <strong>Christiane Amanpour<\/strong> kysyi Clintonilta tappion syist\u00e4, Clinton my\u00f6nsi, ett\u00e4 tappio oli pohjimmiltaan h\u00e4nen vastuullaan. Silti h\u00e4n samalla syytti seksismi\u00e4, FBI-pomo <strong>James Comeyta<\/strong> sek\u00e4 Ven\u00e4j\u00e4n tietomurtoja.<\/p>\n\n\n\n<p>\u201dJos vaalit olisi pidetty lokakuun 27. p\u00e4iv\u00e4, olisin nyt presidentti,\u201d Clinton sanoi. Toisin sanoen, Clintonin mielest\u00e4 tappion t\u00e4rkein syy ei siltik\u00e4\u00e4n ollut h\u00e4nen surkea kampanjansa vaan Comeyn p\u00e4\u00e4t\u00f6s avata uudelleen tutkimus Clintonin s\u00e4hk\u00f6posteista aivan marraskuun vaalien alla.<\/p>\n\n\n\n<p>&nbsp;<\/p>\n\n\n\n<p><span class=\"capitalized\">Clinton<\/span> ja demokraatit onnistuivat h\u00e4vi\u00e4m\u00e4\u00e4n huijarille, t\u00f6rkysuiselle patologiselle valehtelijalle, narsistille ja rasistille jonka tiedot politiikasta sek\u00e4 Yhdysvaltain hallitsemisesta ovat peruskoululaisen tasolla. T\u00e4m\u00e4 on uskomaton saavutus, jota yhteiskuntatieteilij\u00e4t analysoivat viel\u00e4 vuosikymmeni\u00e4.<\/p>\n\n\n\n<p>Clinton ei kampanjoinut juuri ollenkaan ylemm\u00e4n keskil\u00e4nnen teollisuusosavaltioissa, uskoen ett\u00e4 ne ovat varmasti h\u00e4nen taskussaan. Paremmat strategistit olisivat tutkineet osavaltioiden demograafista rakennetta sek\u00e4 Trumpin yll\u00e4tt\u00e4v\u00e4\u00e4 vetovoimaa valkoisten duunarien parissa ja satsanneet aikaa ja rahaa taisteluun osavaltioista.<\/p>\n\n\n\n<p>Demokraattien kampanjan ep\u00e4onnistuminen oli historiallinen saavutus. Siit\u00e4 huolimatta monet puolueen tukijat taputtavat \u00e4\u00e4nekk\u00e4\u00e4sti, kun heid\u00e4n h\u00e4vinnyt ehdokkaansa kielt\u00e4ytyy ottamaan vastuuta tappiosta.<\/p>\n\n\n\n<blockquote class=\"wp-block-quote\"><p>Miten ihmeess\u00e4 demokraatit&nbsp;onnistuivat h\u00e4vi\u00e4m\u00e4\u00e4n vitsi-ehdokkaalle?<\/p><\/blockquote>\n\n\n\n<p><span class=\"capitalized\">Comey<\/span> ja ven\u00e4l\u00e4isten vuotamat s\u00e4hk\u00f6postit eiv\u00e4t luoneet mielikuvaa Clintonista kaksinaamaisena ja salailevana operaattorina, vaan ainoastaan vahvistivat niit\u00e4. Ne tehosivat vain ja ainoastaan siksi, ett\u00e4 kuva oli jo olemassa. Clinton olisi helposti voinut torjua vahingon olemalla avoimempi ja johdonmukaisempi ehdokas.<\/p>\n\n\n\n<p>Tutkijoiden kasvava konsensus on, ett\u00e4 Clintonin persoonan ohella kampanjan vakavin puute oli sen profiilittomuus.<\/p>\n\n\n\n<p>Me tied\u00e4mme ett\u00e4 Trumpin kampanja keskittyi Amerikan palauttamiseen sen loiston p\u00e4iviin, mutta mik\u00e4 oli Clintonin kampanjan pohjimmainen viesti ja syy? Pelkk\u00e4 kompetenssi ei sytyt\u00e4 ket\u00e4\u00e4n. Monet meist\u00e4 \u00e4\u00e4nestiv\u00e4t Clintonia, koska meill\u00e4 ei ollut parempaa vaihtoehtoa, mutta aniharva oli aidosti innoissaan Clintonin kampanjasta.<\/p>\n\n\n\n<p>&nbsp;<\/p>\n\n\n\n<p><span class=\"capitalized\">Haastattelun<\/span> loppusuoralla Clinton sanoi palaavansa nyt enemm\u00e4n julkisuuteen yksityisen\u00e4 kansalaisena ja \u201dvastarinnan\u201d j\u00e4senen\u00e4. Lausunnon saamat aplodit kertovat demokraattien oppositiopolitiikan kriisist\u00e4.<\/p>\n\n\n\n<p>Republikaanit voittivat, demokraatit h\u00e4visiv\u00e4t, ja sen pituinen se. Demokratian s\u00e4\u00e4nn\u00f6t sanovat ett\u00e4 nyt republikaanit saavat ohjata valtiolaivaa niin hyvin kuin he kykenev\u00e4t, parlamentaaristen pelis\u00e4\u00e4nt\u00f6jen ja perustuslain puitteissa.<\/p>\n\n\n\n<p>Romanttisen \u201dvastarinta\u201d-retoriikan sijaan demokraateilla olisi syyt\u00e4 kriittiseen itsetarkasteluun. Miten ihmeess\u00e4 he onnistuivat h\u00e4vi\u00e4m\u00e4\u00e4n vitsi-ehdokkaalle? Jos demokraatit ovat niin tiukasti kiinni totuudessa, miksi \u00e4\u00e4nest\u00e4j\u00e4t elint\u00e4rkeiss\u00e4 osavaltioissa k\u00e4\u00e4nsiv\u00e4t selk\u00e4ns\u00e4 heid\u00e4n viestilleen?<\/p>\n\n\n\n<p>Demokraatit saavat meuhkata kesken\u00e4\u00e4n, puhua vastarinnasta, marssia protestista toiseen ja syytt\u00e4\u00e4 tappiostaan ket\u00e4 tahansa. Se saattaa tuntua mukavalta ja vahvistaa omia rivej\u00e4 ja uskoa omaan erinomaisuuteensa, mutta se ei tuo puolueelle yht\u00e4\u00e4n uutta \u00e4\u00e4nest\u00e4j\u00e4\u00e4.<\/p>\n\n\n\n<p>&nbsp;<\/p>\n\n\n\n<p><em>Soundtrack: Stevie Wonder, Higher Groun<\/em><em>d<\/em><\/p>\n\n\n<p><iframe loading=\"lazy\" width=\"472\" height=\"354\" src=\"https:\/\/www.youtube.com\/embed\/4wZ3ZG_Wams?feature=oembed\" frameborder=\"0\" allowfullscreen><\/iframe><\/p>\n","protected":false},"excerpt":{"rendered":"<p>Clintonin paluu paljasti, ett\u00e4 demokraattien oppositiopolitiikka on kriisiss\u00e4.<\/p>\n","protected":false},"author":158,"featured_media":0,"comment_status":"open","ping_status":"open","sticky":false,"template":"","format":"standard","meta":{"_acf_changed":false,"asauth_required_access_level":3,"asauth_cansharepaid":"true","om_header_attributes":[],"footnotes":"","om_featured_image_focal_point":[],"om_primary_tag":0,"om_contributors":[],"om_co_authors":[],"beyondwords_generate_audio":"","beyondwords_project_id":"","beyondwords_content_id":"","beyondwords_preview_token":"","beyondwords_player_content":"","beyondwords_player_style":"","beyondwords_language_code":"","beyondwords_language_id":"","beyondwords_title_voice_id":"","beyondwords_body_voice_id":"","beyondwords_summary_voice_id":"","beyondwords_error_message":"","beyondwords_disabled":"","beyondwords_delete_content":"","beyondwords_podcast_id":"","beyondwords_hash":"","publish_post_to_speechkit":"","speechkit_hash":"","speechkit_generate_audio":"","speechkit_project_id":"","speechkit_podcast_id":"","speechkit_error_message":"","speechkit_disabled":"","speechkit_access_key":"","speechkit_error":"","speechkit_info":"","speechkit_response":"","speechkit_retries":"","speechkit_status":"","speechkit_updated_at":"","_speechkit_link":"","_speechkit_text":""},"categories":[1],"tags":[1930,633,324,220,1929,441,375],"class_list":["post-3360","post","type-post","status-publish","format-standard","hentry","category-americana","tag-christiane-amanpour","tag-fbi","tag-haastattelu","tag-hillary-clinton","tag-james-comey","tag-presidentti","tag-vaalit"],"om_views":null,"acf":{"tuuma_off":false,"tuuma_kysymys":"","tuuma_vastaus":""},"asauth":{"required_access_level":1,"share_token":"","is_paid":false},"yoast_head":"<!-- This site is optimized with the Yoast SEO plugin v26.4 - https:\/\/yoast.com\/wordpress\/plugins\/seo\/ -->\n<title>Hillary Clinton ei viel\u00e4k\u00e4\u00e4n katso peiliin - Americana<\/title>\n<meta name=\"robots\" content=\"noindex, follow\" \/>\n<meta property=\"og:locale\" content=\"fi_FI\" \/>\n<meta property=\"og:type\" content=\"article\" \/>\n<meta property=\"og:title\" content=\"Hillary Clinton ei viel\u00e4k\u00e4\u00e4n katso peiliin - Americana\" \/>\n<meta property=\"og:description\" content=\"Clintonin paluu paljasti, ett\u00e4 demokraattien oppositiopolitiikka on kriisiss\u00e4.\" \/>\n<meta property=\"og:url\" content=\"https:\/\/suomenkuvalehti.fi\/americana\/hillary-clinton-ei-vielakaan-katso-peiliin\/\" \/>\n<meta property=\"og:site_name\" content=\"Americana\" \/>\n<meta property=\"article:published_time\" content=\"2017-05-05T06:45:19+00:00\" \/>\n<meta property=\"og:image\" content=\"https:\/\/suomenkuvalehti.fi\/americana\/wp-content\/uploads\/sites\/10\/2022\/04\/americana_maunula-scaled.jpg\" \/>\n\t<meta property=\"og:image:width\" content=\"2560\" \/>\n\t<meta property=\"og:image:height\" content=\"1706\" \/>\n\t<meta property=\"og:image:type\" content=\"image\/jpeg\" \/>\n<meta name=\"author\" content=\"Marko Maunula\" \/>\n<meta name=\"twitter:card\" content=\"summary_large_image\" \/>\n<meta name=\"twitter:label1\" content=\"Written by\" \/>\n\t<meta name=\"twitter:data1\" content=\"Marko Maunula\" \/>\n\t<meta name=\"twitter:label2\" content=\"Est. reading time\" \/>\n\t<meta name=\"twitter:data2\" content=\"2 minuuttia\" \/>\n<script type=\"application\/ld+json\" class=\"yoast-schema-graph\">{\"@context\":\"https:\/\/schema.org\",\"@graph\":[{\"@type\":\"WebPage\",\"@id\":\"https:\/\/suomenkuvalehti.fi\/americana\/hillary-clinton-ei-vielakaan-katso-peiliin\/\",\"url\":\"https:\/\/suomenkuvalehti.fi\/americana\/hillary-clinton-ei-vielakaan-katso-peiliin\/\",\"name\":\"Hillary Clinton ei viel\u00e4k\u00e4\u00e4n katso peiliin - Americana\",\"isPartOf\":{\"@id\":\"https:\/\/suomenkuvalehti.fi\/americana\/#website\"},\"datePublished\":\"2017-05-05T06:45:19+00:00\",\"author\":{\"@id\":\"https:\/\/suomenkuvalehti.fi\/americana\/#\/schema\/person\/12d514491cb37506bc39c8e10176c3ec\"},\"breadcrumb\":{\"@id\":\"https:\/\/suomenkuvalehti.fi\/americana\/hillary-clinton-ei-vielakaan-katso-peiliin\/#breadcrumb\"},\"inLanguage\":\"fi\",\"potentialAction\":[{\"@type\":\"ReadAction\",\"target\":[\"https:\/\/suomenkuvalehti.fi\/americana\/hillary-clinton-ei-vielakaan-katso-peiliin\/\"]}]},{\"@type\":\"BreadcrumbList\",\"@id\":\"https:\/\/suomenkuvalehti.fi\/americana\/hillary-clinton-ei-vielakaan-katso-peiliin\/#breadcrumb\",\"itemListElement\":[{\"@type\":\"ListItem\",\"position\":1,\"name\":\"Home\",\"item\":\"https:\/\/suomenkuvalehti.fi\/americana\/\"},{\"@type\":\"ListItem\",\"position\":2,\"name\":\"Hillary Clinton ei viel\u00e4k\u00e4\u00e4n katso peiliin\"}]},{\"@type\":\"WebSite\",\"@id\":\"https:\/\/suomenkuvalehti.fi\/americana\/#website\",\"url\":\"https:\/\/suomenkuvalehti.fi\/americana\/\",\"name\":\"Americana\",\"description\":\"Professori Marko Maunula seuraa USA:n politiikkaa ja populaarikulttuuria\",\"potentialAction\":[{\"@type\":\"SearchAction\",\"target\":{\"@type\":\"EntryPoint\",\"urlTemplate\":\"https:\/\/suomenkuvalehti.fi\/haku\/?q={search_term_string}\"},\"query-input\":{\"@type\":\"PropertyValueSpecification\",\"valueRequired\":true,\"valueName\":\"search_term_string\"}}],\"inLanguage\":\"fi\"},{\"@type\":\"Person\",\"@id\":\"https:\/\/suomenkuvalehti.fi\/americana\/#\/schema\/person\/12d514491cb37506bc39c8e10176c3ec\",\"name\":\"Marko Maunula\",\"image\":{\"@type\":\"ImageObject\",\"inLanguage\":\"fi\",\"@id\":\"https:\/\/suomenkuvalehti.fi\/americana\/#\/schema\/person\/image\/\",\"url\":\"https:\/\/suomenkuvalehti.fi\/americana\/wp-content\/uploads\/sites\/10\/2022\/04\/americana_maunula-150x150.jpg\",\"contentUrl\":\"https:\/\/suomenkuvalehti.fi\/americana\/wp-content\/uploads\/sites\/10\/2022\/04\/americana_maunula-150x150.jpg\",\"caption\":\"Marko Maunula\"},\"description\":\"Kirjoittaja on Yhdysvaltain historian professori Atlantassa.\"}]}<\/script>\n<!-- \/ Yoast SEO plugin. -->","yoast_head_json":{"title":"Hillary Clinton ei viel\u00e4k\u00e4\u00e4n katso peiliin - Americana","robots":{"index":"noindex","follow":"follow"},"og_locale":"fi_FI","og_type":"article","og_title":"Hillary Clinton ei viel\u00e4k\u00e4\u00e4n katso peiliin - Americana","og_description":"Clintonin paluu paljasti, ett\u00e4 demokraattien oppositiopolitiikka on kriisiss\u00e4.","og_url":"https:\/\/suomenkuvalehti.fi\/americana\/hillary-clinton-ei-vielakaan-katso-peiliin\/","og_site_name":"Americana","article_published_time":"2017-05-05T06:45:19+00:00","og_image":[{"width":2560,"height":1706,"url":"https:\/\/suomenkuvalehti.fi\/americana\/wp-content\/uploads\/sites\/10\/2022\/04\/americana_maunula-scaled.jpg","type":"image\/jpeg"}],"author":"Marko Maunula","twitter_card":"summary_large_image","twitter_misc":{"Written by":"Marko Maunula","Est. reading time":"2 minuuttia"},"schema":{"@context":"https:\/\/schema.org","@graph":[{"@type":"WebPage","@id":"https:\/\/suomenkuvalehti.fi\/americana\/hillary-clinton-ei-vielakaan-katso-peiliin\/","url":"https:\/\/suomenkuvalehti.fi\/americana\/hillary-clinton-ei-vielakaan-katso-peiliin\/","name":"Hillary Clinton ei viel\u00e4k\u00e4\u00e4n katso peiliin - Americana","isPartOf":{"@id":"https:\/\/suomenkuvalehti.fi\/americana\/#website"},"datePublished":"2017-05-05T06:45:19+00:00","author":{"@id":"https:\/\/suomenkuvalehti.fi\/americana\/#\/schema\/person\/12d514491cb37506bc39c8e10176c3ec"},"breadcrumb":{"@id":"https:\/\/suomenkuvalehti.fi\/americana\/hillary-clinton-ei-vielakaan-katso-peiliin\/#breadcrumb"},"inLanguage":"fi","potentialAction":[{"@type":"ReadAction","target":["https:\/\/suomenkuvalehti.fi\/americana\/hillary-clinton-ei-vielakaan-katso-peiliin\/"]}]},{"@type":"BreadcrumbList","@id":"https:\/\/suomenkuvalehti.fi\/americana\/hillary-clinton-ei-vielakaan-katso-peiliin\/#breadcrumb","itemListElement":[{"@type":"ListItem","position":1,"name":"Home","item":"https:\/\/suomenkuvalehti.fi\/americana\/"},{"@type":"ListItem","position":2,"name":"Hillary Clinton ei viel\u00e4k\u00e4\u00e4n katso peiliin"}]},{"@type":"WebSite","@id":"https:\/\/suomenkuvalehti.fi\/americana\/#website","url":"https:\/\/suomenkuvalehti.fi\/americana\/","name":"Americana","description":"Professori Marko Maunula seuraa USA:n politiikkaa ja populaarikulttuuria","potentialAction":[{"@type":"SearchAction","target":{"@type":"EntryPoint","urlTemplate":"https:\/\/suomenkuvalehti.fi\/haku\/?q={search_term_string}"},"query-input":{"@type":"PropertyValueSpecification","valueRequired":true,"valueName":"search_term_string"}}],"inLanguage":"fi"},{"@type":"Person","@id":"https:\/\/suomenkuvalehti.fi\/americana\/#\/schema\/person\/12d514491cb37506bc39c8e10176c3ec","name":"Marko Maunula","image":{"@type":"ImageObject","inLanguage":"fi","@id":"https:\/\/suomenkuvalehti.fi\/americana\/#\/schema\/person\/image\/","url":"https:\/\/suomenkuvalehti.fi\/americana\/wp-content\/uploads\/sites\/10\/2022\/04\/americana_maunula-150x150.jpg","contentUrl":"https:\/\/suomenkuvalehti.fi\/americana\/wp-content\/uploads\/sites\/10\/2022\/04\/americana_maunula-150x150.jpg","caption":"Marko Maunula"},"description":"Kirjoittaja on Yhdysvaltain historian professori Atlantassa."}]}},"_links":{"self":[{"href":"https:\/\/suomenkuvalehti.fi\/americana\/wp-json\/wp\/v2\/posts\/3360","targetHints":{"allow":["GET"]}}],"collection":[{"href":"https:\/\/suomenkuvalehti.fi\/americana\/wp-json\/wp\/v2\/posts"}],"about":[{"href":"https:\/\/suomenkuvalehti.fi\/americana\/wp-json\/wp\/v2\/types\/post"}],"author":[{"embeddable":true,"href":"https:\/\/suomenkuvalehti.fi\/americana\/wp-json\/wp\/v2\/users\/158"}],"replies":[{"embeddable":true,"href":"https:\/\/suomenkuvalehti.fi\/americana\/wp-json\/wp\/v2\/comments?post=3360"}],"version-history":[{"count":4,"href":"https:\/\/suomenkuvalehti.fi\/americana\/wp-json\/wp\/v2\/posts\/3360\/revisions"}],"predecessor-version":[{"id":3363,"href":"https:\/\/suomenkuvalehti.fi\/americana\/wp-json\/wp\/v2\/posts\/3360\/revisions\/3363"}],"wp:attachment":[{"href":"https:\/\/suomenkuvalehti.fi\/americana\/wp-json\/wp\/v2\/media?parent=3360"}],"wp:term":[{"taxonomy":"category","embeddable":true,"href":"https:\/\/suomenkuvalehti.fi\/americana\/wp-json\/wp\/v2\/categories?post=3360"},{"taxonomy":"post_tag","embeddable":true,"href":"https:\/\/suomenkuvalehti.fi\/americana\/wp-json\/wp\/v2\/tags?post=3360"}],"curies":[{"name":"wp","href":"https:\/\/api.w.org\/{rel}","templated":true}]}}