{"id":3325,"date":"2017-04-11T14:44:39","date_gmt":"2017-04-11T11:44:39","guid":{"rendered":"https:\/\/suomenkuvalehti.fi\/americana\/?p=3325"},"modified":"2017-04-11T14:44:39","modified_gmt":"2017-04-11T11:44:39","slug":"rakentava-pelko-motivoi","status":"publish","type":"post","link":"https:\/\/suomenkuvalehti.fi\/americana\/rakentava-pelko-motivoi\/","title":{"rendered":"Rakentava pelko motivoi"},"content":{"rendered":"\n<p>&#8217;Pelolle ei saa antaa valtaa!\u201d<\/p>\n\n\n\n<p>Lauseesta on tullut viime vuosien some-mantra terrori-iskujen yhteydess\u00e4. Pinnallisella tasolla siihen on helppo yhty\u00e4. Terroristit pyrkiv\u00e4t nimenomaan terrorisoimaan, ja alistuminen siihen merkitsee terroristien voittoa.<\/p>\n\n\n\n<p>T\u00e4ll\u00e4kin kolikolla on toinen puoli. Jos me emme tee mit\u00e4\u00e4n, se tarkoittaa, ett\u00e4 olemme hyv\u00e4ksyneet satunnaiset islamistiset terrori-iskut uutena normaalina.<\/p>\n\n\n\n<p>Jokainen islamistinen terrori-isku tarkoittaa, ett\u00e4 jokin on mennyt pieleen maahanmuuttopolitiikassa, tulokkaiden sopeuttamisessa, ja\/tai poliisin toiminnassa.<\/p>\n\n\n\n<p>Se tarkoittaa, ett\u00e4 Ruotsiin, Espanjaan, Yhdysvaltoihin, Saksaan tai Ranskaan on p\u00e4\u00e4ssyt sinne kuulumattomia yksil\u00f6it\u00e4, tai siell\u00e4 olevat eiv\u00e4t ole syyst\u00e4 tai toisesta ole sopeutuneet el\u00e4m\u00e4\u00e4n maiden pelis\u00e4\u00e4nt\u00f6jen ja kulttuurin mukaisesti, eik\u00e4 poliisi ole kyllin tehokkaasti havainnut heid\u00e4n radikalisoitumisensa koko mittakaavaa.<\/p>\n\n\n\n<blockquote class=\"wp-block-quote\"><p>Mit\u00e4 l\u00e4nsimaiden pit\u00e4isi tehd\u00e4 iskujen est\u00e4miseksi?<\/p><\/blockquote>\n\n\n\n<p><span class=\"capitalized\">Jos l\u00e4nsimaat<\/span> jatkavat nykyist\u00e4 turvallisuus-, maahanmuutto- ja sopeuttamispolitiikkaa muuttumattomina, se tarkoittaa, ett\u00e4 emme ole valmiita muuttamaan asenteitamme ja toimintatapojamme.<\/p>\n\n\n\n<p>Me emme tietenk\u00e4\u00e4n voi olla ojentamatta auttavaa k\u00e4tt\u00e4mme miljoonille, jotka k\u00e4rsiv\u00e4t poliittisesta islamista viel\u00e4 pahemmin kuin me l\u00e4nsimaalaiset. Me emme voi luopua liberaaleista arvoistamme, joihin kuuluvat niin uskonnonvapaus, yksil\u00f6n oikeudet kuin lakeihin perustuva yhteiskuntakin.<\/p>\n\n\n\n<p>Mutta yhteiskunnan ensimm\u00e4inen velvollisuus on taata kansalaistensa turvallisuus. Se vaatii tilanteen rehellist\u00e4 tunnistamista sek\u00e4 turvallisuus-, maahanmuutto ja sopeuttamispolitiikan tehostamista turvallisuutta parantavalla tavalla.<\/p>\n\n\n\n<p>Terrori L\u00e4nsi-Euroopassa ei tietenk\u00e4\u00e4n ole uusi ilmi\u00f6. Me onnistuimme kukistamaan sairaista ideologioista ponnistavat \u00e4\u00e4riliikkeet aikaisemminkin, niin valtioiden (Natsi-Saksa, Neuvostoliitto, fasistinen Italia) kuin laittomien organisaatioiden (Baader-Meinhof-jengi, Punaiset prikaatit, IRA, ETA, jne.) tasolla.<\/p>\n\n\n\n<p>Kaikkien muslimien syytt\u00e4mien terrorista on yht\u00e4 typer\u00e4\u00e4 kuin kaikkien vasemmistolaisten syytt\u00e4minen Baader-Meinhofin iskuista tai katolisten tuomitseminen IRA:n toimien perusteella.<\/p>\n\n\n\n<p>&nbsp;<\/p>\n\n\n\n<p><span class=\"capitalized\">Tilanteen<\/span> korjaaminen vaatii silti tosiasioiden tunnustamista ja identifiointia. Ensimm\u00e4inen kysymys kuuluu: mit\u00e4 l\u00e4nsimaiden pit\u00e4isi tehd\u00e4 iskujen est\u00e4miseksi? Mit\u00e4 ne ovat tehneet v\u00e4\u00e4rin?<\/p>\n\n\n\n<p>Islamistiset terrori-iskut ovat tappaneet jo tuhansia viattomia ihmisi\u00e4 l\u00e4nsimaissa. Islamilaisessa maailmassa uhreja on syntynyt viel\u00e4 enemm\u00e4n. Sivistyneiden yhteiskuntien on suojeltava asukkaitaan. Maahanmuuttoviranomaisten, kotouttamisesta vastuussa olevien tahojen ja poliisin on kaikkien parannettava toimiaan.<\/p>\n\n\n\n<p>Pelko on huono is\u00e4nt\u00e4, mutta hyv\u00e4 renki. Rakentava pelko on hyv\u00e4 motivaattori. Toivottavasti pelko mahdollisista iskuista ohjaa viranomaiset tehostamaan toimintojaan Suomessakin.<\/p>\n\n\n\n<p>&nbsp;<\/p>\n\n\n\n<p><em>Soundtrack: Hiljainen hetki Tukholman iskujen uhreille.<\/em><\/p>\n\n\n","protected":false},"excerpt":{"rendered":"<p>Jokainen terrori-isku tarkoittaa, ett\u00e4 jokin on mennyt pieleen.<\/p>\n","protected":false},"author":158,"featured_media":0,"comment_status":"open","ping_status":"open","sticky":false,"template":"","format":"standard","meta":{"_acf_changed":false,"asauth_required_access_level":3,"asauth_cansharepaid":"true","om_header_attributes":[],"footnotes":"","om_featured_image_focal_point":[],"om_primary_tag":0,"om_contributors":[],"om_co_authors":[],"beyondwords_generate_audio":"","beyondwords_project_id":"","beyondwords_content_id":"","beyondwords_preview_token":"","beyondwords_player_content":"","beyondwords_player_style":"","beyondwords_language_code":"","beyondwords_language_id":"","beyondwords_title_voice_id":"","beyondwords_body_voice_id":"","beyondwords_summary_voice_id":"","beyondwords_error_message":"","beyondwords_disabled":"","beyondwords_delete_content":"","beyondwords_podcast_id":"","beyondwords_hash":"","publish_post_to_speechkit":"","speechkit_hash":"","speechkit_generate_audio":"","speechkit_project_id":"","speechkit_podcast_id":"","speechkit_error_message":"","speechkit_disabled":"","speechkit_access_key":"","speechkit_error":"","speechkit_info":"","speechkit_response":"","speechkit_retries":"","speechkit_status":"","speechkit_updated_at":"","_speechkit_link":"","_speechkit_text":""},"categories":[1],"tags":[248,1681,193,1922],"class_list":["post-3325","post","type-post","status-publish","format-standard","hentry","category-americana","tag-pelko","tag-some","tag-terrorismi","tag-tukholma"],"om_views":null,"acf":{"tuuma_off":false,"tuuma_kysymys":"","tuuma_vastaus":""},"asauth":{"required_access_level":1,"share_token":"","is_paid":false},"yoast_head":"<!-- This site is optimized with the Yoast SEO plugin v26.4 - https:\/\/yoast.com\/wordpress\/plugins\/seo\/ -->\n<title>Rakentava pelko motivoi - Americana<\/title>\n<meta name=\"robots\" content=\"noindex, follow\" \/>\n<meta property=\"og:locale\" content=\"fi_FI\" \/>\n<meta property=\"og:type\" content=\"article\" \/>\n<meta property=\"og:title\" content=\"Rakentava pelko motivoi - Americana\" \/>\n<meta property=\"og:description\" content=\"Jokainen terrori-isku tarkoittaa, ett\u00e4 jokin on mennyt pieleen.\" \/>\n<meta property=\"og:url\" content=\"https:\/\/suomenkuvalehti.fi\/americana\/rakentava-pelko-motivoi\/\" \/>\n<meta property=\"og:site_name\" content=\"Americana\" \/>\n<meta property=\"article:published_time\" content=\"2017-04-11T11:44:39+00:00\" \/>\n<meta property=\"og:image\" content=\"https:\/\/suomenkuvalehti.fi\/americana\/wp-content\/uploads\/sites\/10\/2022\/04\/americana_maunula-scaled.jpg\" \/>\n\t<meta property=\"og:image:width\" content=\"2560\" \/>\n\t<meta property=\"og:image:height\" content=\"1706\" \/>\n\t<meta property=\"og:image:type\" content=\"image\/jpeg\" \/>\n<meta name=\"author\" content=\"Marko Maunula\" \/>\n<meta name=\"twitter:card\" content=\"summary_large_image\" \/>\n<meta name=\"twitter:label1\" content=\"Written by\" \/>\n\t<meta name=\"twitter:data1\" content=\"Marko Maunula\" \/>\n\t<meta name=\"twitter:label2\" content=\"Est. reading time\" \/>\n\t<meta name=\"twitter:data2\" content=\"2 minuuttia\" \/>\n<script type=\"application\/ld+json\" class=\"yoast-schema-graph\">{\"@context\":\"https:\/\/schema.org\",\"@graph\":[{\"@type\":\"WebPage\",\"@id\":\"https:\/\/suomenkuvalehti.fi\/americana\/rakentava-pelko-motivoi\/\",\"url\":\"https:\/\/suomenkuvalehti.fi\/americana\/rakentava-pelko-motivoi\/\",\"name\":\"Rakentava pelko motivoi - Americana\",\"isPartOf\":{\"@id\":\"https:\/\/suomenkuvalehti.fi\/americana\/#website\"},\"datePublished\":\"2017-04-11T11:44:39+00:00\",\"author\":{\"@id\":\"https:\/\/suomenkuvalehti.fi\/americana\/#\/schema\/person\/12d514491cb37506bc39c8e10176c3ec\"},\"breadcrumb\":{\"@id\":\"https:\/\/suomenkuvalehti.fi\/americana\/rakentava-pelko-motivoi\/#breadcrumb\"},\"inLanguage\":\"fi\",\"potentialAction\":[{\"@type\":\"ReadAction\",\"target\":[\"https:\/\/suomenkuvalehti.fi\/americana\/rakentava-pelko-motivoi\/\"]}]},{\"@type\":\"BreadcrumbList\",\"@id\":\"https:\/\/suomenkuvalehti.fi\/americana\/rakentava-pelko-motivoi\/#breadcrumb\",\"itemListElement\":[{\"@type\":\"ListItem\",\"position\":1,\"name\":\"Home\",\"item\":\"https:\/\/suomenkuvalehti.fi\/americana\/\"},{\"@type\":\"ListItem\",\"position\":2,\"name\":\"Rakentava pelko motivoi\"}]},{\"@type\":\"WebSite\",\"@id\":\"https:\/\/suomenkuvalehti.fi\/americana\/#website\",\"url\":\"https:\/\/suomenkuvalehti.fi\/americana\/\",\"name\":\"Americana\",\"description\":\"Professori Marko Maunula seuraa USA:n politiikkaa ja populaarikulttuuria\",\"potentialAction\":[{\"@type\":\"SearchAction\",\"target\":{\"@type\":\"EntryPoint\",\"urlTemplate\":\"https:\/\/suomenkuvalehti.fi\/haku\/?q={search_term_string}\"},\"query-input\":{\"@type\":\"PropertyValueSpecification\",\"valueRequired\":true,\"valueName\":\"search_term_string\"}}],\"inLanguage\":\"fi\"},{\"@type\":\"Person\",\"@id\":\"https:\/\/suomenkuvalehti.fi\/americana\/#\/schema\/person\/12d514491cb37506bc39c8e10176c3ec\",\"name\":\"Marko Maunula\",\"image\":{\"@type\":\"ImageObject\",\"inLanguage\":\"fi\",\"@id\":\"https:\/\/suomenkuvalehti.fi\/americana\/#\/schema\/person\/image\/\",\"url\":\"https:\/\/suomenkuvalehti.fi\/americana\/wp-content\/uploads\/sites\/10\/2022\/04\/americana_maunula-150x150.jpg\",\"contentUrl\":\"https:\/\/suomenkuvalehti.fi\/americana\/wp-content\/uploads\/sites\/10\/2022\/04\/americana_maunula-150x150.jpg\",\"caption\":\"Marko Maunula\"},\"description\":\"Kirjoittaja on Yhdysvaltain historian professori Atlantassa.\"}]}<\/script>\n<!-- \/ Yoast SEO plugin. -->","yoast_head_json":{"title":"Rakentava pelko motivoi - Americana","robots":{"index":"noindex","follow":"follow"},"og_locale":"fi_FI","og_type":"article","og_title":"Rakentava pelko motivoi - Americana","og_description":"Jokainen terrori-isku tarkoittaa, ett\u00e4 jokin on mennyt pieleen.","og_url":"https:\/\/suomenkuvalehti.fi\/americana\/rakentava-pelko-motivoi\/","og_site_name":"Americana","article_published_time":"2017-04-11T11:44:39+00:00","og_image":[{"width":2560,"height":1706,"url":"https:\/\/suomenkuvalehti.fi\/americana\/wp-content\/uploads\/sites\/10\/2022\/04\/americana_maunula-scaled.jpg","type":"image\/jpeg"}],"author":"Marko Maunula","twitter_card":"summary_large_image","twitter_misc":{"Written by":"Marko Maunula","Est. reading time":"2 minuuttia"},"schema":{"@context":"https:\/\/schema.org","@graph":[{"@type":"WebPage","@id":"https:\/\/suomenkuvalehti.fi\/americana\/rakentava-pelko-motivoi\/","url":"https:\/\/suomenkuvalehti.fi\/americana\/rakentava-pelko-motivoi\/","name":"Rakentava pelko motivoi - Americana","isPartOf":{"@id":"https:\/\/suomenkuvalehti.fi\/americana\/#website"},"datePublished":"2017-04-11T11:44:39+00:00","author":{"@id":"https:\/\/suomenkuvalehti.fi\/americana\/#\/schema\/person\/12d514491cb37506bc39c8e10176c3ec"},"breadcrumb":{"@id":"https:\/\/suomenkuvalehti.fi\/americana\/rakentava-pelko-motivoi\/#breadcrumb"},"inLanguage":"fi","potentialAction":[{"@type":"ReadAction","target":["https:\/\/suomenkuvalehti.fi\/americana\/rakentava-pelko-motivoi\/"]}]},{"@type":"BreadcrumbList","@id":"https:\/\/suomenkuvalehti.fi\/americana\/rakentava-pelko-motivoi\/#breadcrumb","itemListElement":[{"@type":"ListItem","position":1,"name":"Home","item":"https:\/\/suomenkuvalehti.fi\/americana\/"},{"@type":"ListItem","position":2,"name":"Rakentava pelko motivoi"}]},{"@type":"WebSite","@id":"https:\/\/suomenkuvalehti.fi\/americana\/#website","url":"https:\/\/suomenkuvalehti.fi\/americana\/","name":"Americana","description":"Professori Marko Maunula seuraa USA:n politiikkaa ja populaarikulttuuria","potentialAction":[{"@type":"SearchAction","target":{"@type":"EntryPoint","urlTemplate":"https:\/\/suomenkuvalehti.fi\/haku\/?q={search_term_string}"},"query-input":{"@type":"PropertyValueSpecification","valueRequired":true,"valueName":"search_term_string"}}],"inLanguage":"fi"},{"@type":"Person","@id":"https:\/\/suomenkuvalehti.fi\/americana\/#\/schema\/person\/12d514491cb37506bc39c8e10176c3ec","name":"Marko Maunula","image":{"@type":"ImageObject","inLanguage":"fi","@id":"https:\/\/suomenkuvalehti.fi\/americana\/#\/schema\/person\/image\/","url":"https:\/\/suomenkuvalehti.fi\/americana\/wp-content\/uploads\/sites\/10\/2022\/04\/americana_maunula-150x150.jpg","contentUrl":"https:\/\/suomenkuvalehti.fi\/americana\/wp-content\/uploads\/sites\/10\/2022\/04\/americana_maunula-150x150.jpg","caption":"Marko Maunula"},"description":"Kirjoittaja on Yhdysvaltain historian professori Atlantassa."}]}},"_links":{"self":[{"href":"https:\/\/suomenkuvalehti.fi\/americana\/wp-json\/wp\/v2\/posts\/3325","targetHints":{"allow":["GET"]}}],"collection":[{"href":"https:\/\/suomenkuvalehti.fi\/americana\/wp-json\/wp\/v2\/posts"}],"about":[{"href":"https:\/\/suomenkuvalehti.fi\/americana\/wp-json\/wp\/v2\/types\/post"}],"author":[{"embeddable":true,"href":"https:\/\/suomenkuvalehti.fi\/americana\/wp-json\/wp\/v2\/users\/158"}],"replies":[{"embeddable":true,"href":"https:\/\/suomenkuvalehti.fi\/americana\/wp-json\/wp\/v2\/comments?post=3325"}],"version-history":[{"count":3,"href":"https:\/\/suomenkuvalehti.fi\/americana\/wp-json\/wp\/v2\/posts\/3325\/revisions"}],"predecessor-version":[{"id":3328,"href":"https:\/\/suomenkuvalehti.fi\/americana\/wp-json\/wp\/v2\/posts\/3325\/revisions\/3328"}],"wp:attachment":[{"href":"https:\/\/suomenkuvalehti.fi\/americana\/wp-json\/wp\/v2\/media?parent=3325"}],"wp:term":[{"taxonomy":"category","embeddable":true,"href":"https:\/\/suomenkuvalehti.fi\/americana\/wp-json\/wp\/v2\/categories?post=3325"},{"taxonomy":"post_tag","embeddable":true,"href":"https:\/\/suomenkuvalehti.fi\/americana\/wp-json\/wp\/v2\/tags?post=3325"}],"curies":[{"name":"wp","href":"https:\/\/api.w.org\/{rel}","templated":true}]}}