{"id":332,"date":"2012-03-27T16:10:35","date_gmt":"2012-03-27T13:10:35","guid":{"rendered":"https:\/\/suomenkuvalehti.fi\/americana\/newt-trayvon-ja-rasismin-korinat\/"},"modified":"2013-11-30T16:22:05","modified_gmt":"2013-11-30T14:22:05","slug":"newt-trayvon-ja-rasismin-korinat","status":"publish","type":"post","link":"https:\/\/suomenkuvalehti.fi\/americana\/newt-trayvon-ja-rasismin-korinat\/","title":{"rendered":"Newt, Trayvon, ja rasismin korinat"},"content":{"rendered":"\n<p>Mit\u00e4 rotuasioihin tulee, ainoa ryhm\u00e4 joka on rasittavampi kuin vanhan kaartin rasismia joka puolella n\u00e4kev\u00e4t kansalaisoikeus-aktivistit, ovat &#8221;k\u00e4\u00e4nteist\u00e4 rasismia&#8221; kiljuvat valkoiset, jotka uskovat valkoisen rasismin olevan jo historiaa. Tapaus <strong>Trayvon Martin<\/strong> on traagisen osuva esimerkki.<\/p>\n\n\n\n<p>Martin, 17-vuotias afroamerikkalainen lukiolainen, kuoli helmikuun 26. p\u00e4iv\u00e4 <strong>George Zimmermanin<\/strong>, vapaaehtoisen naapurustovahdin, ampumaan luotiin.<\/p>\n\n\n\n<p>Martin oli k\u00e4velem\u00e4ss\u00e4 kotiin kioskilta (h\u00e4n osti karkkia ja j\u00e4\u00e4teet\u00e4), kun Zimmerman ryhtyi seuraamaan teini\u00e4. Zimmerman soitti poliisille ja raportoi &#8221;ep\u00e4ilytt\u00e4v\u00e4st\u00e4 k\u00e4yt\u00f6ksest\u00e4.&#8221; Poliisi pyysi Zimmermania lopettamaan seuraamisen, mutta Zimmerman ei kuunnellut kehoitusta.<\/p>\n\n\n\n<p>Samanaikaisesti Martin soitti tytt\u00f6yst\u00e4v\u00e4lleen ja kertoi oudosta miehest\u00e4 joka seurasi h\u00e4nt\u00e4. Tytt\u00f6yst\u00e4v\u00e4 kuuli Martinin kysyv\u00e4n seuraajaltaan &#8221;miksi sin\u00e4 seuraat minua?&#8221; Zimmermanin vastakysymys oli: &#8221;Mit\u00e4 sin\u00e4 teet t\u00e4\u00e4ll\u00e4?&#8221; Seuraavaksi tytt\u00f6yst\u00e4v\u00e4 kuuli kamppailun \u00e4\u00e4ni\u00e4, ja pian puhelu katkesi.<\/p>\n\n\n\n<p>Zimmermanin mukaan Martin l\u00f6i h\u00e4nt\u00e4, heitti h\u00e4net maahan, ja ryhtyi hakkaamaan h\u00e4nen p\u00e4\u00e4t\u00e4\u00e4n katuun, ja Zimmerman joutui ampumaan itsepuolustukseksi. Poliisi uskoi Zimmermanin kertomusta tapahtumista. H\u00e4nt\u00e4 ei pid\u00e4tetty, testattu huumeiden varalta, tai kuulusteltu huolellisesti. Zimmerman sai my\u00f6s pit\u00e4\u00e4 aseensa.<\/p>\n\n\n\n<p>Martinilla ei ollut rikosrekisteri\u00e4. H\u00e4nen opettajansa, perheens\u00e4, ja yst\u00e4v\u00e4ns\u00e4 kertovat h\u00e4nen olleen ter\u00e4v\u00e4p\u00e4inen, hauska, ja tasapainoinen nuori lukiolainen, joka halusi opiskella lentokonemekaanikoksi tai insin\u00f6\u00f6riksi. H\u00e4nen k\u00e4yt\u00f6ksens\u00e4 ja asenteensa oli moitteetonta.<\/p>\n\n\n\n<p>Zimmermanilla on taustallaan yksi pid\u00e4tys poliisin v\u00e4kivaltaisesta vastustamisesta, ja h\u00e4nen ex-kihlattunsa syytti h\u00e4nt\u00e4 pahoinpitelyst\u00e4. H\u00e4n suhtautui vapaaehtoiseen naapurustovahdin teht\u00e4viins\u00e4 hieman liian innokkaasti, ja h\u00e4n, poliisin kehoitusten vastaisesti, aloitti Martinin takaa-ajon. Naapurustossa ei ollut tapahtunut rikosta, eik\u00e4 Zimmermanilla ollut mit\u00e4\u00e4n syyt\u00e4 ep\u00e4ill\u00e4 teini\u00e4 rikoksesta. Poliisin <a href=\"http:\/\/www.thegrio.com\/news\/past-zimmerman-911-calls-war.php\">arkistot osoittavat<\/a>, ett\u00e4 Zimmermanin soitot ja ep\u00e4luulot suuntautuivat aina afroamerikkalaisia naapurustossa vierailijoita kohtaan.<\/p>\n\n\n\n<p>Tieto ja raivo Martinin kuolemasta her\u00e4siv\u00e4t hitaasti, mutta nyt tapahtuneeesta tragediasta on tullut kansakunnan p\u00e4\u00e4llimm\u00e4inen puheenaihe, joka on her\u00e4tt\u00e4nyt, j\u00e4lleen, itsekriittisen ja \u00e4\u00e4nekk\u00e4\u00e4n keskustelun rodusta ja amerikkalaisesta nyky-yhteiskunnasta.<\/p>\n\n\n\n<p>Vanhan kaartin aktivistit <strong>Jesse Jacksonin<\/strong> ja <strong>Al Sharptonin<\/strong> koulukunnasta ovat paukuttanut mediarumpua, vaatien Zimmermanin pid\u00e4tyst\u00e4 sek\u00e4 oikeutta Martinille. Liberaali (ja paikoitellen jopa konservatiivinenkin) media on yhtynyt rintamaan.<\/p>\n\n\n\n<p>Jopa presidentti <strong>Obama <\/strong><a href=\"http:\/\/www.huffingtonpost.com\/2012\/03\/23\/obama-trayvon-martin_n_1375083.html\">kommentoi tapausta<\/a>: &#8221;Jos minulla olisi poika, h\u00e4n n\u00e4ytt\u00e4isi Trayvonilta. [Trayvonin vanhemmat] vaativat oikeutetusti, ett\u00e4 kaikki amerikkalaiset suhtautuvat tapahtumaan sen vaatimalla vakavuudella, ja ett\u00e4 me selvit\u00e4mme huolellisesti mit\u00e4 tapahtui.&#8221;<\/p>\n\n\n\n<p><strong>Newt Gingrich<\/strong> tarttui lausuntoon ja <a href=\"http:\/\/abcnews.go.com\/blogs\/politics\/2012\/03\/gingrich-calls-obamas-trayvon-martin-remarks-disgraceful\/\">kutsui presidentin kommentteja<\/a> &#8221;h\u00e4pe\u00e4llisiksi.&#8221;<\/p>\n\n\n\n<p>&#8221;Kaikkien nuorten amerikkalaisten pit\u00e4isi olla turvattuja,&#8221; Gingrich sanoi: &#8221;Meid\u00e4n kaikkien pit\u00e4isi olla j\u00e4rkyttyneit\u00e4, etnisest\u00e4 taustasta riippumatta. Vihjaako presidentti, ett\u00e4 jos uhri olisi ollut valkoinen, se olisi ollut ookoo, sill\u00e4 uhri ei n\u00e4ytt\u00e4nyt h\u00e4nelt\u00e4?&#8221;<\/p>\n\n\n\n<p>Gingrichin syyt\u00f6kset ovat, luonnollisesti, absurdeja, kaatuvan politiikon viimeisi\u00e4 korahduksia ennen kampanjan lopullista kuoppaamista ja Gingrichin hidasta ratsastusta kohti auringonlaskua. Presidentti ei, luonnollisesti, sanonut tai viitannut mit\u00e4\u00e4n Gingrichin ep\u00e4ilyihin viittaavaakaan. Kyse on valtaosin Gingrichin, provokaatioista ja suurista lausunnoista polttovoimansa perinteisesti hakevan politiikon, viimeisist\u00e4 ja ep\u00e4toivoisista yrityksist\u00e4 pumpata kampanjaansa uutta eloa.<\/p>\n\n\n\n<p>Teeskennelty suuttumus on normaalia amerikkalaista politiikkaa, eik\u00e4 sit\u00e4 pid\u00e4 ottaa vakavasti. H\u00e4iritsev\u00e4\u00e4 on se, miss\u00e4 m\u00e4\u00e4rin Gingrich ja monet h\u00e4nen hengenheimolaisensa uskovat lausunnon pohjimmaiseen totuuteen.<\/p>\n\n\n\n<p>Miljoonien valkoisen keskiluokan kansalaisten mieliss\u00e4 el\u00e4\u00e4 outo usko, ett\u00e4 he ovat rasismin uhreja, ja ett\u00e4 afroamerikkalaiset ja liberaalit ovat salaliitossa valkoisia vastaan. Kaikkien todistuskappaleiden vastaisesti he n\u00e4kev\u00e4t itsens\u00e4 uuden Amerikan paarioina. Heille Obaman lausunto edustaa uusinta osoitusta siit\u00e4, ett\u00e4 afroamerikkalaiset ovat kiinnostuneita ainoastaan tilien tasaamisesta sek\u00e4 afroamerikkalaisten eduista. He uskovat, ett\u00e4 afroamerikkalaiset ovat pohjimmiltaan vankkoja rasisteja.<\/p>\n\n\n\n<p>Kyseess\u00e4 on osittain omien rasististen asenteiden projektointi toisiin ihmisiin ja ihmisryhmiin. He pelk\u00e4\u00e4v\u00e4t Yhdysvaltain demograafista muutosta, ja he eiv\u00e4t viel\u00e4k\u00e4\u00e4n ole t\u00e4ysin tottuneita tasa-arvoon. Monet el\u00e4tt\u00e4v\u00e4t my\u00f6s primitiivist\u00e4, j\u00e4rjenvastaista pelkoa afroamerikkalaisia kohtaan.<\/p>\n\n\n\n<p>Valtaosa amerikkalaisista on joko oppinut tai on parhaillaan oppimassa el\u00e4m\u00e4\u00e4n aidon pluralistisessa, monietnisess\u00e4 yhteiskunnassa. Valkoisen pelon linnakkeessa el\u00e4\u00e4 viel\u00e4 miljoonia ajastaan j\u00e4ljess\u00e4 olevia, erilaisilta n\u00e4ytt\u00e4vist\u00e4 tai eri tavoin maailmaa katsovista kansalaisista irtautuneita, oman rasisminsa tiedostamattomia ihmisi\u00e4. Gingrichin lausunto oli ep\u00e4toivoinen yritys saada heid\u00e4n huomionsa.<\/p>\n\n\n\n<p>Afroamerikkalaisella puolella el\u00e4\u00e4 viel\u00e4 ehk\u00e4 joitain satoja tuhansia vanhan kaartin aktivisteja, joista on tullut mustien ongelmien kiist\u00e4ji\u00e4 tai tautologisia muiden syytt\u00e4ji\u00e4. T\u00e4m\u00e4 kaarti on, onneksi, my\u00f6s kutistumassa.<\/p>\n\n\n\n<p>Tapaus Trayvon Martin on osoittanut, ett\u00e4 valtaosa amerikkalaisista tiedostaa rodun merkityksen sek\u00e4 sen pelaaman surullisen roolin viel\u00e4 t\u00e4m\u00e4n p\u00e4iv\u00e4n oikeuslaitoksessa. Noin 73 prosenttia amerikkalaisista uskoo, ett\u00e4 Zimmerman pit\u00e4isi <a href=\"http:\/\/www.cnn.com\/2012\/03\/26\/justice\/florida-teen-shooting-poll\/index.html\">pid\u00e4tt\u00e4\u00e4 ja ampuminen tutkia<\/a> oikeudessa. Valtaosa uskoo, ett\u00e4 rotu pelasi roolia tapahtumissa. Itse uskon vankasti, ett\u00e4 ampumista ei olisi koskaan tapahtunut jos Martin olisi ollut valkoinen.<\/p>\n\n\n\n<p>Martinin kuolema on valtava tragedia ja surullinen tapaus, mutta jopa valkoisen enemmist\u00f6n h\u00e4pe\u00e4 ja suuttumus, sek\u00e4 Gingrichin lausunnon tuomitseva ja\/tai v\u00e4linpit\u00e4m\u00e4t\u00f6n vastaanotto osoittavat, ett\u00e4 tragediasta voi kasvaa my\u00f6s jotain positiivista. T\u00e4n\u00e4\u00e4n Yhdysvallat tiedostaa taas hieman paremmin, ett\u00e4 miten traaginen ilmi\u00f6 rasismi on, ja miten amerikkalaisten on syyt\u00e4 ty\u00f6skennell\u00e4 entist\u00e4kin aktiivisemmin kitke\u00e4kseen sen viimeiset rippeetkin yhteiskunnasta.<\/p>\n\n\n\n<p><em>Soundtrack: Sly and the Family Stone, Luv n&#8217; Haight.<\/em><\/p>\n\n\n","protected":false},"excerpt":{"rendered":"<p>Mit\u00e4 rotuasioihin tulee, ainoa ryhm\u00e4 joka on rasittavampi kuin vanhan kaartin rasismia joka puolella n\u00e4kev\u00e4t kansalaisoikeus-aktivistit, ovat &#8221;k\u00e4\u00e4nteist\u00e4 rasismia&#8221; kiljuvat valkoiset, jotka uskovat valkoisen rasismin olevan jo historiaa. Tapaus Trayvon Martin on traagisen<br \/>\nosuva &hellip;<\/p>\n","protected":false},"author":158,"featured_media":0,"comment_status":"open","ping_status":"open","sticky":false,"template":"","format":"standard","meta":{"_acf_changed":false,"asauth_required_access_level":0,"asauth_cansharepaid":"","om_header_attributes":[],"footnotes":"","om_featured_image_focal_point":[],"om_primary_tag":0,"om_contributors":[],"om_co_authors":[],"beyondwords_generate_audio":"","beyondwords_project_id":"","beyondwords_content_id":"","beyondwords_preview_token":"","beyondwords_player_content":"","beyondwords_player_style":"","beyondwords_language_code":"","beyondwords_language_id":"","beyondwords_title_voice_id":"","beyondwords_body_voice_id":"","beyondwords_summary_voice_id":"","beyondwords_error_message":"","beyondwords_disabled":"","beyondwords_delete_content":"","beyondwords_podcast_id":"","beyondwords_hash":"","publish_post_to_speechkit":"","speechkit_hash":"","speechkit_generate_audio":"","speechkit_project_id":"","speechkit_podcast_id":"","speechkit_error_message":"","speechkit_disabled":"","speechkit_access_key":"","speechkit_error":"","speechkit_info":"","speechkit_response":"","speechkit_retries":"","speechkit_status":"","speechkit_updated_at":"","_speechkit_link":"","_speechkit_text":""},"categories":[1],"tags":[637,36,140,639,638,280,141,24],"class_list":["post-332","post","type-post","status-publish","format-standard","hentry","category-americana","tag-ampuminen","tag-barack-obama","tag-george-zimmerman","tag-newt-gingrich","tag-poliisi","tag-rasismi","tag-trayvon-martin","tag-yhdysvallat"],"om_views":null,"acf":{"tuuma_off":false,"tuuma_kysymys":"","tuuma_vastaus":""},"asauth":{"required_access_level":1,"share_token":"","is_paid":false},"yoast_head":"<!-- This site is optimized with the Yoast SEO plugin v26.4 - https:\/\/yoast.com\/wordpress\/plugins\/seo\/ -->\n<title>Newt, Trayvon, ja rasismin korinat - Americana<\/title>\n<meta name=\"robots\" content=\"noindex, follow\" \/>\n<meta property=\"og:locale\" content=\"fi_FI\" \/>\n<meta property=\"og:type\" content=\"article\" \/>\n<meta property=\"og:title\" content=\"Newt, Trayvon, ja rasismin korinat - Americana\" \/>\n<meta property=\"og:description\" content=\"Mit\u00e4 rotuasioihin tulee, ainoa ryhm\u00e4 joka on rasittavampi kuin vanhan kaartin rasismia joka puolella n\u00e4kev\u00e4t kansalaisoikeus-aktivistit, ovat &#8221;k\u00e4\u00e4nteist\u00e4 rasismia&#8221; kiljuvat valkoiset, jotka uskovat valkoisen rasismin olevan jo historiaa. Tapaus Trayvon Martin on traagisen osuva &hellip;\" \/>\n<meta property=\"og:url\" content=\"https:\/\/suomenkuvalehti.fi\/americana\/newt-trayvon-ja-rasismin-korinat\/\" \/>\n<meta property=\"og:site_name\" content=\"Americana\" \/>\n<meta property=\"article:published_time\" content=\"2012-03-27T13:10:35+00:00\" \/>\n<meta property=\"article:modified_time\" content=\"2013-11-30T14:22:05+00:00\" \/>\n<meta property=\"og:image\" content=\"https:\/\/suomenkuvalehti.fi\/americana\/wp-content\/uploads\/sites\/10\/2022\/04\/americana_maunula-scaled.jpg\" \/>\n\t<meta property=\"og:image:width\" content=\"2560\" \/>\n\t<meta property=\"og:image:height\" content=\"1706\" \/>\n\t<meta property=\"og:image:type\" content=\"image\/jpeg\" \/>\n<meta name=\"author\" content=\"Marko Maunula\" \/>\n<meta name=\"twitter:card\" content=\"summary_large_image\" \/>\n<meta name=\"twitter:label1\" content=\"Written by\" \/>\n\t<meta name=\"twitter:data1\" content=\"Marko Maunula\" \/>\n\t<meta name=\"twitter:label2\" content=\"Est. reading time\" \/>\n\t<meta name=\"twitter:data2\" content=\"4 minuuttia\" \/>\n<script type=\"application\/ld+json\" class=\"yoast-schema-graph\">{\"@context\":\"https:\/\/schema.org\",\"@graph\":[{\"@type\":\"WebPage\",\"@id\":\"https:\/\/suomenkuvalehti.fi\/americana\/newt-trayvon-ja-rasismin-korinat\/\",\"url\":\"https:\/\/suomenkuvalehti.fi\/americana\/newt-trayvon-ja-rasismin-korinat\/\",\"name\":\"Newt, Trayvon, ja rasismin korinat - Americana\",\"isPartOf\":{\"@id\":\"https:\/\/suomenkuvalehti.fi\/americana\/#website\"},\"datePublished\":\"2012-03-27T13:10:35+00:00\",\"dateModified\":\"2013-11-30T14:22:05+00:00\",\"author\":{\"@id\":\"https:\/\/suomenkuvalehti.fi\/americana\/#\/schema\/person\/12d514491cb37506bc39c8e10176c3ec\"},\"breadcrumb\":{\"@id\":\"https:\/\/suomenkuvalehti.fi\/americana\/newt-trayvon-ja-rasismin-korinat\/#breadcrumb\"},\"inLanguage\":\"fi\",\"potentialAction\":[{\"@type\":\"ReadAction\",\"target\":[\"https:\/\/suomenkuvalehti.fi\/americana\/newt-trayvon-ja-rasismin-korinat\/\"]}]},{\"@type\":\"BreadcrumbList\",\"@id\":\"https:\/\/suomenkuvalehti.fi\/americana\/newt-trayvon-ja-rasismin-korinat\/#breadcrumb\",\"itemListElement\":[{\"@type\":\"ListItem\",\"position\":1,\"name\":\"Home\",\"item\":\"https:\/\/suomenkuvalehti.fi\/americana\/\"},{\"@type\":\"ListItem\",\"position\":2,\"name\":\"Newt, Trayvon, ja rasismin korinat\"}]},{\"@type\":\"WebSite\",\"@id\":\"https:\/\/suomenkuvalehti.fi\/americana\/#website\",\"url\":\"https:\/\/suomenkuvalehti.fi\/americana\/\",\"name\":\"Americana\",\"description\":\"Professori Marko Maunula seuraa USA:n politiikkaa ja populaarikulttuuria\",\"potentialAction\":[{\"@type\":\"SearchAction\",\"target\":{\"@type\":\"EntryPoint\",\"urlTemplate\":\"https:\/\/suomenkuvalehti.fi\/haku\/?q={search_term_string}\"},\"query-input\":{\"@type\":\"PropertyValueSpecification\",\"valueRequired\":true,\"valueName\":\"search_term_string\"}}],\"inLanguage\":\"fi\"},{\"@type\":\"Person\",\"@id\":\"https:\/\/suomenkuvalehti.fi\/americana\/#\/schema\/person\/12d514491cb37506bc39c8e10176c3ec\",\"name\":\"Marko Maunula\",\"image\":{\"@type\":\"ImageObject\",\"inLanguage\":\"fi\",\"@id\":\"https:\/\/suomenkuvalehti.fi\/americana\/#\/schema\/person\/image\/\",\"url\":\"https:\/\/suomenkuvalehti.fi\/americana\/wp-content\/uploads\/sites\/10\/2022\/04\/americana_maunula-150x150.jpg\",\"contentUrl\":\"https:\/\/suomenkuvalehti.fi\/americana\/wp-content\/uploads\/sites\/10\/2022\/04\/americana_maunula-150x150.jpg\",\"caption\":\"Marko Maunula\"},\"description\":\"Kirjoittaja on Yhdysvaltain historian professori Atlantassa.\"}]}<\/script>\n<!-- \/ Yoast SEO plugin. -->","yoast_head_json":{"title":"Newt, Trayvon, ja rasismin korinat - Americana","robots":{"index":"noindex","follow":"follow"},"og_locale":"fi_FI","og_type":"article","og_title":"Newt, Trayvon, ja rasismin korinat - Americana","og_description":"Mit\u00e4 rotuasioihin tulee, ainoa ryhm\u00e4 joka on rasittavampi kuin vanhan kaartin rasismia joka puolella n\u00e4kev\u00e4t kansalaisoikeus-aktivistit, ovat &#8221;k\u00e4\u00e4nteist\u00e4 rasismia&#8221; kiljuvat valkoiset, jotka uskovat valkoisen rasismin olevan jo historiaa. Tapaus Trayvon Martin on traagisen osuva &hellip;","og_url":"https:\/\/suomenkuvalehti.fi\/americana\/newt-trayvon-ja-rasismin-korinat\/","og_site_name":"Americana","article_published_time":"2012-03-27T13:10:35+00:00","article_modified_time":"2013-11-30T14:22:05+00:00","og_image":[{"width":2560,"height":1706,"url":"https:\/\/suomenkuvalehti.fi\/americana\/wp-content\/uploads\/sites\/10\/2022\/04\/americana_maunula-scaled.jpg","type":"image\/jpeg"}],"author":"Marko Maunula","twitter_card":"summary_large_image","twitter_misc":{"Written by":"Marko Maunula","Est. reading time":"4 minuuttia"},"schema":{"@context":"https:\/\/schema.org","@graph":[{"@type":"WebPage","@id":"https:\/\/suomenkuvalehti.fi\/americana\/newt-trayvon-ja-rasismin-korinat\/","url":"https:\/\/suomenkuvalehti.fi\/americana\/newt-trayvon-ja-rasismin-korinat\/","name":"Newt, Trayvon, ja rasismin korinat - Americana","isPartOf":{"@id":"https:\/\/suomenkuvalehti.fi\/americana\/#website"},"datePublished":"2012-03-27T13:10:35+00:00","dateModified":"2013-11-30T14:22:05+00:00","author":{"@id":"https:\/\/suomenkuvalehti.fi\/americana\/#\/schema\/person\/12d514491cb37506bc39c8e10176c3ec"},"breadcrumb":{"@id":"https:\/\/suomenkuvalehti.fi\/americana\/newt-trayvon-ja-rasismin-korinat\/#breadcrumb"},"inLanguage":"fi","potentialAction":[{"@type":"ReadAction","target":["https:\/\/suomenkuvalehti.fi\/americana\/newt-trayvon-ja-rasismin-korinat\/"]}]},{"@type":"BreadcrumbList","@id":"https:\/\/suomenkuvalehti.fi\/americana\/newt-trayvon-ja-rasismin-korinat\/#breadcrumb","itemListElement":[{"@type":"ListItem","position":1,"name":"Home","item":"https:\/\/suomenkuvalehti.fi\/americana\/"},{"@type":"ListItem","position":2,"name":"Newt, Trayvon, ja rasismin korinat"}]},{"@type":"WebSite","@id":"https:\/\/suomenkuvalehti.fi\/americana\/#website","url":"https:\/\/suomenkuvalehti.fi\/americana\/","name":"Americana","description":"Professori Marko Maunula seuraa USA:n politiikkaa ja populaarikulttuuria","potentialAction":[{"@type":"SearchAction","target":{"@type":"EntryPoint","urlTemplate":"https:\/\/suomenkuvalehti.fi\/haku\/?q={search_term_string}"},"query-input":{"@type":"PropertyValueSpecification","valueRequired":true,"valueName":"search_term_string"}}],"inLanguage":"fi"},{"@type":"Person","@id":"https:\/\/suomenkuvalehti.fi\/americana\/#\/schema\/person\/12d514491cb37506bc39c8e10176c3ec","name":"Marko Maunula","image":{"@type":"ImageObject","inLanguage":"fi","@id":"https:\/\/suomenkuvalehti.fi\/americana\/#\/schema\/person\/image\/","url":"https:\/\/suomenkuvalehti.fi\/americana\/wp-content\/uploads\/sites\/10\/2022\/04\/americana_maunula-150x150.jpg","contentUrl":"https:\/\/suomenkuvalehti.fi\/americana\/wp-content\/uploads\/sites\/10\/2022\/04\/americana_maunula-150x150.jpg","caption":"Marko Maunula"},"description":"Kirjoittaja on Yhdysvaltain historian professori Atlantassa."}]}},"_links":{"self":[{"href":"https:\/\/suomenkuvalehti.fi\/americana\/wp-json\/wp\/v2\/posts\/332","targetHints":{"allow":["GET"]}}],"collection":[{"href":"https:\/\/suomenkuvalehti.fi\/americana\/wp-json\/wp\/v2\/posts"}],"about":[{"href":"https:\/\/suomenkuvalehti.fi\/americana\/wp-json\/wp\/v2\/types\/post"}],"author":[{"embeddable":true,"href":"https:\/\/suomenkuvalehti.fi\/americana\/wp-json\/wp\/v2\/users\/158"}],"replies":[{"embeddable":true,"href":"https:\/\/suomenkuvalehti.fi\/americana\/wp-json\/wp\/v2\/comments?post=332"}],"version-history":[{"count":1,"href":"https:\/\/suomenkuvalehti.fi\/americana\/wp-json\/wp\/v2\/posts\/332\/revisions"}],"predecessor-version":[{"id":949,"href":"https:\/\/suomenkuvalehti.fi\/americana\/wp-json\/wp\/v2\/posts\/332\/revisions\/949"}],"wp:attachment":[{"href":"https:\/\/suomenkuvalehti.fi\/americana\/wp-json\/wp\/v2\/media?parent=332"}],"wp:term":[{"taxonomy":"category","embeddable":true,"href":"https:\/\/suomenkuvalehti.fi\/americana\/wp-json\/wp\/v2\/categories?post=332"},{"taxonomy":"post_tag","embeddable":true,"href":"https:\/\/suomenkuvalehti.fi\/americana\/wp-json\/wp\/v2\/tags?post=332"}],"curies":[{"name":"wp","href":"https:\/\/api.w.org\/{rel}","templated":true}]}}