{"id":3307,"date":"2017-04-04T09:59:42","date_gmt":"2017-04-04T06:59:42","guid":{"rendered":"https:\/\/suomenkuvalehti.fi\/americana\/?p=3307"},"modified":"2017-04-04T10:26:22","modified_gmt":"2017-04-04T07:26:22","slug":"yhdysvallat-eristaytyi-ja-sai-maksaa-siita","status":"publish","type":"post","link":"https:\/\/suomenkuvalehti.fi\/americana\/yhdysvallat-eristaytyi-ja-sai-maksaa-siita\/","title":{"rendered":"Yhdysvallat erist\u00e4ytyi ja sai maksaa siit\u00e4"},"content":{"rendered":"\n<p>Torstaina 6. huhtikuuta tulee kuluneeksi sata vuotta Yhdysvaltojen kongressin sodanjulistuksesta Saksan keisarikunnalle.<\/p>\n\n\n\n<p>Sodanjulistus johtui Saksan ilmoituksesta, ett\u00e4 se aikoo k\u00e4ynnist\u00e4\u00e4 uudelleen rajoittamattoman sukellusvenesodan Atlantilla. Se pyrki nyt upottamaan amerikkalaisia rahtilaivoja, jotka toivat Ranskalle ja Iso-Britannialle elint\u00e4rkeit\u00e4 sota- ja elintarvikkeita.<\/p>\n\n\n\n<p>Toinen sodanjulistuksen syist\u00e4 oli niin sanottu&nbsp;<a href=\"https:\/\/en.wikipedia.org\/wiki\/Zimmermann_Telegram\">Zimmermanin s\u00e4hke<\/a>. Saksa oli l\u00e4hestynyt Meksikoa luvaten sille osia Yhdysvalloista, jos se ryhtyisi rettel\u00f6im\u00e4\u00e4n Yhdysvaltojen etel\u00e4rajalla ja auttaisi siten Saksan voittoon sodassa. Saksa ymm\u00e4rsi Yhdysvaltojen sotatarvikkeiden merkityksen vihollisilleen ja halusi ohjata amerikkalaisten huomion toisaalle.<\/p>\n\n\n\n<p>Sota tarjosi my\u00f6s presidentti <strong>Woodrow Wilsonille<\/strong> tilaisuuden soveltaa <a href=\"https:\/\/en.wikipedia.org\/wiki\/Progressive_Era\">progressiivisia ideoitaan<\/a> kansainv\u00e4liseen politiikkaan. Entinen professori uskoi, ett\u00e4 sodan j\u00e4lkeen h\u00e4n kykenisi ohjaamaan l\u00e4nsimaat kohti uutta, rationaalista, vapaaseen kauppaan ja kansainv\u00e4liseen yhteisty\u00f6h\u00f6n perustuvaa j\u00e4rjestelm\u00e4\u00e4.<\/p>\n\n\n\n<p>&nbsp;<\/p>\n\n\n\n<p><span class=\"capitalized\">Kuten<\/span> tied\u00e4mme, Saksan uhkapeli ei onnistunut. Yhdysvallat saapui Eurooppaan vasta sodan loppukuukausiksi, mutta se auttoi Ranskaa ja Iso-Britanniaa kukistamaan jo k\u00f6ysiss\u00e4 olevan Saksan.<\/p>\n\n\n\n<p>My\u00f6s <a href=\"https:\/\/en.wikipedia.org\/wiki\/Wilsonianism\">Wilsonin idealismi<\/a> h\u00e4visi. Wilson itse saapui Eurooppaan johtamaan Yhdysvaltain delegaatiota rauhansopimuksen neuvotteluissa. Eurooppalaiset nationalistit eiv\u00e4t kuunnelleet kansainv\u00e4lisest\u00e4 maailmanj\u00e4rjestyksest\u00e4 puhuvaa amerikkalaista, vaan keskittyiv\u00e4t omien kansallisten etujensa maksimointiin sek\u00e4 Saksan kurittamiseen.<\/p>\n\n\n\n<p>Wilson h\u00e4visi my\u00f6s kotona. Kongressia hallitsevat republikaanit kampanjoivat Wilsonin neuvottelemaa Versailles&#8217;n rauhansopimusta vastaan.<\/p>\n\n\n\n<p>Wilson yritti vedota suoraan amerikkalaisiin rauhansopimuksen puolesta, mutta ankara ty\u00f6nteko ja viran paineet kostautuivat. Puhekierroksella ollut Wilson sai vakavan aivoinfarktin Coloradon Pueblossa syyskuun 25. p\u00e4iv\u00e4, 1919. H\u00e4n ei kunnolla toipunut infarktista, ja sairas presidentti ei kyennyt tappelemaan kongressin republikaaneja vastaan.<\/p>\n\n\n\n<p>Yhdysvaltain kongressi ei ratifioinut rauhansopimusta, ja Yhdysvallat j\u00e4i Kansainliiton ulkopuolelle. Maan isolationismi, erist\u00e4ytyminen, hidasti Euroopan toipumista sodasta niin henkisesti kuin taloudellisestikin. Lyhytn\u00e4k\u00f6inen nationalismi kostautui kahdella mantereella ruokkien saksalaista revanssihenke\u00e4 sek\u00e4 heikent\u00e4en kansainv\u00e4list\u00e4 yhteisty\u00f6t\u00e4.<\/p>\n\n\n\n<blockquote class=\"wp-block-quote\"><p>Yhdysvallat joutui maksamaan&nbsp;kansainv\u00e4lisen vastuunsa pakoilusta.<\/p><\/blockquote>\n\n\n\n<p><span class=\"capitalized\">Ensimm\u00e4inen<\/span> maailmansota ei ollut turha taistelu. Muulla Euroopalla oli oikeus ja velvollisuus pys\u00e4ytt\u00e4\u00e4 saksalainen militarismi sek\u00e4 sen pyrkimykset dominoida ja\/tai tuhota naapurinsa rajan molemmin puolin.<\/p>\n\n\n\n<p>Valitettavasti samaa ei voi sanoa Versailles&#8217;n rauhansopimuksesta. Ranskalaisten ja Brittien katkeruus Saksalle on ymm\u00e4rrett\u00e4v\u00e4\u00e4, mutta p\u00e4\u00e4t\u00f6s rangaista Saksaa osoittautui traagiseksi virheeksi.<\/p>\n\n\n\n<p>My\u00f6s Yhdysvallat joutui maksamaan omasta isolationismistaan sek\u00e4 kansainv\u00e4lisen vastuunsa pakoilusta. Sen huono talous- ja ulkopolitiiikka olivat osavastuussa 1930-luvun kriiseist\u00e4 sek\u00e4 \u00e4\u00e4riliikkeiden kasvavasta suosiosta ymp\u00e4ri l\u00e4ntist\u00e4 maailmaa.<\/p>\n\n\n\n<p>&nbsp;<\/p>\n\n\n\n<p><span class=\"capitalized\">T\u00e4n\u00e4\u00e4n<\/span> me todistamme uuden isolationismin ja kapeakatseisen nationalismin remellyst\u00e4 niin Europassa kuin Yhdysvalloissakin.<\/p>\n\n\n\n<p>Demokratiaa ja l\u00e4ntist\u00e4 yhten\u00e4isyytt\u00e4 vierastavat valtiot ja instanssit kyynisesti ruokkivat kansallismielisi\u00e4 politiikkoja ja ajatussuuntia. Nopeaa demograafista ja taloudellista muutosta v\u00e4h\u00e4ttelev\u00e4t politiikot sek\u00e4 taloudellinen eliitti vieraantuu kansasta, joka reagoi \u00e4\u00e4nest\u00e4m\u00e4ll\u00e4 \u00e4\u00e4ripuolueita ja heid\u00e4n kielt\u00e4\u00e4n puhuvia populisteja.<\/p>\n\n\n\n<p>Maailmanj\u00e4rjestyksen t\u00e4m\u00e4nhetkinen kriisi ei tietenk\u00e4\u00e4n ole yht\u00e4 vakava kuin se ongelmanippu, joka vei maailman kahteen sen historian suurimpaan sotaan. Silti, on pelottavaa todistaa tilannetta, jossa liki jokainen l\u00e4nsimainen vaali uhkaa tuhota koko yhdistyneen Euroopan idean.<\/p>\n\n\n\n<p>T\u00e4ss\u00e4 tilanteessa meid\u00e4n olisi ehk\u00e4 hyv\u00e4ksi tutkia ensimm\u00e4isen maailmansodan rauhansopimuksen sek\u00e4 sen luoman maailman ep\u00e4onnistumisia \u2013 niin Yhdysvaltojen kuin Euroopankin vinkkelist\u00e4, sek\u00e4 amerikkalaisten ett\u00e4 eurooppalaisten toimesta.<\/p>\n\n\n\n<p>&nbsp;<\/p>\n\n\n\n<p><em>Soundtrack: Billy Murray, Over There<\/em><\/p>\n\n\n<p><iframe loading=\"lazy\" width=\"472\" height=\"354\" src=\"https:\/\/www.youtube.com\/embed\/B6hRDS3LvQQ?feature=oembed\" frameborder=\"0\" allowfullscreen><\/iframe><\/p>\n","protected":false},"excerpt":{"rendered":"<p>Ensimm\u00e4inen maailmansota loi ep\u00e4onnistuneen maailman.<\/p>\n","protected":false},"author":158,"featured_media":0,"comment_status":"open","ping_status":"open","sticky":false,"template":"","format":"standard","meta":{"_acf_changed":false,"asauth_required_access_level":3,"asauth_cansharepaid":"true","om_header_attributes":[],"footnotes":"","om_featured_image_focal_point":[],"om_primary_tag":0,"om_contributors":[],"om_co_authors":[],"beyondwords_generate_audio":"","beyondwords_project_id":"","beyondwords_content_id":"","beyondwords_preview_token":"","beyondwords_player_content":"","beyondwords_player_style":"","beyondwords_language_code":"","beyondwords_language_id":"","beyondwords_title_voice_id":"","beyondwords_body_voice_id":"","beyondwords_summary_voice_id":"","beyondwords_error_message":"","beyondwords_disabled":"","beyondwords_delete_content":"","beyondwords_podcast_id":"","beyondwords_hash":"","publish_post_to_speechkit":"","speechkit_hash":"","speechkit_generate_audio":"","speechkit_project_id":"","speechkit_podcast_id":"","speechkit_error_message":"","speechkit_disabled":"","speechkit_access_key":"","speechkit_error":"","speechkit_info":"","speechkit_response":"","speechkit_retries":"","speechkit_status":"","speechkit_updated_at":"","_speechkit_link":"","_speechkit_text":""},"categories":[1],"tags":[1917,70,1919,35,1918,24],"class_list":["post-3307","post","type-post","status-publish","format-standard","hentry","category-americana","tag-ensimmainen-maailmansota","tag-eurooppa","tag-islationismi","tag-kriisi","tag-versaillesin-rauhansopimus","tag-yhdysvallat"],"om_views":null,"acf":{"tuuma_off":false,"tuuma_kysymys":"","tuuma_vastaus":""},"asauth":{"required_access_level":1,"share_token":"","is_paid":false},"yoast_head":"<!-- This site is optimized with the Yoast SEO plugin v26.4 - https:\/\/yoast.com\/wordpress\/plugins\/seo\/ -->\n<title>Yhdysvallat erist\u00e4ytyi ja sai maksaa siit\u00e4 - Americana<\/title>\n<meta name=\"robots\" content=\"noindex, follow\" \/>\n<meta property=\"og:locale\" content=\"fi_FI\" \/>\n<meta property=\"og:type\" content=\"article\" \/>\n<meta property=\"og:title\" content=\"Yhdysvallat erist\u00e4ytyi ja sai maksaa siit\u00e4 - Americana\" \/>\n<meta property=\"og:description\" content=\"Ensimm\u00e4inen maailmansota loi ep\u00e4onnistuneen maailman.\" \/>\n<meta property=\"og:url\" content=\"https:\/\/suomenkuvalehti.fi\/americana\/yhdysvallat-eristaytyi-ja-sai-maksaa-siita\/\" \/>\n<meta property=\"og:site_name\" content=\"Americana\" \/>\n<meta property=\"article:published_time\" content=\"2017-04-04T06:59:42+00:00\" \/>\n<meta property=\"article:modified_time\" content=\"2017-04-04T07:26:22+00:00\" \/>\n<meta property=\"og:image\" content=\"https:\/\/suomenkuvalehti.fi\/americana\/wp-content\/uploads\/sites\/10\/2022\/04\/americana_maunula-scaled.jpg\" \/>\n\t<meta property=\"og:image:width\" content=\"2560\" \/>\n\t<meta property=\"og:image:height\" content=\"1706\" \/>\n\t<meta property=\"og:image:type\" content=\"image\/jpeg\" \/>\n<meta name=\"author\" content=\"Marko Maunula\" \/>\n<meta name=\"twitter:card\" content=\"summary_large_image\" \/>\n<meta name=\"twitter:label1\" content=\"Written by\" \/>\n\t<meta name=\"twitter:data1\" content=\"Marko Maunula\" \/>\n\t<meta name=\"twitter:label2\" content=\"Est. reading time\" \/>\n\t<meta name=\"twitter:data2\" content=\"3 minuuttia\" \/>\n<script type=\"application\/ld+json\" class=\"yoast-schema-graph\">{\"@context\":\"https:\/\/schema.org\",\"@graph\":[{\"@type\":\"WebPage\",\"@id\":\"https:\/\/suomenkuvalehti.fi\/americana\/yhdysvallat-eristaytyi-ja-sai-maksaa-siita\/\",\"url\":\"https:\/\/suomenkuvalehti.fi\/americana\/yhdysvallat-eristaytyi-ja-sai-maksaa-siita\/\",\"name\":\"Yhdysvallat erist\u00e4ytyi ja sai maksaa siit\u00e4 - Americana\",\"isPartOf\":{\"@id\":\"https:\/\/suomenkuvalehti.fi\/americana\/#website\"},\"datePublished\":\"2017-04-04T06:59:42+00:00\",\"dateModified\":\"2017-04-04T07:26:22+00:00\",\"author\":{\"@id\":\"https:\/\/suomenkuvalehti.fi\/americana\/#\/schema\/person\/12d514491cb37506bc39c8e10176c3ec\"},\"breadcrumb\":{\"@id\":\"https:\/\/suomenkuvalehti.fi\/americana\/yhdysvallat-eristaytyi-ja-sai-maksaa-siita\/#breadcrumb\"},\"inLanguage\":\"fi\",\"potentialAction\":[{\"@type\":\"ReadAction\",\"target\":[\"https:\/\/suomenkuvalehti.fi\/americana\/yhdysvallat-eristaytyi-ja-sai-maksaa-siita\/\"]}]},{\"@type\":\"BreadcrumbList\",\"@id\":\"https:\/\/suomenkuvalehti.fi\/americana\/yhdysvallat-eristaytyi-ja-sai-maksaa-siita\/#breadcrumb\",\"itemListElement\":[{\"@type\":\"ListItem\",\"position\":1,\"name\":\"Home\",\"item\":\"https:\/\/suomenkuvalehti.fi\/americana\/\"},{\"@type\":\"ListItem\",\"position\":2,\"name\":\"Yhdysvallat erist\u00e4ytyi ja sai maksaa siit\u00e4\"}]},{\"@type\":\"WebSite\",\"@id\":\"https:\/\/suomenkuvalehti.fi\/americana\/#website\",\"url\":\"https:\/\/suomenkuvalehti.fi\/americana\/\",\"name\":\"Americana\",\"description\":\"Professori Marko Maunula seuraa USA:n politiikkaa ja populaarikulttuuria\",\"potentialAction\":[{\"@type\":\"SearchAction\",\"target\":{\"@type\":\"EntryPoint\",\"urlTemplate\":\"https:\/\/suomenkuvalehti.fi\/haku\/?q={search_term_string}\"},\"query-input\":{\"@type\":\"PropertyValueSpecification\",\"valueRequired\":true,\"valueName\":\"search_term_string\"}}],\"inLanguage\":\"fi\"},{\"@type\":\"Person\",\"@id\":\"https:\/\/suomenkuvalehti.fi\/americana\/#\/schema\/person\/12d514491cb37506bc39c8e10176c3ec\",\"name\":\"Marko Maunula\",\"image\":{\"@type\":\"ImageObject\",\"inLanguage\":\"fi\",\"@id\":\"https:\/\/suomenkuvalehti.fi\/americana\/#\/schema\/person\/image\/\",\"url\":\"https:\/\/suomenkuvalehti.fi\/americana\/wp-content\/uploads\/sites\/10\/2022\/04\/americana_maunula-150x150.jpg\",\"contentUrl\":\"https:\/\/suomenkuvalehti.fi\/americana\/wp-content\/uploads\/sites\/10\/2022\/04\/americana_maunula-150x150.jpg\",\"caption\":\"Marko Maunula\"},\"description\":\"Kirjoittaja on Yhdysvaltain historian professori Atlantassa.\"}]}<\/script>\n<!-- \/ Yoast SEO plugin. -->","yoast_head_json":{"title":"Yhdysvallat erist\u00e4ytyi ja sai maksaa siit\u00e4 - Americana","robots":{"index":"noindex","follow":"follow"},"og_locale":"fi_FI","og_type":"article","og_title":"Yhdysvallat erist\u00e4ytyi ja sai maksaa siit\u00e4 - Americana","og_description":"Ensimm\u00e4inen maailmansota loi ep\u00e4onnistuneen maailman.","og_url":"https:\/\/suomenkuvalehti.fi\/americana\/yhdysvallat-eristaytyi-ja-sai-maksaa-siita\/","og_site_name":"Americana","article_published_time":"2017-04-04T06:59:42+00:00","article_modified_time":"2017-04-04T07:26:22+00:00","og_image":[{"width":2560,"height":1706,"url":"https:\/\/suomenkuvalehti.fi\/americana\/wp-content\/uploads\/sites\/10\/2022\/04\/americana_maunula-scaled.jpg","type":"image\/jpeg"}],"author":"Marko Maunula","twitter_card":"summary_large_image","twitter_misc":{"Written by":"Marko Maunula","Est. reading time":"3 minuuttia"},"schema":{"@context":"https:\/\/schema.org","@graph":[{"@type":"WebPage","@id":"https:\/\/suomenkuvalehti.fi\/americana\/yhdysvallat-eristaytyi-ja-sai-maksaa-siita\/","url":"https:\/\/suomenkuvalehti.fi\/americana\/yhdysvallat-eristaytyi-ja-sai-maksaa-siita\/","name":"Yhdysvallat erist\u00e4ytyi ja sai maksaa siit\u00e4 - Americana","isPartOf":{"@id":"https:\/\/suomenkuvalehti.fi\/americana\/#website"},"datePublished":"2017-04-04T06:59:42+00:00","dateModified":"2017-04-04T07:26:22+00:00","author":{"@id":"https:\/\/suomenkuvalehti.fi\/americana\/#\/schema\/person\/12d514491cb37506bc39c8e10176c3ec"},"breadcrumb":{"@id":"https:\/\/suomenkuvalehti.fi\/americana\/yhdysvallat-eristaytyi-ja-sai-maksaa-siita\/#breadcrumb"},"inLanguage":"fi","potentialAction":[{"@type":"ReadAction","target":["https:\/\/suomenkuvalehti.fi\/americana\/yhdysvallat-eristaytyi-ja-sai-maksaa-siita\/"]}]},{"@type":"BreadcrumbList","@id":"https:\/\/suomenkuvalehti.fi\/americana\/yhdysvallat-eristaytyi-ja-sai-maksaa-siita\/#breadcrumb","itemListElement":[{"@type":"ListItem","position":1,"name":"Home","item":"https:\/\/suomenkuvalehti.fi\/americana\/"},{"@type":"ListItem","position":2,"name":"Yhdysvallat erist\u00e4ytyi ja sai maksaa siit\u00e4"}]},{"@type":"WebSite","@id":"https:\/\/suomenkuvalehti.fi\/americana\/#website","url":"https:\/\/suomenkuvalehti.fi\/americana\/","name":"Americana","description":"Professori Marko Maunula seuraa USA:n politiikkaa ja populaarikulttuuria","potentialAction":[{"@type":"SearchAction","target":{"@type":"EntryPoint","urlTemplate":"https:\/\/suomenkuvalehti.fi\/haku\/?q={search_term_string}"},"query-input":{"@type":"PropertyValueSpecification","valueRequired":true,"valueName":"search_term_string"}}],"inLanguage":"fi"},{"@type":"Person","@id":"https:\/\/suomenkuvalehti.fi\/americana\/#\/schema\/person\/12d514491cb37506bc39c8e10176c3ec","name":"Marko Maunula","image":{"@type":"ImageObject","inLanguage":"fi","@id":"https:\/\/suomenkuvalehti.fi\/americana\/#\/schema\/person\/image\/","url":"https:\/\/suomenkuvalehti.fi\/americana\/wp-content\/uploads\/sites\/10\/2022\/04\/americana_maunula-150x150.jpg","contentUrl":"https:\/\/suomenkuvalehti.fi\/americana\/wp-content\/uploads\/sites\/10\/2022\/04\/americana_maunula-150x150.jpg","caption":"Marko Maunula"},"description":"Kirjoittaja on Yhdysvaltain historian professori Atlantassa."}]}},"_links":{"self":[{"href":"https:\/\/suomenkuvalehti.fi\/americana\/wp-json\/wp\/v2\/posts\/3307","targetHints":{"allow":["GET"]}}],"collection":[{"href":"https:\/\/suomenkuvalehti.fi\/americana\/wp-json\/wp\/v2\/posts"}],"about":[{"href":"https:\/\/suomenkuvalehti.fi\/americana\/wp-json\/wp\/v2\/types\/post"}],"author":[{"embeddable":true,"href":"https:\/\/suomenkuvalehti.fi\/americana\/wp-json\/wp\/v2\/users\/158"}],"replies":[{"embeddable":true,"href":"https:\/\/suomenkuvalehti.fi\/americana\/wp-json\/wp\/v2\/comments?post=3307"}],"version-history":[{"count":5,"href":"https:\/\/suomenkuvalehti.fi\/americana\/wp-json\/wp\/v2\/posts\/3307\/revisions"}],"predecessor-version":[{"id":3313,"href":"https:\/\/suomenkuvalehti.fi\/americana\/wp-json\/wp\/v2\/posts\/3307\/revisions\/3313"}],"wp:attachment":[{"href":"https:\/\/suomenkuvalehti.fi\/americana\/wp-json\/wp\/v2\/media?parent=3307"}],"wp:term":[{"taxonomy":"category","embeddable":true,"href":"https:\/\/suomenkuvalehti.fi\/americana\/wp-json\/wp\/v2\/categories?post=3307"},{"taxonomy":"post_tag","embeddable":true,"href":"https:\/\/suomenkuvalehti.fi\/americana\/wp-json\/wp\/v2\/tags?post=3307"}],"curies":[{"name":"wp","href":"https:\/\/api.w.org\/{rel}","templated":true}]}}