{"id":3302,"date":"2017-03-29T11:21:17","date_gmt":"2017-03-29T08:21:17","guid":{"rendered":"https:\/\/suomenkuvalehti.fi\/americana\/?p=3302"},"modified":"2017-03-29T11:21:17","modified_gmt":"2017-03-29T08:21:17","slug":"occupy-liikkeen-isa-mielenosoitukset-ovat-haitaksi-aktivismille","status":"publish","type":"post","link":"https:\/\/suomenkuvalehti.fi\/americana\/occupy-liikkeen-isa-mielenosoitukset-ovat-haitaksi-aktivismille\/","title":{"rendered":"Occupy-liikkeen is\u00e4: Mielenosoitukset ovat haitaksi aktivismille"},"content":{"rendered":"\n<p>M<strong>icah White<\/strong>, Occupy Wall Streetin is\u00e4, <a href=\"http:\/\/www.npr.org\/2017\/03\/28\/520911740\/occupy-activist-micah-white-time-to-move-beyond-memes-and-street-spectacles\">julistaa Occupy-liikkeen ep\u00e4onnistuneeksi<\/a>.<\/p>\n\n\n\n<p><em>National Public Radion<\/em> haastattelema White asuu nykyisin Oregonin maaseudulla. H\u00e4n on vaihtanut katuprotestit kunnallispolitiikkaan ja pyrkii nyt ajamaan muutosta ruohonjuuritasolla.<\/p>\n\n\n\n<p>El\u00e4m\u00e4 ja kunnallistason aktivismi 280 asukkaan Nehalemin kyl\u00e4ss\u00e4 on Whitelle \u201duusi kokeilu yhteiskunnallisen muutoksen aikaansaamiseksi\u201d. H\u00e4nen osaltaan ideoima ja johtama Occupy-liike sai 28. maaliskuuta Whitelt\u00e4 kriittisen tuomion: \u201dProtestiliikkeess\u00e4 on jotain pieless\u00e4 perusteitaan my\u00f6ten.\u201d<\/p>\n\n\n\n<p>Occupy-liike levisi 82 maahan inspiroiden miljoonia ihmisi\u00e4 ja nousten globaaliksi puheenaiheeksi. White uskoi, ett\u00e4 jos he kykenev\u00e4t mobilisoimaan miljoonia ihmisi\u00e4 v\u00e4kivallattoman protestiliikkeen taakse, se johtaa reformiin, joka asettaa ihmiskunnan 99 prosenttia talouspolitiikan polttopisteeseen.<\/p>\n\n\n\n<p>Toisin k\u00e4vi. White katsoo amerikkalaisen politiikan nykytilaa ja sanoo olleensa v\u00e4\u00e4r\u00e4ss\u00e4. <strong>Donald Trump<\/strong> on Valkoisessa talossa, republikaanit kontrolloivat kongressia ja aktivismi junnaa paikallaan.<\/p>\n\n\n\n<p>\u201dKun tarkastelen aktivismin tilaa kuusi vuotta Occupy-liikkeen j\u00e4lkeen, aktivistit toistavat samoja virheit\u00e4 toinen toisensa per\u00e4\u00e4n. Me olemme pakkomielteisen innostuneita mielenosoituksista ja suljemme silm\u00e4mme silt\u00e4 tosiasialta, ett\u00e4 me emme ole yht\u00e4\u00e4n l\u00e4hemp\u00e4n\u00e4 oikeaa valtaa. Olisi luullut, ett\u00e4 Trumpin voiton my\u00f6t\u00e4 aktivistit olisivat arvioineet strategiansa uudelleen, mutta ei. He ovat vain panostaneet entist\u00e4 enemm\u00e4n strategiaansa\u201d, White sanoo.<\/p>\n\n\n\n<p>White kutsuu vasemmistolaisten aktivistien intoa Standing Rock, Occupy, ja Black Lives Matter -protesteihin jopa vaaralliseksi. Protestointi tuntuu hyv\u00e4lt\u00e4, mutta se ohjaa osallistujia yh\u00e4 kauemmaksi oikeasta menestyksest\u00e4.<\/p>\n\n\n\n<p>\u201dOn vaarallista kuinka vasemmisto k\u00e4sittelee somessa tapahtuvaa sosiaalista markkinointia ik\u00e4\u00e4n kuin se olisi yhteiskunnallista aktivismia. Pelk\u00e4t protestit eiv\u00e4t anna meille poliittista valtaa. Siksi meilla on nyt Trump,\u201d White toteaa.<\/p>\n\n\n\n<blockquote class=\"wp-block-quote\"><p>Trump on&nbsp; Occupy Wall Street -liikkeen \u201dvarjo\u201d.<\/p><\/blockquote>\n\n\n\n<p><span class=\"capitalized\">White uskoo<\/span> edelleen radikaaliin muutokseen. H\u00e4n kritisoi jopa demokraattien liberaalia siipe\u00e4, <strong>Bernie Sandersia<\/strong> ja <strong>Elizabeth Warrenia<\/strong>, liian sitoutuneeksi globalisaation nykyiseen malliin. He haluavat pit\u00e4\u00e4 systeemin paikoillaan, koska he uskovat, ett\u00e4 se toimii, jos ihmiset vain valitsevat oikeita johtajia \u2013 eli heid\u00e4t ja heid\u00e4n hengenheimolaisensa.<\/p>\n\n\n\n<p>White kutsuu Trumpia Occupy Wall Street -liikkeen \u201dvarjoksi\u201d. Trumpin globalisaation vastaisuus, Wall Streetin kritiikki ja hy\u00f6kk\u00e4ykset valtaklikki\u00e4 vastaan osoittavat, ett\u00e4 h\u00e4nell\u00e4 oli paljon yhteist\u00e4 Whiten synnytt\u00e4m\u00e4n liikkeen kanssa: \u201dH\u00e4n on meid\u00e4n ajamamme positiivisen muutoksen negatiivinen varjo.\u201d<\/p>\n\n\n\n<p>White haluaa ymp\u00e4rist\u00f6st\u00e4, taloudellisesta eriarvoisuudesta ja globalisaation aiheuttamista ongelmista huolestuneiden kansalaisten oppivan ja ymm\u00e4rt\u00e4v\u00e4n ruohonjuuripolitiikan voiman.<\/p>\n\n\n\n<p>\u201dVoitte tuoda vaikka nelj\u00e4 miljoonaa ihmist\u00e4 kaduille, mutta perustuslaissa tai muissa s\u00e4\u00e4d\u00f6ksiss\u00e4 ei ole pyk\u00e4l\u00e4\u00e4 jonka mukaan presidentin pit\u00e4\u00e4 kuunnella heit\u00e4. H\u00e4n voi sanoa, \u2019kiitos, ja menk\u00e4\u00e4 kotiin.\u2019 Ja he menev\u00e4t. Meid\u00e4n on luovuttava t\u00e4st\u00e4 naiivista uskosta, ett\u00e4 jos me vain saamme enemm\u00e4n ihmisi\u00e4 kaduille, me saavutamme tavoitteemme. Ei se n\u00e4in toimi. Heid\u00e4n ei tarvitse kuunnella meit\u00e4 en\u00e4\u00e4.\u201d<\/p>\n\n\n\n<p>&nbsp;<\/p>\n\n\n\n<p><em>Soundtrack: The Thermals, Returning to the Fold<\/em><\/p>\n\n\n<p><iframe loading=\"lazy\" width=\"472\" height=\"354\" src=\"https:\/\/www.youtube.com\/embed\/pO3_ZG7wJPc?feature=oembed\" frameborder=\"0\" allowfullscreen><\/iframe><\/p>\n","protected":false},"excerpt":{"rendered":"<p>Micah White, Occupy Wall Streetin is\u00e4, julistaa Occupy-liikkeen ep\u00e4onnistuneeksi.<\/p>\n","protected":false},"author":158,"featured_media":0,"comment_status":"open","ping_status":"open","sticky":false,"template":"","format":"standard","meta":{"_acf_changed":false,"asauth_required_access_level":3,"asauth_cansharepaid":"true","om_header_attributes":[],"footnotes":"","om_featured_image_focal_point":[],"om_primary_tag":0,"om_contributors":[],"om_co_authors":[],"beyondwords_generate_audio":"","beyondwords_project_id":"","beyondwords_content_id":"","beyondwords_preview_token":"","beyondwords_player_content":"","beyondwords_player_style":"","beyondwords_language_code":"","beyondwords_language_id":"","beyondwords_title_voice_id":"","beyondwords_body_voice_id":"","beyondwords_summary_voice_id":"","beyondwords_error_message":"","beyondwords_disabled":"","beyondwords_delete_content":"","beyondwords_podcast_id":"","beyondwords_hash":"","publish_post_to_speechkit":"","speechkit_hash":"","speechkit_generate_audio":"","speechkit_project_id":"","speechkit_podcast_id":"","speechkit_error_message":"","speechkit_disabled":"","speechkit_access_key":"","speechkit_error":"","speechkit_info":"","speechkit_response":"","speechkit_retries":"","speechkit_status":"","speechkit_updated_at":"","_speechkit_link":"","_speechkit_text":""},"categories":[1],"tags":[1741,586,395,1915,737,184,1916],"class_list":["post-3302","post","type-post","status-publish","format-standard","hentry","category-americana","tag-black-lives-matter","tag-donald-trump","tag-kritiikki","tag-micah-white","tag-occupy-wall-street","tag-protestit","tag-standing-rock"],"om_views":null,"acf":{"tuuma_off":false,"tuuma_kysymys":"","tuuma_vastaus":""},"asauth":{"required_access_level":1,"share_token":"","is_paid":false},"yoast_head":"<!-- This site is optimized with the Yoast SEO plugin v26.4 - https:\/\/yoast.com\/wordpress\/plugins\/seo\/ -->\n<title>Occupy-liikkeen is\u00e4: Mielenosoitukset ovat haitaksi aktivismille - Americana<\/title>\n<meta name=\"robots\" content=\"noindex, follow\" \/>\n<meta property=\"og:locale\" content=\"fi_FI\" \/>\n<meta property=\"og:type\" content=\"article\" \/>\n<meta property=\"og:title\" content=\"Occupy-liikkeen is\u00e4: Mielenosoitukset ovat haitaksi aktivismille - Americana\" \/>\n<meta property=\"og:description\" content=\"Micah White, Occupy Wall Streetin is\u00e4, julistaa Occupy-liikkeen ep\u00e4onnistuneeksi.\" \/>\n<meta property=\"og:url\" content=\"https:\/\/suomenkuvalehti.fi\/americana\/occupy-liikkeen-isa-mielenosoitukset-ovat-haitaksi-aktivismille\/\" \/>\n<meta property=\"og:site_name\" content=\"Americana\" \/>\n<meta property=\"article:published_time\" content=\"2017-03-29T08:21:17+00:00\" \/>\n<meta property=\"og:image\" content=\"https:\/\/suomenkuvalehti.fi\/americana\/wp-content\/uploads\/sites\/10\/2022\/04\/americana_maunula-scaled.jpg\" \/>\n\t<meta property=\"og:image:width\" content=\"2560\" \/>\n\t<meta property=\"og:image:height\" content=\"1706\" \/>\n\t<meta property=\"og:image:type\" content=\"image\/jpeg\" \/>\n<meta name=\"author\" content=\"Marko Maunula\" \/>\n<meta name=\"twitter:card\" content=\"summary_large_image\" \/>\n<meta name=\"twitter:label1\" content=\"Written by\" \/>\n\t<meta name=\"twitter:data1\" content=\"Marko Maunula\" \/>\n\t<meta name=\"twitter:label2\" content=\"Est. reading time\" \/>\n\t<meta name=\"twitter:data2\" content=\"2 minuuttia\" \/>\n<script type=\"application\/ld+json\" class=\"yoast-schema-graph\">{\"@context\":\"https:\/\/schema.org\",\"@graph\":[{\"@type\":\"WebPage\",\"@id\":\"https:\/\/suomenkuvalehti.fi\/americana\/occupy-liikkeen-isa-mielenosoitukset-ovat-haitaksi-aktivismille\/\",\"url\":\"https:\/\/suomenkuvalehti.fi\/americana\/occupy-liikkeen-isa-mielenosoitukset-ovat-haitaksi-aktivismille\/\",\"name\":\"Occupy-liikkeen is\u00e4: Mielenosoitukset ovat haitaksi aktivismille - Americana\",\"isPartOf\":{\"@id\":\"https:\/\/suomenkuvalehti.fi\/americana\/#website\"},\"datePublished\":\"2017-03-29T08:21:17+00:00\",\"author\":{\"@id\":\"https:\/\/suomenkuvalehti.fi\/americana\/#\/schema\/person\/12d514491cb37506bc39c8e10176c3ec\"},\"breadcrumb\":{\"@id\":\"https:\/\/suomenkuvalehti.fi\/americana\/occupy-liikkeen-isa-mielenosoitukset-ovat-haitaksi-aktivismille\/#breadcrumb\"},\"inLanguage\":\"fi\",\"potentialAction\":[{\"@type\":\"ReadAction\",\"target\":[\"https:\/\/suomenkuvalehti.fi\/americana\/occupy-liikkeen-isa-mielenosoitukset-ovat-haitaksi-aktivismille\/\"]}]},{\"@type\":\"BreadcrumbList\",\"@id\":\"https:\/\/suomenkuvalehti.fi\/americana\/occupy-liikkeen-isa-mielenosoitukset-ovat-haitaksi-aktivismille\/#breadcrumb\",\"itemListElement\":[{\"@type\":\"ListItem\",\"position\":1,\"name\":\"Home\",\"item\":\"https:\/\/suomenkuvalehti.fi\/americana\/\"},{\"@type\":\"ListItem\",\"position\":2,\"name\":\"Occupy-liikkeen is\u00e4: Mielenosoitukset ovat haitaksi aktivismille\"}]},{\"@type\":\"WebSite\",\"@id\":\"https:\/\/suomenkuvalehti.fi\/americana\/#website\",\"url\":\"https:\/\/suomenkuvalehti.fi\/americana\/\",\"name\":\"Americana\",\"description\":\"Professori Marko Maunula seuraa USA:n politiikkaa ja populaarikulttuuria\",\"potentialAction\":[{\"@type\":\"SearchAction\",\"target\":{\"@type\":\"EntryPoint\",\"urlTemplate\":\"https:\/\/suomenkuvalehti.fi\/haku\/?q={search_term_string}\"},\"query-input\":{\"@type\":\"PropertyValueSpecification\",\"valueRequired\":true,\"valueName\":\"search_term_string\"}}],\"inLanguage\":\"fi\"},{\"@type\":\"Person\",\"@id\":\"https:\/\/suomenkuvalehti.fi\/americana\/#\/schema\/person\/12d514491cb37506bc39c8e10176c3ec\",\"name\":\"Marko Maunula\",\"image\":{\"@type\":\"ImageObject\",\"inLanguage\":\"fi\",\"@id\":\"https:\/\/suomenkuvalehti.fi\/americana\/#\/schema\/person\/image\/\",\"url\":\"https:\/\/suomenkuvalehti.fi\/americana\/wp-content\/uploads\/sites\/10\/2022\/04\/americana_maunula-150x150.jpg\",\"contentUrl\":\"https:\/\/suomenkuvalehti.fi\/americana\/wp-content\/uploads\/sites\/10\/2022\/04\/americana_maunula-150x150.jpg\",\"caption\":\"Marko Maunula\"},\"description\":\"Kirjoittaja on Yhdysvaltain historian professori Atlantassa.\"}]}<\/script>\n<!-- \/ Yoast SEO plugin. -->","yoast_head_json":{"title":"Occupy-liikkeen is\u00e4: Mielenosoitukset ovat haitaksi aktivismille - Americana","robots":{"index":"noindex","follow":"follow"},"og_locale":"fi_FI","og_type":"article","og_title":"Occupy-liikkeen is\u00e4: Mielenosoitukset ovat haitaksi aktivismille - Americana","og_description":"Micah White, Occupy Wall Streetin is\u00e4, julistaa Occupy-liikkeen ep\u00e4onnistuneeksi.","og_url":"https:\/\/suomenkuvalehti.fi\/americana\/occupy-liikkeen-isa-mielenosoitukset-ovat-haitaksi-aktivismille\/","og_site_name":"Americana","article_published_time":"2017-03-29T08:21:17+00:00","og_image":[{"width":2560,"height":1706,"url":"https:\/\/suomenkuvalehti.fi\/americana\/wp-content\/uploads\/sites\/10\/2022\/04\/americana_maunula-scaled.jpg","type":"image\/jpeg"}],"author":"Marko Maunula","twitter_card":"summary_large_image","twitter_misc":{"Written by":"Marko Maunula","Est. reading time":"2 minuuttia"},"schema":{"@context":"https:\/\/schema.org","@graph":[{"@type":"WebPage","@id":"https:\/\/suomenkuvalehti.fi\/americana\/occupy-liikkeen-isa-mielenosoitukset-ovat-haitaksi-aktivismille\/","url":"https:\/\/suomenkuvalehti.fi\/americana\/occupy-liikkeen-isa-mielenosoitukset-ovat-haitaksi-aktivismille\/","name":"Occupy-liikkeen is\u00e4: Mielenosoitukset ovat haitaksi aktivismille - Americana","isPartOf":{"@id":"https:\/\/suomenkuvalehti.fi\/americana\/#website"},"datePublished":"2017-03-29T08:21:17+00:00","author":{"@id":"https:\/\/suomenkuvalehti.fi\/americana\/#\/schema\/person\/12d514491cb37506bc39c8e10176c3ec"},"breadcrumb":{"@id":"https:\/\/suomenkuvalehti.fi\/americana\/occupy-liikkeen-isa-mielenosoitukset-ovat-haitaksi-aktivismille\/#breadcrumb"},"inLanguage":"fi","potentialAction":[{"@type":"ReadAction","target":["https:\/\/suomenkuvalehti.fi\/americana\/occupy-liikkeen-isa-mielenosoitukset-ovat-haitaksi-aktivismille\/"]}]},{"@type":"BreadcrumbList","@id":"https:\/\/suomenkuvalehti.fi\/americana\/occupy-liikkeen-isa-mielenosoitukset-ovat-haitaksi-aktivismille\/#breadcrumb","itemListElement":[{"@type":"ListItem","position":1,"name":"Home","item":"https:\/\/suomenkuvalehti.fi\/americana\/"},{"@type":"ListItem","position":2,"name":"Occupy-liikkeen is\u00e4: Mielenosoitukset ovat haitaksi aktivismille"}]},{"@type":"WebSite","@id":"https:\/\/suomenkuvalehti.fi\/americana\/#website","url":"https:\/\/suomenkuvalehti.fi\/americana\/","name":"Americana","description":"Professori Marko Maunula seuraa USA:n politiikkaa ja populaarikulttuuria","potentialAction":[{"@type":"SearchAction","target":{"@type":"EntryPoint","urlTemplate":"https:\/\/suomenkuvalehti.fi\/haku\/?q={search_term_string}"},"query-input":{"@type":"PropertyValueSpecification","valueRequired":true,"valueName":"search_term_string"}}],"inLanguage":"fi"},{"@type":"Person","@id":"https:\/\/suomenkuvalehti.fi\/americana\/#\/schema\/person\/12d514491cb37506bc39c8e10176c3ec","name":"Marko Maunula","image":{"@type":"ImageObject","inLanguage":"fi","@id":"https:\/\/suomenkuvalehti.fi\/americana\/#\/schema\/person\/image\/","url":"https:\/\/suomenkuvalehti.fi\/americana\/wp-content\/uploads\/sites\/10\/2022\/04\/americana_maunula-150x150.jpg","contentUrl":"https:\/\/suomenkuvalehti.fi\/americana\/wp-content\/uploads\/sites\/10\/2022\/04\/americana_maunula-150x150.jpg","caption":"Marko Maunula"},"description":"Kirjoittaja on Yhdysvaltain historian professori Atlantassa."}]}},"_links":{"self":[{"href":"https:\/\/suomenkuvalehti.fi\/americana\/wp-json\/wp\/v2\/posts\/3302","targetHints":{"allow":["GET"]}}],"collection":[{"href":"https:\/\/suomenkuvalehti.fi\/americana\/wp-json\/wp\/v2\/posts"}],"about":[{"href":"https:\/\/suomenkuvalehti.fi\/americana\/wp-json\/wp\/v2\/types\/post"}],"author":[{"embeddable":true,"href":"https:\/\/suomenkuvalehti.fi\/americana\/wp-json\/wp\/v2\/users\/158"}],"replies":[{"embeddable":true,"href":"https:\/\/suomenkuvalehti.fi\/americana\/wp-json\/wp\/v2\/comments?post=3302"}],"version-history":[{"count":4,"href":"https:\/\/suomenkuvalehti.fi\/americana\/wp-json\/wp\/v2\/posts\/3302\/revisions"}],"predecessor-version":[{"id":3306,"href":"https:\/\/suomenkuvalehti.fi\/americana\/wp-json\/wp\/v2\/posts\/3302\/revisions\/3306"}],"wp:attachment":[{"href":"https:\/\/suomenkuvalehti.fi\/americana\/wp-json\/wp\/v2\/media?parent=3302"}],"wp:term":[{"taxonomy":"category","embeddable":true,"href":"https:\/\/suomenkuvalehti.fi\/americana\/wp-json\/wp\/v2\/categories?post=3302"},{"taxonomy":"post_tag","embeddable":true,"href":"https:\/\/suomenkuvalehti.fi\/americana\/wp-json\/wp\/v2\/tags?post=3302"}],"curies":[{"name":"wp","href":"https:\/\/api.w.org\/{rel}","templated":true}]}}