{"id":33,"date":"2013-08-01T19:30:11","date_gmt":"2013-08-01T16:30:11","guid":{"rendered":"https:\/\/suomenkuvalehti.fi\/americana\/obamacare-joulupukki-ja-vapaus\/"},"modified":"2013-11-30T16:22:00","modified_gmt":"2013-11-30T14:22:00","slug":"obamacare-joulupukki-ja-vapaus","status":"publish","type":"post","link":"https:\/\/suomenkuvalehti.fi\/americana\/obamacare-joulupukki-ja-vapaus\/","title":{"rendered":"Obamacare, Joulupukki ja vapaus"},"content":{"rendered":"\n<p>&#8221;Obamacare astuu voimaan pian, ja republikaanit n\u00e4ytt\u00e4v\u00e4t luovuttaneen. Min\u00e4 uskon, ett\u00e4 he pelk\u00e4\u00e4v\u00e4t Obamacaren osoittautuvan suosituksi. Ihmiset pit\u00e4v\u00e4t Joulupukista, ja Obamacaressa on paljon ilmaisia lahjoja amerikkalaisille. Republikaanit pelk\u00e4\u00e4v\u00e4t, ett\u00e4 jos he vastustavat Obamacarea, he vastustavat ihmisten silmiss\u00e4 Joulupukkia.&#8221;<\/p>\n\n\n\n<p><strong>Rush Limbaugh <\/strong>kiteytti republikaanien pelot eilen radiossa, mutta h\u00e4n on v\u00e4\u00e4r\u00e4ss\u00e4 puolueensa suhtautumisessa <strong>Obaman<\/strong> terveydenhoidon uudistukseen.<\/p>\n\n\n\n<p>Lain keskeiset kohdat astuvat voimaan lokakuussa. Kansalaiset ovat velvoitettuja hankkimaan itselleen sairasvakuutuksen, mutta v\u00e4h\u00e4varaiset saavat vakuutuksiensa maksamiseksi valtion avustuksia. Uudistus luo my\u00f6s elektronisia vakuutusmarkkina-webbisivustoja, joissa amerikkalaiset voivat valita eri firmojen vakuutuspaketeista halvimmat ja itselleen sopivimmat &#8211; samaan tapaan kuin he ostavat lentolippunsa tai varaavat hotellinsa webissa.<\/p>\n\n\n\n<p>Uudistus on valtava projekti. Pelk\u00e4st\u00e4\u00e4n <a href=\"http:\/\/www.nytimes.com\/2013\/08\/01\/business\/media\/songs-and-sunscreen-spread-the-health-insurance-message.html?_r=0\">kansalaisten informoint<\/a>i laista sek\u00e4 heid\u00e4n oikeuksistaan ja velvollisuuksistaan on melkoinen savotta. Lis\u00e4ksi monet republikaanien johtamista osavaltioista ovat kielt\u00e4ytyneet yhteisty\u00f6st\u00e4, j\u00e4tt\u00e4en leijonanosan ty\u00f6st\u00e4 liittovaltion virkamiesten teht\u00e4v\u00e4ksi. Ja republikaanit ovat, Limbaughin puheista huolimatta, <a href=\"http:\/\/www.newrepublic.com\/article\/114028\/obamacare-sabotage-watch-conservative-campaign-gets-real#\">vankasti kantona kaskessa<\/a>.<\/p>\n\n\n\n<p>FreedomWorks, vaikutusvaltainen konservatiivinen aktivistiorganisaatio, pyrkii tekem\u00e4\u00e4n, organisaation varapresidentti <strong>Dean Clancyn<\/strong> mukaan, &#8221;vakuutuksen ostamatta j\u00e4tt\u00e4misest\u00e4 sosiaalisesti hyv\u00e4ksytt\u00e4v\u00e4\u00e4.&#8221; Kongressin republikaanit ovat hekin olleet ahkeria. Obaman hallinto yritti tehd\u00e4 yhteisty\u00f6t\u00e4 urheiluliigojen kanssa, levitt\u00e4en tietoisuutta uudesta laista yhdessa mm. NFL:n kanssa, mutta t\u00e4m\u00e4 kariutui republikaanien <a href=\"http:\/\/www.newrepublic.com\/article\/113711\/republicans-pro-sports-leagues-stay-away-obamacare\">uhkaaviin kirjeisiin liigan johdolle<\/a>. Kongressin republikaanit ovat my\u00f6s <a href=\"http:\/\/www.nytimes.com\/2013\/07\/27\/opinion\/the-war-over-health-care-exchanges.html\">uhanneet est\u00e4\u00e4 kaiken rahoituksen<\/a> terveydenhoidon uudistukselle.<\/p>\n\n\n\n<p>Limbaugh kiteytti republikaanien pelot: jos laki osoittautuu yht\u00e4 suosituksi kuin esimerkiksi sosiaaliturva tai Medicare, senioreiden terveydenhoitoj\u00e4rjestelm\u00e4, siit\u00e4 tulee pysyv\u00e4 osa liittovaltion velvollisuuksia. Arviot ja kokeilut osoittavat, ett\u00e4 kasvava joukko vakuutuksen ostajia laskee vakuutusten hintoja, paikoitellen jopa huomattavasti.<\/p>\n\n\n\n<p>Republikaanit liki rukoilevat, ett\u00e4 laki osoittautuisi katastrofiksi, ja monet heist\u00e4 ovat mukana sabotaasitalkoissa. Mutta miksi? Miksi vastustaa lakia, joka saattaa osoittautua suosituksi?<\/p>\n\n\n\n<p>Kyse on ideologiasta. Republikaanien ajattelussa ihmisten riippuvuus valtiosta rappeuttaa maan moraalia ja taloudellista dynaamisuutta. Sosiaaliturva, Medicare sek\u00e4 muut tulonsiirto- tai terveydenhoidon ohjelmat ovat usein suosittuja, mutta niiden m\u00e4d\u00e4tt\u00e4v\u00e4 vaikutus on republikaanien mukaan vakava uhka. Silti, ohjelmien suosio on tehnyt niist\u00e4 poliittisia realiteettej\u00e4, joiden kumoaminen on nykyisell\u00e4\u00e4n mahdotonta. Jos terveydenhoidon uudistus onnistuu, amerikkalaiset ovat, konservatiivien mukaan, jalleen hieman riippuvaisempia valtiosta ja siten v\u00e4hemm\u00e4n vapaita. T\u00e4st\u00e4 oli pohjimmiltaan kyse presidenttiehdokas <strong>Mitt Romneyn <\/strong>yksityisiksi tarkoitetuissa mutta julkisuuteen vuotaneissa kommenteissa 47 prosentista amerikkalaisia, jotka el\u00e4v\u00e4t valtion siivell\u00e4.<\/p>\n\n\n\n<p>Republikaanit tiet\u00e4v\u00e4t, ett\u00e4 taistelu k\u00e4yd\u00e4\u00e4n t\u00e4ss\u00e4 ja nyt, ja panokset ovat niin korkeat, ett\u00e4 he ovat valmiita tekem\u00e4\u00e4n miltei mit\u00e4 tahansa est\u00e4\u00e4kseen lain toimimisen. Demokraattien silmiss\u00e4 republikaanit ovat taistelemassa kansalaisten etua vastaan est\u00e4m\u00e4ll\u00e4 kymmeni\u00e4 miljoonia potentiaalisesti auttavan lain toimimisen. Republikaanien silmiss\u00e4 he ovat puolustamassa amerikkalaisten vapautta, individualismia sek\u00e4 maan aattellista sielua. Etsi t\u00e4ss\u00e4kin kompromissia.<\/p>\n\n\n\n<p><em>Soundtrack: Jack White, Freedom at 21.<\/em><\/p>\n\n\n","protected":false},"excerpt":{"rendered":"<p>&#8221;Obamacare astuu voimaan pian, ja republikaanit n\u00e4ytt\u00e4v\u00e4t luovuttaneen. Min\u00e4 uskon, ett\u00e4 he pelk\u00e4\u00e4v\u00e4t Obamacaren osoittautuvan suosituksi. Ihmiset pit\u00e4v\u00e4t Joulupukista, ja Obamacaressa on paljon ilmaisia lahjoja amerikkalaisille. Republikaanit pelk\u00e4\u00e4v\u00e4t, ett\u00e4 jos he vastustavat<br \/>\nObamacarea, h&hellip;<\/p>\n","protected":false},"author":158,"featured_media":0,"comment_status":"open","ping_status":"open","sticky":false,"template":"","format":"standard","meta":{"_acf_changed":false,"asauth_required_access_level":0,"asauth_cansharepaid":"","om_header_attributes":[],"footnotes":"","om_featured_image_focal_point":[],"om_primary_tag":0,"om_contributors":[],"om_co_authors":[],"beyondwords_generate_audio":"","beyondwords_project_id":"","beyondwords_content_id":"","beyondwords_preview_token":"","beyondwords_player_content":"","beyondwords_player_style":"","beyondwords_language_code":"","beyondwords_language_id":"","beyondwords_title_voice_id":"","beyondwords_body_voice_id":"","beyondwords_summary_voice_id":"","beyondwords_error_message":"","beyondwords_disabled":"","beyondwords_delete_content":"","beyondwords_podcast_id":"","beyondwords_hash":"","publish_post_to_speechkit":"","speechkit_hash":"","speechkit_generate_audio":"","speechkit_project_id":"","speechkit_podcast_id":"","speechkit_error_message":"","speechkit_disabled":"","speechkit_access_key":"","speechkit_error":"","speechkit_info":"","speechkit_response":"","speechkit_retries":"","speechkit_status":"","speechkit_updated_at":"","_speechkit_link":"","_speechkit_text":""},"categories":[1],"tags":[36,31,127,23,30,128,58,24],"class_list":["post-33","post","type-post","status-publish","format-standard","hentry","category-americana","tag-barack-obama","tag-demokraatit","tag-ideologia","tag-kongressi","tag-republikaanit","tag-rush-limbaugh","tag-terveydenhoidon-uudistus","tag-yhdysvallat"],"om_views":null,"acf":{"tuuma_off":false,"tuuma_kysymys":"","tuuma_vastaus":""},"asauth":{"required_access_level":1,"share_token":"","is_paid":false},"yoast_head":"<!-- This site is optimized with the Yoast SEO plugin v26.4 - https:\/\/yoast.com\/wordpress\/plugins\/seo\/ -->\n<title>Obamacare, Joulupukki ja vapaus - Americana<\/title>\n<meta name=\"robots\" content=\"noindex, follow\" \/>\n<meta property=\"og:locale\" content=\"fi_FI\" \/>\n<meta property=\"og:type\" content=\"article\" \/>\n<meta property=\"og:title\" content=\"Obamacare, Joulupukki ja vapaus - Americana\" \/>\n<meta property=\"og:description\" content=\"&#8221;Obamacare astuu voimaan pian, ja republikaanit n\u00e4ytt\u00e4v\u00e4t luovuttaneen. Min\u00e4 uskon, ett\u00e4 he pelk\u00e4\u00e4v\u00e4t Obamacaren osoittautuvan suosituksi. Ihmiset pit\u00e4v\u00e4t Joulupukista, ja Obamacaressa on paljon ilmaisia lahjoja amerikkalaisille. Republikaanit pelk\u00e4\u00e4v\u00e4t, ett\u00e4 jos he vastustavat Obamacarea, h&hellip;\" \/>\n<meta property=\"og:url\" content=\"https:\/\/suomenkuvalehti.fi\/americana\/obamacare-joulupukki-ja-vapaus\/\" \/>\n<meta property=\"og:site_name\" content=\"Americana\" \/>\n<meta property=\"article:published_time\" content=\"2013-08-01T16:30:11+00:00\" \/>\n<meta property=\"article:modified_time\" content=\"2013-11-30T14:22:00+00:00\" \/>\n<meta property=\"og:image\" content=\"https:\/\/suomenkuvalehti.fi\/americana\/wp-content\/uploads\/sites\/10\/2022\/04\/americana_maunula-scaled.jpg\" \/>\n\t<meta property=\"og:image:width\" content=\"2560\" \/>\n\t<meta property=\"og:image:height\" content=\"1706\" \/>\n\t<meta property=\"og:image:type\" content=\"image\/jpeg\" \/>\n<meta name=\"author\" content=\"Marko Maunula\" \/>\n<meta name=\"twitter:card\" content=\"summary_large_image\" \/>\n<meta name=\"twitter:label1\" content=\"Written by\" \/>\n\t<meta name=\"twitter:data1\" content=\"Marko Maunula\" \/>\n\t<meta name=\"twitter:label2\" content=\"Est. reading time\" \/>\n\t<meta name=\"twitter:data2\" content=\"2 minuuttia\" \/>\n<script type=\"application\/ld+json\" class=\"yoast-schema-graph\">{\"@context\":\"https:\/\/schema.org\",\"@graph\":[{\"@type\":\"WebPage\",\"@id\":\"https:\/\/suomenkuvalehti.fi\/americana\/obamacare-joulupukki-ja-vapaus\/\",\"url\":\"https:\/\/suomenkuvalehti.fi\/americana\/obamacare-joulupukki-ja-vapaus\/\",\"name\":\"Obamacare, Joulupukki ja vapaus - Americana\",\"isPartOf\":{\"@id\":\"https:\/\/suomenkuvalehti.fi\/americana\/#website\"},\"datePublished\":\"2013-08-01T16:30:11+00:00\",\"dateModified\":\"2013-11-30T14:22:00+00:00\",\"author\":{\"@id\":\"https:\/\/suomenkuvalehti.fi\/americana\/#\/schema\/person\/12d514491cb37506bc39c8e10176c3ec\"},\"breadcrumb\":{\"@id\":\"https:\/\/suomenkuvalehti.fi\/americana\/obamacare-joulupukki-ja-vapaus\/#breadcrumb\"},\"inLanguage\":\"fi\",\"potentialAction\":[{\"@type\":\"ReadAction\",\"target\":[\"https:\/\/suomenkuvalehti.fi\/americana\/obamacare-joulupukki-ja-vapaus\/\"]}]},{\"@type\":\"BreadcrumbList\",\"@id\":\"https:\/\/suomenkuvalehti.fi\/americana\/obamacare-joulupukki-ja-vapaus\/#breadcrumb\",\"itemListElement\":[{\"@type\":\"ListItem\",\"position\":1,\"name\":\"Home\",\"item\":\"https:\/\/suomenkuvalehti.fi\/americana\/\"},{\"@type\":\"ListItem\",\"position\":2,\"name\":\"Obamacare, Joulupukki ja vapaus\"}]},{\"@type\":\"WebSite\",\"@id\":\"https:\/\/suomenkuvalehti.fi\/americana\/#website\",\"url\":\"https:\/\/suomenkuvalehti.fi\/americana\/\",\"name\":\"Americana\",\"description\":\"Professori Marko Maunula seuraa USA:n politiikkaa ja populaarikulttuuria\",\"potentialAction\":[{\"@type\":\"SearchAction\",\"target\":{\"@type\":\"EntryPoint\",\"urlTemplate\":\"https:\/\/suomenkuvalehti.fi\/haku\/?q={search_term_string}\"},\"query-input\":{\"@type\":\"PropertyValueSpecification\",\"valueRequired\":true,\"valueName\":\"search_term_string\"}}],\"inLanguage\":\"fi\"},{\"@type\":\"Person\",\"@id\":\"https:\/\/suomenkuvalehti.fi\/americana\/#\/schema\/person\/12d514491cb37506bc39c8e10176c3ec\",\"name\":\"Marko Maunula\",\"image\":{\"@type\":\"ImageObject\",\"inLanguage\":\"fi\",\"@id\":\"https:\/\/suomenkuvalehti.fi\/americana\/#\/schema\/person\/image\/\",\"url\":\"https:\/\/suomenkuvalehti.fi\/americana\/wp-content\/uploads\/sites\/10\/2022\/04\/americana_maunula-150x150.jpg\",\"contentUrl\":\"https:\/\/suomenkuvalehti.fi\/americana\/wp-content\/uploads\/sites\/10\/2022\/04\/americana_maunula-150x150.jpg\",\"caption\":\"Marko Maunula\"},\"description\":\"Kirjoittaja on Yhdysvaltain historian professori Atlantassa.\"}]}<\/script>\n<!-- \/ Yoast SEO plugin. -->","yoast_head_json":{"title":"Obamacare, Joulupukki ja vapaus - Americana","robots":{"index":"noindex","follow":"follow"},"og_locale":"fi_FI","og_type":"article","og_title":"Obamacare, Joulupukki ja vapaus - Americana","og_description":"&#8221;Obamacare astuu voimaan pian, ja republikaanit n\u00e4ytt\u00e4v\u00e4t luovuttaneen. Min\u00e4 uskon, ett\u00e4 he pelk\u00e4\u00e4v\u00e4t Obamacaren osoittautuvan suosituksi. Ihmiset pit\u00e4v\u00e4t Joulupukista, ja Obamacaressa on paljon ilmaisia lahjoja amerikkalaisille. Republikaanit pelk\u00e4\u00e4v\u00e4t, ett\u00e4 jos he vastustavat Obamacarea, h&hellip;","og_url":"https:\/\/suomenkuvalehti.fi\/americana\/obamacare-joulupukki-ja-vapaus\/","og_site_name":"Americana","article_published_time":"2013-08-01T16:30:11+00:00","article_modified_time":"2013-11-30T14:22:00+00:00","og_image":[{"width":2560,"height":1706,"url":"https:\/\/suomenkuvalehti.fi\/americana\/wp-content\/uploads\/sites\/10\/2022\/04\/americana_maunula-scaled.jpg","type":"image\/jpeg"}],"author":"Marko Maunula","twitter_card":"summary_large_image","twitter_misc":{"Written by":"Marko Maunula","Est. reading time":"2 minuuttia"},"schema":{"@context":"https:\/\/schema.org","@graph":[{"@type":"WebPage","@id":"https:\/\/suomenkuvalehti.fi\/americana\/obamacare-joulupukki-ja-vapaus\/","url":"https:\/\/suomenkuvalehti.fi\/americana\/obamacare-joulupukki-ja-vapaus\/","name":"Obamacare, Joulupukki ja vapaus - Americana","isPartOf":{"@id":"https:\/\/suomenkuvalehti.fi\/americana\/#website"},"datePublished":"2013-08-01T16:30:11+00:00","dateModified":"2013-11-30T14:22:00+00:00","author":{"@id":"https:\/\/suomenkuvalehti.fi\/americana\/#\/schema\/person\/12d514491cb37506bc39c8e10176c3ec"},"breadcrumb":{"@id":"https:\/\/suomenkuvalehti.fi\/americana\/obamacare-joulupukki-ja-vapaus\/#breadcrumb"},"inLanguage":"fi","potentialAction":[{"@type":"ReadAction","target":["https:\/\/suomenkuvalehti.fi\/americana\/obamacare-joulupukki-ja-vapaus\/"]}]},{"@type":"BreadcrumbList","@id":"https:\/\/suomenkuvalehti.fi\/americana\/obamacare-joulupukki-ja-vapaus\/#breadcrumb","itemListElement":[{"@type":"ListItem","position":1,"name":"Home","item":"https:\/\/suomenkuvalehti.fi\/americana\/"},{"@type":"ListItem","position":2,"name":"Obamacare, Joulupukki ja vapaus"}]},{"@type":"WebSite","@id":"https:\/\/suomenkuvalehti.fi\/americana\/#website","url":"https:\/\/suomenkuvalehti.fi\/americana\/","name":"Americana","description":"Professori Marko Maunula seuraa USA:n politiikkaa ja populaarikulttuuria","potentialAction":[{"@type":"SearchAction","target":{"@type":"EntryPoint","urlTemplate":"https:\/\/suomenkuvalehti.fi\/haku\/?q={search_term_string}"},"query-input":{"@type":"PropertyValueSpecification","valueRequired":true,"valueName":"search_term_string"}}],"inLanguage":"fi"},{"@type":"Person","@id":"https:\/\/suomenkuvalehti.fi\/americana\/#\/schema\/person\/12d514491cb37506bc39c8e10176c3ec","name":"Marko Maunula","image":{"@type":"ImageObject","inLanguage":"fi","@id":"https:\/\/suomenkuvalehti.fi\/americana\/#\/schema\/person\/image\/","url":"https:\/\/suomenkuvalehti.fi\/americana\/wp-content\/uploads\/sites\/10\/2022\/04\/americana_maunula-150x150.jpg","contentUrl":"https:\/\/suomenkuvalehti.fi\/americana\/wp-content\/uploads\/sites\/10\/2022\/04\/americana_maunula-150x150.jpg","caption":"Marko Maunula"},"description":"Kirjoittaja on Yhdysvaltain historian professori Atlantassa."}]}},"_links":{"self":[{"href":"https:\/\/suomenkuvalehti.fi\/americana\/wp-json\/wp\/v2\/posts\/33","targetHints":{"allow":["GET"]}}],"collection":[{"href":"https:\/\/suomenkuvalehti.fi\/americana\/wp-json\/wp\/v2\/posts"}],"about":[{"href":"https:\/\/suomenkuvalehti.fi\/americana\/wp-json\/wp\/v2\/types\/post"}],"author":[{"embeddable":true,"href":"https:\/\/suomenkuvalehti.fi\/americana\/wp-json\/wp\/v2\/users\/158"}],"replies":[{"embeddable":true,"href":"https:\/\/suomenkuvalehti.fi\/americana\/wp-json\/wp\/v2\/comments?post=33"}],"version-history":[{"count":1,"href":"https:\/\/suomenkuvalehti.fi\/americana\/wp-json\/wp\/v2\/posts\/33\/revisions"}],"predecessor-version":[{"id":165,"href":"https:\/\/suomenkuvalehti.fi\/americana\/wp-json\/wp\/v2\/posts\/33\/revisions\/165"}],"wp:attachment":[{"href":"https:\/\/suomenkuvalehti.fi\/americana\/wp-json\/wp\/v2\/media?parent=33"}],"wp:term":[{"taxonomy":"category","embeddable":true,"href":"https:\/\/suomenkuvalehti.fi\/americana\/wp-json\/wp\/v2\/categories?post=33"},{"taxonomy":"post_tag","embeddable":true,"href":"https:\/\/suomenkuvalehti.fi\/americana\/wp-json\/wp\/v2\/tags?post=33"}],"curies":[{"name":"wp","href":"https:\/\/api.w.org\/{rel}","templated":true}]}}