{"id":3222,"date":"2017-02-14T20:52:02","date_gmt":"2017-02-14T18:52:02","guid":{"rendered":"https:\/\/suomenkuvalehti.fi\/americana\/?p=3222"},"modified":"2017-02-15T06:39:09","modified_gmt":"2017-02-15T04:39:09","slug":"michael-flynn-venajan-varjo-valkoisen-talon-ylla","status":"publish","type":"post","link":"https:\/\/suomenkuvalehti.fi\/americana\/michael-flynn-venajan-varjo-valkoisen-talon-ylla\/","title":{"rendered":"Michael Flynn ja Ven\u00e4j\u00e4n varjo Valkoisen talon yll\u00e4"},"content":{"rendered":"\n<p>M<strong>ichael Flynn<\/strong>, presidentti <strong>Donald Trumpin<\/strong> turvallisuuspolitiikan neuvonantaja, <a href=\"https:\/\/www.washingtonpost.com\/world\/national-security\/michael-flynn-resigns-as-national-security-adviser\/2017\/02\/13\/0007c0a8-f26e-11e6-8d72-263470bf0401_story.html?hpid=hp_hp-top-table-high_flynnresigns-1138pm%3Ahomepage%2Fstory&amp;utm_term=.baaf99db6eb4\">erosi teht\u00e4v\u00e4st\u00e4\u00e4n<\/a> maanantai-iltana Yhdysvaltojen it\u00e4rannikon aikaa.<\/p>\n\n\n\n<p>Flynn sai v\u00e4isty\u00e4 valehtelun takia. Ennen Trumpin virkaanastujaisia h\u00e4n oli keskustellut puhelimessa Ven\u00e4j\u00e4n Washingtonin-suurl\u00e4hettil\u00e4\u00e4n kanssa. Flynn v\u00e4itti, etteiv\u00e4t talouspakotteet nousseet esille keskustelussa, mutta my\u00f6hemmin Valkoinen talo ja media saivat tiet\u00e4\u00e4 totuuden.<\/p>\n\n\n\n<p>Valkoinen talo toivoo, ett\u00e4 Flynnin eron my\u00f6t\u00e4 keskustelu Trumpin hallinnon ja Ven\u00e4j\u00e4n l\u00e4heisist\u00e4 ja salatuista suhteista saa pisteen. T\u00e4m\u00e4 on turha toive.<\/p>\n\n\n\n<p>Kampanjan aikana Trumpin tiimi navigoi onnistuneesti l\u00e4pi lukuisten mini-skandaalien. Ep\u00e4sovinnainen kampanja pisti politiikan pelikirjat uusiksi. Trumpin kannattajat eiv\u00e4t v\u00e4litt\u00e4neet miehen tempauksista ja puolueen johto seisoi loppupeleiss\u00e4 ehdokkaansa takana. Niin sanottu <em>pussygate<\/em>, verotietojen salassapito, loukkaukset ja selke\u00e4 poliittisen hallinnon tietotaidon puute eiv\u00e4t kykeneet kaatamaan Trumpia.<\/p>\n\n\n\n<p>&nbsp;<\/p>\n\n\n\n<p><span class=\"capitalized\">Trumpin<\/span> suhteet Ven\u00e4j\u00e4\u00e4n olivat h\u00e4nen kampanjansa potentiaalinen akilleen kantap\u00e4\u00e4. Ven\u00e4j\u00e4n toteuttamat demokraattien s\u00e4hk\u00f6postien hakkerointi, joidenkin Trumpin kampanjahenkil\u00f6kuntaan kuuluvien suhteet Kremliin sek\u00e4 Trumpin toistuva ja johdonmukainen <strong>Vladimir Putinin<\/strong> ihailu saivat jopa jotkut republikaanit ilmaisemaan huolestumisensa. Uutiset Kremliss\u00e4 Trumpin voiton j\u00e4lkeen poksautetuista sampanjapulloista lis\u00e4siv\u00e4t ryppyj\u00e4 otsille.<\/p>\n\n\n\n<p>Valkoinen talo ja sen tukijat kongressissa toivovat Flynnin eron pys\u00e4ytt\u00e4v\u00e4n uhkaavan vy\u00f6rytyksen. Trumpin tiimi haluaa pit\u00e4\u00e4 luottamuksensa ja kongressin republikaanit haluavat ohjata huomionsa sek\u00e4 energiansa sis\u00e4poliittiseen agendaansa, verouudistuksesta terveydenhoitoon.<\/p>\n\n\n\n<p>Normaalitilanteessa Flynnin erist\u00e4minen olisi toiminut, mutta nyt kriisi ruokkii jo olemassaolevia huolia Trumpin Ven\u00e4j\u00e4n-suhteista.<\/p>\n\n\n\n<p>Aamun uutisl\u00e4hetyksess\u00e4 <strong>David Frum<\/strong>, republikaaninen \u00e4lykk\u00f6 ja <strong>George W. Bushin<\/strong> entinen puheenkirjoittaja, sanoi kansallisen turvallisuuden vaativan Trumpin taloudellisten Ven\u00e4j\u00e4-siteiden paljastamista. Republikaaniset senaattorit <strong>John McCain<\/strong> ja <strong>Rob Portman<\/strong> ovat varoittaneet Trumpia heikent\u00e4m\u00e4st\u00e4 <a href=\"http:\/\/www.politico.com\/story\/2017\/01\/trump-russia-sanctions-john-mccain-response-234268\">Ven\u00e4j\u00e4n vastaisia talouspakotteita<\/a>.<\/p>\n\n\n\n<blockquote class=\"wp-block-quote\"><p>Trumpin maine yritysjohtajana muodosti ison osan h\u00e4nen vetovoimaansa.<\/p><\/blockquote>\n\n\n\n<p><span class=\"capitalized\">Toinen<\/span> huoli koskee <a href=\"http:\/\/www.usnews.com\/news\/ken-walshs-washington\/articles\/2017-02-14\/michael-flynn-departure-reveals-lack-of-order-in-trump-white-house\">Trumpin johtamistaitoja<\/a>.<\/p>\n\n\n\n<p>Trumpin liikeyritykset ja vaalikampanja toimivat liki kaaos-moodissa. Trumpin arvaamaton k\u00e4yt\u00f6s ja konfliktihakuisuus pitiv\u00e4t h\u00e4net uutisten keskipisteess\u00e4. Metodi selv\u00e4sti tehosi, mutta Valkoisessa talossa kaaoshallinto on huomattavasti vaikeampi \u2013 ja potentiaalisesti vaarallisempi \u2013 tekniikka.<\/p>\n\n\n\n<p>Trumpin maine yritysjohtajana muodosti ison osan h\u00e4nen vetovoimaansa. H\u00e4n lupasi palkata parhaat kyvyt t\u00e4rkeimmille paikoille ja johtaa Washingtonia kuin yrityst\u00e4. Nyt, presidenttiyden nelj\u00e4nnell\u00e4 viikolla, ensimm\u00e4inen skandaali ja ero on tosiasia.<\/p>\n\n\n\n<p>Media, demokraatit ja jotkut republikaanit haluavat selvitt\u00e4\u00e4, josko Flynn toimi yksin ja josko Trumpin hallinto on teht\u00e4viens\u00e4 tasalla. Toistaiseksi vastaus molempiin kysymyksiin n\u00e4ytt\u00e4\u00e4 olevan ei. Valkoinen talo selke\u00e4sti yritti lakaista Flynnin toimet maton alle, eiv\u00e4tk\u00e4 ongelmat turvallisuuspolitiikan sektorilla synnyt\u00e4 luottamusta asiaa seuraavien parissa.<\/p>\n\n\n\n<p><em>Soundtrack: Vladimir Vysotsky, \u041a\u043e\u043d\u0438 \u043f\u0440\u0438\u0432\u0435\u0440\u0435\u0434\u043b\u0438\u0432\u044b\u0435<\/em>\nhttps:\/\/www.youtube.com\/watch?v=3zGf4hlzgYg<\/p>\n\n\n","protected":false},"excerpt":{"rendered":"<p>Kriisi ruokkii jo olemassaolevia huolia Trumpin Ven\u00e4j\u00e4n-suhteista.<\/p>\n","protected":false},"author":158,"featured_media":0,"comment_status":"open","ping_status":"open","sticky":false,"template":"","format":"standard","meta":{"_acf_changed":false,"asauth_required_access_level":3,"asauth_cansharepaid":"true","om_header_attributes":[],"footnotes":"","om_featured_image_focal_point":[],"om_primary_tag":0,"om_contributors":[],"om_co_authors":[],"beyondwords_generate_audio":"","beyondwords_project_id":"","beyondwords_content_id":"","beyondwords_preview_token":"","beyondwords_player_content":"","beyondwords_player_style":"","beyondwords_language_code":"","beyondwords_language_id":"","beyondwords_title_voice_id":"","beyondwords_body_voice_id":"","beyondwords_summary_voice_id":"","beyondwords_error_message":"","beyondwords_disabled":"","beyondwords_delete_content":"","beyondwords_podcast_id":"","beyondwords_hash":"","publish_post_to_speechkit":"","speechkit_hash":"","speechkit_generate_audio":"","speechkit_project_id":"","speechkit_podcast_id":"","speechkit_error_message":"","speechkit_disabled":"","speechkit_access_key":"","speechkit_error":"","speechkit_info":"","speechkit_response":"","speechkit_retries":"","speechkit_status":"","speechkit_updated_at":"","_speechkit_link":"","_speechkit_text":""},"categories":[1],"tags":[586,1587,23,1894,110,41,65],"class_list":["post-3222","post","type-post","status-publish","format-standard","hentry","category-americana","tag-donald-trump","tag-ero","tag-kongressi","tag-michael-flynn","tag-skandaali","tag-venaja","tag-vladimir-putin"],"om_views":null,"acf":{"tuuma_off":false,"tuuma_kysymys":"","tuuma_vastaus":""},"asauth":{"required_access_level":1,"share_token":"","is_paid":false},"yoast_head":"<!-- This site is optimized with the Yoast SEO plugin v26.4 - https:\/\/yoast.com\/wordpress\/plugins\/seo\/ -->\n<title>Michael Flynn ja Ven\u00e4j\u00e4n varjo Valkoisen talon yll\u00e4 - Americana<\/title>\n<meta name=\"robots\" content=\"noindex, follow\" \/>\n<meta property=\"og:locale\" content=\"fi_FI\" \/>\n<meta property=\"og:type\" content=\"article\" \/>\n<meta property=\"og:title\" content=\"Michael Flynn ja Ven\u00e4j\u00e4n varjo Valkoisen talon yll\u00e4 - Americana\" \/>\n<meta property=\"og:description\" content=\"Kriisi ruokkii jo olemassaolevia huolia Trumpin Ven\u00e4j\u00e4n-suhteista.\" \/>\n<meta property=\"og:url\" content=\"https:\/\/suomenkuvalehti.fi\/americana\/michael-flynn-venajan-varjo-valkoisen-talon-ylla\/\" \/>\n<meta property=\"og:site_name\" content=\"Americana\" \/>\n<meta property=\"article:published_time\" content=\"2017-02-14T18:52:02+00:00\" \/>\n<meta property=\"article:modified_time\" content=\"2017-02-15T04:39:09+00:00\" \/>\n<meta property=\"og:image\" content=\"https:\/\/suomenkuvalehti.fi\/americana\/wp-content\/uploads\/sites\/10\/2022\/04\/americana_maunula-scaled.jpg\" \/>\n\t<meta property=\"og:image:width\" content=\"2560\" \/>\n\t<meta property=\"og:image:height\" content=\"1706\" \/>\n\t<meta property=\"og:image:type\" content=\"image\/jpeg\" \/>\n<meta name=\"author\" content=\"Marko Maunula\" \/>\n<meta name=\"twitter:card\" content=\"summary_large_image\" \/>\n<meta name=\"twitter:label1\" content=\"Written by\" \/>\n\t<meta name=\"twitter:data1\" content=\"Marko Maunula\" \/>\n\t<meta name=\"twitter:label2\" content=\"Est. reading time\" \/>\n\t<meta name=\"twitter:data2\" content=\"2 minuuttia\" \/>\n<script type=\"application\/ld+json\" class=\"yoast-schema-graph\">{\"@context\":\"https:\/\/schema.org\",\"@graph\":[{\"@type\":\"WebPage\",\"@id\":\"https:\/\/suomenkuvalehti.fi\/americana\/michael-flynn-venajan-varjo-valkoisen-talon-ylla\/\",\"url\":\"https:\/\/suomenkuvalehti.fi\/americana\/michael-flynn-venajan-varjo-valkoisen-talon-ylla\/\",\"name\":\"Michael Flynn ja Ven\u00e4j\u00e4n varjo Valkoisen talon yll\u00e4 - Americana\",\"isPartOf\":{\"@id\":\"https:\/\/suomenkuvalehti.fi\/americana\/#website\"},\"datePublished\":\"2017-02-14T18:52:02+00:00\",\"dateModified\":\"2017-02-15T04:39:09+00:00\",\"author\":{\"@id\":\"https:\/\/suomenkuvalehti.fi\/americana\/#\/schema\/person\/12d514491cb37506bc39c8e10176c3ec\"},\"breadcrumb\":{\"@id\":\"https:\/\/suomenkuvalehti.fi\/americana\/michael-flynn-venajan-varjo-valkoisen-talon-ylla\/#breadcrumb\"},\"inLanguage\":\"fi\",\"potentialAction\":[{\"@type\":\"ReadAction\",\"target\":[\"https:\/\/suomenkuvalehti.fi\/americana\/michael-flynn-venajan-varjo-valkoisen-talon-ylla\/\"]}]},{\"@type\":\"BreadcrumbList\",\"@id\":\"https:\/\/suomenkuvalehti.fi\/americana\/michael-flynn-venajan-varjo-valkoisen-talon-ylla\/#breadcrumb\",\"itemListElement\":[{\"@type\":\"ListItem\",\"position\":1,\"name\":\"Home\",\"item\":\"https:\/\/suomenkuvalehti.fi\/americana\/\"},{\"@type\":\"ListItem\",\"position\":2,\"name\":\"Michael Flynn ja Ven\u00e4j\u00e4n varjo Valkoisen talon yll\u00e4\"}]},{\"@type\":\"WebSite\",\"@id\":\"https:\/\/suomenkuvalehti.fi\/americana\/#website\",\"url\":\"https:\/\/suomenkuvalehti.fi\/americana\/\",\"name\":\"Americana\",\"description\":\"Professori Marko Maunula seuraa USA:n politiikkaa ja populaarikulttuuria\",\"potentialAction\":[{\"@type\":\"SearchAction\",\"target\":{\"@type\":\"EntryPoint\",\"urlTemplate\":\"https:\/\/suomenkuvalehti.fi\/haku\/?q={search_term_string}\"},\"query-input\":{\"@type\":\"PropertyValueSpecification\",\"valueRequired\":true,\"valueName\":\"search_term_string\"}}],\"inLanguage\":\"fi\"},{\"@type\":\"Person\",\"@id\":\"https:\/\/suomenkuvalehti.fi\/americana\/#\/schema\/person\/12d514491cb37506bc39c8e10176c3ec\",\"name\":\"Marko Maunula\",\"image\":{\"@type\":\"ImageObject\",\"inLanguage\":\"fi\",\"@id\":\"https:\/\/suomenkuvalehti.fi\/americana\/#\/schema\/person\/image\/\",\"url\":\"https:\/\/suomenkuvalehti.fi\/americana\/wp-content\/uploads\/sites\/10\/2022\/04\/americana_maunula-150x150.jpg\",\"contentUrl\":\"https:\/\/suomenkuvalehti.fi\/americana\/wp-content\/uploads\/sites\/10\/2022\/04\/americana_maunula-150x150.jpg\",\"caption\":\"Marko Maunula\"},\"description\":\"Kirjoittaja on Yhdysvaltain historian professori Atlantassa.\"}]}<\/script>\n<!-- \/ Yoast SEO plugin. -->","yoast_head_json":{"title":"Michael Flynn ja Ven\u00e4j\u00e4n varjo Valkoisen talon yll\u00e4 - Americana","robots":{"index":"noindex","follow":"follow"},"og_locale":"fi_FI","og_type":"article","og_title":"Michael Flynn ja Ven\u00e4j\u00e4n varjo Valkoisen talon yll\u00e4 - Americana","og_description":"Kriisi ruokkii jo olemassaolevia huolia Trumpin Ven\u00e4j\u00e4n-suhteista.","og_url":"https:\/\/suomenkuvalehti.fi\/americana\/michael-flynn-venajan-varjo-valkoisen-talon-ylla\/","og_site_name":"Americana","article_published_time":"2017-02-14T18:52:02+00:00","article_modified_time":"2017-02-15T04:39:09+00:00","og_image":[{"width":2560,"height":1706,"url":"https:\/\/suomenkuvalehti.fi\/americana\/wp-content\/uploads\/sites\/10\/2022\/04\/americana_maunula-scaled.jpg","type":"image\/jpeg"}],"author":"Marko Maunula","twitter_card":"summary_large_image","twitter_misc":{"Written by":"Marko Maunula","Est. reading time":"2 minuuttia"},"schema":{"@context":"https:\/\/schema.org","@graph":[{"@type":"WebPage","@id":"https:\/\/suomenkuvalehti.fi\/americana\/michael-flynn-venajan-varjo-valkoisen-talon-ylla\/","url":"https:\/\/suomenkuvalehti.fi\/americana\/michael-flynn-venajan-varjo-valkoisen-talon-ylla\/","name":"Michael Flynn ja Ven\u00e4j\u00e4n varjo Valkoisen talon yll\u00e4 - Americana","isPartOf":{"@id":"https:\/\/suomenkuvalehti.fi\/americana\/#website"},"datePublished":"2017-02-14T18:52:02+00:00","dateModified":"2017-02-15T04:39:09+00:00","author":{"@id":"https:\/\/suomenkuvalehti.fi\/americana\/#\/schema\/person\/12d514491cb37506bc39c8e10176c3ec"},"breadcrumb":{"@id":"https:\/\/suomenkuvalehti.fi\/americana\/michael-flynn-venajan-varjo-valkoisen-talon-ylla\/#breadcrumb"},"inLanguage":"fi","potentialAction":[{"@type":"ReadAction","target":["https:\/\/suomenkuvalehti.fi\/americana\/michael-flynn-venajan-varjo-valkoisen-talon-ylla\/"]}]},{"@type":"BreadcrumbList","@id":"https:\/\/suomenkuvalehti.fi\/americana\/michael-flynn-venajan-varjo-valkoisen-talon-ylla\/#breadcrumb","itemListElement":[{"@type":"ListItem","position":1,"name":"Home","item":"https:\/\/suomenkuvalehti.fi\/americana\/"},{"@type":"ListItem","position":2,"name":"Michael Flynn ja Ven\u00e4j\u00e4n varjo Valkoisen talon yll\u00e4"}]},{"@type":"WebSite","@id":"https:\/\/suomenkuvalehti.fi\/americana\/#website","url":"https:\/\/suomenkuvalehti.fi\/americana\/","name":"Americana","description":"Professori Marko Maunula seuraa USA:n politiikkaa ja populaarikulttuuria","potentialAction":[{"@type":"SearchAction","target":{"@type":"EntryPoint","urlTemplate":"https:\/\/suomenkuvalehti.fi\/haku\/?q={search_term_string}"},"query-input":{"@type":"PropertyValueSpecification","valueRequired":true,"valueName":"search_term_string"}}],"inLanguage":"fi"},{"@type":"Person","@id":"https:\/\/suomenkuvalehti.fi\/americana\/#\/schema\/person\/12d514491cb37506bc39c8e10176c3ec","name":"Marko Maunula","image":{"@type":"ImageObject","inLanguage":"fi","@id":"https:\/\/suomenkuvalehti.fi\/americana\/#\/schema\/person\/image\/","url":"https:\/\/suomenkuvalehti.fi\/americana\/wp-content\/uploads\/sites\/10\/2022\/04\/americana_maunula-150x150.jpg","contentUrl":"https:\/\/suomenkuvalehti.fi\/americana\/wp-content\/uploads\/sites\/10\/2022\/04\/americana_maunula-150x150.jpg","caption":"Marko Maunula"},"description":"Kirjoittaja on Yhdysvaltain historian professori Atlantassa."}]}},"_links":{"self":[{"href":"https:\/\/suomenkuvalehti.fi\/americana\/wp-json\/wp\/v2\/posts\/3222","targetHints":{"allow":["GET"]}}],"collection":[{"href":"https:\/\/suomenkuvalehti.fi\/americana\/wp-json\/wp\/v2\/posts"}],"about":[{"href":"https:\/\/suomenkuvalehti.fi\/americana\/wp-json\/wp\/v2\/types\/post"}],"author":[{"embeddable":true,"href":"https:\/\/suomenkuvalehti.fi\/americana\/wp-json\/wp\/v2\/users\/158"}],"replies":[{"embeddable":true,"href":"https:\/\/suomenkuvalehti.fi\/americana\/wp-json\/wp\/v2\/comments?post=3222"}],"version-history":[{"count":6,"href":"https:\/\/suomenkuvalehti.fi\/americana\/wp-json\/wp\/v2\/posts\/3222\/revisions"}],"predecessor-version":[{"id":3229,"href":"https:\/\/suomenkuvalehti.fi\/americana\/wp-json\/wp\/v2\/posts\/3222\/revisions\/3229"}],"wp:attachment":[{"href":"https:\/\/suomenkuvalehti.fi\/americana\/wp-json\/wp\/v2\/media?parent=3222"}],"wp:term":[{"taxonomy":"category","embeddable":true,"href":"https:\/\/suomenkuvalehti.fi\/americana\/wp-json\/wp\/v2\/categories?post=3222"},{"taxonomy":"post_tag","embeddable":true,"href":"https:\/\/suomenkuvalehti.fi\/americana\/wp-json\/wp\/v2\/tags?post=3222"}],"curies":[{"name":"wp","href":"https:\/\/api.w.org\/{rel}","templated":true}]}}