{"id":3002,"date":"2016-10-08T12:19:36","date_gmt":"2016-10-08T09:19:36","guid":{"rendered":"https:\/\/suomenkuvalehti.fi\/americana\/?p=3002"},"modified":"2016-10-08T12:19:36","modified_gmt":"2016-10-08T09:19:36","slug":"trump-ilmio-voi-tapahtua-myos-suomessa","status":"publish","type":"post","link":"https:\/\/suomenkuvalehti.fi\/americana\/trump-ilmio-voi-tapahtua-myos-suomessa\/","title":{"rendered":"Trump-ilmi\u00f6 voi tapahtua my\u00f6s Suomessa"},"content":{"rendered":"\n<p>Media, politiikan tutkijat, sosiaalipsykologit, muut kiinnostuneet ammattilaiset ja harrastajat ovat pohtineet <strong>Donald Trump<\/strong> -ilmi\u00f6n syit\u00e4 perusteellisesti kampanjan alusta l\u00e4htien.<\/p>\n\n\n\n<p>Sadat esseet, kyselyt ja mielipidekirjoitukset ovat listanneet yleiset motiivit: ty\u00f6v\u00e4enluokan ahdinko, j\u00e4lkiteollisen aikakauden rakennemuutokset, maan demograafisen muutoksen synnytt\u00e4m\u00e4t pelot, vanhemman v\u00e4en vihainen nostalgia, anti-intellektuellismin nousu&#8230;<\/p>\n\n\n\n<p>Oma subjektiivinen tulkintani zeitgeistist\u00e4 ehdottaa, ett\u00e4 Trump-ilmi\u00f6 ponnistaa l\u00e4ntist\u00e4 maailmaa parhaillaan vaivaavasta atomistisesta individualismista sek\u00e4 sekoituksesta <a href=\"https:\/\/fi.wikipedia.org\/wiki\/Ayn_Rand\" target=\"_blank\">aynrandil\u00e4ist\u00e4 itsekkyytt\u00e4<\/a> ja taitavaa itselle valehtelua.<\/p>\n\n\n\n<p>Trump on l\u00f6yt\u00e4nyt kansakunnan metapoliittisesta psykopatologiasta kandidaatin ment\u00e4v\u00e4n rei\u00e4n. H\u00e4n saa anteeksi narsisminsa, h\u00e4ik\u00e4ilem\u00e4tt\u00f6m\u00e4n oman edun maksimointinsa ja avoimen, anteeksipyyt\u00e4m\u00e4tt\u00f6m\u00e4n valehtelunsa, koska kymmenet miljoonat amerikkalaiset eiv\u00e4t pid\u00e4 n\u00e4it\u00e4 pahoina asioina vaan jopa ihailtavina ominaisuuksina. Asenne on usein tiedostamaton ja kumpuaa emootioista ennemmin kuin analyysist\u00e4.<\/p>\n\n\n\n<p>Ajatusmalli nojaa osaltaan kyyniseen oletukseen, ett\u00e4 kaikki poliitikot valehtelevat ja suora valehtelija on kelvollinen vaihtoehto. Toisaalta se my\u00f6s vetoaa ihmisiin, jotka ovat oppineet suhtautumaan yhteiskuntaan koneistona, jonka rahoittaminen on muiden teht\u00e4v\u00e4 mutta joka on velkaa juuri minulle.<\/p>\n\n\n\n<p>&nbsp;<\/p>\n\n\n\n<p>Uusi itsekkyys ja aggressiivinen individualismi eiv\u00e4t riipu yhteiskuntaluokasta. Siihen uskovia l\u00f6ytyy niin k\u00f6yh\u00e4n v\u00e4est\u00f6n parista kuin miljard\u00f6\u00f6rienkin riveist\u00e4, niin vasemmalta kuin oikealtakin. Trump on t\u00e4st\u00e4 tyyppiesimerkki.<\/p>\n\n\n\n<p>Vuosien saatossa Trump on <a href=\"http:\/\/time.com\/money\/4516670\/donald-trump-not-paying-taxes-criticism\/\" target=\"_blank\">toistuvasti valittanut<\/a>, kuinka amerikkalaiset eiv\u00e4t maksa kylliksi veroja. H\u00e4n on kritisoinut niin pienituloisia kuin miljon\u00e4\u00e4rej\u00e4kin, niin istuvaa presidentti\u00e4 kuin suuryrityksi\u00e4kin heid\u00e4n alhaisista veroistaan. H\u00e4n on vaatinut amerikkalaisia tekem\u00e4\u00e4n suurempia uhrauksia yhteisen hyv\u00e4n eteen.<\/p>\n\n\n\n<p>Samanaikaisesti Trump itse ei mahdollisesti maksanut ollenkaan liittovaltion tuloveroja liki kahteen vuosikymmeneen, kiitos verokoodin, joka salli&nbsp;liiketappioiden kompensoinnin tulevien vuosien verotuksissa.<\/p>\n\n\n\n<p>Kun verot tulivat esiin Trumpin ja <strong>Hillary Clintonin<\/strong> ensimm\u00e4isess\u00e4 v\u00e4ittelyss\u00e4, Trump sanoi, ett\u00e4 h\u00e4nen kykyns\u00e4 v\u00e4ltt\u00e4\u00e4 veroja osoitti hanen \u00e4lykkyytens\u00e4. Trumpin tukijat my\u00f6hemmin painottivat samaa pointtia: heid\u00e4n ehdokkaansa on nerokas, koska h\u00e4nen ei tarvinnut maksaa veroja.<\/p>\n\n\n\n<p>&nbsp;<\/p>\n\n\n\n<p>Sama atomistinen individualismi ja uskomus, ett\u00e4 muiden on maksettava yhteiskunta jossa min\u00e4 el\u00e4n, leimaa my\u00f6s monia pienituloisia ja julkisen rahan el\u00e4tt\u00e4mi\u00e4 henkil\u00f6it\u00e4.<\/p>\n\n\n\n<p>Kun Suomessa yritettiin k\u00e4ynnist\u00e4\u00e4 keskustelua vastikkeellisesta sosiaaliturvasta, ehdotus sai <a href=\"http:\/\/www.vasemmisto.fi\/tiedotteet\/tiedotteet-2013\/vastikkeellinen-sosiaaliturva-ei-saa-johtaa-pakkotyomarkkinoihin\/\">ankaran tuomion<\/a> monilta vasemmalle kallellaan olevilta kommentoijilta. Sen pel\u00e4ttiin johtavan palkattomaan pakkoty\u00f6h\u00f6n. Ajatus, joka olisi voinut rohkaista ty\u00f6tt\u00f6mi\u00e4 aktiivisuuteen ja osallistumaan yhteiskuntamme rakentamiseen, verkostoitumiseen ja taitojen yll\u00e4pitoon, oli liikaa. Velvollisuudet kulkivat ainoastaan yhteen suuntaan: yhteiskunnalta yksil\u00f6lle.<\/p>\n\n\n\n<p>Samaa asennetta l\u00f6ytyy my\u00f6s tikapuiden yl\u00e4p\u00e4\u00e4st\u00e4. Jotkut suomalaisesta koulutuksen, ensiluokkaisen infrastruktuurin, yritystukien ja muun yhteiskunnallisen panostuksen avulla vauraiksi tulleet suomalaiset siirt\u00e4v\u00e4t omaisuuttaan Suomen verottajan ulottumattomiin ja muistavat valittaa kokemansa sorron m\u00e4\u00e4r\u00e4\u00e4 Helsinki-Vantaan lentokent\u00e4n premium loungessa.<\/p>\n\n\n\n<p>&nbsp;<\/p>\n\n\n\n<p>Uusi itsekkyys on vakava ongelma, joka nakertaa yhteiskuntasopimustamme v\u00e4hint\u00e4\u00e4n yht\u00e4 tehokkaasti kuin talouden nopea sukellus.<\/p>\n\n\n\n<p>En kannata paluuta suopeiden patruunien ja Pentinkulman ty\u00f6v\u00e4entalon keskin\u00e4isen avun ja sivistysty\u00f6n aikakauteen, mutta ehk\u00e4 niiden edustamien asenteiden parhaita puolia olisi syyt\u00e4 arvioida uudelleen, katsoa mik\u00e4 saattaisi toimia 21. vuosisadalla.<\/p>\n\n\n\n<p>Ellemme l\u00f6yd\u00e4 uutta yhteis\u00f6llisyytt\u00e4, Trump-ilmi\u00f6 voi rantautua my\u00f6s Suomeen. Nopeammin kuin moni osaa edes arvatakaan.<\/p>\n\n\n\n<p>&nbsp;<\/p>\n\n\n\n<p><em>Soundtrack: Joe Walsh, Life\u2019s Been Good:<\/em><\/p>\n\n\n<p><iframe loading=\"lazy\" width=\"472\" height=\"354\" src=\"https:\/\/www.youtube.com\/embed\/BXWvKDSwvls?feature=oembed\" frameborder=\"0\" allowfullscreen><\/iframe><\/p>\n","protected":false},"excerpt":{"rendered":"<p>Media, politiikan tutkijat, sosiaalipsykologit, muut kiinnostuneet ammattilaiset ja harrastajat ovat pohtineet Donald Trump -ilmi\u00f6n syit\u00e4 perusteellisesti kampanjan alusta l\u00e4htien. Sadat esseet, kyselyt ja mielipidekirjoitukset ovat listanneet yleiset motiivit: ty\u00f6v\u00e4enluokan ahdinko,<br \/>\nj\u00e4lk&hellip;<\/p>\n","protected":false},"author":158,"featured_media":0,"comment_status":"open","ping_status":"open","sticky":false,"template":"","format":"standard","meta":{"_acf_changed":false,"asauth_required_access_level":3,"asauth_cansharepaid":"true","om_header_attributes":[],"footnotes":"","om_featured_image_focal_point":[],"om_primary_tag":0,"om_contributors":[],"om_co_authors":[],"beyondwords_generate_audio":"","beyondwords_project_id":"","beyondwords_content_id":"","beyondwords_preview_token":"","beyondwords_player_content":"","beyondwords_player_style":"","beyondwords_language_code":"","beyondwords_language_id":"","beyondwords_title_voice_id":"","beyondwords_body_voice_id":"","beyondwords_summary_voice_id":"","beyondwords_error_message":"","beyondwords_disabled":"","beyondwords_delete_content":"","beyondwords_podcast_id":"","beyondwords_hash":"","publish_post_to_speechkit":"","speechkit_hash":"","speechkit_generate_audio":"","speechkit_project_id":"","speechkit_podcast_id":"","speechkit_error_message":"","speechkit_disabled":"","speechkit_access_key":"","speechkit_error":"","speechkit_info":"","speechkit_response":"","speechkit_retries":"","speechkit_status":"","speechkit_updated_at":"","_speechkit_link":"","_speechkit_text":""},"categories":[1],"tags":[523,586,1850,1849,145,778],"class_list":["post-3002","post","type-post","status-publish","format-standard","hentry","category-americana","tag-ayn-rand","tag-donald-trump","tag-individualismi","tag-itsekkyys","tag-suomi","tag-yhteiskunta"],"om_views":null,"acf":{"tuuma_off":false,"tuuma_kysymys":"","tuuma_vastaus":""},"asauth":{"required_access_level":1,"share_token":"","is_paid":false},"yoast_head":"<!-- This site is optimized with the Yoast SEO plugin v26.4 - https:\/\/yoast.com\/wordpress\/plugins\/seo\/ -->\n<title>Trump-ilmi\u00f6 voi tapahtua my\u00f6s Suomessa - Americana<\/title>\n<meta name=\"robots\" content=\"noindex, follow\" \/>\n<meta property=\"og:locale\" content=\"fi_FI\" \/>\n<meta property=\"og:type\" content=\"article\" \/>\n<meta property=\"og:title\" content=\"Trump-ilmi\u00f6 voi tapahtua my\u00f6s Suomessa - Americana\" \/>\n<meta property=\"og:description\" content=\"Media, politiikan tutkijat, sosiaalipsykologit, muut kiinnostuneet ammattilaiset ja harrastajat ovat pohtineet Donald Trump -ilmi\u00f6n syit\u00e4 perusteellisesti kampanjan alusta l\u00e4htien. Sadat esseet, kyselyt ja mielipidekirjoitukset ovat listanneet yleiset motiivit: ty\u00f6v\u00e4enluokan ahdinko, j\u00e4lk&hellip;\" \/>\n<meta property=\"og:url\" content=\"https:\/\/suomenkuvalehti.fi\/americana\/trump-ilmio-voi-tapahtua-myos-suomessa\/\" \/>\n<meta property=\"og:site_name\" content=\"Americana\" \/>\n<meta property=\"article:published_time\" content=\"2016-10-08T09:19:36+00:00\" \/>\n<meta property=\"og:image\" content=\"https:\/\/suomenkuvalehti.fi\/americana\/wp-content\/uploads\/sites\/10\/2022\/04\/americana_maunula-scaled.jpg\" \/>\n\t<meta property=\"og:image:width\" content=\"2560\" \/>\n\t<meta property=\"og:image:height\" content=\"1706\" \/>\n\t<meta property=\"og:image:type\" content=\"image\/jpeg\" \/>\n<meta name=\"author\" content=\"Marko Maunula\" \/>\n<meta name=\"twitter:card\" content=\"summary_large_image\" \/>\n<meta name=\"twitter:label1\" content=\"Written by\" \/>\n\t<meta name=\"twitter:data1\" content=\"Marko Maunula\" \/>\n\t<meta name=\"twitter:label2\" content=\"Est. reading time\" \/>\n\t<meta name=\"twitter:data2\" content=\"3 minuuttia\" \/>\n<script type=\"application\/ld+json\" class=\"yoast-schema-graph\">{\"@context\":\"https:\/\/schema.org\",\"@graph\":[{\"@type\":\"WebPage\",\"@id\":\"https:\/\/suomenkuvalehti.fi\/americana\/trump-ilmio-voi-tapahtua-myos-suomessa\/\",\"url\":\"https:\/\/suomenkuvalehti.fi\/americana\/trump-ilmio-voi-tapahtua-myos-suomessa\/\",\"name\":\"Trump-ilmi\u00f6 voi tapahtua my\u00f6s Suomessa - Americana\",\"isPartOf\":{\"@id\":\"https:\/\/suomenkuvalehti.fi\/americana\/#website\"},\"datePublished\":\"2016-10-08T09:19:36+00:00\",\"author\":{\"@id\":\"https:\/\/suomenkuvalehti.fi\/americana\/#\/schema\/person\/12d514491cb37506bc39c8e10176c3ec\"},\"breadcrumb\":{\"@id\":\"https:\/\/suomenkuvalehti.fi\/americana\/trump-ilmio-voi-tapahtua-myos-suomessa\/#breadcrumb\"},\"inLanguage\":\"fi\",\"potentialAction\":[{\"@type\":\"ReadAction\",\"target\":[\"https:\/\/suomenkuvalehti.fi\/americana\/trump-ilmio-voi-tapahtua-myos-suomessa\/\"]}]},{\"@type\":\"BreadcrumbList\",\"@id\":\"https:\/\/suomenkuvalehti.fi\/americana\/trump-ilmio-voi-tapahtua-myos-suomessa\/#breadcrumb\",\"itemListElement\":[{\"@type\":\"ListItem\",\"position\":1,\"name\":\"Home\",\"item\":\"https:\/\/suomenkuvalehti.fi\/americana\/\"},{\"@type\":\"ListItem\",\"position\":2,\"name\":\"Trump-ilmi\u00f6 voi tapahtua my\u00f6s Suomessa\"}]},{\"@type\":\"WebSite\",\"@id\":\"https:\/\/suomenkuvalehti.fi\/americana\/#website\",\"url\":\"https:\/\/suomenkuvalehti.fi\/americana\/\",\"name\":\"Americana\",\"description\":\"Professori Marko Maunula seuraa USA:n politiikkaa ja populaarikulttuuria\",\"potentialAction\":[{\"@type\":\"SearchAction\",\"target\":{\"@type\":\"EntryPoint\",\"urlTemplate\":\"https:\/\/suomenkuvalehti.fi\/haku\/?q={search_term_string}\"},\"query-input\":{\"@type\":\"PropertyValueSpecification\",\"valueRequired\":true,\"valueName\":\"search_term_string\"}}],\"inLanguage\":\"fi\"},{\"@type\":\"Person\",\"@id\":\"https:\/\/suomenkuvalehti.fi\/americana\/#\/schema\/person\/12d514491cb37506bc39c8e10176c3ec\",\"name\":\"Marko Maunula\",\"image\":{\"@type\":\"ImageObject\",\"inLanguage\":\"fi\",\"@id\":\"https:\/\/suomenkuvalehti.fi\/americana\/#\/schema\/person\/image\/\",\"url\":\"https:\/\/suomenkuvalehti.fi\/americana\/wp-content\/uploads\/sites\/10\/2022\/04\/americana_maunula-150x150.jpg\",\"contentUrl\":\"https:\/\/suomenkuvalehti.fi\/americana\/wp-content\/uploads\/sites\/10\/2022\/04\/americana_maunula-150x150.jpg\",\"caption\":\"Marko Maunula\"},\"description\":\"Kirjoittaja on Yhdysvaltain historian professori Atlantassa.\"}]}<\/script>\n<!-- \/ Yoast SEO plugin. -->","yoast_head_json":{"title":"Trump-ilmi\u00f6 voi tapahtua my\u00f6s Suomessa - Americana","robots":{"index":"noindex","follow":"follow"},"og_locale":"fi_FI","og_type":"article","og_title":"Trump-ilmi\u00f6 voi tapahtua my\u00f6s Suomessa - Americana","og_description":"Media, politiikan tutkijat, sosiaalipsykologit, muut kiinnostuneet ammattilaiset ja harrastajat ovat pohtineet Donald Trump -ilmi\u00f6n syit\u00e4 perusteellisesti kampanjan alusta l\u00e4htien. Sadat esseet, kyselyt ja mielipidekirjoitukset ovat listanneet yleiset motiivit: ty\u00f6v\u00e4enluokan ahdinko, j\u00e4lk&hellip;","og_url":"https:\/\/suomenkuvalehti.fi\/americana\/trump-ilmio-voi-tapahtua-myos-suomessa\/","og_site_name":"Americana","article_published_time":"2016-10-08T09:19:36+00:00","og_image":[{"width":2560,"height":1706,"url":"https:\/\/suomenkuvalehti.fi\/americana\/wp-content\/uploads\/sites\/10\/2022\/04\/americana_maunula-scaled.jpg","type":"image\/jpeg"}],"author":"Marko Maunula","twitter_card":"summary_large_image","twitter_misc":{"Written by":"Marko Maunula","Est. reading time":"3 minuuttia"},"schema":{"@context":"https:\/\/schema.org","@graph":[{"@type":"WebPage","@id":"https:\/\/suomenkuvalehti.fi\/americana\/trump-ilmio-voi-tapahtua-myos-suomessa\/","url":"https:\/\/suomenkuvalehti.fi\/americana\/trump-ilmio-voi-tapahtua-myos-suomessa\/","name":"Trump-ilmi\u00f6 voi tapahtua my\u00f6s Suomessa - Americana","isPartOf":{"@id":"https:\/\/suomenkuvalehti.fi\/americana\/#website"},"datePublished":"2016-10-08T09:19:36+00:00","author":{"@id":"https:\/\/suomenkuvalehti.fi\/americana\/#\/schema\/person\/12d514491cb37506bc39c8e10176c3ec"},"breadcrumb":{"@id":"https:\/\/suomenkuvalehti.fi\/americana\/trump-ilmio-voi-tapahtua-myos-suomessa\/#breadcrumb"},"inLanguage":"fi","potentialAction":[{"@type":"ReadAction","target":["https:\/\/suomenkuvalehti.fi\/americana\/trump-ilmio-voi-tapahtua-myos-suomessa\/"]}]},{"@type":"BreadcrumbList","@id":"https:\/\/suomenkuvalehti.fi\/americana\/trump-ilmio-voi-tapahtua-myos-suomessa\/#breadcrumb","itemListElement":[{"@type":"ListItem","position":1,"name":"Home","item":"https:\/\/suomenkuvalehti.fi\/americana\/"},{"@type":"ListItem","position":2,"name":"Trump-ilmi\u00f6 voi tapahtua my\u00f6s Suomessa"}]},{"@type":"WebSite","@id":"https:\/\/suomenkuvalehti.fi\/americana\/#website","url":"https:\/\/suomenkuvalehti.fi\/americana\/","name":"Americana","description":"Professori Marko Maunula seuraa USA:n politiikkaa ja populaarikulttuuria","potentialAction":[{"@type":"SearchAction","target":{"@type":"EntryPoint","urlTemplate":"https:\/\/suomenkuvalehti.fi\/haku\/?q={search_term_string}"},"query-input":{"@type":"PropertyValueSpecification","valueRequired":true,"valueName":"search_term_string"}}],"inLanguage":"fi"},{"@type":"Person","@id":"https:\/\/suomenkuvalehti.fi\/americana\/#\/schema\/person\/12d514491cb37506bc39c8e10176c3ec","name":"Marko Maunula","image":{"@type":"ImageObject","inLanguage":"fi","@id":"https:\/\/suomenkuvalehti.fi\/americana\/#\/schema\/person\/image\/","url":"https:\/\/suomenkuvalehti.fi\/americana\/wp-content\/uploads\/sites\/10\/2022\/04\/americana_maunula-150x150.jpg","contentUrl":"https:\/\/suomenkuvalehti.fi\/americana\/wp-content\/uploads\/sites\/10\/2022\/04\/americana_maunula-150x150.jpg","caption":"Marko Maunula"},"description":"Kirjoittaja on Yhdysvaltain historian professori Atlantassa."}]}},"_links":{"self":[{"href":"https:\/\/suomenkuvalehti.fi\/americana\/wp-json\/wp\/v2\/posts\/3002","targetHints":{"allow":["GET"]}}],"collection":[{"href":"https:\/\/suomenkuvalehti.fi\/americana\/wp-json\/wp\/v2\/posts"}],"about":[{"href":"https:\/\/suomenkuvalehti.fi\/americana\/wp-json\/wp\/v2\/types\/post"}],"author":[{"embeddable":true,"href":"https:\/\/suomenkuvalehti.fi\/americana\/wp-json\/wp\/v2\/users\/158"}],"replies":[{"embeddable":true,"href":"https:\/\/suomenkuvalehti.fi\/americana\/wp-json\/wp\/v2\/comments?post=3002"}],"version-history":[{"count":5,"href":"https:\/\/suomenkuvalehti.fi\/americana\/wp-json\/wp\/v2\/posts\/3002\/revisions"}],"predecessor-version":[{"id":3009,"href":"https:\/\/suomenkuvalehti.fi\/americana\/wp-json\/wp\/v2\/posts\/3002\/revisions\/3009"}],"wp:attachment":[{"href":"https:\/\/suomenkuvalehti.fi\/americana\/wp-json\/wp\/v2\/media?parent=3002"}],"wp:term":[{"taxonomy":"category","embeddable":true,"href":"https:\/\/suomenkuvalehti.fi\/americana\/wp-json\/wp\/v2\/categories?post=3002"},{"taxonomy":"post_tag","embeddable":true,"href":"https:\/\/suomenkuvalehti.fi\/americana\/wp-json\/wp\/v2\/tags?post=3002"}],"curies":[{"name":"wp","href":"https:\/\/api.w.org\/{rel}","templated":true}]}}