{"id":299,"date":"2012-07-16T11:19:07","date_gmt":"2012-07-16T08:19:07","guid":{"rendered":"https:\/\/suomenkuvalehti.fi\/americana\/kenesta-romneyn-varapresidentti-kokelas-vol-1\/"},"modified":"2013-11-30T16:22:04","modified_gmt":"2013-11-30T14:22:04","slug":"kenesta-romneyn-varapresidentti-kokelas-vol-1","status":"publish","type":"post","link":"https:\/\/suomenkuvalehti.fi\/americana\/kenesta-romneyn-varapresidentti-kokelas-vol-1\/","title":{"rendered":"Kenest\u00e4 Romneyn varapresidentti-kokelas, vol. 1"},"content":{"rendered":"\n<p>Kes\u00e4n edetess\u00e4 vp-spekulaatiot kiihtyv\u00e4t amerikkalaisessa mediassa. Varteenotettavia ehdokkaita on edelleen kymmenkunta, ja mustat hevoset sen p\u00e4\u00e4lle.<\/p>\n\n\n\n<p>Viime vaalien <strong>Sarah Palin<\/strong> -fiasko oli varoittava esimerkki republikaaneille. <strong>John McCainin<\/strong> kampanja ei seulonut Palinin taustaa tai edes varmistanut h\u00e4nen yleistietojaan tai amerikkalaisen historian ja politiikan tuntemusta. Palin n\u00e4ytti alkusuoralla kiinnostavalta ja raikkaan edustavalta ehdokkaalta, mutta loppusuoralla h\u00e4nest\u00e4 kehittyi vitsi ja riippakivi sek\u00e4 kampanjalle ett\u00e4 koko Republikaaniselle puolueelle.<\/p>\n\n\n\n<p><strong>Mitt Romneyn<\/strong>&nbsp;joukkue ei sorru samaan virheeseen. On vuorenvarmaa, ett\u00e4 t\u00e4m\u00e4n vuoden republikaaninen vp-kokelas on huolellisesti syyn\u00e4tty ja puunattu kandidaatti, jonka taustasta ei paljastu yll\u00e4tyksi\u00e4 kesken kisan.<\/p>\n\n\n\n<p>Ihanteellinen vp-ehdokas on kokenut ja taitava politiikko, joka kompensoi presidenttiehdokkaan persoonaa ja taipumuksia (spontaani <strong>George W. Bush<\/strong> ja kylm\u00e4n analyyttinen <strong>Dick Cheney<\/strong>; viile\u00e4n herraskainen <strong>Barack Obama<\/strong> ja kansanmies <strong>Joe Biden<\/strong>; l\u00e4mmin ja hymyilev\u00e4 suurten linjojen <strong>Ronald Reagan<\/strong> ja tarkka teknokraatti <strong>George H. W. Bush<\/strong>). VP-ehdokkaan ei saa olla niin karismaattinen, ett\u00e4 h\u00e4n vie valokeilan kampanjan t\u00e4htiesiintyj\u00e4lt\u00e4. Hyv\u00e4 ehdokas tulee my\u00f6s ns. taisteluosavaltiosta, ja ihanteellisessa tapauksessa h\u00e4n vetoaa my\u00f6s naisiin ja\/tai v\u00e4hemmist\u00f6ihin.<\/p>\n\n\n\n<p>T\u00e4ll\u00e4 hetkell\u00e4 paikka Romneyn kakkosmiehen\u00e4 on viel\u00e4 n\u00e4hd\u00e4ksemme auki. T\u00e4m\u00e4 blogi syyn\u00e4\u00e4 eturivin ehdokkaat.<\/p>\n\n\n\n<p><strong>Marco Rubio<br><\/strong>Plussaa: Rubio on nuori, karismaattinen ja poliittisesti kiistattoman lahjakas. H\u00e4n edustaa my\u00f6s Floridaa, ja voisi siten auttaa Romneyta kaappaamaan t\u00e4rke\u00e4n taisteluosavaltion. Rubio on latino, ja republikaanit eiv\u00e4t voi voittaa vaaleja ilman, ett\u00e4 he parantavat saumojaan latino-\u00e4\u00e4nest\u00e4jien parissa.<\/p>\n\n\n\n<p>Miinusta: Rubio on liian nuori ja liian kokematon. H\u00e4n on my\u00f6s liian karismaattinen ja komea, vieden valokeilaa Romneylta. Rubio on etnisesti kuubalainen, eli h\u00e4n ei v\u00e4ltt\u00e4m\u00e4tt\u00e4 vetoaisi meksikolais-amerikkalaisiin tai v\u00e4liamerikkalaisiin \u00e4\u00e4nest\u00e4jiin. Rubion <a href=\"http:\/\/religion.blogs.cnn.com\/2012\/02\/23\/sen-marco-rubios-religious-journey-catholic-to-mormon-to-catholic-to-baptist-and-catholic\/\">uskonnollinen tausta on my\u00f6s h\u00e4ilyv\u00e4<\/a>: mies on ollut el\u00e4m\u00e4ns\u00e4 aikana katolinen, mormoni, ja evankelistinen protestantti. T\u00e4m\u00e4 avaisi kampanjan vitseille tuuliviirien tempoilusta.<\/p>\n\n\n\n<p><strong>Rob Portman<br><\/strong>Plussaa: Senaattori on erinomainen talousmies, pidett\u00e4v\u00e4 kaveri, ja h\u00e4n edustaa republikaaneille elint\u00e4rke\u00e4\u00e4 Ohion osavaltiota: yksik\u00e4\u00e4n republikaani ei ole voittanut Valkoista taloa ilman voittoa Ohiossa. Portman on my\u00f6s ehdottoman p\u00e4tev\u00e4 ja kokenut politiikko, joka pystyisi pahimman tapahtuessa astumaan presidentiksi v\u00e4litt\u00f6m\u00e4sti.<\/p>\n\n\n\n<p>Miinusta: Portman on laimea ja melko v\u00e4rit\u00f6n politiikko. Romney ja Portman -duo olisi yht\u00e4 sytytt\u00e4v\u00e4 kuin vakuutusseminaarin alustaja. Romney tarvitsee jonkun, joka vetoaa naisiin ja\/tai v\u00e4hemmist\u00f6ihin.<\/p>\n\n\n\n<p><strong>Condi Rice<br><\/strong>Plussaa: Romneyn kampanjalla on ollut suuria vaikeuksia naisten, v\u00e4hemmist\u00f6jen, ja vannoutuneiden konservatiivien parissa. Condi Rice voisi parantaa Romneyn saumoja jokaisen ryhm\u00e4n kanssa. Entinen ulkoministeri ja akateemikko on vahva ulkopolitiikassa.<\/p>\n\n\n\n<p>Miinusta: Irakin sota, kidutus, George W. Bushin hallinto&#8230; Rice olisi \u00e4\u00e4rimm\u00e4isen polarisoiva ehdokas. H\u00e4n on aborttioikeuden kannattaja, ja t\u00e4m\u00e4 saattaisi miellytt\u00e4\u00e4 nais\u00e4\u00e4nest\u00e4ji\u00e4, mutta Rice ei parantaisi p\u00e4tk\u00e4\u00e4k\u00e4\u00e4n republikaanien saumoja afroamerikkalaisten parissa. Klassikkosketsi <a href=\"http:\/\/www.comedycentral.com\/video-clips\/b224ei\/chappelle-s-show-the-racial-draft\">muistuttaa asiasta erinomaisesti<\/a>.<\/p>\n\n\n\n<p>Jatkuu seuraavassa blogissa.<\/p>\n\n\n\n<p><em>Soundtrack: Three Dog Night, One Is the Loneliest Number.<\/em><\/p>\n\n\n","protected":false},"excerpt":{"rendered":"<p>Kes\u00e4n edetess\u00e4 vp-spekulaatiot kiihtyv\u00e4t amerikkalaisessa mediassa. Varteenotettavia ehdokkaita on edelleen kymmenkunta, ja mustat hevoset sen p\u00e4\u00e4lle. Viime vaalien Sarah Palin -fiasko oli varoittava esimerkki republikaaneille. John McCainin kampanja ei seulonut Palinin taustaa<br \/>\ntai &hellip;<\/p>\n","protected":false},"author":158,"featured_media":0,"comment_status":"open","ping_status":"open","sticky":false,"template":"","format":"standard","meta":{"_acf_changed":false,"asauth_required_access_level":0,"asauth_cansharepaid":"","om_header_attributes":[],"footnotes":"","om_featured_image_focal_point":[],"om_primary_tag":0,"om_contributors":[],"om_co_authors":[],"beyondwords_generate_audio":"","beyondwords_project_id":"","beyondwords_content_id":"","beyondwords_preview_token":"","beyondwords_player_content":"","beyondwords_player_style":"","beyondwords_language_code":"","beyondwords_language_id":"","beyondwords_title_voice_id":"","beyondwords_body_voice_id":"","beyondwords_summary_voice_id":"","beyondwords_error_message":"","beyondwords_disabled":"","beyondwords_delete_content":"","beyondwords_podcast_id":"","beyondwords_hash":"","publish_post_to_speechkit":"","speechkit_hash":"","speechkit_generate_audio":"","speechkit_project_id":"","speechkit_podcast_id":"","speechkit_error_message":"","speechkit_disabled":"","speechkit_access_key":"","speechkit_error":"","speechkit_info":"","speechkit_response":"","speechkit_retries":"","speechkit_status":"","speechkit_updated_at":"","_speechkit_link":"","_speechkit_text":""},"categories":[1],"tags":[357,549,314,430,460,30,548,474,24],"class_list":["post-299","post","type-post","status-publish","format-standard","hentry","category-americana","tag-357","tag-condi-rice","tag-marco-rubio","tag-mitt-romney","tag-presidentinvaalit","tag-republikaanit","tag-rob-portman","tag-varapresidentti","tag-yhdysvallat"],"om_views":null,"acf":{"tuuma_off":false,"tuuma_kysymys":"","tuuma_vastaus":""},"asauth":{"required_access_level":1,"share_token":"","is_paid":false},"yoast_head":"<!-- This site is optimized with the Yoast SEO plugin v26.4 - https:\/\/yoast.com\/wordpress\/plugins\/seo\/ -->\n<title>Kenest\u00e4 Romneyn varapresidentti-kokelas, vol. 1 - Americana<\/title>\n<meta name=\"robots\" content=\"noindex, follow\" \/>\n<meta property=\"og:locale\" content=\"fi_FI\" \/>\n<meta property=\"og:type\" content=\"article\" \/>\n<meta property=\"og:title\" content=\"Kenest\u00e4 Romneyn varapresidentti-kokelas, vol. 1 - Americana\" \/>\n<meta property=\"og:description\" content=\"Kes\u00e4n edetess\u00e4 vp-spekulaatiot kiihtyv\u00e4t amerikkalaisessa mediassa. Varteenotettavia ehdokkaita on edelleen kymmenkunta, ja mustat hevoset sen p\u00e4\u00e4lle. Viime vaalien Sarah Palin -fiasko oli varoittava esimerkki republikaaneille. John McCainin kampanja ei seulonut Palinin taustaa tai &hellip;\" \/>\n<meta property=\"og:url\" content=\"https:\/\/suomenkuvalehti.fi\/americana\/kenesta-romneyn-varapresidentti-kokelas-vol-1\/\" \/>\n<meta property=\"og:site_name\" content=\"Americana\" \/>\n<meta property=\"article:published_time\" content=\"2012-07-16T08:19:07+00:00\" \/>\n<meta property=\"article:modified_time\" content=\"2013-11-30T14:22:04+00:00\" \/>\n<meta property=\"og:image\" content=\"https:\/\/suomenkuvalehti.fi\/americana\/wp-content\/uploads\/sites\/10\/2022\/04\/americana_maunula-scaled.jpg\" \/>\n\t<meta property=\"og:image:width\" content=\"2560\" \/>\n\t<meta property=\"og:image:height\" content=\"1706\" \/>\n\t<meta property=\"og:image:type\" content=\"image\/jpeg\" \/>\n<meta name=\"author\" content=\"Marko Maunula\" \/>\n<meta name=\"twitter:card\" content=\"summary_large_image\" \/>\n<meta name=\"twitter:label1\" content=\"Written by\" \/>\n\t<meta name=\"twitter:data1\" content=\"Marko Maunula\" \/>\n\t<meta name=\"twitter:label2\" content=\"Est. reading time\" \/>\n\t<meta name=\"twitter:data2\" content=\"2 minuuttia\" \/>\n<script type=\"application\/ld+json\" class=\"yoast-schema-graph\">{\"@context\":\"https:\/\/schema.org\",\"@graph\":[{\"@type\":\"WebPage\",\"@id\":\"https:\/\/suomenkuvalehti.fi\/americana\/kenesta-romneyn-varapresidentti-kokelas-vol-1\/\",\"url\":\"https:\/\/suomenkuvalehti.fi\/americana\/kenesta-romneyn-varapresidentti-kokelas-vol-1\/\",\"name\":\"Kenest\u00e4 Romneyn varapresidentti-kokelas, vol. 1 - Americana\",\"isPartOf\":{\"@id\":\"https:\/\/suomenkuvalehti.fi\/americana\/#website\"},\"datePublished\":\"2012-07-16T08:19:07+00:00\",\"dateModified\":\"2013-11-30T14:22:04+00:00\",\"author\":{\"@id\":\"https:\/\/suomenkuvalehti.fi\/americana\/#\/schema\/person\/12d514491cb37506bc39c8e10176c3ec\"},\"breadcrumb\":{\"@id\":\"https:\/\/suomenkuvalehti.fi\/americana\/kenesta-romneyn-varapresidentti-kokelas-vol-1\/#breadcrumb\"},\"inLanguage\":\"fi\",\"potentialAction\":[{\"@type\":\"ReadAction\",\"target\":[\"https:\/\/suomenkuvalehti.fi\/americana\/kenesta-romneyn-varapresidentti-kokelas-vol-1\/\"]}]},{\"@type\":\"BreadcrumbList\",\"@id\":\"https:\/\/suomenkuvalehti.fi\/americana\/kenesta-romneyn-varapresidentti-kokelas-vol-1\/#breadcrumb\",\"itemListElement\":[{\"@type\":\"ListItem\",\"position\":1,\"name\":\"Home\",\"item\":\"https:\/\/suomenkuvalehti.fi\/americana\/\"},{\"@type\":\"ListItem\",\"position\":2,\"name\":\"Kenest\u00e4 Romneyn varapresidentti-kokelas, vol. 1\"}]},{\"@type\":\"WebSite\",\"@id\":\"https:\/\/suomenkuvalehti.fi\/americana\/#website\",\"url\":\"https:\/\/suomenkuvalehti.fi\/americana\/\",\"name\":\"Americana\",\"description\":\"Professori Marko Maunula seuraa USA:n politiikkaa ja populaarikulttuuria\",\"potentialAction\":[{\"@type\":\"SearchAction\",\"target\":{\"@type\":\"EntryPoint\",\"urlTemplate\":\"https:\/\/suomenkuvalehti.fi\/haku\/?q={search_term_string}\"},\"query-input\":{\"@type\":\"PropertyValueSpecification\",\"valueRequired\":true,\"valueName\":\"search_term_string\"}}],\"inLanguage\":\"fi\"},{\"@type\":\"Person\",\"@id\":\"https:\/\/suomenkuvalehti.fi\/americana\/#\/schema\/person\/12d514491cb37506bc39c8e10176c3ec\",\"name\":\"Marko Maunula\",\"image\":{\"@type\":\"ImageObject\",\"inLanguage\":\"fi\",\"@id\":\"https:\/\/suomenkuvalehti.fi\/americana\/#\/schema\/person\/image\/\",\"url\":\"https:\/\/suomenkuvalehti.fi\/americana\/wp-content\/uploads\/sites\/10\/2022\/04\/americana_maunula-150x150.jpg\",\"contentUrl\":\"https:\/\/suomenkuvalehti.fi\/americana\/wp-content\/uploads\/sites\/10\/2022\/04\/americana_maunula-150x150.jpg\",\"caption\":\"Marko Maunula\"},\"description\":\"Kirjoittaja on Yhdysvaltain historian professori Atlantassa.\"}]}<\/script>\n<!-- \/ Yoast SEO plugin. -->","yoast_head_json":{"title":"Kenest\u00e4 Romneyn varapresidentti-kokelas, vol. 1 - Americana","robots":{"index":"noindex","follow":"follow"},"og_locale":"fi_FI","og_type":"article","og_title":"Kenest\u00e4 Romneyn varapresidentti-kokelas, vol. 1 - Americana","og_description":"Kes\u00e4n edetess\u00e4 vp-spekulaatiot kiihtyv\u00e4t amerikkalaisessa mediassa. Varteenotettavia ehdokkaita on edelleen kymmenkunta, ja mustat hevoset sen p\u00e4\u00e4lle. Viime vaalien Sarah Palin -fiasko oli varoittava esimerkki republikaaneille. John McCainin kampanja ei seulonut Palinin taustaa tai &hellip;","og_url":"https:\/\/suomenkuvalehti.fi\/americana\/kenesta-romneyn-varapresidentti-kokelas-vol-1\/","og_site_name":"Americana","article_published_time":"2012-07-16T08:19:07+00:00","article_modified_time":"2013-11-30T14:22:04+00:00","og_image":[{"width":2560,"height":1706,"url":"https:\/\/suomenkuvalehti.fi\/americana\/wp-content\/uploads\/sites\/10\/2022\/04\/americana_maunula-scaled.jpg","type":"image\/jpeg"}],"author":"Marko Maunula","twitter_card":"summary_large_image","twitter_misc":{"Written by":"Marko Maunula","Est. reading time":"2 minuuttia"},"schema":{"@context":"https:\/\/schema.org","@graph":[{"@type":"WebPage","@id":"https:\/\/suomenkuvalehti.fi\/americana\/kenesta-romneyn-varapresidentti-kokelas-vol-1\/","url":"https:\/\/suomenkuvalehti.fi\/americana\/kenesta-romneyn-varapresidentti-kokelas-vol-1\/","name":"Kenest\u00e4 Romneyn varapresidentti-kokelas, vol. 1 - Americana","isPartOf":{"@id":"https:\/\/suomenkuvalehti.fi\/americana\/#website"},"datePublished":"2012-07-16T08:19:07+00:00","dateModified":"2013-11-30T14:22:04+00:00","author":{"@id":"https:\/\/suomenkuvalehti.fi\/americana\/#\/schema\/person\/12d514491cb37506bc39c8e10176c3ec"},"breadcrumb":{"@id":"https:\/\/suomenkuvalehti.fi\/americana\/kenesta-romneyn-varapresidentti-kokelas-vol-1\/#breadcrumb"},"inLanguage":"fi","potentialAction":[{"@type":"ReadAction","target":["https:\/\/suomenkuvalehti.fi\/americana\/kenesta-romneyn-varapresidentti-kokelas-vol-1\/"]}]},{"@type":"BreadcrumbList","@id":"https:\/\/suomenkuvalehti.fi\/americana\/kenesta-romneyn-varapresidentti-kokelas-vol-1\/#breadcrumb","itemListElement":[{"@type":"ListItem","position":1,"name":"Home","item":"https:\/\/suomenkuvalehti.fi\/americana\/"},{"@type":"ListItem","position":2,"name":"Kenest\u00e4 Romneyn varapresidentti-kokelas, vol. 1"}]},{"@type":"WebSite","@id":"https:\/\/suomenkuvalehti.fi\/americana\/#website","url":"https:\/\/suomenkuvalehti.fi\/americana\/","name":"Americana","description":"Professori Marko Maunula seuraa USA:n politiikkaa ja populaarikulttuuria","potentialAction":[{"@type":"SearchAction","target":{"@type":"EntryPoint","urlTemplate":"https:\/\/suomenkuvalehti.fi\/haku\/?q={search_term_string}"},"query-input":{"@type":"PropertyValueSpecification","valueRequired":true,"valueName":"search_term_string"}}],"inLanguage":"fi"},{"@type":"Person","@id":"https:\/\/suomenkuvalehti.fi\/americana\/#\/schema\/person\/12d514491cb37506bc39c8e10176c3ec","name":"Marko Maunula","image":{"@type":"ImageObject","inLanguage":"fi","@id":"https:\/\/suomenkuvalehti.fi\/americana\/#\/schema\/person\/image\/","url":"https:\/\/suomenkuvalehti.fi\/americana\/wp-content\/uploads\/sites\/10\/2022\/04\/americana_maunula-150x150.jpg","contentUrl":"https:\/\/suomenkuvalehti.fi\/americana\/wp-content\/uploads\/sites\/10\/2022\/04\/americana_maunula-150x150.jpg","caption":"Marko Maunula"},"description":"Kirjoittaja on Yhdysvaltain historian professori Atlantassa."}]}},"_links":{"self":[{"href":"https:\/\/suomenkuvalehti.fi\/americana\/wp-json\/wp\/v2\/posts\/299","targetHints":{"allow":["GET"]}}],"collection":[{"href":"https:\/\/suomenkuvalehti.fi\/americana\/wp-json\/wp\/v2\/posts"}],"about":[{"href":"https:\/\/suomenkuvalehti.fi\/americana\/wp-json\/wp\/v2\/types\/post"}],"author":[{"embeddable":true,"href":"https:\/\/suomenkuvalehti.fi\/americana\/wp-json\/wp\/v2\/users\/158"}],"replies":[{"embeddable":true,"href":"https:\/\/suomenkuvalehti.fi\/americana\/wp-json\/wp\/v2\/comments?post=299"}],"version-history":[{"count":1,"href":"https:\/\/suomenkuvalehti.fi\/americana\/wp-json\/wp\/v2\/posts\/299\/revisions"}],"predecessor-version":[{"id":916,"href":"https:\/\/suomenkuvalehti.fi\/americana\/wp-json\/wp\/v2\/posts\/299\/revisions\/916"}],"wp:attachment":[{"href":"https:\/\/suomenkuvalehti.fi\/americana\/wp-json\/wp\/v2\/media?parent=299"}],"wp:term":[{"taxonomy":"category","embeddable":true,"href":"https:\/\/suomenkuvalehti.fi\/americana\/wp-json\/wp\/v2\/categories?post=299"},{"taxonomy":"post_tag","embeddable":true,"href":"https:\/\/suomenkuvalehti.fi\/americana\/wp-json\/wp\/v2\/tags?post=299"}],"curies":[{"name":"wp","href":"https:\/\/api.w.org\/{rel}","templated":true}]}}