{"id":2975,"date":"2016-09-12T16:27:06","date_gmt":"2016-09-12T13:27:06","guid":{"rendered":"https:\/\/suomenkuvalehti.fi\/americana\/?p=2975"},"modified":"2016-09-12T16:27:06","modified_gmt":"2016-09-12T13:27:06","slug":"hillary-ja-keuhkokuume-eiko-han-koskaan-opi","status":"publish","type":"post","link":"https:\/\/suomenkuvalehti.fi\/americana\/hillary-ja-keuhkokuume-eiko-han-koskaan-opi\/","title":{"rendered":"Hillary ja keuhkokuume: Eik\u00f6 h\u00e4n koskaan opi?"},"content":{"rendered":"\n<p><strong>Hillary Clintonin<\/strong> <a href=\"http:\/\/www.cnn.com\/2016\/09\/11\/politics\/hillary-clinton-health-2016-election\/index.html\" target=\"_blank\">keuhkokuume<\/a> on kampanjan t\u00e4h\u00e4nastisin vakavin ongelma.<\/p>\n\n\n\n<p>Ehdokkaan sairastuminen ei itsess\u00e4\u00e4n ole iso ongelma. Se luonnollisesti her\u00e4tt\u00e4\u00e4 kysymyksi\u00e4 ik\u00e4\u00e4ntyv\u00e4n kandidaatin terveydest\u00e4, mutta ihmiset sairastuvat ja \u00e4\u00e4nest\u00e4j\u00e4t ymm\u00e4rt\u00e4v\u00e4t sen.<\/p>\n\n\n\n<p>Clintonin ongelma on, ett\u00e4 viikonlopun sairastumistapaus sopii kielteiseen tarinaan h\u00e4nen persoonastaan ja kampanjastaan.<\/p>\n\n\n\n<p>Jo vuosikymmeni\u00e4 Hillaryn kriitikot niin demokraattien kuin republikaanienkin parissa ovat syytt\u00e4neet h\u00e4nt\u00e4 salailusta. Lakimies-Hillaryn vaistot ohjaavat h\u00e4nt\u00e4 ongelmatilanteissa salaamaan korttinsa ja sulkemaan suunsa.<\/p>\n\n\n\n<p>T\u00e4m\u00e4 on ymm\u00e4rrett\u00e4v\u00e4sti ruokkinut mielikuvaa Hillarysta ep\u00e4luotettavana salailijana. Kriisist\u00e4 toiseen Hillary on jatkanut samalla linjalla. H\u00e4n ei ole oppinut virheist\u00e4\u00e4n ja muuttanut linjaansa.<\/p>\n\n\n\n<p>&nbsp;<\/p>\n\n\n\n<p>Nyt paljastunut keuhkokuume on kuin mallikappale Hillaryn salailusta ja poliittisesta k\u00f6mpel\u00f6ydest\u00e4.<\/p>\n\n\n\n<p>Koko edellisen viikon Hillary satunnaisesti yski kameroiden edess\u00e4. Ysk\u00e4kohtaukset her\u00e4ttiv\u00e4t republikaaniset salaliittoteorioitsijat ja nostivat esiin uusia kysymyksi\u00e4 h\u00e4nen terveydentilastaan. <strong>Donald Trump<\/strong> on jo liki vuoden viitannut Hillaryn matalaan energiatasoon ja vihjaillut ehdokkaan olevan huonossa hapessa.<\/p>\n\n\n\n<p>Hillary sai perjantaina kuulla sairastavansa keuhkokuumetta. H\u00e4n ei paljastanut sairauttaan vaan jatkoi raskasta kampanjaansa entiseen tapaan. Sunnuntaina h\u00e4nen jalkansa pettiv\u00e4t keskell\u00e4 9\/11-muistotilaisuutta ja turvamiehet joutuivat auttaman ehdokkaan autoon kesken tapahtuman.<\/p>\n\n\n\n<p>Vaikka ehdokas tiesi sairastavansa keuhkokuumetta, Hillaryn tiimi sanoi h\u00e4nen ainoastaan poteneen heikotusta ja nestehukkaa loppukes\u00e4n l\u00e4mm\u00f6ss\u00e4. Tuntia my\u00f6hemmin hymyilev\u00e4 Hillary ilmestyi kameroiden eteen vakuuttamaan olevansa kunnossa. Vasta harkittuaan tilannetta huolellisesti h\u00e4nen kampanjansa julkaisi tarkan diagnoosin.<\/p>\n\n\n\n<p>Hillary olisi voinut antaa lausunnon perjantaina, jossa h\u00e4n olisi sanonut sairastavansa keuhkokuumetta sek\u00e4 ottavansa iisisti pari p\u00e4iv\u00e4\u00e4. T\u00e4m\u00e4 olisi ollut pikku-uutinen ja valtaosa kansakunnasta olisi toivottanut h\u00e4nelle pikaista paranemista.<\/p>\n\n\n\n<p>Mutta Hillary typer\u00e4sti seurasi taas vaistojaan. H\u00e4nen tiimins\u00e4, n\u00e4k\u00f6kulmasta riippuen, joko valehteli tai salaili Hillaryn terveystietoja sek\u00e4 antoi aiheesta harhaanjohtavan tiedotuksen. Nyt me taas keskustelemme Hillaryn pohjimmaisesta ep\u00e4rehellisyydest\u00e4 ja taipumuksesta salailuun.<\/p>\n\n\n\n<p>&nbsp;<\/p>\n\n\n\n<p><em>Soundtrack: Anna von Hausswolff, Track of Time:<\/em><\/p>\n\n\n<p><iframe loading=\"lazy\" width=\"630\" height=\"354\" src=\"https:\/\/www.youtube.com\/embed\/5tFWBw0-g1M?feature=oembed\" frameborder=\"0\" allowfullscreen><\/iframe><\/p>\n\n<p>&nbsp;<\/p>\n\n\n","protected":false},"excerpt":{"rendered":"<p>Hillary Clintonin keuhkokuume on kampanjan t\u00e4h\u00e4nastisin vakavin ongelma. Ehdokkaan sairastuminen ei itsess\u00e4\u00e4n ole iso ongelma. Se luonnollisesti her\u00e4tt\u00e4\u00e4 kysymyksi\u00e4 ik\u00e4\u00e4ntyv\u00e4n kandidaatin terveydest\u00e4, mutta ihmiset sairastuvat ja \u00e4\u00e4nest\u00e4j\u00e4t ymm\u00e4rt\u00e4v\u00e4t sen. Clintonin<br \/>\nongelma on, ett\u00e4 v&hellip;<\/p>\n","protected":false},"author":158,"featured_media":0,"comment_status":"open","ping_status":"open","sticky":false,"template":"","format":"standard","meta":{"_acf_changed":false,"asauth_required_access_level":3,"asauth_cansharepaid":"true","om_header_attributes":[],"footnotes":"","om_featured_image_focal_point":[],"om_primary_tag":0,"om_contributors":[],"om_co_authors":[],"beyondwords_generate_audio":"","beyondwords_project_id":"","beyondwords_content_id":"","beyondwords_preview_token":"","beyondwords_player_content":"","beyondwords_player_style":"","beyondwords_language_code":"","beyondwords_language_id":"","beyondwords_title_voice_id":"","beyondwords_body_voice_id":"","beyondwords_summary_voice_id":"","beyondwords_error_message":"","beyondwords_disabled":"","beyondwords_delete_content":"","beyondwords_podcast_id":"","beyondwords_hash":"","publish_post_to_speechkit":"","speechkit_hash":"","speechkit_generate_audio":"","speechkit_project_id":"","speechkit_podcast_id":"","speechkit_error_message":"","speechkit_disabled":"","speechkit_access_key":"","speechkit_error":"","speechkit_info":"","speechkit_response":"","speechkit_retries":"","speechkit_status":"","speechkit_updated_at":"","_speechkit_link":"","_speechkit_text":""},"categories":[1],"tags":[220,449,1845,1846,1700,24],"class_list":["post-2975","post","type-post","status-publish","format-standard","hentry","category-americana","tag-hillary-clinton","tag-kampanja","tag-keuhkokuume","tag-salailu","tag-vaalit-2016","tag-yhdysvallat"],"om_views":null,"acf":{"tuuma_off":false,"tuuma_kysymys":"","tuuma_vastaus":""},"asauth":{"required_access_level":1,"share_token":"","is_paid":false},"yoast_head":"<!-- This site is optimized with the Yoast SEO plugin v26.4 - https:\/\/yoast.com\/wordpress\/plugins\/seo\/ -->\n<title>Hillary ja keuhkokuume: Eik\u00f6 h\u00e4n koskaan opi? - Americana<\/title>\n<meta name=\"robots\" content=\"noindex, follow\" \/>\n<meta property=\"og:locale\" content=\"fi_FI\" \/>\n<meta property=\"og:type\" content=\"article\" \/>\n<meta property=\"og:title\" content=\"Hillary ja keuhkokuume: Eik\u00f6 h\u00e4n koskaan opi? - Americana\" \/>\n<meta property=\"og:description\" content=\"Hillary Clintonin keuhkokuume on kampanjan t\u00e4h\u00e4nastisin vakavin ongelma. Ehdokkaan sairastuminen ei itsess\u00e4\u00e4n ole iso ongelma. Se luonnollisesti her\u00e4tt\u00e4\u00e4 kysymyksi\u00e4 ik\u00e4\u00e4ntyv\u00e4n kandidaatin terveydest\u00e4, mutta ihmiset sairastuvat ja \u00e4\u00e4nest\u00e4j\u00e4t ymm\u00e4rt\u00e4v\u00e4t sen. Clintonin ongelma on, ett\u00e4 v&hellip;\" \/>\n<meta property=\"og:url\" content=\"https:\/\/suomenkuvalehti.fi\/americana\/hillary-ja-keuhkokuume-eiko-han-koskaan-opi\/\" \/>\n<meta property=\"og:site_name\" content=\"Americana\" \/>\n<meta property=\"article:published_time\" content=\"2016-09-12T13:27:06+00:00\" \/>\n<meta property=\"og:image\" content=\"https:\/\/suomenkuvalehti.fi\/americana\/wp-content\/uploads\/sites\/10\/2022\/04\/americana_maunula-scaled.jpg\" \/>\n\t<meta property=\"og:image:width\" content=\"2560\" \/>\n\t<meta property=\"og:image:height\" content=\"1706\" \/>\n\t<meta property=\"og:image:type\" content=\"image\/jpeg\" \/>\n<meta name=\"author\" content=\"Marko Maunula\" \/>\n<meta name=\"twitter:card\" content=\"summary_large_image\" \/>\n<meta name=\"twitter:label1\" content=\"Written by\" \/>\n\t<meta name=\"twitter:data1\" content=\"Marko Maunula\" \/>\n\t<meta name=\"twitter:label2\" content=\"Est. reading time\" \/>\n\t<meta name=\"twitter:data2\" content=\"2 minuuttia\" \/>\n<script type=\"application\/ld+json\" class=\"yoast-schema-graph\">{\"@context\":\"https:\/\/schema.org\",\"@graph\":[{\"@type\":\"WebPage\",\"@id\":\"https:\/\/suomenkuvalehti.fi\/americana\/hillary-ja-keuhkokuume-eiko-han-koskaan-opi\/\",\"url\":\"https:\/\/suomenkuvalehti.fi\/americana\/hillary-ja-keuhkokuume-eiko-han-koskaan-opi\/\",\"name\":\"Hillary ja keuhkokuume: Eik\u00f6 h\u00e4n koskaan opi? - Americana\",\"isPartOf\":{\"@id\":\"https:\/\/suomenkuvalehti.fi\/americana\/#website\"},\"datePublished\":\"2016-09-12T13:27:06+00:00\",\"author\":{\"@id\":\"https:\/\/suomenkuvalehti.fi\/americana\/#\/schema\/person\/12d514491cb37506bc39c8e10176c3ec\"},\"breadcrumb\":{\"@id\":\"https:\/\/suomenkuvalehti.fi\/americana\/hillary-ja-keuhkokuume-eiko-han-koskaan-opi\/#breadcrumb\"},\"inLanguage\":\"fi\",\"potentialAction\":[{\"@type\":\"ReadAction\",\"target\":[\"https:\/\/suomenkuvalehti.fi\/americana\/hillary-ja-keuhkokuume-eiko-han-koskaan-opi\/\"]}]},{\"@type\":\"BreadcrumbList\",\"@id\":\"https:\/\/suomenkuvalehti.fi\/americana\/hillary-ja-keuhkokuume-eiko-han-koskaan-opi\/#breadcrumb\",\"itemListElement\":[{\"@type\":\"ListItem\",\"position\":1,\"name\":\"Home\",\"item\":\"https:\/\/suomenkuvalehti.fi\/americana\/\"},{\"@type\":\"ListItem\",\"position\":2,\"name\":\"Hillary ja keuhkokuume: Eik\u00f6 h\u00e4n koskaan opi?\"}]},{\"@type\":\"WebSite\",\"@id\":\"https:\/\/suomenkuvalehti.fi\/americana\/#website\",\"url\":\"https:\/\/suomenkuvalehti.fi\/americana\/\",\"name\":\"Americana\",\"description\":\"Professori Marko Maunula seuraa USA:n politiikkaa ja populaarikulttuuria\",\"potentialAction\":[{\"@type\":\"SearchAction\",\"target\":{\"@type\":\"EntryPoint\",\"urlTemplate\":\"https:\/\/suomenkuvalehti.fi\/haku\/?q={search_term_string}\"},\"query-input\":{\"@type\":\"PropertyValueSpecification\",\"valueRequired\":true,\"valueName\":\"search_term_string\"}}],\"inLanguage\":\"fi\"},{\"@type\":\"Person\",\"@id\":\"https:\/\/suomenkuvalehti.fi\/americana\/#\/schema\/person\/12d514491cb37506bc39c8e10176c3ec\",\"name\":\"Marko Maunula\",\"image\":{\"@type\":\"ImageObject\",\"inLanguage\":\"fi\",\"@id\":\"https:\/\/suomenkuvalehti.fi\/americana\/#\/schema\/person\/image\/\",\"url\":\"https:\/\/suomenkuvalehti.fi\/americana\/wp-content\/uploads\/sites\/10\/2022\/04\/americana_maunula-150x150.jpg\",\"contentUrl\":\"https:\/\/suomenkuvalehti.fi\/americana\/wp-content\/uploads\/sites\/10\/2022\/04\/americana_maunula-150x150.jpg\",\"caption\":\"Marko Maunula\"},\"description\":\"Kirjoittaja on Yhdysvaltain historian professori Atlantassa.\"}]}<\/script>\n<!-- \/ Yoast SEO plugin. -->","yoast_head_json":{"title":"Hillary ja keuhkokuume: Eik\u00f6 h\u00e4n koskaan opi? - Americana","robots":{"index":"noindex","follow":"follow"},"og_locale":"fi_FI","og_type":"article","og_title":"Hillary ja keuhkokuume: Eik\u00f6 h\u00e4n koskaan opi? - Americana","og_description":"Hillary Clintonin keuhkokuume on kampanjan t\u00e4h\u00e4nastisin vakavin ongelma. Ehdokkaan sairastuminen ei itsess\u00e4\u00e4n ole iso ongelma. Se luonnollisesti her\u00e4tt\u00e4\u00e4 kysymyksi\u00e4 ik\u00e4\u00e4ntyv\u00e4n kandidaatin terveydest\u00e4, mutta ihmiset sairastuvat ja \u00e4\u00e4nest\u00e4j\u00e4t ymm\u00e4rt\u00e4v\u00e4t sen. Clintonin ongelma on, ett\u00e4 v&hellip;","og_url":"https:\/\/suomenkuvalehti.fi\/americana\/hillary-ja-keuhkokuume-eiko-han-koskaan-opi\/","og_site_name":"Americana","article_published_time":"2016-09-12T13:27:06+00:00","og_image":[{"width":2560,"height":1706,"url":"https:\/\/suomenkuvalehti.fi\/americana\/wp-content\/uploads\/sites\/10\/2022\/04\/americana_maunula-scaled.jpg","type":"image\/jpeg"}],"author":"Marko Maunula","twitter_card":"summary_large_image","twitter_misc":{"Written by":"Marko Maunula","Est. reading time":"2 minuuttia"},"schema":{"@context":"https:\/\/schema.org","@graph":[{"@type":"WebPage","@id":"https:\/\/suomenkuvalehti.fi\/americana\/hillary-ja-keuhkokuume-eiko-han-koskaan-opi\/","url":"https:\/\/suomenkuvalehti.fi\/americana\/hillary-ja-keuhkokuume-eiko-han-koskaan-opi\/","name":"Hillary ja keuhkokuume: Eik\u00f6 h\u00e4n koskaan opi? - Americana","isPartOf":{"@id":"https:\/\/suomenkuvalehti.fi\/americana\/#website"},"datePublished":"2016-09-12T13:27:06+00:00","author":{"@id":"https:\/\/suomenkuvalehti.fi\/americana\/#\/schema\/person\/12d514491cb37506bc39c8e10176c3ec"},"breadcrumb":{"@id":"https:\/\/suomenkuvalehti.fi\/americana\/hillary-ja-keuhkokuume-eiko-han-koskaan-opi\/#breadcrumb"},"inLanguage":"fi","potentialAction":[{"@type":"ReadAction","target":["https:\/\/suomenkuvalehti.fi\/americana\/hillary-ja-keuhkokuume-eiko-han-koskaan-opi\/"]}]},{"@type":"BreadcrumbList","@id":"https:\/\/suomenkuvalehti.fi\/americana\/hillary-ja-keuhkokuume-eiko-han-koskaan-opi\/#breadcrumb","itemListElement":[{"@type":"ListItem","position":1,"name":"Home","item":"https:\/\/suomenkuvalehti.fi\/americana\/"},{"@type":"ListItem","position":2,"name":"Hillary ja keuhkokuume: Eik\u00f6 h\u00e4n koskaan opi?"}]},{"@type":"WebSite","@id":"https:\/\/suomenkuvalehti.fi\/americana\/#website","url":"https:\/\/suomenkuvalehti.fi\/americana\/","name":"Americana","description":"Professori Marko Maunula seuraa USA:n politiikkaa ja populaarikulttuuria","potentialAction":[{"@type":"SearchAction","target":{"@type":"EntryPoint","urlTemplate":"https:\/\/suomenkuvalehti.fi\/haku\/?q={search_term_string}"},"query-input":{"@type":"PropertyValueSpecification","valueRequired":true,"valueName":"search_term_string"}}],"inLanguage":"fi"},{"@type":"Person","@id":"https:\/\/suomenkuvalehti.fi\/americana\/#\/schema\/person\/12d514491cb37506bc39c8e10176c3ec","name":"Marko Maunula","image":{"@type":"ImageObject","inLanguage":"fi","@id":"https:\/\/suomenkuvalehti.fi\/americana\/#\/schema\/person\/image\/","url":"https:\/\/suomenkuvalehti.fi\/americana\/wp-content\/uploads\/sites\/10\/2022\/04\/americana_maunula-150x150.jpg","contentUrl":"https:\/\/suomenkuvalehti.fi\/americana\/wp-content\/uploads\/sites\/10\/2022\/04\/americana_maunula-150x150.jpg","caption":"Marko Maunula"},"description":"Kirjoittaja on Yhdysvaltain historian professori Atlantassa."}]}},"_links":{"self":[{"href":"https:\/\/suomenkuvalehti.fi\/americana\/wp-json\/wp\/v2\/posts\/2975","targetHints":{"allow":["GET"]}}],"collection":[{"href":"https:\/\/suomenkuvalehti.fi\/americana\/wp-json\/wp\/v2\/posts"}],"about":[{"href":"https:\/\/suomenkuvalehti.fi\/americana\/wp-json\/wp\/v2\/types\/post"}],"author":[{"embeddable":true,"href":"https:\/\/suomenkuvalehti.fi\/americana\/wp-json\/wp\/v2\/users\/158"}],"replies":[{"embeddable":true,"href":"https:\/\/suomenkuvalehti.fi\/americana\/wp-json\/wp\/v2\/comments?post=2975"}],"version-history":[{"count":3,"href":"https:\/\/suomenkuvalehti.fi\/americana\/wp-json\/wp\/v2\/posts\/2975\/revisions"}],"predecessor-version":[{"id":2978,"href":"https:\/\/suomenkuvalehti.fi\/americana\/wp-json\/wp\/v2\/posts\/2975\/revisions\/2978"}],"wp:attachment":[{"href":"https:\/\/suomenkuvalehti.fi\/americana\/wp-json\/wp\/v2\/media?parent=2975"}],"wp:term":[{"taxonomy":"category","embeddable":true,"href":"https:\/\/suomenkuvalehti.fi\/americana\/wp-json\/wp\/v2\/categories?post=2975"},{"taxonomy":"post_tag","embeddable":true,"href":"https:\/\/suomenkuvalehti.fi\/americana\/wp-json\/wp\/v2\/tags?post=2975"}],"curies":[{"name":"wp","href":"https:\/\/api.w.org\/{rel}","templated":true}]}}