{"id":2968,"date":"2016-09-09T13:12:24","date_gmt":"2016-09-09T10:12:24","guid":{"rendered":"https:\/\/suomenkuvalehti.fi\/americana\/?p=2968"},"modified":"2016-09-09T12:05:35","modified_gmt":"2016-09-09T09:05:35","slug":"syyskuun-11-paiva-ja-siunattu-unohdus","status":"publish","type":"post","link":"https:\/\/suomenkuvalehti.fi\/americana\/syyskuun-11-paiva-ja-siunattu-unohdus\/","title":{"rendered":"Syyskuun 11. p\u00e4iv\u00e4 ja siunattu unohdus"},"content":{"rendered":"\n<p>Sunnuntaina tulee kuluneeksi 15 vuotta Yhdysvaltojen historian <a href=\"https:\/\/suomenkuvalehti.fi\/share\/412583\/488140\">pahimmista terrori-iskuista<\/a>.<\/p>\n\n\n\n<p>On ollut helpottavaa todistaa, kuinka kansakunta on hitaasti p\u00e4\u00e4ssyt irti iskujen synnytt\u00e4mist\u00e4 traumoista.<\/p>\n\n\n\n<p>Vuodet syyskuun 11. p\u00e4iv\u00e4n j\u00e4lkeen muodostivat ahdistavan aikakauden Yhdysvalloissa. Terrori-iskut s\u00e4ik\u00e4yttiv\u00e4t ison osan v\u00e4est\u00f6st\u00e4 hysteriaan, jota <strong>George W. Bushin<\/strong> hallinnon neokonservatiivit k\u00e4yttiv\u00e4t surutta hyv\u00e4kseen.<\/p>\n\n\n\n<p>Iskut tarjosivat neokonservatiiveille tilaisuuden tuoda teoriansa k\u00e4yt\u00e4nt\u00f6\u00f6n. Hy\u00f6dynt\u00e4m\u00e4ll\u00e4 kansakunnan pelkoja, Valkoisen talon neokonservatiivit onnistuivat myym\u00e4\u00e4n valeensa amerikkalaisille puskien maan hy\u00f6dytt\u00f6m\u00e4\u00e4n ja moraalittomaan sotaan Irakia vastaan.<\/p>\n\n\n\n<p>Irakin sota romahdutti koko valtion ja edisti Isisin syntym\u00e4ss\u00e4. Kymmenettuhannet kuolivat neokonservatiivisen poliittisen fantasian takia. Luvattu ulkoap\u00e4in pakotettu demokraattinen kapitalismi ei materialisoitunut, vaan sota lis\u00e4si ep\u00e4vakautta koko arabimaailmassa. My\u00f6s Euroopan pakolaiskriisi on pitk\u00e4lti Bushin sodan suora johdannainen.<\/p>\n\n\n\n<p>Kotirintamalla Yhdysvaltoja leimasi ahdistava paranoia. Kymmenet miljoonat hiljaisen hysterian valtaamat amerikkalaiset olivat valmiita uhraamaan yksityisyytens\u00e4 ja perustuslailliset oikeutensa terrorismin vastaisen taistelun alttarille.<\/p>\n\n\n\n<p>Ulkopoliittinen unilateralismi, ahdistava sis\u00e4politiikka ja ison osan maata vallannut tilap\u00e4inen mielenh\u00e4iri\u00f6 tekiv\u00e4t Yhdysvalloista muutamaksi vuodeksi niin ik\u00e4v\u00e4n paikan, ett\u00e4 harkitsin vakavasti muuttoa joko Kanadaan, Australiaan tai takaisin Eurooppaan.<\/p>\n\n\n\n<p>&nbsp;<\/p>\n\n\n\n<p>T\u00e4n\u00e4\u00e4n, 15 vuotta my\u00f6hemmin, Yhdysvallat on taas mukava ja valtaosin tasapainoinen maa. Toinen p\u00e4\u00e4puolueista valitsi ehdokkaakseen patologisen valehtelijan ja fantasiamaailmassaan el\u00e4v\u00e4n narsistin, mutta valtaosin maa on hyv\u00e4ll\u00e4 tolalla, taloudesta kansalaisoikeuksiin.<\/p>\n\n\n\n<p>Kun syyskuun 11. koittaa, televisiokanavat muistelevat j\u00e4lleen loppukes\u00e4n 2001 traagisia tapahtumia. Kuolleiden omaiset kyynelehtiv\u00e4t ja me muut pys\u00e4hdymme muistelemaan, miss\u00e4 olimme kun kuulimme uutisesta.<\/p>\n\n\n\n<p>Me muistamme terrori-iskut ja tunnemme hiipuvan sekoituksen surua ja suuttumusta. Mutta p\u00e4iv\u00e4 on taas hieman v\u00e4hemm\u00e4n tuskallinen, kuten jokainen aikaisempi terrori-iskujen vuosip\u00e4iv\u00e4. Me muistamme ja unohdamme.<\/p>\n\n\n\n<p>Ja hyv\u00e4 n\u00e4in.<\/p>\n\n\n\n<p>&nbsp;<\/p>\n\n\n\n<p><em>Soundtrack: T. S. Eliot, Ash Wednesday:<\/em><\/p>\n\n\n\n<p>&nbsp;<\/p>\n\n\n<p><iframe loading=\"lazy\" width=\"472\" height=\"354\" src=\"https:\/\/www.youtube.com\/embed\/SEUlzDTGd44?feature=oembed\" frameborder=\"0\" allowfullscreen><\/iframe><\/p>\n\n<p>&nbsp;<\/p>\n\n\n","protected":false},"excerpt":{"rendered":"<p>Sunnuntaina tulee kuluneeksi 15 vuotta Yhdysvaltojen historian pahimmista terrori-iskuista. On ollut helpottavaa todistaa, kuinka kansakunta on hitaasti p\u00e4\u00e4ssyt irti iskujen synnytt\u00e4mist\u00e4 traumoista. Vuodet syyskuun 11. p\u00e4iv\u00e4n j\u00e4lkeen muodostivat ahdistavan aikakauden Yhdysvalloissa.<br \/>\nTerror&hellip;<\/p>\n","protected":false},"author":158,"featured_media":0,"comment_status":"open","ping_status":"open","sticky":false,"template":"","format":"standard","meta":{"_acf_changed":false,"asauth_required_access_level":3,"asauth_cansharepaid":"true","om_header_attributes":[],"footnotes":"","om_featured_image_focal_point":[],"om_primary_tag":0,"om_contributors":[],"om_co_authors":[],"beyondwords_generate_audio":"","beyondwords_project_id":"","beyondwords_content_id":"","beyondwords_preview_token":"","beyondwords_player_content":"","beyondwords_player_style":"","beyondwords_language_code":"","beyondwords_language_id":"","beyondwords_title_voice_id":"","beyondwords_body_voice_id":"","beyondwords_summary_voice_id":"","beyondwords_error_message":"","beyondwords_disabled":"","beyondwords_delete_content":"","beyondwords_podcast_id":"","beyondwords_hash":"","publish_post_to_speechkit":"","speechkit_hash":"","speechkit_generate_audio":"","speechkit_project_id":"","speechkit_podcast_id":"","speechkit_error_message":"","speechkit_disabled":"","speechkit_access_key":"","speechkit_error":"","speechkit_info":"","speechkit_response":"","speechkit_retries":"","speechkit_status":"","speechkit_updated_at":"","_speechkit_link":"","_speechkit_text":""},"categories":[1],"tags":[763,1844,193,1843,90],"class_list":["post-2968","post","type-post","status-publish","format-standard","hentry","category-americana","tag-763","tag-muistelu","tag-terrorismi","tag-unohdus","tag-vuosipaiva"],"om_views":null,"acf":{"tuuma_off":false,"tuuma_kysymys":"","tuuma_vastaus":""},"asauth":{"required_access_level":1,"share_token":"","is_paid":false},"yoast_head":"<!-- This site is optimized with the Yoast SEO plugin v26.4 - https:\/\/yoast.com\/wordpress\/plugins\/seo\/ -->\n<title>Syyskuun 11. p\u00e4iv\u00e4 ja siunattu unohdus - Americana<\/title>\n<meta name=\"robots\" content=\"noindex, follow\" \/>\n<meta property=\"og:locale\" content=\"fi_FI\" \/>\n<meta property=\"og:type\" content=\"article\" \/>\n<meta property=\"og:title\" content=\"Syyskuun 11. p\u00e4iv\u00e4 ja siunattu unohdus - Americana\" \/>\n<meta property=\"og:description\" content=\"Sunnuntaina tulee kuluneeksi 15 vuotta Yhdysvaltojen historian pahimmista terrori-iskuista. On ollut helpottavaa todistaa, kuinka kansakunta on hitaasti p\u00e4\u00e4ssyt irti iskujen synnytt\u00e4mist\u00e4 traumoista. Vuodet syyskuun 11. p\u00e4iv\u00e4n j\u00e4lkeen muodostivat ahdistavan aikakauden Yhdysvalloissa. Terror&hellip;\" \/>\n<meta property=\"og:url\" content=\"https:\/\/suomenkuvalehti.fi\/americana\/syyskuun-11-paiva-ja-siunattu-unohdus\/\" \/>\n<meta property=\"og:site_name\" content=\"Americana\" \/>\n<meta property=\"article:published_time\" content=\"2016-09-09T10:12:24+00:00\" \/>\n<meta property=\"og:image\" content=\"https:\/\/suomenkuvalehti.fi\/americana\/wp-content\/uploads\/sites\/10\/2022\/04\/americana_maunula-scaled.jpg\" \/>\n\t<meta property=\"og:image:width\" content=\"2560\" \/>\n\t<meta property=\"og:image:height\" content=\"1706\" \/>\n\t<meta property=\"og:image:type\" content=\"image\/jpeg\" \/>\n<meta name=\"author\" content=\"Marko Maunula\" \/>\n<meta name=\"twitter:card\" content=\"summary_large_image\" \/>\n<meta name=\"twitter:label1\" content=\"Written by\" \/>\n\t<meta name=\"twitter:data1\" content=\"Marko Maunula\" \/>\n\t<meta name=\"twitter:label2\" content=\"Est. reading time\" \/>\n\t<meta name=\"twitter:data2\" content=\"2 minuuttia\" \/>\n<script type=\"application\/ld+json\" class=\"yoast-schema-graph\">{\"@context\":\"https:\/\/schema.org\",\"@graph\":[{\"@type\":\"WebPage\",\"@id\":\"https:\/\/suomenkuvalehti.fi\/americana\/syyskuun-11-paiva-ja-siunattu-unohdus\/\",\"url\":\"https:\/\/suomenkuvalehti.fi\/americana\/syyskuun-11-paiva-ja-siunattu-unohdus\/\",\"name\":\"Syyskuun 11. p\u00e4iv\u00e4 ja siunattu unohdus - Americana\",\"isPartOf\":{\"@id\":\"https:\/\/suomenkuvalehti.fi\/americana\/#website\"},\"datePublished\":\"2016-09-09T10:12:24+00:00\",\"author\":{\"@id\":\"https:\/\/suomenkuvalehti.fi\/americana\/#\/schema\/person\/12d514491cb37506bc39c8e10176c3ec\"},\"breadcrumb\":{\"@id\":\"https:\/\/suomenkuvalehti.fi\/americana\/syyskuun-11-paiva-ja-siunattu-unohdus\/#breadcrumb\"},\"inLanguage\":\"fi\",\"potentialAction\":[{\"@type\":\"ReadAction\",\"target\":[\"https:\/\/suomenkuvalehti.fi\/americana\/syyskuun-11-paiva-ja-siunattu-unohdus\/\"]}]},{\"@type\":\"BreadcrumbList\",\"@id\":\"https:\/\/suomenkuvalehti.fi\/americana\/syyskuun-11-paiva-ja-siunattu-unohdus\/#breadcrumb\",\"itemListElement\":[{\"@type\":\"ListItem\",\"position\":1,\"name\":\"Home\",\"item\":\"https:\/\/suomenkuvalehti.fi\/americana\/\"},{\"@type\":\"ListItem\",\"position\":2,\"name\":\"Syyskuun 11. p\u00e4iv\u00e4 ja siunattu unohdus\"}]},{\"@type\":\"WebSite\",\"@id\":\"https:\/\/suomenkuvalehti.fi\/americana\/#website\",\"url\":\"https:\/\/suomenkuvalehti.fi\/americana\/\",\"name\":\"Americana\",\"description\":\"Professori Marko Maunula seuraa USA:n politiikkaa ja populaarikulttuuria\",\"potentialAction\":[{\"@type\":\"SearchAction\",\"target\":{\"@type\":\"EntryPoint\",\"urlTemplate\":\"https:\/\/suomenkuvalehti.fi\/haku\/?q={search_term_string}\"},\"query-input\":{\"@type\":\"PropertyValueSpecification\",\"valueRequired\":true,\"valueName\":\"search_term_string\"}}],\"inLanguage\":\"fi\"},{\"@type\":\"Person\",\"@id\":\"https:\/\/suomenkuvalehti.fi\/americana\/#\/schema\/person\/12d514491cb37506bc39c8e10176c3ec\",\"name\":\"Marko Maunula\",\"image\":{\"@type\":\"ImageObject\",\"inLanguage\":\"fi\",\"@id\":\"https:\/\/suomenkuvalehti.fi\/americana\/#\/schema\/person\/image\/\",\"url\":\"https:\/\/suomenkuvalehti.fi\/americana\/wp-content\/uploads\/sites\/10\/2022\/04\/americana_maunula-150x150.jpg\",\"contentUrl\":\"https:\/\/suomenkuvalehti.fi\/americana\/wp-content\/uploads\/sites\/10\/2022\/04\/americana_maunula-150x150.jpg\",\"caption\":\"Marko Maunula\"},\"description\":\"Kirjoittaja on Yhdysvaltain historian professori Atlantassa.\"}]}<\/script>\n<!-- \/ Yoast SEO plugin. -->","yoast_head_json":{"title":"Syyskuun 11. p\u00e4iv\u00e4 ja siunattu unohdus - Americana","robots":{"index":"noindex","follow":"follow"},"og_locale":"fi_FI","og_type":"article","og_title":"Syyskuun 11. p\u00e4iv\u00e4 ja siunattu unohdus - Americana","og_description":"Sunnuntaina tulee kuluneeksi 15 vuotta Yhdysvaltojen historian pahimmista terrori-iskuista. On ollut helpottavaa todistaa, kuinka kansakunta on hitaasti p\u00e4\u00e4ssyt irti iskujen synnytt\u00e4mist\u00e4 traumoista. Vuodet syyskuun 11. p\u00e4iv\u00e4n j\u00e4lkeen muodostivat ahdistavan aikakauden Yhdysvalloissa. Terror&hellip;","og_url":"https:\/\/suomenkuvalehti.fi\/americana\/syyskuun-11-paiva-ja-siunattu-unohdus\/","og_site_name":"Americana","article_published_time":"2016-09-09T10:12:24+00:00","og_image":[{"width":2560,"height":1706,"url":"https:\/\/suomenkuvalehti.fi\/americana\/wp-content\/uploads\/sites\/10\/2022\/04\/americana_maunula-scaled.jpg","type":"image\/jpeg"}],"author":"Marko Maunula","twitter_card":"summary_large_image","twitter_misc":{"Written by":"Marko Maunula","Est. reading time":"2 minuuttia"},"schema":{"@context":"https:\/\/schema.org","@graph":[{"@type":"WebPage","@id":"https:\/\/suomenkuvalehti.fi\/americana\/syyskuun-11-paiva-ja-siunattu-unohdus\/","url":"https:\/\/suomenkuvalehti.fi\/americana\/syyskuun-11-paiva-ja-siunattu-unohdus\/","name":"Syyskuun 11. p\u00e4iv\u00e4 ja siunattu unohdus - Americana","isPartOf":{"@id":"https:\/\/suomenkuvalehti.fi\/americana\/#website"},"datePublished":"2016-09-09T10:12:24+00:00","author":{"@id":"https:\/\/suomenkuvalehti.fi\/americana\/#\/schema\/person\/12d514491cb37506bc39c8e10176c3ec"},"breadcrumb":{"@id":"https:\/\/suomenkuvalehti.fi\/americana\/syyskuun-11-paiva-ja-siunattu-unohdus\/#breadcrumb"},"inLanguage":"fi","potentialAction":[{"@type":"ReadAction","target":["https:\/\/suomenkuvalehti.fi\/americana\/syyskuun-11-paiva-ja-siunattu-unohdus\/"]}]},{"@type":"BreadcrumbList","@id":"https:\/\/suomenkuvalehti.fi\/americana\/syyskuun-11-paiva-ja-siunattu-unohdus\/#breadcrumb","itemListElement":[{"@type":"ListItem","position":1,"name":"Home","item":"https:\/\/suomenkuvalehti.fi\/americana\/"},{"@type":"ListItem","position":2,"name":"Syyskuun 11. p\u00e4iv\u00e4 ja siunattu unohdus"}]},{"@type":"WebSite","@id":"https:\/\/suomenkuvalehti.fi\/americana\/#website","url":"https:\/\/suomenkuvalehti.fi\/americana\/","name":"Americana","description":"Professori Marko Maunula seuraa USA:n politiikkaa ja populaarikulttuuria","potentialAction":[{"@type":"SearchAction","target":{"@type":"EntryPoint","urlTemplate":"https:\/\/suomenkuvalehti.fi\/haku\/?q={search_term_string}"},"query-input":{"@type":"PropertyValueSpecification","valueRequired":true,"valueName":"search_term_string"}}],"inLanguage":"fi"},{"@type":"Person","@id":"https:\/\/suomenkuvalehti.fi\/americana\/#\/schema\/person\/12d514491cb37506bc39c8e10176c3ec","name":"Marko Maunula","image":{"@type":"ImageObject","inLanguage":"fi","@id":"https:\/\/suomenkuvalehti.fi\/americana\/#\/schema\/person\/image\/","url":"https:\/\/suomenkuvalehti.fi\/americana\/wp-content\/uploads\/sites\/10\/2022\/04\/americana_maunula-150x150.jpg","contentUrl":"https:\/\/suomenkuvalehti.fi\/americana\/wp-content\/uploads\/sites\/10\/2022\/04\/americana_maunula-150x150.jpg","caption":"Marko Maunula"},"description":"Kirjoittaja on Yhdysvaltain historian professori Atlantassa."}]}},"_links":{"self":[{"href":"https:\/\/suomenkuvalehti.fi\/americana\/wp-json\/wp\/v2\/posts\/2968","targetHints":{"allow":["GET"]}}],"collection":[{"href":"https:\/\/suomenkuvalehti.fi\/americana\/wp-json\/wp\/v2\/posts"}],"about":[{"href":"https:\/\/suomenkuvalehti.fi\/americana\/wp-json\/wp\/v2\/types\/post"}],"author":[{"embeddable":true,"href":"https:\/\/suomenkuvalehti.fi\/americana\/wp-json\/wp\/v2\/users\/158"}],"replies":[{"embeddable":true,"href":"https:\/\/suomenkuvalehti.fi\/americana\/wp-json\/wp\/v2\/comments?post=2968"}],"version-history":[{"count":5,"href":"https:\/\/suomenkuvalehti.fi\/americana\/wp-json\/wp\/v2\/posts\/2968\/revisions"}],"predecessor-version":[{"id":2973,"href":"https:\/\/suomenkuvalehti.fi\/americana\/wp-json\/wp\/v2\/posts\/2968\/revisions\/2973"}],"wp:attachment":[{"href":"https:\/\/suomenkuvalehti.fi\/americana\/wp-json\/wp\/v2\/media?parent=2968"}],"wp:term":[{"taxonomy":"category","embeddable":true,"href":"https:\/\/suomenkuvalehti.fi\/americana\/wp-json\/wp\/v2\/categories?post=2968"},{"taxonomy":"post_tag","embeddable":true,"href":"https:\/\/suomenkuvalehti.fi\/americana\/wp-json\/wp\/v2\/tags?post=2968"}],"curies":[{"name":"wp","href":"https:\/\/api.w.org\/{rel}","templated":true}]}}