{"id":2960,"date":"2016-09-05T13:30:07","date_gmt":"2016-09-05T10:30:07","guid":{"rendered":"https:\/\/suomenkuvalehti.fi\/americana\/?p=2960"},"modified":"2016-09-05T13:30:07","modified_gmt":"2016-09-05T10:30:07","slug":"alt-right-rasismi-palaa-valtavirtaan","status":"publish","type":"post","link":"https:\/\/suomenkuvalehti.fi\/americana\/alt-right-rasismi-palaa-valtavirtaan\/","title":{"rendered":"Alt-right: Rasismi palaa valtavirtaan"},"content":{"rendered":"\n<p>T\u00e4m\u00e4n vaalikauden ehk\u00e4 t\u00e4rkein uusi poliittinen termi on <em>alt-right<\/em>.<\/p>\n\n\n\n<p>Pinnan alla pari vuosikymment\u00e4 kytenyt, nationalististen ja usein selke\u00e4sti rasististen \u00e4lykk\u00f6jen muodostama poliittinen aatesuunta on astunut Trumpin kampanjan my\u00f6t\u00e4 kansalliseen tietoisuuteen.<\/p>\n\n\n\n<p>Alt-right-liikkeeseen sitoutuneet webbisivut, kuten <a href=\"http:\/\/www.amren.com\/\" target=\"_blank\"><em>American Renaissance<\/em><\/a>,&nbsp;<a href=\"http:\/\/www.vdare.com\/\" target=\"_blank\">vdare.com<\/a> ja <a href=\"http:\/\/alternative-right.blogspot.com\/\" target=\"_blank\">alternative-right.blogspot.com<\/a> sek\u00e4 liikett\u00e4 l\u00e4hell\u00e4 oleva ja sen raflaavampi karvalakkiosasto <a href=\"http:\/\/www.breitbart.com\/\" target=\"_blank\">breitbart.com<\/a> ovat todistaneet trafiikin kasvaneen. Alt-rightin johtohahmot ovat lis\u00e4nneet mediaesiintymisi\u00e4\u00e4n. Jopa <strong>Hillary Clinton<\/strong> on viitannut liikkeen vaikutukseen Trumpin kampanjassa.<\/p>\n\n\n\n<p>Mit\u00e4 alt-right oikeasti on?<\/p>\n\n\n\n<p>Kyseess\u00e4 on hajanainen, paleokonservatismin raunioille kasvanut liike, joka edelleen hieman hakee muotoaan. Sen innoittajiin ja edustajiin kuuluvat <a href=\"https:\/\/en.wikipedia.org\/wiki\/Pat_Buchanan\" target=\"_blank\"><strong>Pat Buchananin<\/strong><\/a>, <strong><a href=\"https:\/\/en.wikipedia.org\/wiki\/Richard_B._Spencer\" target=\"_blank\">Richard B. Spencerin<\/a><\/strong>, <strong><a href=\"https:\/\/en.wikipedia.org\/wiki\/Peter_Brimelow\" target=\"_blank\">Peter Brimelow&#8217;n<\/a><\/strong>, <strong><a href=\"https:\/\/en.wikipedia.org\/wiki\/John_Derbyshire\" target=\"_blank\">John Derbyshiren<\/a><\/strong> ja <strong><a href=\"https:\/\/en.wikipedia.org\/wiki\/Jared_Taylor\" target=\"_blank\">Jared Taylorin<\/a><\/strong> kaltaiset ajattelijat.<\/p>\n\n\n\n<p>Monet heist\u00e4, kuten Buchanan ja Brimelow, aloittivat l\u00e4hell\u00e4 republikaanisen puolueen establishmentia, mutta kun paleokonservatiivit h\u00e4visiv\u00e4t ideologisen taistelun neokonservatiiveille 1990-luvulla, he hiipuivat konservatiivisen liikkeen marginaaleihin.<\/p>\n\n\n\n<p>Liikkeen keskipisteess\u00e4 on rotuun perustuva ideologia, joka hy\u00f6kk\u00e4\u00e4 kulturaalista relativismia vastaan. Alt-rightin edustajat uskovat, ett\u00e4 valkoisten ihmisten muodostamat l\u00e4ntiset sivilisaatiot ovat parempia, koska ne luoneet valkoiset ovat rodullisesti muiden yl\u00e4puolella. Kriitikot kutsuvat liikkeen edustajia rasisteiksi, kun taas alt-right-tyypit itse puhuvat \u201drodullisesta realismista\u201d tai \u201drasialismista\u201d.<\/p>\n\n\n\n<p>Rotuteorioiden sivutuotteena alt-right-tyypit usein kannattavat isolationistista ulkopolitiikkaa. He yleens\u00e4 vastustavat jyrk\u00e4sti maahanmuuttoa varsinkin tummapintaisista maista, sill\u00e4 heille Yhdysvallat on valkoisten ja erityisesti germaanista alkuper\u00e4\u00e4 olevien ihmisten maa.<\/p>\n\n\n\n<p>Alt-right ei painota kapitalismia ja individualismia valtavirran republikaanien tapaan. Liikkeen ideologiaa leimaa usein my\u00f6s ripaus paranoiaa. Vanhat saatanat \u2013 juutalaiset, pankit ja korporaatiot \u2013 ovat vastuussa isosta osasta maailman pahuutta.<\/p>\n\n\n\n<p>Alt-right on my\u00f6s tuonut liki leninistisen kielenk\u00e4yt\u00f6n poliittiseen keskusteluun. Heid\u00e4n tekstins\u00e4 ja lausuntonsa tarjoavat sek\u00e4 suuria historiallisia linjoja ett\u00e4 tietoisesti provosoivaa ja loukkaavaa kielenk\u00e4ytt\u00f6\u00e4.<\/p>\n\n\n\n<p>Monet alt-right-kirjoittajat kutsuvat tavallisia konservatiiveja itse luomallaan termill\u00e4 \u201d<em>cuckservative<\/em>\u201d, joka on sekoitus sanoja <em>cuckold<\/em> (aisankannattaja) sek\u00e4 <em>conservative<\/em>. Jossain m\u00e4\u00e4rin alt-right-liikkeen solvaava kielenk\u00e4ytt\u00f6 on my\u00f6s vastareaktio poliittiselle korrektiudelle sek\u00e4 sen sanitoimalle keskustelukulttuurille.<\/p>\n\n\n\n<p>Alternative right -sivuston kirjoittaja kiteytti liikkeen ideologian ja verbaliikan osuvasti:<\/p>\n\n\n\n<p><em>Equality is bullshit. <\/em><em>Hierarchy is essential. The races are different. The sexes are different. Morality matters and degeneracy is real. All cultures are not equal and we are not obligated to think they are. Man is a fallen creature and there is more to life than hollow materialism. Finally, the white race matters, and civilisation is precious. This is the Alt-Right.<\/em><\/p>\n\n\n\n<p>&nbsp;<\/p>\n\n\n\n<p>Trumpin kampanja ei ole puhdas alt-right-liike, mutta monet sen keskeisist\u00e4 teemoista sopivat liikkeen ohjelmaan, isolationismista talouspopulismiin ja ennen kaikkea siirtolaisvastaisuuteen. Kampanja on l\u00e4hent\u00e4nyt monia konservatiivisen \u00e4\u00e4rilaidan tyyppej\u00e4 alt-right-liikkeeseen, ja useista sen&nbsp;edustajista on muodostunut vankkoja Trumpin tukijoita.<\/p>\n\n\n\n<p><a href=\"https:\/\/suomenkuvalehti.fi\/americana\/trump-tiukka-mamu-linja-pitaa\/?shared=2956-423f2b76-999\">Trumpin mamu-puhe<\/a> 31. elokuuta tarjosi selke\u00e4n koirapillin vihellyksen alt-right-porukoille, k\u00e4tketyn signaalin jonka he kuulivat selke\u00e4sti. H\u00e4n mainitsi puheessaan, kuinka vuoden 1965 ja 2015 v\u00e4lill\u00e4 Yhdysvaltoihin saapui 59 miljoonaa maahanmuuttajaa vihjaten t\u00e4m\u00e4n olevan liikaa.<\/p>\n\n\n\n<p>Alt-right-tyypit ovat tietoisia, ett\u00e4 vuonna 1965 Yhdysvallat muutti maahanmuuttolakiaan. Aikaisempi systeemi suosi maahanmuuttoa Pohjois- ja L\u00e4nsi-Euroopasta, kun taas vuodesta 1965 alkaen maahanmuutto muualta maailmasta helpottui huomattavasti.<\/p>\n\n\n\n<p>Alt-right luki Trumpia rivien v\u00e4list\u00e4: vuodesta 1965 alkaen Yhdysvaltojen asema valkoisten ihmisten maana on alkanut heilua, mik\u00e4 ei ole hyv\u00e4 asia. <strong>Ann Coulter<\/strong> ylisti Trumpin teksti\u00e4 paremmaksi kuin <strong>Winston Churchillin<\/strong> puheet.<\/p>\n\n\n\n<p>Rintamalinjat ovat jyrk\u00e4t ja selke\u00e4t.<\/p>\n\n\n\n<p>&nbsp;<\/p>\n\n\n\n<p>&nbsp;<\/p>\n\n\n\n<p><em>Soundtrack: Ted Nugent, Stormtroopin\u2019:\n<\/em><\/p>\n\n\n<p><iframe loading=\"lazy\" width=\"472\" height=\"354\" src=\"https:\/\/www.youtube.com\/embed\/qSRso98V-os?feature=oembed\" frameborder=\"0\" allowfullscreen><\/iframe><\/p>\n\n<p>&nbsp;<\/p>\n\n\n","protected":false},"excerpt":{"rendered":"<p>T\u00e4m\u00e4n vaalikauden ehk\u00e4 t\u00e4rkein uusi poliittinen termi on alt-right. Pinnan alla pari vuosikymment\u00e4 kytenyt, nationalististen ja usein selke\u00e4sti rasististen \u00e4lykk\u00f6jen muodostama poliittinen aatesuunta on astunut Trumpin kampanjan my\u00f6t\u00e4 kansalliseen tietoisuuteen.<br \/>\nAlt-right&hellip;<\/p>\n","protected":false},"author":158,"featured_media":0,"comment_status":"open","ping_status":"open","sticky":false,"template":"","format":"standard","meta":{"_acf_changed":false,"asauth_required_access_level":3,"asauth_cansharepaid":"true","om_header_attributes":[],"footnotes":"","om_featured_image_focal_point":[],"om_primary_tag":0,"om_contributors":[],"om_co_authors":[],"beyondwords_generate_audio":"","beyondwords_project_id":"","beyondwords_content_id":"","beyondwords_preview_token":"","beyondwords_player_content":"","beyondwords_player_style":"","beyondwords_language_code":"","beyondwords_language_id":"","beyondwords_title_voice_id":"","beyondwords_body_voice_id":"","beyondwords_summary_voice_id":"","beyondwords_error_message":"","beyondwords_disabled":"","beyondwords_delete_content":"","beyondwords_podcast_id":"","beyondwords_hash":"","publish_post_to_speechkit":"","speechkit_hash":"","speechkit_generate_audio":"","speechkit_project_id":"","speechkit_podcast_id":"","speechkit_error_message":"","speechkit_disabled":"","speechkit_access_key":"","speechkit_error":"","speechkit_info":"","speechkit_response":"","speechkit_retries":"","speechkit_status":"","speechkit_updated_at":"","_speechkit_link":"","_speechkit_text":""},"categories":[1],"tags":[1837,820,586,1513,1842,12,280],"class_list":["post-2960","post","type-post","status-publish","format-standard","hentry","category-americana","tag-alt-right","tag-antisemitismi","tag-donald-trump","tag-isolationismi","tag-jared-taylor","tag-pat-buchanan","tag-rasismi"],"om_views":null,"acf":{"tuuma_off":false,"tuuma_kysymys":"","tuuma_vastaus":""},"asauth":{"required_access_level":1,"share_token":"","is_paid":false},"yoast_head":"<!-- This site is optimized with the Yoast SEO plugin v26.4 - https:\/\/yoast.com\/wordpress\/plugins\/seo\/ -->\n<title>Alt-right: Rasismi palaa valtavirtaan - Americana<\/title>\n<meta name=\"robots\" content=\"noindex, follow\" \/>\n<meta property=\"og:locale\" content=\"fi_FI\" \/>\n<meta property=\"og:type\" content=\"article\" \/>\n<meta property=\"og:title\" content=\"Alt-right: Rasismi palaa valtavirtaan - Americana\" \/>\n<meta property=\"og:description\" content=\"T\u00e4m\u00e4n vaalikauden ehk\u00e4 t\u00e4rkein uusi poliittinen termi on alt-right. Pinnan alla pari vuosikymment\u00e4 kytenyt, nationalististen ja usein selke\u00e4sti rasististen \u00e4lykk\u00f6jen muodostama poliittinen aatesuunta on astunut Trumpin kampanjan my\u00f6t\u00e4 kansalliseen tietoisuuteen. Alt-right&hellip;\" \/>\n<meta property=\"og:url\" content=\"https:\/\/suomenkuvalehti.fi\/americana\/alt-right-rasismi-palaa-valtavirtaan\/\" \/>\n<meta property=\"og:site_name\" content=\"Americana\" \/>\n<meta property=\"article:published_time\" content=\"2016-09-05T10:30:07+00:00\" \/>\n<meta property=\"og:image\" content=\"https:\/\/suomenkuvalehti.fi\/americana\/wp-content\/uploads\/sites\/10\/2022\/04\/americana_maunula-scaled.jpg\" \/>\n\t<meta property=\"og:image:width\" content=\"2560\" \/>\n\t<meta property=\"og:image:height\" content=\"1706\" \/>\n\t<meta property=\"og:image:type\" content=\"image\/jpeg\" \/>\n<meta name=\"author\" content=\"Marko Maunula\" \/>\n<meta name=\"twitter:card\" content=\"summary_large_image\" \/>\n<meta name=\"twitter:label1\" content=\"Written by\" \/>\n\t<meta name=\"twitter:data1\" content=\"Marko Maunula\" \/>\n\t<meta name=\"twitter:label2\" content=\"Est. reading time\" \/>\n\t<meta name=\"twitter:data2\" content=\"3 minuuttia\" \/>\n<script type=\"application\/ld+json\" class=\"yoast-schema-graph\">{\"@context\":\"https:\/\/schema.org\",\"@graph\":[{\"@type\":\"WebPage\",\"@id\":\"https:\/\/suomenkuvalehti.fi\/americana\/alt-right-rasismi-palaa-valtavirtaan\/\",\"url\":\"https:\/\/suomenkuvalehti.fi\/americana\/alt-right-rasismi-palaa-valtavirtaan\/\",\"name\":\"Alt-right: Rasismi palaa valtavirtaan - Americana\",\"isPartOf\":{\"@id\":\"https:\/\/suomenkuvalehti.fi\/americana\/#website\"},\"datePublished\":\"2016-09-05T10:30:07+00:00\",\"author\":{\"@id\":\"https:\/\/suomenkuvalehti.fi\/americana\/#\/schema\/person\/12d514491cb37506bc39c8e10176c3ec\"},\"breadcrumb\":{\"@id\":\"https:\/\/suomenkuvalehti.fi\/americana\/alt-right-rasismi-palaa-valtavirtaan\/#breadcrumb\"},\"inLanguage\":\"fi\",\"potentialAction\":[{\"@type\":\"ReadAction\",\"target\":[\"https:\/\/suomenkuvalehti.fi\/americana\/alt-right-rasismi-palaa-valtavirtaan\/\"]}]},{\"@type\":\"BreadcrumbList\",\"@id\":\"https:\/\/suomenkuvalehti.fi\/americana\/alt-right-rasismi-palaa-valtavirtaan\/#breadcrumb\",\"itemListElement\":[{\"@type\":\"ListItem\",\"position\":1,\"name\":\"Home\",\"item\":\"https:\/\/suomenkuvalehti.fi\/americana\/\"},{\"@type\":\"ListItem\",\"position\":2,\"name\":\"Alt-right: Rasismi palaa valtavirtaan\"}]},{\"@type\":\"WebSite\",\"@id\":\"https:\/\/suomenkuvalehti.fi\/americana\/#website\",\"url\":\"https:\/\/suomenkuvalehti.fi\/americana\/\",\"name\":\"Americana\",\"description\":\"Professori Marko Maunula seuraa USA:n politiikkaa ja populaarikulttuuria\",\"potentialAction\":[{\"@type\":\"SearchAction\",\"target\":{\"@type\":\"EntryPoint\",\"urlTemplate\":\"https:\/\/suomenkuvalehti.fi\/haku\/?q={search_term_string}\"},\"query-input\":{\"@type\":\"PropertyValueSpecification\",\"valueRequired\":true,\"valueName\":\"search_term_string\"}}],\"inLanguage\":\"fi\"},{\"@type\":\"Person\",\"@id\":\"https:\/\/suomenkuvalehti.fi\/americana\/#\/schema\/person\/12d514491cb37506bc39c8e10176c3ec\",\"name\":\"Marko Maunula\",\"image\":{\"@type\":\"ImageObject\",\"inLanguage\":\"fi\",\"@id\":\"https:\/\/suomenkuvalehti.fi\/americana\/#\/schema\/person\/image\/\",\"url\":\"https:\/\/suomenkuvalehti.fi\/americana\/wp-content\/uploads\/sites\/10\/2022\/04\/americana_maunula-150x150.jpg\",\"contentUrl\":\"https:\/\/suomenkuvalehti.fi\/americana\/wp-content\/uploads\/sites\/10\/2022\/04\/americana_maunula-150x150.jpg\",\"caption\":\"Marko Maunula\"},\"description\":\"Kirjoittaja on Yhdysvaltain historian professori Atlantassa.\"}]}<\/script>\n<!-- \/ Yoast SEO plugin. -->","yoast_head_json":{"title":"Alt-right: Rasismi palaa valtavirtaan - Americana","robots":{"index":"noindex","follow":"follow"},"og_locale":"fi_FI","og_type":"article","og_title":"Alt-right: Rasismi palaa valtavirtaan - Americana","og_description":"T\u00e4m\u00e4n vaalikauden ehk\u00e4 t\u00e4rkein uusi poliittinen termi on alt-right. Pinnan alla pari vuosikymment\u00e4 kytenyt, nationalististen ja usein selke\u00e4sti rasististen \u00e4lykk\u00f6jen muodostama poliittinen aatesuunta on astunut Trumpin kampanjan my\u00f6t\u00e4 kansalliseen tietoisuuteen. Alt-right&hellip;","og_url":"https:\/\/suomenkuvalehti.fi\/americana\/alt-right-rasismi-palaa-valtavirtaan\/","og_site_name":"Americana","article_published_time":"2016-09-05T10:30:07+00:00","og_image":[{"width":2560,"height":1706,"url":"https:\/\/suomenkuvalehti.fi\/americana\/wp-content\/uploads\/sites\/10\/2022\/04\/americana_maunula-scaled.jpg","type":"image\/jpeg"}],"author":"Marko Maunula","twitter_card":"summary_large_image","twitter_misc":{"Written by":"Marko Maunula","Est. reading time":"3 minuuttia"},"schema":{"@context":"https:\/\/schema.org","@graph":[{"@type":"WebPage","@id":"https:\/\/suomenkuvalehti.fi\/americana\/alt-right-rasismi-palaa-valtavirtaan\/","url":"https:\/\/suomenkuvalehti.fi\/americana\/alt-right-rasismi-palaa-valtavirtaan\/","name":"Alt-right: Rasismi palaa valtavirtaan - Americana","isPartOf":{"@id":"https:\/\/suomenkuvalehti.fi\/americana\/#website"},"datePublished":"2016-09-05T10:30:07+00:00","author":{"@id":"https:\/\/suomenkuvalehti.fi\/americana\/#\/schema\/person\/12d514491cb37506bc39c8e10176c3ec"},"breadcrumb":{"@id":"https:\/\/suomenkuvalehti.fi\/americana\/alt-right-rasismi-palaa-valtavirtaan\/#breadcrumb"},"inLanguage":"fi","potentialAction":[{"@type":"ReadAction","target":["https:\/\/suomenkuvalehti.fi\/americana\/alt-right-rasismi-palaa-valtavirtaan\/"]}]},{"@type":"BreadcrumbList","@id":"https:\/\/suomenkuvalehti.fi\/americana\/alt-right-rasismi-palaa-valtavirtaan\/#breadcrumb","itemListElement":[{"@type":"ListItem","position":1,"name":"Home","item":"https:\/\/suomenkuvalehti.fi\/americana\/"},{"@type":"ListItem","position":2,"name":"Alt-right: Rasismi palaa valtavirtaan"}]},{"@type":"WebSite","@id":"https:\/\/suomenkuvalehti.fi\/americana\/#website","url":"https:\/\/suomenkuvalehti.fi\/americana\/","name":"Americana","description":"Professori Marko Maunula seuraa USA:n politiikkaa ja populaarikulttuuria","potentialAction":[{"@type":"SearchAction","target":{"@type":"EntryPoint","urlTemplate":"https:\/\/suomenkuvalehti.fi\/haku\/?q={search_term_string}"},"query-input":{"@type":"PropertyValueSpecification","valueRequired":true,"valueName":"search_term_string"}}],"inLanguage":"fi"},{"@type":"Person","@id":"https:\/\/suomenkuvalehti.fi\/americana\/#\/schema\/person\/12d514491cb37506bc39c8e10176c3ec","name":"Marko Maunula","image":{"@type":"ImageObject","inLanguage":"fi","@id":"https:\/\/suomenkuvalehti.fi\/americana\/#\/schema\/person\/image\/","url":"https:\/\/suomenkuvalehti.fi\/americana\/wp-content\/uploads\/sites\/10\/2022\/04\/americana_maunula-150x150.jpg","contentUrl":"https:\/\/suomenkuvalehti.fi\/americana\/wp-content\/uploads\/sites\/10\/2022\/04\/americana_maunula-150x150.jpg","caption":"Marko Maunula"},"description":"Kirjoittaja on Yhdysvaltain historian professori Atlantassa."}]}},"_links":{"self":[{"href":"https:\/\/suomenkuvalehti.fi\/americana\/wp-json\/wp\/v2\/posts\/2960","targetHints":{"allow":["GET"]}}],"collection":[{"href":"https:\/\/suomenkuvalehti.fi\/americana\/wp-json\/wp\/v2\/posts"}],"about":[{"href":"https:\/\/suomenkuvalehti.fi\/americana\/wp-json\/wp\/v2\/types\/post"}],"author":[{"embeddable":true,"href":"https:\/\/suomenkuvalehti.fi\/americana\/wp-json\/wp\/v2\/users\/158"}],"replies":[{"embeddable":true,"href":"https:\/\/suomenkuvalehti.fi\/americana\/wp-json\/wp\/v2\/comments?post=2960"}],"version-history":[{"count":5,"href":"https:\/\/suomenkuvalehti.fi\/americana\/wp-json\/wp\/v2\/posts\/2960\/revisions"}],"predecessor-version":[{"id":2967,"href":"https:\/\/suomenkuvalehti.fi\/americana\/wp-json\/wp\/v2\/posts\/2960\/revisions\/2967"}],"wp:attachment":[{"href":"https:\/\/suomenkuvalehti.fi\/americana\/wp-json\/wp\/v2\/media?parent=2960"}],"wp:term":[{"taxonomy":"category","embeddable":true,"href":"https:\/\/suomenkuvalehti.fi\/americana\/wp-json\/wp\/v2\/categories?post=2960"},{"taxonomy":"post_tag","embeddable":true,"href":"https:\/\/suomenkuvalehti.fi\/americana\/wp-json\/wp\/v2\/tags?post=2960"}],"curies":[{"name":"wp","href":"https:\/\/api.w.org\/{rel}","templated":true}]}}