{"id":2903,"date":"2016-07-13T20:27:48","date_gmt":"2016-07-13T17:27:48","guid":{"rendered":"https:\/\/suomenkuvalehti.fi\/americana\/?p=2903"},"modified":"2016-07-13T20:27:48","modified_gmt":"2016-07-13T17:27:48","slug":"heimojen-taistelu-ja-globaali-poliittinen-murros","status":"publish","type":"post","link":"https:\/\/suomenkuvalehti.fi\/americana\/heimojen-taistelu-ja-globaali-poliittinen-murros\/","title":{"rendered":"Heimojen taistelu ja globaali poliittinen murros"},"content":{"rendered":"\n<p>Konservatiiviset amerikkalaiset \u00e4lyk\u00f6t ovat hiljalleen toipumassa shokistaan.<\/p>\n\n\n\n<p>Koko kev\u00e4\u00e4n ja alkukes\u00e4n he v\u00e4\u00e4nteliv\u00e4t tuskaisina k\u00e4si\u00e4\u00e4n ja toivoivat vastoin kaikkia odotuksia, ett\u00e4 <strong>Donald Trump&nbsp;<\/strong>-ilmi\u00f6 kompastuisi kalkkiviivoilla. Nyt kaikki toivo on mennytt\u00e4.<\/p>\n\n\n\n<p>J\u00e4rkytyksen j\u00e4lkeen on tullut ruumiinavauksen aika.<\/p>\n\n\n\n<p><em>New York Timesin<\/em> <a href=\"http:\/\/www.nytimes.com\/2016\/07\/03\/opinion\/sunday\/the-myth-of-cosmopolitanism.html\"><strong>Ross Douthat<\/strong><\/a> ja <a href=\"http:\/\/www.nytimes.com\/2016\/07\/12\/opinion\/are-we-on-the-path-to-national-ruin.html?smprod=nytcore-ipad&amp;smid=nytcore-ipad-share&amp;_r=0\"><strong>David Brooks<\/strong><\/a>, <em>The Atlanticin<\/em> <a href=\"http:\/\/www.theatlantic.com\/politics\/archive\/2016\/07\/david-frum-gop\/489779\/\"><strong>David Frum<\/strong><\/a>, sek\u00e4 <em>The American Conservativen<\/em> <a href=\"http:\/\/www.theamericanconservative.com\/dreher\/cultured-hicks\/\"><strong>Rod Dreher<\/strong><\/a> julkaisivat hiljattain ansiokkaat tekstit, joissa he pohdiskelivat trumpismin nousua laajemmassa perspektiiviss\u00e4.<\/p>\n\n\n\n<p>Douthat sitoo Britannian Brexit-\u00e4\u00e4nestyksen sek\u00e4 amerikkalaisten republikaanien esivaalikampanjat metapoliittisin k\u00f6ysin. H\u00e4n pohtii, josko voimme en\u00e4\u00e4 edes puhua politiikasta kamppailuna oikeiston ja vasemmiston, konservatiivien ja liberaalien v\u00e4lill\u00e4.<\/p>\n\n\n\n<p>\u201dT\u00e4st\u00e4 eteenp\u00e4in merkitt\u00e4v\u00e4t poliittiset taistelut k\u00e4yd\u00e4\u00e4n nationalistien ja kansainv\u00e4listen, kansallismielisten ja globalistien v\u00e4lill\u00e4. Tulevaisuudessa t\u00e4rke\u00e4t lojaliteetit ovat heimosidonnaisia,\u201d Douthat sanoo, summaten heimojen olevan nationalistisia tai kosmopoliittisia.<\/p>\n\n\n\n<p>Sek\u00e4 Douthat ett\u00e4 Rod Dreher painottavat, kuinka vieraantunut kosmopoliittien heimo on kansallismielisist\u00e4 veljist\u00e4\u00e4n ja sisaristaan. Kosmopoliitit suhtautuvat nationalisteihin sekoituksella v\u00e4heksynt\u00e4\u00e4 ja halveksuntaa. Osoittaen yll\u00e4tt\u00e4v\u00e4\u00e4 perspektiivin ja itsekritiikin puutetta kosmopoliitit eiv\u00e4t silti tiedosta olevansa heimo samalla tavalla kuin poliittiset vastustajansa.<\/p>\n\n\n\n<p>Kosmopoliitit tulevat koulutetusta, keskiluokkaisesta taustasta. He haluavat integroida ruuan ja musiikin kaltaiset \u201dhauskat palat\u201d muista kulttuureista omaan el\u00e4m\u00e4\u00e4ns\u00e4, mutta samanaikaisesti he asuvat kaukana ty\u00f6v\u00e4enluokkaisten siirtolaisten naapurustoista.<\/p>\n\n\n\n<p>T\u00e4m\u00e4 kosmopoliittisten eliittien heimo on yh\u00e4 kansainv\u00e4lisempi. Koulutus, vauraus ja moderni kommunikaatio mahdollistavat fyysisten ja virtuaalisten siteiden luomisen eri maiden kosmopoliittien v\u00e4lille. He yhdess\u00e4 halveksivat omien maidensa nurkkakuntaisia nationalisteja, puskien omaa globaalia agendaansa l\u00e4pi nationalistien vastarinnan.<\/p>\n\n\n\n<p>&nbsp;<\/p>\n\n\n\n<p>David Frum on kritisoinut omaa puoluettaan jo Obaman valinnasta l\u00e4htien. <strong>George W. Bushin<\/strong> entinen puheenkirjoittaja on toistuvasti sanonut republikaanien johdon olevan vaarallisen vieraantunut kannattajistaan. Uusimmassa kirjoituksessaan Frum toistaa samoja teemoja, syytt\u00e4en alam\u00e4est\u00e4 muun muassa edustajainhuoneen puhemiest\u00e4&nbsp;<strong>Paul Ryania<\/strong>:<\/p>\n\n\n\n<p>\u201dH\u00e4nen ideologinen radikalisminsa puski puoluetta vuosiv\u00e4lill\u00e4 2009-2015 suuntaan, joka vahingoitti sit\u00e4 presidentinvaaleissa. Republikaanien \u00e4\u00e4nest\u00e4j\u00e4t halusivat enemm\u00e4n terveydenhoitoa ja v\u00e4hemm\u00e4n maahanmuuttoa; republikaanien johto tarjosi heille juuri p\u00e4invastaista.\u201d<\/p>\n\n\n\n<p>Republikaanien johdon haluttomuus kuunnella kentt\u00e4\u00e4 ajoi konservatiiviset \u00e4\u00e4nest\u00e4j\u00e4t Trumpin syliin, Frum toteaa. Trump nousee ja kaatuu, mutta h\u00e4nen \u00e4\u00e4nest\u00e4j\u00e4ns\u00e4 eiv\u00e4t katoa minnek\u00e4\u00e4n. Jos republikaanit haluavat voittaa tulevaisuudessa, puolueen on kuunneltava n\u00e4it\u00e4 kymmeni\u00e4 miljoonia \u00e4\u00e4nest\u00e4ji\u00e4.<\/p>\n\n\n\n<p>&nbsp;<\/p>\n\n\n\n<p>David Brooks on kommentoijista pessimistisin. H\u00e4n n\u00e4kee amerikkalaisen poliittisen maaper\u00e4n vaarallisen hedelm\u00e4llisen\u00e4 fasismin nousulle. Konservatiivinen kommentaattori kaivaa kaapista vasemmistolais-moralistisen progressiivisen liikkeen (1800-1900 lukujen taite), k\u00e4ytt\u00e4en sen yhteiskunnallista aktivismia esimerkkin\u00e4 tavasta, jolla Yhdysvallat voi vastata massiivisiin taloudellisiin haasteisiin.<\/p>\n\n\n\n<p>Brooksin resepti ei ole v\u00e4ltt\u00e4m\u00e4tt\u00e4 v\u00e4\u00e4r\u00e4. On silti h\u00e4tk\u00e4hdytt\u00e4v\u00e4\u00e4 lukea, kuinka my\u00f6nteisesti konservatiivinen kommentaattori suhtautuu ajatukseen liittovaltion aktivismista trumpismin torjunnassa.<\/p>\n\n\n\n<p>&nbsp;<\/p>\n\n\n\n<p>Kommentoijat, varsinkin Douthat, ovat oikeilla j\u00e4ljill\u00e4. Politiikan fokus ja heimorajat ovat liikkeess\u00e4.<\/p>\n\n\n\n<p>Britanniassa monet konservatiiviset poliitikot kampanjoivat \u00e4\u00e4nekk\u00e4\u00e4sti EU:n puolesta, p\u00e4\u00e4ministeri <strong>David Cameron<\/strong> etunen\u00e4ss\u00e4. Yhdysvalloissa <strong>Hillary Clintonin<\/strong> talousohjelma on monilta osin konservatiivisempi kuin Trumpin talouspopulismi tuontitulleineen, Wall Streetin verolle panoineen sek\u00e4 yritysten liikkuvuuden rajoituksineen.<\/p>\n\n\n\n<p>Politiikka on muuttunut niin rajusti, ett\u00e4 tarvitsemme uusia linssej\u00e4 muutoksen tarkasteluun.<\/p>\n\n\n\n<p>&nbsp;<\/p>\n\n\n\n<p><em>Soundtrack: Os Mutantes, Panis et Circensis &amp; Bat Macumba<\/em><\/p>\n\n\n<p><iframe loading=\"lazy\" width=\"472\" height=\"354\" src=\"https:\/\/www.youtube.com\/embed\/WxwQhrfTEc8?feature=oembed\" frameborder=\"0\" allowfullscreen><\/iframe><\/p>\n","protected":false},"excerpt":{"rendered":"<p>Konservatiiviset amerikkalaiset \u00e4lyk\u00f6t ovat hiljalleen toipumassa shokistaan. Koko kev\u00e4\u00e4n ja alkukes\u00e4n he v\u00e4\u00e4nteliv\u00e4t tuskaisina k\u00e4si\u00e4\u00e4n ja toivoivat vastoin kaikkia odotuksia, ett\u00e4 Donald Trump&nbsp;-ilmi\u00f6 kompastuisi kalkkiviivoilla. Nyt kaikki toivo on mennytt\u00e4.<br \/>\nJ\u00e4rkytyksen j&hellip;<\/p>\n","protected":false},"author":158,"featured_media":0,"comment_status":"open","ping_status":"open","sticky":false,"template":"","format":"standard","meta":{"_acf_changed":false,"asauth_required_access_level":3,"asauth_cansharepaid":"true","om_header_attributes":[],"footnotes":"","om_featured_image_focal_point":[],"om_primary_tag":0,"om_contributors":[],"om_co_authors":[],"beyondwords_generate_audio":"","beyondwords_project_id":"","beyondwords_content_id":"","beyondwords_preview_token":"","beyondwords_player_content":"","beyondwords_player_style":"","beyondwords_language_code":"","beyondwords_language_id":"","beyondwords_title_voice_id":"","beyondwords_body_voice_id":"","beyondwords_summary_voice_id":"","beyondwords_error_message":"","beyondwords_disabled":"","beyondwords_delete_content":"","beyondwords_podcast_id":"","beyondwords_hash":"","publish_post_to_speechkit":"","speechkit_hash":"","speechkit_generate_audio":"","speechkit_project_id":"","speechkit_podcast_id":"","speechkit_error_message":"","speechkit_disabled":"","speechkit_access_key":"","speechkit_error":"","speechkit_info":"","speechkit_response":"","speechkit_retries":"","speechkit_status":"","speechkit_updated_at":"","_speechkit_link":"","_speechkit_text":""},"categories":[1],"tags":[437,1188,1466,586,5,1783,66,1822,1821,1788,47],"class_list":["post-2903","post","type-post","status-publish","format-standard","hentry","category-americana","tag-analyysi","tag-david-brooks","tag-david-frum","tag-donald-trump","tag-globalisaatio","tag-nationalismi","tag-new-york-times","tag-rod-dreher","tag-ross-douthat","tag-the-american-conservative","tag-the-atlantic"],"om_views":null,"acf":{"tuuma_off":false,"tuuma_kysymys":"","tuuma_vastaus":""},"asauth":{"required_access_level":1,"share_token":"","is_paid":false},"yoast_head":"<!-- This site is optimized with the Yoast SEO plugin v26.4 - https:\/\/yoast.com\/wordpress\/plugins\/seo\/ -->\n<title>Heimojen taistelu ja globaali poliittinen murros - Americana<\/title>\n<meta name=\"robots\" content=\"noindex, follow\" \/>\n<meta property=\"og:locale\" content=\"fi_FI\" \/>\n<meta property=\"og:type\" content=\"article\" \/>\n<meta property=\"og:title\" content=\"Heimojen taistelu ja globaali poliittinen murros - Americana\" \/>\n<meta property=\"og:description\" content=\"Konservatiiviset amerikkalaiset \u00e4lyk\u00f6t ovat hiljalleen toipumassa shokistaan. Koko kev\u00e4\u00e4n ja alkukes\u00e4n he v\u00e4\u00e4nteliv\u00e4t tuskaisina k\u00e4si\u00e4\u00e4n ja toivoivat vastoin kaikkia odotuksia, ett\u00e4 Donald Trump&nbsp;-ilmi\u00f6 kompastuisi kalkkiviivoilla. Nyt kaikki toivo on mennytt\u00e4. J\u00e4rkytyksen j&hellip;\" \/>\n<meta property=\"og:url\" content=\"https:\/\/suomenkuvalehti.fi\/americana\/heimojen-taistelu-ja-globaali-poliittinen-murros\/\" \/>\n<meta property=\"og:site_name\" content=\"Americana\" \/>\n<meta property=\"article:published_time\" content=\"2016-07-13T17:27:48+00:00\" \/>\n<meta property=\"og:image\" content=\"https:\/\/suomenkuvalehti.fi\/americana\/wp-content\/uploads\/sites\/10\/2022\/04\/americana_maunula-scaled.jpg\" \/>\n\t<meta property=\"og:image:width\" content=\"2560\" \/>\n\t<meta property=\"og:image:height\" content=\"1706\" \/>\n\t<meta property=\"og:image:type\" content=\"image\/jpeg\" \/>\n<meta name=\"author\" content=\"Marko Maunula\" \/>\n<meta name=\"twitter:card\" content=\"summary_large_image\" \/>\n<meta name=\"twitter:label1\" content=\"Written by\" \/>\n\t<meta name=\"twitter:data1\" content=\"Marko Maunula\" \/>\n\t<meta name=\"twitter:label2\" content=\"Est. reading time\" \/>\n\t<meta name=\"twitter:data2\" content=\"3 minuuttia\" \/>\n<script type=\"application\/ld+json\" class=\"yoast-schema-graph\">{\"@context\":\"https:\/\/schema.org\",\"@graph\":[{\"@type\":\"WebPage\",\"@id\":\"https:\/\/suomenkuvalehti.fi\/americana\/heimojen-taistelu-ja-globaali-poliittinen-murros\/\",\"url\":\"https:\/\/suomenkuvalehti.fi\/americana\/heimojen-taistelu-ja-globaali-poliittinen-murros\/\",\"name\":\"Heimojen taistelu ja globaali poliittinen murros - Americana\",\"isPartOf\":{\"@id\":\"https:\/\/suomenkuvalehti.fi\/americana\/#website\"},\"datePublished\":\"2016-07-13T17:27:48+00:00\",\"author\":{\"@id\":\"https:\/\/suomenkuvalehti.fi\/americana\/#\/schema\/person\/12d514491cb37506bc39c8e10176c3ec\"},\"breadcrumb\":{\"@id\":\"https:\/\/suomenkuvalehti.fi\/americana\/heimojen-taistelu-ja-globaali-poliittinen-murros\/#breadcrumb\"},\"inLanguage\":\"fi\",\"potentialAction\":[{\"@type\":\"ReadAction\",\"target\":[\"https:\/\/suomenkuvalehti.fi\/americana\/heimojen-taistelu-ja-globaali-poliittinen-murros\/\"]}]},{\"@type\":\"BreadcrumbList\",\"@id\":\"https:\/\/suomenkuvalehti.fi\/americana\/heimojen-taistelu-ja-globaali-poliittinen-murros\/#breadcrumb\",\"itemListElement\":[{\"@type\":\"ListItem\",\"position\":1,\"name\":\"Home\",\"item\":\"https:\/\/suomenkuvalehti.fi\/americana\/\"},{\"@type\":\"ListItem\",\"position\":2,\"name\":\"Heimojen taistelu ja globaali poliittinen murros\"}]},{\"@type\":\"WebSite\",\"@id\":\"https:\/\/suomenkuvalehti.fi\/americana\/#website\",\"url\":\"https:\/\/suomenkuvalehti.fi\/americana\/\",\"name\":\"Americana\",\"description\":\"Professori Marko Maunula seuraa USA:n politiikkaa ja populaarikulttuuria\",\"potentialAction\":[{\"@type\":\"SearchAction\",\"target\":{\"@type\":\"EntryPoint\",\"urlTemplate\":\"https:\/\/suomenkuvalehti.fi\/haku\/?q={search_term_string}\"},\"query-input\":{\"@type\":\"PropertyValueSpecification\",\"valueRequired\":true,\"valueName\":\"search_term_string\"}}],\"inLanguage\":\"fi\"},{\"@type\":\"Person\",\"@id\":\"https:\/\/suomenkuvalehti.fi\/americana\/#\/schema\/person\/12d514491cb37506bc39c8e10176c3ec\",\"name\":\"Marko Maunula\",\"image\":{\"@type\":\"ImageObject\",\"inLanguage\":\"fi\",\"@id\":\"https:\/\/suomenkuvalehti.fi\/americana\/#\/schema\/person\/image\/\",\"url\":\"https:\/\/suomenkuvalehti.fi\/americana\/wp-content\/uploads\/sites\/10\/2022\/04\/americana_maunula-150x150.jpg\",\"contentUrl\":\"https:\/\/suomenkuvalehti.fi\/americana\/wp-content\/uploads\/sites\/10\/2022\/04\/americana_maunula-150x150.jpg\",\"caption\":\"Marko Maunula\"},\"description\":\"Kirjoittaja on Yhdysvaltain historian professori Atlantassa.\"}]}<\/script>\n<!-- \/ Yoast SEO plugin. -->","yoast_head_json":{"title":"Heimojen taistelu ja globaali poliittinen murros - Americana","robots":{"index":"noindex","follow":"follow"},"og_locale":"fi_FI","og_type":"article","og_title":"Heimojen taistelu ja globaali poliittinen murros - Americana","og_description":"Konservatiiviset amerikkalaiset \u00e4lyk\u00f6t ovat hiljalleen toipumassa shokistaan. Koko kev\u00e4\u00e4n ja alkukes\u00e4n he v\u00e4\u00e4nteliv\u00e4t tuskaisina k\u00e4si\u00e4\u00e4n ja toivoivat vastoin kaikkia odotuksia, ett\u00e4 Donald Trump&nbsp;-ilmi\u00f6 kompastuisi kalkkiviivoilla. Nyt kaikki toivo on mennytt\u00e4. J\u00e4rkytyksen j&hellip;","og_url":"https:\/\/suomenkuvalehti.fi\/americana\/heimojen-taistelu-ja-globaali-poliittinen-murros\/","og_site_name":"Americana","article_published_time":"2016-07-13T17:27:48+00:00","og_image":[{"width":2560,"height":1706,"url":"https:\/\/suomenkuvalehti.fi\/americana\/wp-content\/uploads\/sites\/10\/2022\/04\/americana_maunula-scaled.jpg","type":"image\/jpeg"}],"author":"Marko Maunula","twitter_card":"summary_large_image","twitter_misc":{"Written by":"Marko Maunula","Est. reading time":"3 minuuttia"},"schema":{"@context":"https:\/\/schema.org","@graph":[{"@type":"WebPage","@id":"https:\/\/suomenkuvalehti.fi\/americana\/heimojen-taistelu-ja-globaali-poliittinen-murros\/","url":"https:\/\/suomenkuvalehti.fi\/americana\/heimojen-taistelu-ja-globaali-poliittinen-murros\/","name":"Heimojen taistelu ja globaali poliittinen murros - Americana","isPartOf":{"@id":"https:\/\/suomenkuvalehti.fi\/americana\/#website"},"datePublished":"2016-07-13T17:27:48+00:00","author":{"@id":"https:\/\/suomenkuvalehti.fi\/americana\/#\/schema\/person\/12d514491cb37506bc39c8e10176c3ec"},"breadcrumb":{"@id":"https:\/\/suomenkuvalehti.fi\/americana\/heimojen-taistelu-ja-globaali-poliittinen-murros\/#breadcrumb"},"inLanguage":"fi","potentialAction":[{"@type":"ReadAction","target":["https:\/\/suomenkuvalehti.fi\/americana\/heimojen-taistelu-ja-globaali-poliittinen-murros\/"]}]},{"@type":"BreadcrumbList","@id":"https:\/\/suomenkuvalehti.fi\/americana\/heimojen-taistelu-ja-globaali-poliittinen-murros\/#breadcrumb","itemListElement":[{"@type":"ListItem","position":1,"name":"Home","item":"https:\/\/suomenkuvalehti.fi\/americana\/"},{"@type":"ListItem","position":2,"name":"Heimojen taistelu ja globaali poliittinen murros"}]},{"@type":"WebSite","@id":"https:\/\/suomenkuvalehti.fi\/americana\/#website","url":"https:\/\/suomenkuvalehti.fi\/americana\/","name":"Americana","description":"Professori Marko Maunula seuraa USA:n politiikkaa ja populaarikulttuuria","potentialAction":[{"@type":"SearchAction","target":{"@type":"EntryPoint","urlTemplate":"https:\/\/suomenkuvalehti.fi\/haku\/?q={search_term_string}"},"query-input":{"@type":"PropertyValueSpecification","valueRequired":true,"valueName":"search_term_string"}}],"inLanguage":"fi"},{"@type":"Person","@id":"https:\/\/suomenkuvalehti.fi\/americana\/#\/schema\/person\/12d514491cb37506bc39c8e10176c3ec","name":"Marko Maunula","image":{"@type":"ImageObject","inLanguage":"fi","@id":"https:\/\/suomenkuvalehti.fi\/americana\/#\/schema\/person\/image\/","url":"https:\/\/suomenkuvalehti.fi\/americana\/wp-content\/uploads\/sites\/10\/2022\/04\/americana_maunula-150x150.jpg","contentUrl":"https:\/\/suomenkuvalehti.fi\/americana\/wp-content\/uploads\/sites\/10\/2022\/04\/americana_maunula-150x150.jpg","caption":"Marko Maunula"},"description":"Kirjoittaja on Yhdysvaltain historian professori Atlantassa."}]}},"_links":{"self":[{"href":"https:\/\/suomenkuvalehti.fi\/americana\/wp-json\/wp\/v2\/posts\/2903","targetHints":{"allow":["GET"]}}],"collection":[{"href":"https:\/\/suomenkuvalehti.fi\/americana\/wp-json\/wp\/v2\/posts"}],"about":[{"href":"https:\/\/suomenkuvalehti.fi\/americana\/wp-json\/wp\/v2\/types\/post"}],"author":[{"embeddable":true,"href":"https:\/\/suomenkuvalehti.fi\/americana\/wp-json\/wp\/v2\/users\/158"}],"replies":[{"embeddable":true,"href":"https:\/\/suomenkuvalehti.fi\/americana\/wp-json\/wp\/v2\/comments?post=2903"}],"version-history":[{"count":4,"href":"https:\/\/suomenkuvalehti.fi\/americana\/wp-json\/wp\/v2\/posts\/2903\/revisions"}],"predecessor-version":[{"id":2907,"href":"https:\/\/suomenkuvalehti.fi\/americana\/wp-json\/wp\/v2\/posts\/2903\/revisions\/2907"}],"wp:attachment":[{"href":"https:\/\/suomenkuvalehti.fi\/americana\/wp-json\/wp\/v2\/media?parent=2903"}],"wp:term":[{"taxonomy":"category","embeddable":true,"href":"https:\/\/suomenkuvalehti.fi\/americana\/wp-json\/wp\/v2\/categories?post=2903"},{"taxonomy":"post_tag","embeddable":true,"href":"https:\/\/suomenkuvalehti.fi\/americana\/wp-json\/wp\/v2\/tags?post=2903"}],"curies":[{"name":"wp","href":"https:\/\/api.w.org\/{rel}","templated":true}]}}