{"id":29,"date":"2013-08-15T19:50:28","date_gmt":"2013-08-15T16:50:28","guid":{"rendered":"https:\/\/suomenkuvalehti.fi\/americana\/tahdista-tahdenlennoiksi\/"},"modified":"2013-11-30T16:22:00","modified_gmt":"2013-11-30T14:22:00","slug":"tahdista-tahdenlennoiksi","status":"publish","type":"post","link":"https:\/\/suomenkuvalehti.fi\/americana\/tahdista-tahdenlennoiksi\/","title":{"rendered":"T\u00e4hdist\u00e4 t\u00e4hdenlennoiksi"},"content":{"rendered":"\n<p>Viime viikot Yhdysvallat on todistanut kahden, aikoinaan lupaavan poliittisen uran romahdusta. Entiset kongressiedustajat <strong>Anthony Weiner<\/strong> (D-New York) ja <strong>Jesse Jackson Jr.<\/strong> (D-Illinois) ovat pudonneet kunnian kukkuloilta. J\u00e4lkimm\u00e4inen on jopa menossa vankilaan.<\/p>\n\n\n\n<p>Anthony Weiner joutui eroamaan kaksi vuotta sitten edustajainhuoneesta, kun h\u00e4n k\u00e4r\u00e4hti sekstauksesta. Mies meni terapiaan sek\u00e4 ty\u00f6skenteli avioliittonsa pelastamiseksi, ja t\u00e4n\u00e4 kev\u00e4\u00e4n\u00e4 h\u00e4n palasi politiikkaan pyrkim\u00e4ll\u00e4 demokraattien ehdokkaaksi New Yorkin pormestarin virkaan. Weiner l\u00e4hti kisaan ennakkosuosikkina, mutta muutama viikko sitten uusi sekstaus-skandaali romutti h\u00e4nen mahdollisuutensa.<\/p>\n\n\n\n<p>Mies kertoi julkisesti parantuneensa &#8221;ongelmastaan&#8221;, mutta samanaikaisesti h\u00e4n oli jatkanut tiivist\u00e4 sekstaamista ainakin <strong>Sydney Leathers<\/strong> -nimisen nuoren naisen kanssa. Hein\u00e4kuussa Weiner my\u00f6nsi tekonsa, h\u00e4nen vaimonsa vakuutti antaneensa miehelleen anteeksi, ja Weiner lupasi jatkaa kampanjaansa, mutta kampanja oli jo karilla. T\u00e4n\u00e4\u00e4n yli puolet New Yorkin demokraateista sanovat, etteiv\u00e4t he \u00e4\u00e4nest\u00e4isi Weineria miss\u00e4\u00e4n tapauksessa, ja mielipidetiedustelut antavat h\u00e4nelle noin <a href=\"http:\/\/www.cbsnews.com\/8301-250_162-57598379\/poll-anthony-weiners-support-is-sinking-fast\/\">kymmenen prosentin kannatuksen<\/a>. Weinerin poliittinen ura on en\u00e4\u00e4 kiitosta ja hyv\u00e4stelyj\u00e4 vailla.<\/p>\n\n\n\n<p>Jesse Jackson Jr. on kansalaisoikeustaistelun legendan poika, joka nousi kongressiin vuonna 1995, edustaen Illinoisin 2. vaalipiiri\u00e4. Juniori aloitti Washingtonissa energisesti, ja sek\u00e4 \u00e4\u00e4nest\u00e4j\u00e4t ett\u00e4 demokraattiset kollegat tukivat toisen polven politiikkoa.<\/p>\n\n\n\n<p>Uransa alussa Jackson Jr. toi paljon rahaa vaalipiirilleen, mutta vuosien saatossa h\u00e4nest\u00e4 kehittyi er\u00e4s kongressin tehottomimmista edustajista. H\u00e4n ei lopussa en\u00e4\u00e4 edes vaivatunut kampanjoimaan uudelleenvalintansa puolesta, kiitos vuorenvarmasti demokraattisen vaalipiirins\u00e4. Rikosep\u00e4ilyjen kohteeksi joutunut Jackson Jr. erosi edustajainhuoneesta marraskuussa 2012, vedoten henkiseen ja fyysiseen terveyteens\u00e4.<\/p>\n\n\n\n<p>Nyt Jackson Jr. on menossa <a href=\"http:\/\/www.cbsnews.com\/8301-250_162-57598500\/former-rep-jesse-jackson-jr-to-serve-30-months-in-prison\/\">30 kuukaudeksi vankilaan<\/a> vaalirahojen v\u00e4\u00e4rink\u00e4yt\u00f6ksist\u00e4. H\u00e4n oli k\u00e4ytt\u00e4nyt noin 750000 dollaria vaalikassastaan oman pr\u00f6yst\u00e4ilev\u00e4n el\u00e4m\u00e4ntapansa rahoittamiseksi.<\/p>\n\n\n\n<p>Politiikka houkuttelee narsisteja, ja Washingtonin kulttuuri pist\u00e4\u00e4 vahvemmankin p\u00e4\u00e4n helposti py\u00f6r\u00e4lle. &#8221;Kuvittele ty\u00f6skentelev\u00e4si 535 pikkuprinssin ja -prinsessan kanssa,&#8221; kommentoi er\u00e4s tuttavani kerran entist\u00e4 ty\u00f6paikkaansa kongressissa. Weiner ja Jackson Jr. ottivat syvi\u00e4 kulauksia vallan astiasta, kuvitellen pian olevansa haavoittumattomia.<\/p>\n\n\n\n<p>Hyv\u00e4\u00e4 onnea politiikan j\u00e4lkeiseen el\u00e4m\u00e4\u00e4n. Parantukoot arpenne ja perheenne nopeasti.<\/p>\n\n\n\n<p><em>Soundtrack: Kurt Vile, Smoke Ring for My Halo.<\/em><\/p>\n\n\n","protected":false},"excerpt":{"rendered":"<p>Viime viikot Yhdysvallat on todistanut kahden, aikoinaan lupaavan poliittisen uran romahdusta. Entiset kongressiedustajat Anthony Weiner (D-New York) ja Jesse Jackson Jr. (D-Illinois) ovat pudonneet kunnian kukkuloilta. J\u00e4lkimm\u00e4inen on jopa menossa vankilaan. Anthony Weiner joutui eroamaan kaksi vuotta<br \/>\ns&hellip;<\/p>\n","protected":false},"author":158,"featured_media":0,"comment_status":"open","ping_status":"open","sticky":false,"template":"","format":"standard","meta":{"_acf_changed":false,"asauth_required_access_level":0,"asauth_cansharepaid":"","om_header_attributes":[],"footnotes":"","om_featured_image_focal_point":[],"om_primary_tag":0,"om_contributors":[],"om_co_authors":[],"beyondwords_generate_audio":"","beyondwords_project_id":"","beyondwords_content_id":"","beyondwords_preview_token":"","beyondwords_player_content":"","beyondwords_player_style":"","beyondwords_language_code":"","beyondwords_language_id":"","beyondwords_title_voice_id":"","beyondwords_body_voice_id":"","beyondwords_summary_voice_id":"","beyondwords_error_message":"","beyondwords_disabled":"","beyondwords_delete_content":"","beyondwords_podcast_id":"","beyondwords_hash":"","publish_post_to_speechkit":"","speechkit_hash":"","speechkit_generate_audio":"","speechkit_project_id":"","speechkit_podcast_id":"","speechkit_error_message":"","speechkit_disabled":"","speechkit_access_key":"","speechkit_error":"","speechkit_info":"","speechkit_response":"","speechkit_retries":"","speechkit_status":"","speechkit_updated_at":"","_speechkit_link":"","_speechkit_text":""},"categories":[1],"tags":[106,112,107,111,109,110,108,44],"class_list":["post-29","post","type-post","status-publish","format-standard","hentry","category-americana","tag-anthony-weiner","tag-chicago","tag-jesse-jackson-jr","tag-new-york-city","tag-sekstaus","tag-skandaali","tag-vankila","tag-washington"],"om_views":null,"acf":{"tuuma_off":false,"tuuma_kysymys":"","tuuma_vastaus":""},"asauth":{"required_access_level":1,"share_token":"","is_paid":false},"yoast_head":"<!-- This site is optimized with the Yoast SEO plugin v26.4 - https:\/\/yoast.com\/wordpress\/plugins\/seo\/ -->\n<title>T\u00e4hdist\u00e4 t\u00e4hdenlennoiksi - Americana<\/title>\n<meta name=\"robots\" content=\"noindex, follow\" \/>\n<meta property=\"og:locale\" content=\"fi_FI\" \/>\n<meta property=\"og:type\" content=\"article\" \/>\n<meta property=\"og:title\" content=\"T\u00e4hdist\u00e4 t\u00e4hdenlennoiksi - Americana\" \/>\n<meta property=\"og:description\" content=\"Viime viikot Yhdysvallat on todistanut kahden, aikoinaan lupaavan poliittisen uran romahdusta. Entiset kongressiedustajat Anthony Weiner (D-New York) ja Jesse Jackson Jr. (D-Illinois) ovat pudonneet kunnian kukkuloilta. J\u00e4lkimm\u00e4inen on jopa menossa vankilaan. Anthony Weiner joutui eroamaan kaksi vuotta s&hellip;\" \/>\n<meta property=\"og:url\" content=\"https:\/\/suomenkuvalehti.fi\/americana\/tahdista-tahdenlennoiksi\/\" \/>\n<meta property=\"og:site_name\" content=\"Americana\" \/>\n<meta property=\"article:published_time\" content=\"2013-08-15T16:50:28+00:00\" \/>\n<meta property=\"article:modified_time\" content=\"2013-11-30T14:22:00+00:00\" \/>\n<meta property=\"og:image\" content=\"https:\/\/suomenkuvalehti.fi\/americana\/wp-content\/uploads\/sites\/10\/2022\/04\/americana_maunula-scaled.jpg\" \/>\n\t<meta property=\"og:image:width\" content=\"2560\" \/>\n\t<meta property=\"og:image:height\" content=\"1706\" \/>\n\t<meta property=\"og:image:type\" content=\"image\/jpeg\" \/>\n<meta name=\"author\" content=\"Marko Maunula\" \/>\n<meta name=\"twitter:card\" content=\"summary_large_image\" \/>\n<meta name=\"twitter:label1\" content=\"Written by\" \/>\n\t<meta name=\"twitter:data1\" content=\"Marko Maunula\" \/>\n\t<meta name=\"twitter:label2\" content=\"Est. reading time\" \/>\n\t<meta name=\"twitter:data2\" content=\"2 minuuttia\" \/>\n<script type=\"application\/ld+json\" class=\"yoast-schema-graph\">{\"@context\":\"https:\/\/schema.org\",\"@graph\":[{\"@type\":\"WebPage\",\"@id\":\"https:\/\/suomenkuvalehti.fi\/americana\/tahdista-tahdenlennoiksi\/\",\"url\":\"https:\/\/suomenkuvalehti.fi\/americana\/tahdista-tahdenlennoiksi\/\",\"name\":\"T\u00e4hdist\u00e4 t\u00e4hdenlennoiksi - Americana\",\"isPartOf\":{\"@id\":\"https:\/\/suomenkuvalehti.fi\/americana\/#website\"},\"datePublished\":\"2013-08-15T16:50:28+00:00\",\"dateModified\":\"2013-11-30T14:22:00+00:00\",\"author\":{\"@id\":\"https:\/\/suomenkuvalehti.fi\/americana\/#\/schema\/person\/12d514491cb37506bc39c8e10176c3ec\"},\"breadcrumb\":{\"@id\":\"https:\/\/suomenkuvalehti.fi\/americana\/tahdista-tahdenlennoiksi\/#breadcrumb\"},\"inLanguage\":\"fi\",\"potentialAction\":[{\"@type\":\"ReadAction\",\"target\":[\"https:\/\/suomenkuvalehti.fi\/americana\/tahdista-tahdenlennoiksi\/\"]}]},{\"@type\":\"BreadcrumbList\",\"@id\":\"https:\/\/suomenkuvalehti.fi\/americana\/tahdista-tahdenlennoiksi\/#breadcrumb\",\"itemListElement\":[{\"@type\":\"ListItem\",\"position\":1,\"name\":\"Home\",\"item\":\"https:\/\/suomenkuvalehti.fi\/americana\/\"},{\"@type\":\"ListItem\",\"position\":2,\"name\":\"T\u00e4hdist\u00e4 t\u00e4hdenlennoiksi\"}]},{\"@type\":\"WebSite\",\"@id\":\"https:\/\/suomenkuvalehti.fi\/americana\/#website\",\"url\":\"https:\/\/suomenkuvalehti.fi\/americana\/\",\"name\":\"Americana\",\"description\":\"Professori Marko Maunula seuraa USA:n politiikkaa ja populaarikulttuuria\",\"potentialAction\":[{\"@type\":\"SearchAction\",\"target\":{\"@type\":\"EntryPoint\",\"urlTemplate\":\"https:\/\/suomenkuvalehti.fi\/haku\/?q={search_term_string}\"},\"query-input\":{\"@type\":\"PropertyValueSpecification\",\"valueRequired\":true,\"valueName\":\"search_term_string\"}}],\"inLanguage\":\"fi\"},{\"@type\":\"Person\",\"@id\":\"https:\/\/suomenkuvalehti.fi\/americana\/#\/schema\/person\/12d514491cb37506bc39c8e10176c3ec\",\"name\":\"Marko Maunula\",\"image\":{\"@type\":\"ImageObject\",\"inLanguage\":\"fi\",\"@id\":\"https:\/\/suomenkuvalehti.fi\/americana\/#\/schema\/person\/image\/\",\"url\":\"https:\/\/suomenkuvalehti.fi\/americana\/wp-content\/uploads\/sites\/10\/2022\/04\/americana_maunula-150x150.jpg\",\"contentUrl\":\"https:\/\/suomenkuvalehti.fi\/americana\/wp-content\/uploads\/sites\/10\/2022\/04\/americana_maunula-150x150.jpg\",\"caption\":\"Marko Maunula\"},\"description\":\"Kirjoittaja on Yhdysvaltain historian professori Atlantassa.\"}]}<\/script>\n<!-- \/ Yoast SEO plugin. -->","yoast_head_json":{"title":"T\u00e4hdist\u00e4 t\u00e4hdenlennoiksi - Americana","robots":{"index":"noindex","follow":"follow"},"og_locale":"fi_FI","og_type":"article","og_title":"T\u00e4hdist\u00e4 t\u00e4hdenlennoiksi - Americana","og_description":"Viime viikot Yhdysvallat on todistanut kahden, aikoinaan lupaavan poliittisen uran romahdusta. Entiset kongressiedustajat Anthony Weiner (D-New York) ja Jesse Jackson Jr. (D-Illinois) ovat pudonneet kunnian kukkuloilta. J\u00e4lkimm\u00e4inen on jopa menossa vankilaan. Anthony Weiner joutui eroamaan kaksi vuotta s&hellip;","og_url":"https:\/\/suomenkuvalehti.fi\/americana\/tahdista-tahdenlennoiksi\/","og_site_name":"Americana","article_published_time":"2013-08-15T16:50:28+00:00","article_modified_time":"2013-11-30T14:22:00+00:00","og_image":[{"width":2560,"height":1706,"url":"https:\/\/suomenkuvalehti.fi\/americana\/wp-content\/uploads\/sites\/10\/2022\/04\/americana_maunula-scaled.jpg","type":"image\/jpeg"}],"author":"Marko Maunula","twitter_card":"summary_large_image","twitter_misc":{"Written by":"Marko Maunula","Est. reading time":"2 minuuttia"},"schema":{"@context":"https:\/\/schema.org","@graph":[{"@type":"WebPage","@id":"https:\/\/suomenkuvalehti.fi\/americana\/tahdista-tahdenlennoiksi\/","url":"https:\/\/suomenkuvalehti.fi\/americana\/tahdista-tahdenlennoiksi\/","name":"T\u00e4hdist\u00e4 t\u00e4hdenlennoiksi - Americana","isPartOf":{"@id":"https:\/\/suomenkuvalehti.fi\/americana\/#website"},"datePublished":"2013-08-15T16:50:28+00:00","dateModified":"2013-11-30T14:22:00+00:00","author":{"@id":"https:\/\/suomenkuvalehti.fi\/americana\/#\/schema\/person\/12d514491cb37506bc39c8e10176c3ec"},"breadcrumb":{"@id":"https:\/\/suomenkuvalehti.fi\/americana\/tahdista-tahdenlennoiksi\/#breadcrumb"},"inLanguage":"fi","potentialAction":[{"@type":"ReadAction","target":["https:\/\/suomenkuvalehti.fi\/americana\/tahdista-tahdenlennoiksi\/"]}]},{"@type":"BreadcrumbList","@id":"https:\/\/suomenkuvalehti.fi\/americana\/tahdista-tahdenlennoiksi\/#breadcrumb","itemListElement":[{"@type":"ListItem","position":1,"name":"Home","item":"https:\/\/suomenkuvalehti.fi\/americana\/"},{"@type":"ListItem","position":2,"name":"T\u00e4hdist\u00e4 t\u00e4hdenlennoiksi"}]},{"@type":"WebSite","@id":"https:\/\/suomenkuvalehti.fi\/americana\/#website","url":"https:\/\/suomenkuvalehti.fi\/americana\/","name":"Americana","description":"Professori Marko Maunula seuraa USA:n politiikkaa ja populaarikulttuuria","potentialAction":[{"@type":"SearchAction","target":{"@type":"EntryPoint","urlTemplate":"https:\/\/suomenkuvalehti.fi\/haku\/?q={search_term_string}"},"query-input":{"@type":"PropertyValueSpecification","valueRequired":true,"valueName":"search_term_string"}}],"inLanguage":"fi"},{"@type":"Person","@id":"https:\/\/suomenkuvalehti.fi\/americana\/#\/schema\/person\/12d514491cb37506bc39c8e10176c3ec","name":"Marko Maunula","image":{"@type":"ImageObject","inLanguage":"fi","@id":"https:\/\/suomenkuvalehti.fi\/americana\/#\/schema\/person\/image\/","url":"https:\/\/suomenkuvalehti.fi\/americana\/wp-content\/uploads\/sites\/10\/2022\/04\/americana_maunula-150x150.jpg","contentUrl":"https:\/\/suomenkuvalehti.fi\/americana\/wp-content\/uploads\/sites\/10\/2022\/04\/americana_maunula-150x150.jpg","caption":"Marko Maunula"},"description":"Kirjoittaja on Yhdysvaltain historian professori Atlantassa."}]}},"_links":{"self":[{"href":"https:\/\/suomenkuvalehti.fi\/americana\/wp-json\/wp\/v2\/posts\/29","targetHints":{"allow":["GET"]}}],"collection":[{"href":"https:\/\/suomenkuvalehti.fi\/americana\/wp-json\/wp\/v2\/posts"}],"about":[{"href":"https:\/\/suomenkuvalehti.fi\/americana\/wp-json\/wp\/v2\/types\/post"}],"author":[{"embeddable":true,"href":"https:\/\/suomenkuvalehti.fi\/americana\/wp-json\/wp\/v2\/users\/158"}],"replies":[{"embeddable":true,"href":"https:\/\/suomenkuvalehti.fi\/americana\/wp-json\/wp\/v2\/comments?post=29"}],"version-history":[{"count":1,"href":"https:\/\/suomenkuvalehti.fi\/americana\/wp-json\/wp\/v2\/posts\/29\/revisions"}],"predecessor-version":[{"id":161,"href":"https:\/\/suomenkuvalehti.fi\/americana\/wp-json\/wp\/v2\/posts\/29\/revisions\/161"}],"wp:attachment":[{"href":"https:\/\/suomenkuvalehti.fi\/americana\/wp-json\/wp\/v2\/media?parent=29"}],"wp:term":[{"taxonomy":"category","embeddable":true,"href":"https:\/\/suomenkuvalehti.fi\/americana\/wp-json\/wp\/v2\/categories?post=29"},{"taxonomy":"post_tag","embeddable":true,"href":"https:\/\/suomenkuvalehti.fi\/americana\/wp-json\/wp\/v2\/tags?post=29"}],"curies":[{"name":"wp","href":"https:\/\/api.w.org\/{rel}","templated":true}]}}