{"id":283,"date":"2012-08-24T13:28:39","date_gmt":"2012-08-24T10:28:39","guid":{"rendered":"https:\/\/suomenkuvalehti.fi\/americana\/onko-jumala-vihainen-republikaaneille\/"},"modified":"2013-11-30T16:22:03","modified_gmt":"2013-11-30T14:22:03","slug":"onko-jumala-vihainen-republikaaneille","status":"publish","type":"post","link":"https:\/\/suomenkuvalehti.fi\/americana\/onko-jumala-vihainen-republikaaneille\/","title":{"rendered":"Onko Jumala vihainen republikaaneille?"},"content":{"rendered":"\n<p>Er\u00e4s surkuhupaisimpia piirteit\u00e4 amerikkalaisessa uskonnollisessa fundamentalismissa on saarnaajien taipumus luokitella luonnonilmi\u00f6t, katastrofit ja jopa ihmisen aiheuttamat tragediat Jumalan rangaistukseksi &#8211; erityisesti jos ne iskev\u00e4t liberaaleihin osavaltioihin tai ei-kristittyihin maihin.<\/p>\n\n\n\n<p>Monet konservatiiviset fundamentalistit, mukaanlukien sellaiset suuret nimet kuten <strong>Jerry Falwell<\/strong> (R.I.P.) ja <strong>Pat Robertson<\/strong>, tulkitsivat jopa syyskuun 11. p\u00e4iv\u00e4n terrori-iskut kaikkivaltiaan p\u00e4\u00e4t\u00f6kseksi <a href=\"http:\/\/www.truthorfiction.com\/rumors\/f\/falwell-robertson-wtc.htm\">kurittaa liberaaleja, abortin tekij\u00f6it\u00e4 ja muita jumalattomia<\/a>.<\/p>\n\n\n\n<p><a href=\"http:\/\/mediamatters.org\/research\/2005\/09\/13\/religious-conservatives-claim-katrina-was-gods\/133804\">Hurrikaani Katrinasta <\/a>l\u00e4nsirannikon maanj\u00e4ristyksiin, hihhulifundamentalistit tulkitsevat tragediat ja niiden kuolonuhrit pahantuulisen Jumalan poliittisiksi manifesteiksi. Hihhulit eiv\u00e4t ole pelk\u00e4st\u00e4\u00e4n internetin nurkassa jupisevia kyl\u00e4hulluja tai vaahtosuisia pikkukirkkojen pastoreita. Pat Robertson on maanlaajuinen nimi ja h\u00e4n pyrki republikaanien presidenttiehdokkaaksi vuonna 1988. T\u00e4m\u00e4n vuoden presidenttikokelas<strong> Michele Bachman<\/strong> on sanonut my\u00f6s uskovansa, ett\u00e4 hurrikaanit ja maanj\u00e4ristykset johtuvat <a href=\"http:\/\/www.towleroad.com\/2011\/08\/bachmannhurricane.html\">Jumalan suuttumisesta<\/a> Yhdysvaltain ylikasvaneeseen liittovaltioon. (Kyll\u00e4, ihan tosi!)<\/p>\n\n\n\n<p>Valtaosa republikaaneista ei, tietenk\u00e4\u00e4n, ole huurup\u00e4it\u00e4, mutta fundamentalisti-hihhulit edustavat valtaosin republikaanista puoluetta ja sen tieteelle ja todellisuudelle allergista oikeaa laitaa. Siksikin olisi kiinnostavaa tiet\u00e4\u00e4 mit\u00e4 hihhulit tuumaavat hurrikaanista, joka saattaa pilata ensi viikon <a href=\"http:\/\/abcnews.go.com\/Politics\/OTUS\/hurricane-isaac-threatens-swamp-republican-convention\/story?id=17057501#.UDd_baNQSSo\">Republikaanisen puolueen kokouksen<\/a> Tampassa?<\/p>\n\n\n\n<p>Vuonna 2008 Republikaanit joutuivat lyhent\u00e4m\u00e4\u00e4n puoluekokoustaan p\u00e4iv\u00e4ll\u00e4 hurrikaani Gustavin takia. T\u00e4n\u00e4 vuonna koko <strong>Mitt Romneyn<\/strong> nimitysjuhla on vaarassa, sill\u00e4 trooppinen myrsky\/hurrikaani Isaac saattaa osua Tampaan, t\u00e4m\u00e4n vuoden republikaanien kokouksen is\u00e4nt\u00e4kaupunkiin.<\/p>\n\n\n\n<p>Jokin puoluekokouksen agendassa on selv\u00e4stikin suututtanut kaikkivaltiaan. T\u00f6ihin siit\u00e4, Robertson, Bachmann, <strong>Beck<\/strong> ja kumppanit. Tilanne vaatii selv\u00e4stikin kiireist\u00e4 puolueen vaaliohjelman, raamatun ja s\u00e4\u00e4karttojen analyysi\u00e4 ja yhteensovittamista.<\/p>\n\n\n\n<p><em>Soundtrack: Bob Dylan, Shelter from the Storm.<\/em><\/p>\n\n\n","protected":false},"excerpt":{"rendered":"<p>Er\u00e4s surkuhupaisimpia piirteit\u00e4 amerikkalaisessa uskonnollisessa fundamentalismissa on saarnaajien taipumus luokitella luonnonilmi\u00f6t, katastrofit ja jopa ihmisen aiheuttamat tragediat Jumalan rangaistukseksi &#8211; erityisesti jos ne iskev\u00e4t liberaaleihin osavaltioihin tai<br \/>\nei-&hellip;<\/p>\n","protected":false},"author":158,"featured_media":0,"comment_status":"open","ping_status":"open","sticky":false,"template":"","format":"standard","meta":{"_acf_changed":false,"asauth_required_access_level":0,"asauth_cansharepaid":"","om_header_attributes":[],"footnotes":"","om_featured_image_focal_point":[],"om_primary_tag":0,"om_contributors":[],"om_co_authors":[],"beyondwords_generate_audio":"","beyondwords_project_id":"","beyondwords_content_id":"","beyondwords_preview_token":"","beyondwords_player_content":"","beyondwords_player_style":"","beyondwords_language_code":"","beyondwords_language_id":"","beyondwords_title_voice_id":"","beyondwords_body_voice_id":"","beyondwords_summary_voice_id":"","beyondwords_error_message":"","beyondwords_disabled":"","beyondwords_delete_content":"","beyondwords_podcast_id":"","beyondwords_hash":"","publish_post_to_speechkit":"","speechkit_hash":"","speechkit_generate_audio":"","speechkit_project_id":"","speechkit_podcast_id":"","speechkit_error_message":"","speechkit_disabled":"","speechkit_access_key":"","speechkit_error":"","speechkit_info":"","speechkit_response":"","speechkit_retries":"","speechkit_status":"","speechkit_updated_at":"","_speechkit_link":"","_speechkit_text":""},"categories":[1],"tags":[517,514,518,202,516,504,515],"class_list":["post-283","post","type-post","status-publish","format-standard","hentry","category-americana","tag-fundamentalistit","tag-hurrikaani-isaac","tag-katastrofit","tag-michele-bachmann","tag-pat-robertson","tag-puoluekokous","tag-republikaaninen-puolue"],"om_views":null,"acf":{"tuuma_off":false,"tuuma_kysymys":"","tuuma_vastaus":""},"asauth":{"required_access_level":1,"share_token":"","is_paid":false},"yoast_head":"<!-- This site is optimized with the Yoast SEO plugin v26.4 - https:\/\/yoast.com\/wordpress\/plugins\/seo\/ -->\n<title>Onko Jumala vihainen republikaaneille? - Americana<\/title>\n<meta name=\"robots\" content=\"noindex, follow\" \/>\n<meta property=\"og:locale\" content=\"fi_FI\" \/>\n<meta property=\"og:type\" content=\"article\" \/>\n<meta property=\"og:title\" content=\"Onko Jumala vihainen republikaaneille? - Americana\" \/>\n<meta property=\"og:description\" content=\"Er\u00e4s surkuhupaisimpia piirteit\u00e4 amerikkalaisessa uskonnollisessa fundamentalismissa on saarnaajien taipumus luokitella luonnonilmi\u00f6t, katastrofit ja jopa ihmisen aiheuttamat tragediat Jumalan rangaistukseksi &#8211; erityisesti jos ne iskev\u00e4t liberaaleihin osavaltioihin tai ei-&hellip;\" \/>\n<meta property=\"og:url\" content=\"https:\/\/suomenkuvalehti.fi\/americana\/onko-jumala-vihainen-republikaaneille\/\" \/>\n<meta property=\"og:site_name\" content=\"Americana\" \/>\n<meta property=\"article:published_time\" content=\"2012-08-24T10:28:39+00:00\" \/>\n<meta property=\"article:modified_time\" content=\"2013-11-30T14:22:03+00:00\" \/>\n<meta property=\"og:image\" content=\"https:\/\/suomenkuvalehti.fi\/americana\/wp-content\/uploads\/sites\/10\/2022\/04\/americana_maunula-scaled.jpg\" \/>\n\t<meta property=\"og:image:width\" content=\"2560\" \/>\n\t<meta property=\"og:image:height\" content=\"1706\" \/>\n\t<meta property=\"og:image:type\" content=\"image\/jpeg\" \/>\n<meta name=\"author\" content=\"Marko Maunula\" \/>\n<meta name=\"twitter:card\" content=\"summary_large_image\" \/>\n<meta name=\"twitter:label1\" content=\"Written by\" \/>\n\t<meta name=\"twitter:data1\" content=\"Marko Maunula\" \/>\n\t<meta name=\"twitter:label2\" content=\"Est. reading time\" \/>\n\t<meta name=\"twitter:data2\" content=\"1 minuutti\" \/>\n<script type=\"application\/ld+json\" class=\"yoast-schema-graph\">{\"@context\":\"https:\/\/schema.org\",\"@graph\":[{\"@type\":\"WebPage\",\"@id\":\"https:\/\/suomenkuvalehti.fi\/americana\/onko-jumala-vihainen-republikaaneille\/\",\"url\":\"https:\/\/suomenkuvalehti.fi\/americana\/onko-jumala-vihainen-republikaaneille\/\",\"name\":\"Onko Jumala vihainen republikaaneille? - Americana\",\"isPartOf\":{\"@id\":\"https:\/\/suomenkuvalehti.fi\/americana\/#website\"},\"datePublished\":\"2012-08-24T10:28:39+00:00\",\"dateModified\":\"2013-11-30T14:22:03+00:00\",\"author\":{\"@id\":\"https:\/\/suomenkuvalehti.fi\/americana\/#\/schema\/person\/12d514491cb37506bc39c8e10176c3ec\"},\"breadcrumb\":{\"@id\":\"https:\/\/suomenkuvalehti.fi\/americana\/onko-jumala-vihainen-republikaaneille\/#breadcrumb\"},\"inLanguage\":\"fi\",\"potentialAction\":[{\"@type\":\"ReadAction\",\"target\":[\"https:\/\/suomenkuvalehti.fi\/americana\/onko-jumala-vihainen-republikaaneille\/\"]}]},{\"@type\":\"BreadcrumbList\",\"@id\":\"https:\/\/suomenkuvalehti.fi\/americana\/onko-jumala-vihainen-republikaaneille\/#breadcrumb\",\"itemListElement\":[{\"@type\":\"ListItem\",\"position\":1,\"name\":\"Home\",\"item\":\"https:\/\/suomenkuvalehti.fi\/americana\/\"},{\"@type\":\"ListItem\",\"position\":2,\"name\":\"Onko Jumala vihainen republikaaneille?\"}]},{\"@type\":\"WebSite\",\"@id\":\"https:\/\/suomenkuvalehti.fi\/americana\/#website\",\"url\":\"https:\/\/suomenkuvalehti.fi\/americana\/\",\"name\":\"Americana\",\"description\":\"Professori Marko Maunula seuraa USA:n politiikkaa ja populaarikulttuuria\",\"potentialAction\":[{\"@type\":\"SearchAction\",\"target\":{\"@type\":\"EntryPoint\",\"urlTemplate\":\"https:\/\/suomenkuvalehti.fi\/haku\/?q={search_term_string}\"},\"query-input\":{\"@type\":\"PropertyValueSpecification\",\"valueRequired\":true,\"valueName\":\"search_term_string\"}}],\"inLanguage\":\"fi\"},{\"@type\":\"Person\",\"@id\":\"https:\/\/suomenkuvalehti.fi\/americana\/#\/schema\/person\/12d514491cb37506bc39c8e10176c3ec\",\"name\":\"Marko Maunula\",\"image\":{\"@type\":\"ImageObject\",\"inLanguage\":\"fi\",\"@id\":\"https:\/\/suomenkuvalehti.fi\/americana\/#\/schema\/person\/image\/\",\"url\":\"https:\/\/suomenkuvalehti.fi\/americana\/wp-content\/uploads\/sites\/10\/2022\/04\/americana_maunula-150x150.jpg\",\"contentUrl\":\"https:\/\/suomenkuvalehti.fi\/americana\/wp-content\/uploads\/sites\/10\/2022\/04\/americana_maunula-150x150.jpg\",\"caption\":\"Marko Maunula\"},\"description\":\"Kirjoittaja on Yhdysvaltain historian professori Atlantassa.\"}]}<\/script>\n<!-- \/ Yoast SEO plugin. -->","yoast_head_json":{"title":"Onko Jumala vihainen republikaaneille? - Americana","robots":{"index":"noindex","follow":"follow"},"og_locale":"fi_FI","og_type":"article","og_title":"Onko Jumala vihainen republikaaneille? - Americana","og_description":"Er\u00e4s surkuhupaisimpia piirteit\u00e4 amerikkalaisessa uskonnollisessa fundamentalismissa on saarnaajien taipumus luokitella luonnonilmi\u00f6t, katastrofit ja jopa ihmisen aiheuttamat tragediat Jumalan rangaistukseksi &#8211; erityisesti jos ne iskev\u00e4t liberaaleihin osavaltioihin tai ei-&hellip;","og_url":"https:\/\/suomenkuvalehti.fi\/americana\/onko-jumala-vihainen-republikaaneille\/","og_site_name":"Americana","article_published_time":"2012-08-24T10:28:39+00:00","article_modified_time":"2013-11-30T14:22:03+00:00","og_image":[{"width":2560,"height":1706,"url":"https:\/\/suomenkuvalehti.fi\/americana\/wp-content\/uploads\/sites\/10\/2022\/04\/americana_maunula-scaled.jpg","type":"image\/jpeg"}],"author":"Marko Maunula","twitter_card":"summary_large_image","twitter_misc":{"Written by":"Marko Maunula","Est. reading time":"1 minuutti"},"schema":{"@context":"https:\/\/schema.org","@graph":[{"@type":"WebPage","@id":"https:\/\/suomenkuvalehti.fi\/americana\/onko-jumala-vihainen-republikaaneille\/","url":"https:\/\/suomenkuvalehti.fi\/americana\/onko-jumala-vihainen-republikaaneille\/","name":"Onko Jumala vihainen republikaaneille? - Americana","isPartOf":{"@id":"https:\/\/suomenkuvalehti.fi\/americana\/#website"},"datePublished":"2012-08-24T10:28:39+00:00","dateModified":"2013-11-30T14:22:03+00:00","author":{"@id":"https:\/\/suomenkuvalehti.fi\/americana\/#\/schema\/person\/12d514491cb37506bc39c8e10176c3ec"},"breadcrumb":{"@id":"https:\/\/suomenkuvalehti.fi\/americana\/onko-jumala-vihainen-republikaaneille\/#breadcrumb"},"inLanguage":"fi","potentialAction":[{"@type":"ReadAction","target":["https:\/\/suomenkuvalehti.fi\/americana\/onko-jumala-vihainen-republikaaneille\/"]}]},{"@type":"BreadcrumbList","@id":"https:\/\/suomenkuvalehti.fi\/americana\/onko-jumala-vihainen-republikaaneille\/#breadcrumb","itemListElement":[{"@type":"ListItem","position":1,"name":"Home","item":"https:\/\/suomenkuvalehti.fi\/americana\/"},{"@type":"ListItem","position":2,"name":"Onko Jumala vihainen republikaaneille?"}]},{"@type":"WebSite","@id":"https:\/\/suomenkuvalehti.fi\/americana\/#website","url":"https:\/\/suomenkuvalehti.fi\/americana\/","name":"Americana","description":"Professori Marko Maunula seuraa USA:n politiikkaa ja populaarikulttuuria","potentialAction":[{"@type":"SearchAction","target":{"@type":"EntryPoint","urlTemplate":"https:\/\/suomenkuvalehti.fi\/haku\/?q={search_term_string}"},"query-input":{"@type":"PropertyValueSpecification","valueRequired":true,"valueName":"search_term_string"}}],"inLanguage":"fi"},{"@type":"Person","@id":"https:\/\/suomenkuvalehti.fi\/americana\/#\/schema\/person\/12d514491cb37506bc39c8e10176c3ec","name":"Marko Maunula","image":{"@type":"ImageObject","inLanguage":"fi","@id":"https:\/\/suomenkuvalehti.fi\/americana\/#\/schema\/person\/image\/","url":"https:\/\/suomenkuvalehti.fi\/americana\/wp-content\/uploads\/sites\/10\/2022\/04\/americana_maunula-150x150.jpg","contentUrl":"https:\/\/suomenkuvalehti.fi\/americana\/wp-content\/uploads\/sites\/10\/2022\/04\/americana_maunula-150x150.jpg","caption":"Marko Maunula"},"description":"Kirjoittaja on Yhdysvaltain historian professori Atlantassa."}]}},"_links":{"self":[{"href":"https:\/\/suomenkuvalehti.fi\/americana\/wp-json\/wp\/v2\/posts\/283","targetHints":{"allow":["GET"]}}],"collection":[{"href":"https:\/\/suomenkuvalehti.fi\/americana\/wp-json\/wp\/v2\/posts"}],"about":[{"href":"https:\/\/suomenkuvalehti.fi\/americana\/wp-json\/wp\/v2\/types\/post"}],"author":[{"embeddable":true,"href":"https:\/\/suomenkuvalehti.fi\/americana\/wp-json\/wp\/v2\/users\/158"}],"replies":[{"embeddable":true,"href":"https:\/\/suomenkuvalehti.fi\/americana\/wp-json\/wp\/v2\/comments?post=283"}],"version-history":[{"count":1,"href":"https:\/\/suomenkuvalehti.fi\/americana\/wp-json\/wp\/v2\/posts\/283\/revisions"}],"predecessor-version":[{"id":902,"href":"https:\/\/suomenkuvalehti.fi\/americana\/wp-json\/wp\/v2\/posts\/283\/revisions\/902"}],"wp:attachment":[{"href":"https:\/\/suomenkuvalehti.fi\/americana\/wp-json\/wp\/v2\/media?parent=283"}],"wp:term":[{"taxonomy":"category","embeddable":true,"href":"https:\/\/suomenkuvalehti.fi\/americana\/wp-json\/wp\/v2\/categories?post=283"},{"taxonomy":"post_tag","embeddable":true,"href":"https:\/\/suomenkuvalehti.fi\/americana\/wp-json\/wp\/v2\/tags?post=283"}],"curies":[{"name":"wp","href":"https:\/\/api.w.org\/{rel}","templated":true}]}}