{"id":2532,"date":"2015-10-30T10:00:09","date_gmt":"2015-10-30T08:00:09","guid":{"rendered":"https:\/\/suomenkuvalehti.fi\/americana\/?p=2532"},"modified":"2015-10-30T08:21:53","modified_gmt":"2015-10-30T06:21:53","slug":"syyskuun-11-ja-trumpin-vakava-virhe","status":"publish","type":"post","link":"https:\/\/suomenkuvalehti.fi\/americana\/syyskuun-11-ja-trumpin-vakava-virhe\/","title":{"rendered":"Syyskuun 11. ja Trumpin vakava virhe"},"content":{"rendered":"\n<p><strong>Donald Trumpin<\/strong>&nbsp;kampanja on tarjonnut kiinnostavan n\u00e4k\u00f6kulman amerikkalaisen politiikan muuttumiseen ja republikaaniseen raivoon.<\/p>\n\n\n\n<p>Mies on ollut viihdytt\u00e4v\u00e4 vapaa radikaali. Vaurauden tuoma riippumattomuus kampanjarahoituksesta ja siihen liittyv\u00e4st\u00e4 establishmentin my\u00f6t\u00e4ilyst\u00e4 yhdistettyn\u00e4 valtavaan egoon on synnytt\u00e4nyt poliittisen ilmi\u00f6n, joka on h\u00e4mment\u00e4nyt amerikkalaisen politiikan analyytikkoja ja republikaanisia operaattoreita.<\/p>\n\n\n\n<p>Trumpin yhdistelm\u00e4 oikeistopopulismia (\u201drakennan muurin Yhdysvaltojen ja Meksikon v\u00e4lille\u201d) ja yll\u00e4tt\u00e4v\u00e4n liberaalia talouspolitiikkaa (\u201dpist\u00e4n hedge fund -managerit verolle\u201d) on purrut vihaiseen republikaaniseen keskiluokkaan, joka tuntee olevansa yhteiskunnan h\u00e4vi\u00e4ji\u00e4.<\/p>\n\n\n\n<p>Vasemman laidan identiteettipolitiikka ja oikean laidan korporaatioita ja Wall Streeti\u00e4 komppaava suurkapitalismi ovat luoneet ison ryhmittym\u00e4n l\u00e4hi\u00f6iden valkoisia \u00e4\u00e4nest\u00e4ji\u00e4, jotka uskovat olevansa uusi poliittisesti kadotettu sukupolvi. The Donald on puhunut heid\u00e4n kielt\u00e4\u00e4n.<\/p>\n\n\n\n<p>Mutta nyt the Donald on rikkonut ikonin, joka olisi pit\u00e4nyt j\u00e4tt\u00e4\u00e4 rauhaan.<\/p>\n\n\n\n<p>&nbsp;<\/p>\n\n\n\n<p>Viime aikoina Trump on asettanut osan syyskuun 11. p\u00e4iv\u00e4n terrori-iskujen syyst\u00e4 <strong>George W. Bushin<\/strong> harteille. Trump viittasi lausunnossaan, ett\u00e4 terrori-iskut tapahtuivat Bushin hallinnon alla.<\/p>\n\n\n\n<p>Lausunto on punainen vaate amerikkalaiselle oikeistolle. Monet konservatiiveistakin my\u00f6nt\u00e4v\u00e4t t\u00e4n\u00e4\u00e4n, ett\u00e4 Bushin presidenttikausi oli pettymys. He kritisoivat Bushin talouspolitiikkaa ja Irakin katastrofia, tehotonta hallintoa ja heikkoa kommunikointia. Mutta uskomus, ett\u00e4 Bush piti Yhdysvallat kuitenkin turvassa, on heid\u00e4n viimeinen ideologinen oljenkortensa.<\/p>\n\n\n\n<p>Republikaanit ovat hy\u00f6k\u00e4nneet Trumpia vastaan <a href=\"http:\/\/www.theatlantic.com\/politics\/archive\/2015\/10\/did-george-w-bush-do-all-he-could-to-prevent-911\/411175\/?utm_source=SFFB\" target=\"_blank\">laajalla rintamalla<\/a> syytt\u00e4en h\u00e4nt\u00e4 jopa 9\/11 truther -liikkeen komppaamisesta. Bushin sankaruus terrorismin vastaisessa sodassa on keskeinen osa modernin republikanismin folkloriikkaa.<\/p>\n\n\n\n<p>Republikaanien establishmentin kritiikki on Trumpille merkitykset\u00f6nt\u00e4. Sitkeist\u00e4 yrityksist\u00e4 huolimatta se ei ole kyennyt pys\u00e4ytt\u00e4m\u00e4\u00e4n tai edes hidastamaan Trump-ilmi\u00f6t\u00e4. Mutta kansan \u00e4\u00e4ni merkitsee.<\/p>\n\n\n\n<p>Niin subjektiivisten arvioiden (keskustelut republikaanisten, Trumpia ymm\u00e4rt\u00e4neiden ja jopa kompanneiden tuttavieni kanssa) kuin mielipidetiedusteluidenkin perusteella Trumpin lausunto meni liian pitk\u00e4lle.<\/p>\n\n\n\n<p>Tuoreet <a href=\"http:\/\/www.cnn.com\/2015\/10\/27\/politics\/ben-carson-donald-trump-cbs-poll\/\" target=\"_blank\">tutkimukset osoittavat<\/a> <strong>Ben Carsonin<\/strong> ohittaneen Trumpin niin kansallisesti kuin Iowassakin, symbolisesti t\u00e4rke\u00e4ss\u00e4 ensimm\u00e4isess\u00e4 esivaalivaltiossa.<\/p>\n\n\n\n<p>Kuten <strong>Hunter S. Thompson<\/strong> sanoi: \u201dVain he jotka ovat ylitt\u00e4neet sen tiet\u00e4v\u00e4t miss\u00e4 raja kulkee.\u201d Trump on nyt tietoinen sen olemassaolosta.<\/p>\n\n\n\n<p>&nbsp;<\/p>\n\n\n\n<p><em>Soundtrack: Them Crooked Vultures, <a href=\"https:\/\/www.youtube.com\/watch?v=S7_vH3H8LPI\" target=\"_blank\">New Fang<\/a><\/em><\/p>\n\n\n","protected":false},"excerpt":{"rendered":"<p>Donald Trumpin&nbsp;kampanja on tarjonnut kiinnostavan n\u00e4k\u00f6kulman amerikkalaisen politiikan muuttumiseen ja republikaaniseen raivoon. Mies on ollut viihdytt\u00e4v\u00e4 vapaa radikaali. Vaurauden tuoma riippumattomuus kampanjarahoituksesta ja siihen liittyv\u00e4st\u00e4 establishmentin my\u00f6t\u00e4ilyst\u00e4<br \/>\nyhdistet&hellip;<\/p>\n","protected":false},"author":158,"featured_media":0,"comment_status":"open","ping_status":"open","sticky":false,"template":"","format":"standard","meta":{"_acf_changed":false,"asauth_required_access_level":3,"asauth_cansharepaid":"true","om_header_attributes":[],"footnotes":"","om_featured_image_focal_point":[],"om_primary_tag":0,"om_contributors":[],"om_co_authors":[],"beyondwords_generate_audio":"","beyondwords_project_id":"","beyondwords_content_id":"","beyondwords_preview_token":"","beyondwords_player_content":"","beyondwords_player_style":"","beyondwords_language_code":"","beyondwords_language_id":"","beyondwords_title_voice_id":"","beyondwords_body_voice_id":"","beyondwords_summary_voice_id":"","beyondwords_error_message":"","beyondwords_disabled":"","beyondwords_delete_content":"","beyondwords_podcast_id":"","beyondwords_hash":"","publish_post_to_speechkit":"","speechkit_hash":"","speechkit_generate_audio":"","speechkit_project_id":"","speechkit_podcast_id":"","speechkit_error_message":"","speechkit_disabled":"","speechkit_access_key":"","speechkit_error":"","speechkit_info":"","speechkit_response":"","speechkit_retries":"","speechkit_status":"","speechkit_updated_at":"","_speechkit_link":"","_speechkit_text":""},"categories":[1],"tags":[1474,763,1709,586,192,1740,30,375],"class_list":["post-2532","post","type-post","status-publish","format-standard","hentry","category-americana","tag-1474","tag-763","tag-ben-carson","tag-donald-trump","tag-george-w-bush","tag-mielipidetiedustelut","tag-republikaanit","tag-vaalit"],"om_views":null,"acf":{"tuuma_off":false,"tuuma_kysymys":"","tuuma_vastaus":""},"asauth":{"required_access_level":1,"share_token":"","is_paid":false},"yoast_head":"<!-- This site is optimized with the Yoast SEO plugin v26.4 - https:\/\/yoast.com\/wordpress\/plugins\/seo\/ -->\n<title>Syyskuun 11. ja Trumpin vakava virhe - Americana<\/title>\n<meta name=\"robots\" content=\"noindex, follow\" \/>\n<meta property=\"og:locale\" content=\"fi_FI\" \/>\n<meta property=\"og:type\" content=\"article\" \/>\n<meta property=\"og:title\" content=\"Syyskuun 11. ja Trumpin vakava virhe - Americana\" \/>\n<meta property=\"og:description\" content=\"Donald Trumpin&nbsp;kampanja on tarjonnut kiinnostavan n\u00e4k\u00f6kulman amerikkalaisen politiikan muuttumiseen ja republikaaniseen raivoon. Mies on ollut viihdytt\u00e4v\u00e4 vapaa radikaali. Vaurauden tuoma riippumattomuus kampanjarahoituksesta ja siihen liittyv\u00e4st\u00e4 establishmentin my\u00f6t\u00e4ilyst\u00e4 yhdistet&hellip;\" \/>\n<meta property=\"og:url\" content=\"https:\/\/suomenkuvalehti.fi\/americana\/syyskuun-11-ja-trumpin-vakava-virhe\/\" \/>\n<meta property=\"og:site_name\" content=\"Americana\" \/>\n<meta property=\"article:published_time\" content=\"2015-10-30T08:00:09+00:00\" \/>\n<meta property=\"og:image\" content=\"https:\/\/suomenkuvalehti.fi\/americana\/wp-content\/uploads\/sites\/10\/2022\/04\/americana_maunula-scaled.jpg\" \/>\n\t<meta property=\"og:image:width\" content=\"2560\" \/>\n\t<meta property=\"og:image:height\" content=\"1706\" \/>\n\t<meta property=\"og:image:type\" content=\"image\/jpeg\" \/>\n<meta name=\"author\" content=\"Marko Maunula\" \/>\n<meta name=\"twitter:card\" content=\"summary_large_image\" \/>\n<meta name=\"twitter:label1\" content=\"Written by\" \/>\n\t<meta name=\"twitter:data1\" content=\"Marko Maunula\" \/>\n\t<meta name=\"twitter:label2\" content=\"Est. reading time\" \/>\n\t<meta name=\"twitter:data2\" content=\"2 minuuttia\" \/>\n<script type=\"application\/ld+json\" class=\"yoast-schema-graph\">{\"@context\":\"https:\/\/schema.org\",\"@graph\":[{\"@type\":\"WebPage\",\"@id\":\"https:\/\/suomenkuvalehti.fi\/americana\/syyskuun-11-ja-trumpin-vakava-virhe\/\",\"url\":\"https:\/\/suomenkuvalehti.fi\/americana\/syyskuun-11-ja-trumpin-vakava-virhe\/\",\"name\":\"Syyskuun 11. ja Trumpin vakava virhe - Americana\",\"isPartOf\":{\"@id\":\"https:\/\/suomenkuvalehti.fi\/americana\/#website\"},\"datePublished\":\"2015-10-30T08:00:09+00:00\",\"author\":{\"@id\":\"https:\/\/suomenkuvalehti.fi\/americana\/#\/schema\/person\/12d514491cb37506bc39c8e10176c3ec\"},\"breadcrumb\":{\"@id\":\"https:\/\/suomenkuvalehti.fi\/americana\/syyskuun-11-ja-trumpin-vakava-virhe\/#breadcrumb\"},\"inLanguage\":\"fi\",\"potentialAction\":[{\"@type\":\"ReadAction\",\"target\":[\"https:\/\/suomenkuvalehti.fi\/americana\/syyskuun-11-ja-trumpin-vakava-virhe\/\"]}]},{\"@type\":\"BreadcrumbList\",\"@id\":\"https:\/\/suomenkuvalehti.fi\/americana\/syyskuun-11-ja-trumpin-vakava-virhe\/#breadcrumb\",\"itemListElement\":[{\"@type\":\"ListItem\",\"position\":1,\"name\":\"Home\",\"item\":\"https:\/\/suomenkuvalehti.fi\/americana\/\"},{\"@type\":\"ListItem\",\"position\":2,\"name\":\"Syyskuun 11. ja Trumpin vakava virhe\"}]},{\"@type\":\"WebSite\",\"@id\":\"https:\/\/suomenkuvalehti.fi\/americana\/#website\",\"url\":\"https:\/\/suomenkuvalehti.fi\/americana\/\",\"name\":\"Americana\",\"description\":\"Professori Marko Maunula seuraa USA:n politiikkaa ja populaarikulttuuria\",\"potentialAction\":[{\"@type\":\"SearchAction\",\"target\":{\"@type\":\"EntryPoint\",\"urlTemplate\":\"https:\/\/suomenkuvalehti.fi\/haku\/?q={search_term_string}\"},\"query-input\":{\"@type\":\"PropertyValueSpecification\",\"valueRequired\":true,\"valueName\":\"search_term_string\"}}],\"inLanguage\":\"fi\"},{\"@type\":\"Person\",\"@id\":\"https:\/\/suomenkuvalehti.fi\/americana\/#\/schema\/person\/12d514491cb37506bc39c8e10176c3ec\",\"name\":\"Marko Maunula\",\"image\":{\"@type\":\"ImageObject\",\"inLanguage\":\"fi\",\"@id\":\"https:\/\/suomenkuvalehti.fi\/americana\/#\/schema\/person\/image\/\",\"url\":\"https:\/\/suomenkuvalehti.fi\/americana\/wp-content\/uploads\/sites\/10\/2022\/04\/americana_maunula-150x150.jpg\",\"contentUrl\":\"https:\/\/suomenkuvalehti.fi\/americana\/wp-content\/uploads\/sites\/10\/2022\/04\/americana_maunula-150x150.jpg\",\"caption\":\"Marko Maunula\"},\"description\":\"Kirjoittaja on Yhdysvaltain historian professori Atlantassa.\"}]}<\/script>\n<!-- \/ Yoast SEO plugin. -->","yoast_head_json":{"title":"Syyskuun 11. ja Trumpin vakava virhe - Americana","robots":{"index":"noindex","follow":"follow"},"og_locale":"fi_FI","og_type":"article","og_title":"Syyskuun 11. ja Trumpin vakava virhe - Americana","og_description":"Donald Trumpin&nbsp;kampanja on tarjonnut kiinnostavan n\u00e4k\u00f6kulman amerikkalaisen politiikan muuttumiseen ja republikaaniseen raivoon. Mies on ollut viihdytt\u00e4v\u00e4 vapaa radikaali. Vaurauden tuoma riippumattomuus kampanjarahoituksesta ja siihen liittyv\u00e4st\u00e4 establishmentin my\u00f6t\u00e4ilyst\u00e4 yhdistet&hellip;","og_url":"https:\/\/suomenkuvalehti.fi\/americana\/syyskuun-11-ja-trumpin-vakava-virhe\/","og_site_name":"Americana","article_published_time":"2015-10-30T08:00:09+00:00","og_image":[{"width":2560,"height":1706,"url":"https:\/\/suomenkuvalehti.fi\/americana\/wp-content\/uploads\/sites\/10\/2022\/04\/americana_maunula-scaled.jpg","type":"image\/jpeg"}],"author":"Marko Maunula","twitter_card":"summary_large_image","twitter_misc":{"Written by":"Marko Maunula","Est. reading time":"2 minuuttia"},"schema":{"@context":"https:\/\/schema.org","@graph":[{"@type":"WebPage","@id":"https:\/\/suomenkuvalehti.fi\/americana\/syyskuun-11-ja-trumpin-vakava-virhe\/","url":"https:\/\/suomenkuvalehti.fi\/americana\/syyskuun-11-ja-trumpin-vakava-virhe\/","name":"Syyskuun 11. ja Trumpin vakava virhe - Americana","isPartOf":{"@id":"https:\/\/suomenkuvalehti.fi\/americana\/#website"},"datePublished":"2015-10-30T08:00:09+00:00","author":{"@id":"https:\/\/suomenkuvalehti.fi\/americana\/#\/schema\/person\/12d514491cb37506bc39c8e10176c3ec"},"breadcrumb":{"@id":"https:\/\/suomenkuvalehti.fi\/americana\/syyskuun-11-ja-trumpin-vakava-virhe\/#breadcrumb"},"inLanguage":"fi","potentialAction":[{"@type":"ReadAction","target":["https:\/\/suomenkuvalehti.fi\/americana\/syyskuun-11-ja-trumpin-vakava-virhe\/"]}]},{"@type":"BreadcrumbList","@id":"https:\/\/suomenkuvalehti.fi\/americana\/syyskuun-11-ja-trumpin-vakava-virhe\/#breadcrumb","itemListElement":[{"@type":"ListItem","position":1,"name":"Home","item":"https:\/\/suomenkuvalehti.fi\/americana\/"},{"@type":"ListItem","position":2,"name":"Syyskuun 11. ja Trumpin vakava virhe"}]},{"@type":"WebSite","@id":"https:\/\/suomenkuvalehti.fi\/americana\/#website","url":"https:\/\/suomenkuvalehti.fi\/americana\/","name":"Americana","description":"Professori Marko Maunula seuraa USA:n politiikkaa ja populaarikulttuuria","potentialAction":[{"@type":"SearchAction","target":{"@type":"EntryPoint","urlTemplate":"https:\/\/suomenkuvalehti.fi\/haku\/?q={search_term_string}"},"query-input":{"@type":"PropertyValueSpecification","valueRequired":true,"valueName":"search_term_string"}}],"inLanguage":"fi"},{"@type":"Person","@id":"https:\/\/suomenkuvalehti.fi\/americana\/#\/schema\/person\/12d514491cb37506bc39c8e10176c3ec","name":"Marko Maunula","image":{"@type":"ImageObject","inLanguage":"fi","@id":"https:\/\/suomenkuvalehti.fi\/americana\/#\/schema\/person\/image\/","url":"https:\/\/suomenkuvalehti.fi\/americana\/wp-content\/uploads\/sites\/10\/2022\/04\/americana_maunula-150x150.jpg","contentUrl":"https:\/\/suomenkuvalehti.fi\/americana\/wp-content\/uploads\/sites\/10\/2022\/04\/americana_maunula-150x150.jpg","caption":"Marko Maunula"},"description":"Kirjoittaja on Yhdysvaltain historian professori Atlantassa."}]}},"_links":{"self":[{"href":"https:\/\/suomenkuvalehti.fi\/americana\/wp-json\/wp\/v2\/posts\/2532","targetHints":{"allow":["GET"]}}],"collection":[{"href":"https:\/\/suomenkuvalehti.fi\/americana\/wp-json\/wp\/v2\/posts"}],"about":[{"href":"https:\/\/suomenkuvalehti.fi\/americana\/wp-json\/wp\/v2\/types\/post"}],"author":[{"embeddable":true,"href":"https:\/\/suomenkuvalehti.fi\/americana\/wp-json\/wp\/v2\/users\/158"}],"replies":[{"embeddable":true,"href":"https:\/\/suomenkuvalehti.fi\/americana\/wp-json\/wp\/v2\/comments?post=2532"}],"version-history":[{"count":4,"href":"https:\/\/suomenkuvalehti.fi\/americana\/wp-json\/wp\/v2\/posts\/2532\/revisions"}],"predecessor-version":[{"id":2536,"href":"https:\/\/suomenkuvalehti.fi\/americana\/wp-json\/wp\/v2\/posts\/2532\/revisions\/2536"}],"wp:attachment":[{"href":"https:\/\/suomenkuvalehti.fi\/americana\/wp-json\/wp\/v2\/media?parent=2532"}],"wp:term":[{"taxonomy":"category","embeddable":true,"href":"https:\/\/suomenkuvalehti.fi\/americana\/wp-json\/wp\/v2\/categories?post=2532"},{"taxonomy":"post_tag","embeddable":true,"href":"https:\/\/suomenkuvalehti.fi\/americana\/wp-json\/wp\/v2\/tags?post=2532"}],"curies":[{"name":"wp","href":"https:\/\/api.w.org\/{rel}","templated":true}]}}