{"id":2179,"date":"2015-02-10T19:00:33","date_gmt":"2015-02-10T17:00:33","guid":{"rendered":"https:\/\/suomenkuvalehti.fi\/americana\/?p=2179"},"modified":"2015-02-10T17:33:35","modified_gmt":"2015-02-10T15:33:35","slug":"markon-leukemia-toinen-era","status":"publish","type":"post","link":"https:\/\/suomenkuvalehti.fi\/americana\/markon-leukemia-toinen-era\/","title":{"rendered":"Markon leukemia, toinen er\u00e4"},"content":{"rendered":"\n<p>Ensimm\u00e4iset h\u00e4iritsev\u00e4t vihjeet terveydentilastani ilmestyiv\u00e4t joulun alla.<\/p>\n\n\n\n<p>Havaitsin pari selitt\u00e4m\u00e4t\u00f6nt\u00e4 mustelmaa yl\u00e4kropassani ja reisiss\u00e4ni. En ollut pelannut salibandya kuukausiin enk\u00e4 telonut itse\u00e4ni kuntosalilla. Ehk\u00e4 mastiffimme hypp\u00e4si leikkiess\u00e4\u00e4n p\u00e4\u00e4lleni? Kolhaisinko itse\u00e4ni kauppakassilla?<\/p>\n\n\n\n<p>Partaa ajaessani pienet nirhaisut vuotivat verta turhan paljon. Kuntoillessani tankki tyhjeni nopeasti, vaikka minun olisi pit\u00e4nyt olla ihan kelvollisessa fyysisess\u00e4 vedossa. Iltaisin nukahdin sohvalle television \u00e4\u00e4reen pian iltakahdeksan j\u00e4lkeen.<\/p>\n\n\n\n<p>Yritin etsi\u00e4 selityksi\u00e4 stressist\u00e4, mutta huijasin ainoastaan itse\u00e4ni. Tunnistin oireet viiden vuoden takaa; todellisuuden kielt\u00e4minen ei tehonnut hoitomuotona.<\/p>\n\n\n\n<p>Tammikuinen vierailu l\u00e4\u00e4k\u00e4rill\u00e4 todisti veriarvojeni pudonneen. Pari viikkoa my\u00f6hemmin luuydinn\u00e4yte vahvisti diagnoosin. Karvasoluleukemia, painikaverini vuodelta 2009<span class=\"st\">\u2013<\/span>2010, on palannut.<\/p>\n\n\n\n<p>Uupumusta ja anemiaa lukuun ottamatta olen toistaiseksi hyv\u00e4ss\u00e4 kunnossa. Pernani on edelleen melko normaali, voin jatkaa tavallista el\u00e4m\u00e4\u00e4ni aina kemon aloittamiseen saakka. Henkisesti perheeni ja min\u00e4 olemme toipuneet uutisesta ja suhtaudumme alkavaan hoitoon optimistisesti.<\/p>\n\n\n\n<p>Hematologini kanssa neuvoteltuamme p\u00e4\u00e4timme aloittaa hoidon maaliskuun lopussa. Ennen kemoa minun on teht\u00e4v\u00e4 t\u00e4rke\u00e4 ty\u00f6reissu Italiaan ja kunnon lomamatka vaimoni kanssa. Seuraavat viikot tai kuukaudet oloni muistuttaa parhaimmillaan kroonista krapulaa ja huonoimmillaan hakattua koiraa raekuurossa.<\/p>\n\n\n\n<p>Miksi julkistan terveydentilani? Halusin uutisen avulla selitt\u00e4\u00e4 mahdolliset lyhyet tauot tulevassa kirjoitustahdissani. Toivon my\u00f6s, ett\u00e4 seuraavien kuukausien aikana julkaisemani taudin hoitoa koskevat p\u00e4ivitykset antavat kiinnostavaa tietoa amerikkalaisesta terveydenhoidosta.<\/p>\n\n\n\n<p>Talven selk\u00e4 on taittunut; aurinko paistaa pilvett\u00f6m\u00e4lt\u00e4 Georgian taivaalta. Olen suunnattoman onnekas mies, kaikesta huolimatta. El\u00e4m\u00e4 on kaunista ja se jatkuu.<\/p>\n\n\n\n<p><em>Soundtrack: Talk Talk, <a title=\"YouTube\" href=\"https:\/\/www.youtube.com\/watch?v=tpGkiZ7FGmg\" target=\"_blank\">Happiness Is Easy<\/a><\/em><\/p>\n\n\n","protected":false},"excerpt":{"rendered":"<p>Ensimm\u00e4iset h\u00e4iritsev\u00e4t vihjeet terveydentilastani ilmestyiv\u00e4t joulun alla. Havaitsin pari selitt\u00e4m\u00e4t\u00f6nt\u00e4 mustelmaa yl\u00e4kropassani ja reisiss\u00e4ni. En ollut pelannut salibandya kuukausiin enk\u00e4 telonut itse\u00e4ni kuntosalilla. Ehk\u00e4 mastiffimme hypp\u00e4si leikkiess\u00e4\u00e4n p\u00e4\u00e4lleni? Kolhaisinko<br \/>\nitse\u00e4ni kauppakas&hellip;<\/p>\n","protected":false},"author":158,"featured_media":0,"comment_status":"open","ping_status":"open","sticky":false,"template":"","format":"standard","meta":{"_acf_changed":false,"asauth_required_access_level":3,"asauth_cansharepaid":"true","om_header_attributes":[],"footnotes":"","om_featured_image_focal_point":[],"om_primary_tag":0,"om_contributors":[],"om_co_authors":[],"beyondwords_generate_audio":"","beyondwords_project_id":"","beyondwords_content_id":"","beyondwords_preview_token":"","beyondwords_player_content":"","beyondwords_player_style":"","beyondwords_language_code":"","beyondwords_language_id":"","beyondwords_title_voice_id":"","beyondwords_body_voice_id":"","beyondwords_summary_voice_id":"","beyondwords_error_message":"","beyondwords_disabled":"","beyondwords_delete_content":"","beyondwords_podcast_id":"","beyondwords_hash":"","publish_post_to_speechkit":"","speechkit_hash":"","speechkit_generate_audio":"","speechkit_project_id":"","speechkit_podcast_id":"","speechkit_error_message":"","speechkit_disabled":"","speechkit_access_key":"","speechkit_error":"","speechkit_info":"","speechkit_response":"","speechkit_retries":"","speechkit_status":"","speechkit_updated_at":"","_speechkit_link":"","_speechkit_text":""},"categories":[1],"tags":[1645,1646,1204],"class_list":["post-2179","post","type-post","status-publish","format-standard","hentry","category-americana","tag-hoito","tag-karvasoluleukemia","tag-leukemia"],"om_views":null,"acf":{"tuuma_off":false,"tuuma_kysymys":"","tuuma_vastaus":""},"asauth":{"required_access_level":1,"share_token":"","is_paid":false},"yoast_head":"<!-- This site is optimized with the Yoast SEO plugin v26.4 - https:\/\/yoast.com\/wordpress\/plugins\/seo\/ -->\n<title>Markon leukemia, toinen er\u00e4 - Americana<\/title>\n<meta name=\"robots\" content=\"noindex, follow\" \/>\n<meta property=\"og:locale\" content=\"fi_FI\" \/>\n<meta property=\"og:type\" content=\"article\" \/>\n<meta property=\"og:title\" content=\"Markon leukemia, toinen er\u00e4 - Americana\" \/>\n<meta property=\"og:description\" content=\"Ensimm\u00e4iset h\u00e4iritsev\u00e4t vihjeet terveydentilastani ilmestyiv\u00e4t joulun alla. Havaitsin pari selitt\u00e4m\u00e4t\u00f6nt\u00e4 mustelmaa yl\u00e4kropassani ja reisiss\u00e4ni. En ollut pelannut salibandya kuukausiin enk\u00e4 telonut itse\u00e4ni kuntosalilla. Ehk\u00e4 mastiffimme hypp\u00e4si leikkiess\u00e4\u00e4n p\u00e4\u00e4lleni? Kolhaisinko itse\u00e4ni kauppakas&hellip;\" \/>\n<meta property=\"og:url\" content=\"https:\/\/suomenkuvalehti.fi\/americana\/markon-leukemia-toinen-era\/\" \/>\n<meta property=\"og:site_name\" content=\"Americana\" \/>\n<meta property=\"article:published_time\" content=\"2015-02-10T17:00:33+00:00\" \/>\n<meta property=\"og:image\" content=\"https:\/\/suomenkuvalehti.fi\/americana\/wp-content\/uploads\/sites\/10\/2022\/04\/americana_maunula-scaled.jpg\" \/>\n\t<meta property=\"og:image:width\" content=\"2560\" \/>\n\t<meta property=\"og:image:height\" content=\"1706\" \/>\n\t<meta property=\"og:image:type\" content=\"image\/jpeg\" \/>\n<meta name=\"author\" content=\"Marko Maunula\" \/>\n<meta name=\"twitter:card\" content=\"summary_large_image\" \/>\n<meta name=\"twitter:label1\" content=\"Written by\" \/>\n\t<meta name=\"twitter:data1\" content=\"Marko Maunula\" \/>\n\t<meta name=\"twitter:label2\" content=\"Est. reading time\" \/>\n\t<meta name=\"twitter:data2\" content=\"1 minuutti\" \/>\n<script type=\"application\/ld+json\" class=\"yoast-schema-graph\">{\"@context\":\"https:\/\/schema.org\",\"@graph\":[{\"@type\":\"WebPage\",\"@id\":\"https:\/\/suomenkuvalehti.fi\/americana\/markon-leukemia-toinen-era\/\",\"url\":\"https:\/\/suomenkuvalehti.fi\/americana\/markon-leukemia-toinen-era\/\",\"name\":\"Markon leukemia, toinen er\u00e4 - Americana\",\"isPartOf\":{\"@id\":\"https:\/\/suomenkuvalehti.fi\/americana\/#website\"},\"datePublished\":\"2015-02-10T17:00:33+00:00\",\"author\":{\"@id\":\"https:\/\/suomenkuvalehti.fi\/americana\/#\/schema\/person\/12d514491cb37506bc39c8e10176c3ec\"},\"breadcrumb\":{\"@id\":\"https:\/\/suomenkuvalehti.fi\/americana\/markon-leukemia-toinen-era\/#breadcrumb\"},\"inLanguage\":\"fi\",\"potentialAction\":[{\"@type\":\"ReadAction\",\"target\":[\"https:\/\/suomenkuvalehti.fi\/americana\/markon-leukemia-toinen-era\/\"]}]},{\"@type\":\"BreadcrumbList\",\"@id\":\"https:\/\/suomenkuvalehti.fi\/americana\/markon-leukemia-toinen-era\/#breadcrumb\",\"itemListElement\":[{\"@type\":\"ListItem\",\"position\":1,\"name\":\"Home\",\"item\":\"https:\/\/suomenkuvalehti.fi\/americana\/\"},{\"@type\":\"ListItem\",\"position\":2,\"name\":\"Markon leukemia, toinen er\u00e4\"}]},{\"@type\":\"WebSite\",\"@id\":\"https:\/\/suomenkuvalehti.fi\/americana\/#website\",\"url\":\"https:\/\/suomenkuvalehti.fi\/americana\/\",\"name\":\"Americana\",\"description\":\"Professori Marko Maunula seuraa USA:n politiikkaa ja populaarikulttuuria\",\"potentialAction\":[{\"@type\":\"SearchAction\",\"target\":{\"@type\":\"EntryPoint\",\"urlTemplate\":\"https:\/\/suomenkuvalehti.fi\/haku\/?q={search_term_string}\"},\"query-input\":{\"@type\":\"PropertyValueSpecification\",\"valueRequired\":true,\"valueName\":\"search_term_string\"}}],\"inLanguage\":\"fi\"},{\"@type\":\"Person\",\"@id\":\"https:\/\/suomenkuvalehti.fi\/americana\/#\/schema\/person\/12d514491cb37506bc39c8e10176c3ec\",\"name\":\"Marko Maunula\",\"image\":{\"@type\":\"ImageObject\",\"inLanguage\":\"fi\",\"@id\":\"https:\/\/suomenkuvalehti.fi\/americana\/#\/schema\/person\/image\/\",\"url\":\"https:\/\/suomenkuvalehti.fi\/americana\/wp-content\/uploads\/sites\/10\/2022\/04\/americana_maunula-150x150.jpg\",\"contentUrl\":\"https:\/\/suomenkuvalehti.fi\/americana\/wp-content\/uploads\/sites\/10\/2022\/04\/americana_maunula-150x150.jpg\",\"caption\":\"Marko Maunula\"},\"description\":\"Kirjoittaja on Yhdysvaltain historian professori Atlantassa.\"}]}<\/script>\n<!-- \/ Yoast SEO plugin. -->","yoast_head_json":{"title":"Markon leukemia, toinen er\u00e4 - Americana","robots":{"index":"noindex","follow":"follow"},"og_locale":"fi_FI","og_type":"article","og_title":"Markon leukemia, toinen er\u00e4 - Americana","og_description":"Ensimm\u00e4iset h\u00e4iritsev\u00e4t vihjeet terveydentilastani ilmestyiv\u00e4t joulun alla. Havaitsin pari selitt\u00e4m\u00e4t\u00f6nt\u00e4 mustelmaa yl\u00e4kropassani ja reisiss\u00e4ni. En ollut pelannut salibandya kuukausiin enk\u00e4 telonut itse\u00e4ni kuntosalilla. Ehk\u00e4 mastiffimme hypp\u00e4si leikkiess\u00e4\u00e4n p\u00e4\u00e4lleni? Kolhaisinko itse\u00e4ni kauppakas&hellip;","og_url":"https:\/\/suomenkuvalehti.fi\/americana\/markon-leukemia-toinen-era\/","og_site_name":"Americana","article_published_time":"2015-02-10T17:00:33+00:00","og_image":[{"width":2560,"height":1706,"url":"https:\/\/suomenkuvalehti.fi\/americana\/wp-content\/uploads\/sites\/10\/2022\/04\/americana_maunula-scaled.jpg","type":"image\/jpeg"}],"author":"Marko Maunula","twitter_card":"summary_large_image","twitter_misc":{"Written by":"Marko Maunula","Est. reading time":"1 minuutti"},"schema":{"@context":"https:\/\/schema.org","@graph":[{"@type":"WebPage","@id":"https:\/\/suomenkuvalehti.fi\/americana\/markon-leukemia-toinen-era\/","url":"https:\/\/suomenkuvalehti.fi\/americana\/markon-leukemia-toinen-era\/","name":"Markon leukemia, toinen er\u00e4 - Americana","isPartOf":{"@id":"https:\/\/suomenkuvalehti.fi\/americana\/#website"},"datePublished":"2015-02-10T17:00:33+00:00","author":{"@id":"https:\/\/suomenkuvalehti.fi\/americana\/#\/schema\/person\/12d514491cb37506bc39c8e10176c3ec"},"breadcrumb":{"@id":"https:\/\/suomenkuvalehti.fi\/americana\/markon-leukemia-toinen-era\/#breadcrumb"},"inLanguage":"fi","potentialAction":[{"@type":"ReadAction","target":["https:\/\/suomenkuvalehti.fi\/americana\/markon-leukemia-toinen-era\/"]}]},{"@type":"BreadcrumbList","@id":"https:\/\/suomenkuvalehti.fi\/americana\/markon-leukemia-toinen-era\/#breadcrumb","itemListElement":[{"@type":"ListItem","position":1,"name":"Home","item":"https:\/\/suomenkuvalehti.fi\/americana\/"},{"@type":"ListItem","position":2,"name":"Markon leukemia, toinen er\u00e4"}]},{"@type":"WebSite","@id":"https:\/\/suomenkuvalehti.fi\/americana\/#website","url":"https:\/\/suomenkuvalehti.fi\/americana\/","name":"Americana","description":"Professori Marko Maunula seuraa USA:n politiikkaa ja populaarikulttuuria","potentialAction":[{"@type":"SearchAction","target":{"@type":"EntryPoint","urlTemplate":"https:\/\/suomenkuvalehti.fi\/haku\/?q={search_term_string}"},"query-input":{"@type":"PropertyValueSpecification","valueRequired":true,"valueName":"search_term_string"}}],"inLanguage":"fi"},{"@type":"Person","@id":"https:\/\/suomenkuvalehti.fi\/americana\/#\/schema\/person\/12d514491cb37506bc39c8e10176c3ec","name":"Marko Maunula","image":{"@type":"ImageObject","inLanguage":"fi","@id":"https:\/\/suomenkuvalehti.fi\/americana\/#\/schema\/person\/image\/","url":"https:\/\/suomenkuvalehti.fi\/americana\/wp-content\/uploads\/sites\/10\/2022\/04\/americana_maunula-150x150.jpg","contentUrl":"https:\/\/suomenkuvalehti.fi\/americana\/wp-content\/uploads\/sites\/10\/2022\/04\/americana_maunula-150x150.jpg","caption":"Marko Maunula"},"description":"Kirjoittaja on Yhdysvaltain historian professori Atlantassa."}]}},"_links":{"self":[{"href":"https:\/\/suomenkuvalehti.fi\/americana\/wp-json\/wp\/v2\/posts\/2179","targetHints":{"allow":["GET"]}}],"collection":[{"href":"https:\/\/suomenkuvalehti.fi\/americana\/wp-json\/wp\/v2\/posts"}],"about":[{"href":"https:\/\/suomenkuvalehti.fi\/americana\/wp-json\/wp\/v2\/types\/post"}],"author":[{"embeddable":true,"href":"https:\/\/suomenkuvalehti.fi\/americana\/wp-json\/wp\/v2\/users\/158"}],"replies":[{"embeddable":true,"href":"https:\/\/suomenkuvalehti.fi\/americana\/wp-json\/wp\/v2\/comments?post=2179"}],"version-history":[{"count":5,"href":"https:\/\/suomenkuvalehti.fi\/americana\/wp-json\/wp\/v2\/posts\/2179\/revisions"}],"predecessor-version":[{"id":2186,"href":"https:\/\/suomenkuvalehti.fi\/americana\/wp-json\/wp\/v2\/posts\/2179\/revisions\/2186"}],"wp:attachment":[{"href":"https:\/\/suomenkuvalehti.fi\/americana\/wp-json\/wp\/v2\/media?parent=2179"}],"wp:term":[{"taxonomy":"category","embeddable":true,"href":"https:\/\/suomenkuvalehti.fi\/americana\/wp-json\/wp\/v2\/categories?post=2179"},{"taxonomy":"post_tag","embeddable":true,"href":"https:\/\/suomenkuvalehti.fi\/americana\/wp-json\/wp\/v2\/tags?post=2179"}],"curies":[{"name":"wp","href":"https:\/\/api.w.org\/{rel}","templated":true}]}}