{"id":2078,"date":"2014-12-09T11:00:26","date_gmt":"2014-12-09T09:00:26","guid":{"rendered":"https:\/\/suomenkuvalehti.fi\/americana\/?p=2078"},"modified":"2014-12-09T09:53:15","modified_gmt":"2014-12-09T07:53:15","slug":"poliisi-sodassa-kansaa-vastaan","status":"publish","type":"post","link":"https:\/\/suomenkuvalehti.fi\/americana\/poliisi-sodassa-kansaa-vastaan\/","title":{"rendered":"Poliisi &#8211; sodassa kansaa vastaan?"},"content":{"rendered":"\n<p>Sarja traagisia, kuolemaan johtaneita poliisien toimia sek\u00e4 oikeusistuimien p\u00e4\u00e4t\u00f6ksi\u00e4 syytt\u00e4m\u00e4tt\u00e4 j\u00e4tt\u00e4misest\u00e4 on saanut amerikkalaiset raivoihinsa. Protestit ovat laajenneet ymp\u00e4ri maata, kotikaupunkini Atlanta mukaan lukien. Mielenosoitukset ovat vaihdelleet rauhallisista protesteista vandalismin leimaamiin raivonpurkauksiin.<\/p>\n\n\n\n<p><strong>Eric Garnerin<\/strong> tapaus New Yorkissa oli sananlaskun olki, joka rikkoi kamelin sel\u00e4n. Videokameran <a title=\"Nydailynews.com\" href=\"http:\/\/www.nydailynews.com\/new-york\/nypd-eric-garner-chokehold-death-not-indicted-article-1.2031841\" target=\"_blank\">tallentama v\u00e4likohtaus<\/a>, jossa poliisi k\u00e4y aseettoman, rauhallisen, savukkeiden laittomasta myynnist\u00e4 ep\u00e4illyn (!!!) miehen kimppuun ja kuristaa t\u00e4m\u00e4n hengilt\u00e4, on traaginen ja h\u00e4tk\u00e4hdytt\u00e4v\u00e4.<\/p>\n\n\n\n<p>Viel\u00e4 h\u00e4tk\u00e4hdytt\u00e4v\u00e4mpi oli newyorkilaisen valamiehist\u00f6n p\u00e4\u00e4t\u00f6s olla nostamatta syytett\u00e4 poliiseja vastaan. Jos t\u00e4m\u00e4 ei ollut poliisin aiheuttama, rikollinen kuolemantuottamus, niin mik\u00e4 sitten? Jopa oikeistolaiset kommentaattorit ja poliitikot, kuten Fox Newsin <a title=\"Observer.com\" href=\"http:\/\/observer.com\/2014\/12\/bill-oreilly-reacts-to-the-grand-jury-acquittal\/\" target=\"_blank\"><strong>Bill O\u2019Reilly<\/strong><\/a> ja ex-presidentti <a title=\"Cbsnews.com\" href=\"http:\/\/www.cbsnews.com\/news\/george-w-bush-verdict-in-eric-garner-case-hard-to-understand\/\" target=\"_blank\"><strong>George W. Bush<\/strong><\/a>, kutsuivat p\u00e4\u00e4t\u00f6st\u00e4 vaikeaksi sulattaa.<\/p>\n\n\n\n<p>Rotu on osa yht\u00e4l\u00f6\u00e4. Kukaan ei voi vakavalla naamalla argumentoida, ett\u00e4 poliisi kohtelee afroamerikkalaisia ja valkoisia samalla tavalla. Katsokaa vaikkapa viime kev\u00e4\u00e4n <a title=\"Thenation.com\" href=\"http:\/\/www.thenation.com\/blog\/180619\/12-scariest-parts-new-report-bundy-ranch-standoff\" target=\"_blank\">tapahtumasarjaa Nevadassa<\/a>, jossa ryhm\u00e4 anarkokapitalistisia, hampaisiin saakka aseistautuneita paranoideja ja liittovaltion oikeuden olemassaoloonsa kielt\u00e4vi\u00e4 separatistihihhuleita yritti provosoida aseellista konfliktia virkavallan kanssa. Mit\u00e4 virkavalta teki? My\u00f6t\u00e4ili hihhuleita ja odotti kriisin laukeamista itsest\u00e4\u00e4n. Nyt katsokaa uudelleen video Garnerin kuolemasta poliisin k\u00e4siss\u00e4.<\/p>\n\n\n\n<p>Muutamat kommentaattorit, kuten New Yorkin entinen pormestari <strong>Rudy Giuliani<\/strong>, ovat painottaneet <a title=\"Theatlantic.com\" href=\"http:\/\/www.theatlantic.com\/politics\/archive\/2014\/12\/de-blasio-says-giuliani-fundamentally-misunderstands-the-reality-on-race\/383489\/\" target=\"_blank\">afroamerikkalaisten vastuuta <\/a>naapurustojensa rikollisuudesta. Kukaan ei voi kielt\u00e4\u00e4 k\u00f6yhien mustien naapurustojen rikollisuusongelmaa, mutta Giulianin ajoitus ja argumentti ovat hieman hassuja. T\u00e4m\u00e4 ei ole joko tai -peli\u00e4. Poliisi voi samanaikaisesti torjua rikollisuutta ja parantaa omia toimintametodejaan.<\/p>\n\n\n\n<p>Silti rotuakin suurempi ongelma on poliisin toimintatapa. Sitten 1990-luvun, armeija on lahjoittanut\/myynyt ty\u00f6kalujaan poliiseille ymp\u00e4ri maata. T\u00e4m\u00e4 on johtanut poliisivoimiin, jotka <a title=\"YouTube\" href=\"https:\/\/www.youtube.com\/watch?v=Bs9LNAI0nBc\" target=\"_blank\">muistuttavat yh\u00e4 enemm\u00e4n armeijaa<\/a>.<\/p>\n\n\n\n<p>Amerikkalainen sanonta sanoo, ett\u00e4 \u201djos miehen ty\u00f6kalupakissa on ainoastaan vasara, pian koko maailma n\u00e4ytt\u00e4\u00e4 h\u00e4nelle naulalta\u201d. Poliisin toimintatavat ovat yh\u00e4 aggressiivisempia. Toistuvat ylimitoitetut operaatiot, konfliktihakuinen reagointi ja macho-hihhulointi isojen panssariautojen rateissa sek\u00e4 sarjatuliaseet k\u00e4dess\u00e4 leimaavat aikaisemmin rutiininomaisia operaatioita.<\/p>\n\n\n\n<p>Poliisi on riisuttava aseista ja opetettava, ett\u00e4 sen teht\u00e4v\u00e4 on palvella ja suojella, ei k\u00e4ytt\u00e4yty\u00e4 kuin se olisi sodassa kansakuntaa vastaan. Rotu on t\u00e4rke\u00e4 sivujuoni tarinassa, mutta sen keskeinen teema on viel\u00e4kin syvempi, vakavampi ja ongelmallisempi.<\/p>\n\n\n\n<p><em>Soundtrack: Lana Del Ray, <a title=\"YouTube\" href=\"https:\/\/www.youtube.com\/watch?v=ZFWC4SiZBao\" target=\"_blank\">Ultraviolence<\/a><\/em><\/p>\n\n\n","protected":false},"excerpt":{"rendered":"<p>Sarja traagisia, kuolemaan johtaneita poliisien toimia sek\u00e4 oikeusistuimien p\u00e4\u00e4t\u00f6ksi\u00e4 syytt\u00e4m\u00e4tt\u00e4 j\u00e4tt\u00e4misest\u00e4 on saanut amerikkalaiset raivoihinsa. Protestit ovat laajenneet ymp\u00e4ri maata, kotikaupunkini Atlanta mukaan lukien. Mielenosoitukset ovat vaihdelleet rauhallisista<br \/>\nprotesteist&hellip;<\/p>\n","protected":false},"author":158,"featured_media":0,"comment_status":"open","ping_status":"open","sticky":false,"template":"","format":"standard","meta":{"_acf_changed":false,"asauth_required_access_level":3,"asauth_cansharepaid":"true","om_header_attributes":[],"footnotes":"","om_featured_image_focal_point":[],"om_primary_tag":0,"om_contributors":[],"om_co_authors":[],"beyondwords_generate_audio":"","beyondwords_project_id":"","beyondwords_content_id":"","beyondwords_preview_token":"","beyondwords_player_content":"","beyondwords_player_style":"","beyondwords_language_code":"","beyondwords_language_id":"","beyondwords_title_voice_id":"","beyondwords_body_voice_id":"","beyondwords_summary_voice_id":"","beyondwords_error_message":"","beyondwords_disabled":"","beyondwords_delete_content":"","beyondwords_podcast_id":"","beyondwords_hash":"","publish_post_to_speechkit":"","speechkit_hash":"","speechkit_generate_audio":"","speechkit_project_id":"","speechkit_podcast_id":"","speechkit_error_message":"","speechkit_disabled":"","speechkit_access_key":"","speechkit_error":"","speechkit_info":"","speechkit_response":"","speechkit_retries":"","speechkit_status":"","speechkit_updated_at":"","_speechkit_link":"","_speechkit_text":""},"categories":[1],"tags":[1613,1564,118,638,184],"class_list":["post-2078","post","type-post","status-publish","format-standard","hentry","category-americana","tag-eric-garner","tag-militarisaatio","tag-new-york","tag-poliisi","tag-protestit"],"om_views":null,"acf":{"tuuma_off":false,"tuuma_kysymys":"","tuuma_vastaus":""},"asauth":{"required_access_level":1,"share_token":"","is_paid":false},"yoast_head":"<!-- This site is optimized with the Yoast SEO plugin v26.4 - https:\/\/yoast.com\/wordpress\/plugins\/seo\/ -->\n<title>Poliisi - sodassa kansaa vastaan? - Americana<\/title>\n<meta name=\"robots\" content=\"noindex, follow\" \/>\n<meta property=\"og:locale\" content=\"fi_FI\" \/>\n<meta property=\"og:type\" content=\"article\" \/>\n<meta property=\"og:title\" content=\"Poliisi - sodassa kansaa vastaan? - Americana\" \/>\n<meta property=\"og:description\" content=\"Sarja traagisia, kuolemaan johtaneita poliisien toimia sek\u00e4 oikeusistuimien p\u00e4\u00e4t\u00f6ksi\u00e4 syytt\u00e4m\u00e4tt\u00e4 j\u00e4tt\u00e4misest\u00e4 on saanut amerikkalaiset raivoihinsa. Protestit ovat laajenneet ymp\u00e4ri maata, kotikaupunkini Atlanta mukaan lukien. Mielenosoitukset ovat vaihdelleet rauhallisista protesteist&hellip;\" \/>\n<meta property=\"og:url\" content=\"https:\/\/suomenkuvalehti.fi\/americana\/poliisi-sodassa-kansaa-vastaan\/\" \/>\n<meta property=\"og:site_name\" content=\"Americana\" \/>\n<meta property=\"article:published_time\" content=\"2014-12-09T09:00:26+00:00\" \/>\n<meta property=\"og:image\" content=\"https:\/\/suomenkuvalehti.fi\/americana\/wp-content\/uploads\/sites\/10\/2022\/04\/americana_maunula-scaled.jpg\" \/>\n\t<meta property=\"og:image:width\" content=\"2560\" \/>\n\t<meta property=\"og:image:height\" content=\"1706\" \/>\n\t<meta property=\"og:image:type\" content=\"image\/jpeg\" \/>\n<meta name=\"author\" content=\"Marko Maunula\" \/>\n<meta name=\"twitter:card\" content=\"summary_large_image\" \/>\n<meta name=\"twitter:label1\" content=\"Written by\" \/>\n\t<meta name=\"twitter:data1\" content=\"Marko Maunula\" \/>\n\t<meta name=\"twitter:label2\" content=\"Est. reading time\" \/>\n\t<meta name=\"twitter:data2\" content=\"2 minuuttia\" \/>\n<script type=\"application\/ld+json\" class=\"yoast-schema-graph\">{\"@context\":\"https:\/\/schema.org\",\"@graph\":[{\"@type\":\"WebPage\",\"@id\":\"https:\/\/suomenkuvalehti.fi\/americana\/poliisi-sodassa-kansaa-vastaan\/\",\"url\":\"https:\/\/suomenkuvalehti.fi\/americana\/poliisi-sodassa-kansaa-vastaan\/\",\"name\":\"Poliisi - sodassa kansaa vastaan? - Americana\",\"isPartOf\":{\"@id\":\"https:\/\/suomenkuvalehti.fi\/americana\/#website\"},\"datePublished\":\"2014-12-09T09:00:26+00:00\",\"author\":{\"@id\":\"https:\/\/suomenkuvalehti.fi\/americana\/#\/schema\/person\/12d514491cb37506bc39c8e10176c3ec\"},\"breadcrumb\":{\"@id\":\"https:\/\/suomenkuvalehti.fi\/americana\/poliisi-sodassa-kansaa-vastaan\/#breadcrumb\"},\"inLanguage\":\"fi\",\"potentialAction\":[{\"@type\":\"ReadAction\",\"target\":[\"https:\/\/suomenkuvalehti.fi\/americana\/poliisi-sodassa-kansaa-vastaan\/\"]}]},{\"@type\":\"BreadcrumbList\",\"@id\":\"https:\/\/suomenkuvalehti.fi\/americana\/poliisi-sodassa-kansaa-vastaan\/#breadcrumb\",\"itemListElement\":[{\"@type\":\"ListItem\",\"position\":1,\"name\":\"Home\",\"item\":\"https:\/\/suomenkuvalehti.fi\/americana\/\"},{\"@type\":\"ListItem\",\"position\":2,\"name\":\"Poliisi &#8211; sodassa kansaa vastaan?\"}]},{\"@type\":\"WebSite\",\"@id\":\"https:\/\/suomenkuvalehti.fi\/americana\/#website\",\"url\":\"https:\/\/suomenkuvalehti.fi\/americana\/\",\"name\":\"Americana\",\"description\":\"Professori Marko Maunula seuraa USA:n politiikkaa ja populaarikulttuuria\",\"potentialAction\":[{\"@type\":\"SearchAction\",\"target\":{\"@type\":\"EntryPoint\",\"urlTemplate\":\"https:\/\/suomenkuvalehti.fi\/haku\/?q={search_term_string}\"},\"query-input\":{\"@type\":\"PropertyValueSpecification\",\"valueRequired\":true,\"valueName\":\"search_term_string\"}}],\"inLanguage\":\"fi\"},{\"@type\":\"Person\",\"@id\":\"https:\/\/suomenkuvalehti.fi\/americana\/#\/schema\/person\/12d514491cb37506bc39c8e10176c3ec\",\"name\":\"Marko Maunula\",\"image\":{\"@type\":\"ImageObject\",\"inLanguage\":\"fi\",\"@id\":\"https:\/\/suomenkuvalehti.fi\/americana\/#\/schema\/person\/image\/\",\"url\":\"https:\/\/suomenkuvalehti.fi\/americana\/wp-content\/uploads\/sites\/10\/2022\/04\/americana_maunula-150x150.jpg\",\"contentUrl\":\"https:\/\/suomenkuvalehti.fi\/americana\/wp-content\/uploads\/sites\/10\/2022\/04\/americana_maunula-150x150.jpg\",\"caption\":\"Marko Maunula\"},\"description\":\"Kirjoittaja on Yhdysvaltain historian professori Atlantassa.\"}]}<\/script>\n<!-- \/ Yoast SEO plugin. -->","yoast_head_json":{"title":"Poliisi - sodassa kansaa vastaan? - Americana","robots":{"index":"noindex","follow":"follow"},"og_locale":"fi_FI","og_type":"article","og_title":"Poliisi - sodassa kansaa vastaan? - Americana","og_description":"Sarja traagisia, kuolemaan johtaneita poliisien toimia sek\u00e4 oikeusistuimien p\u00e4\u00e4t\u00f6ksi\u00e4 syytt\u00e4m\u00e4tt\u00e4 j\u00e4tt\u00e4misest\u00e4 on saanut amerikkalaiset raivoihinsa. Protestit ovat laajenneet ymp\u00e4ri maata, kotikaupunkini Atlanta mukaan lukien. Mielenosoitukset ovat vaihdelleet rauhallisista protesteist&hellip;","og_url":"https:\/\/suomenkuvalehti.fi\/americana\/poliisi-sodassa-kansaa-vastaan\/","og_site_name":"Americana","article_published_time":"2014-12-09T09:00:26+00:00","og_image":[{"width":2560,"height":1706,"url":"https:\/\/suomenkuvalehti.fi\/americana\/wp-content\/uploads\/sites\/10\/2022\/04\/americana_maunula-scaled.jpg","type":"image\/jpeg"}],"author":"Marko Maunula","twitter_card":"summary_large_image","twitter_misc":{"Written by":"Marko Maunula","Est. reading time":"2 minuuttia"},"schema":{"@context":"https:\/\/schema.org","@graph":[{"@type":"WebPage","@id":"https:\/\/suomenkuvalehti.fi\/americana\/poliisi-sodassa-kansaa-vastaan\/","url":"https:\/\/suomenkuvalehti.fi\/americana\/poliisi-sodassa-kansaa-vastaan\/","name":"Poliisi - sodassa kansaa vastaan? - Americana","isPartOf":{"@id":"https:\/\/suomenkuvalehti.fi\/americana\/#website"},"datePublished":"2014-12-09T09:00:26+00:00","author":{"@id":"https:\/\/suomenkuvalehti.fi\/americana\/#\/schema\/person\/12d514491cb37506bc39c8e10176c3ec"},"breadcrumb":{"@id":"https:\/\/suomenkuvalehti.fi\/americana\/poliisi-sodassa-kansaa-vastaan\/#breadcrumb"},"inLanguage":"fi","potentialAction":[{"@type":"ReadAction","target":["https:\/\/suomenkuvalehti.fi\/americana\/poliisi-sodassa-kansaa-vastaan\/"]}]},{"@type":"BreadcrumbList","@id":"https:\/\/suomenkuvalehti.fi\/americana\/poliisi-sodassa-kansaa-vastaan\/#breadcrumb","itemListElement":[{"@type":"ListItem","position":1,"name":"Home","item":"https:\/\/suomenkuvalehti.fi\/americana\/"},{"@type":"ListItem","position":2,"name":"Poliisi &#8211; sodassa kansaa vastaan?"}]},{"@type":"WebSite","@id":"https:\/\/suomenkuvalehti.fi\/americana\/#website","url":"https:\/\/suomenkuvalehti.fi\/americana\/","name":"Americana","description":"Professori Marko Maunula seuraa USA:n politiikkaa ja populaarikulttuuria","potentialAction":[{"@type":"SearchAction","target":{"@type":"EntryPoint","urlTemplate":"https:\/\/suomenkuvalehti.fi\/haku\/?q={search_term_string}"},"query-input":{"@type":"PropertyValueSpecification","valueRequired":true,"valueName":"search_term_string"}}],"inLanguage":"fi"},{"@type":"Person","@id":"https:\/\/suomenkuvalehti.fi\/americana\/#\/schema\/person\/12d514491cb37506bc39c8e10176c3ec","name":"Marko Maunula","image":{"@type":"ImageObject","inLanguage":"fi","@id":"https:\/\/suomenkuvalehti.fi\/americana\/#\/schema\/person\/image\/","url":"https:\/\/suomenkuvalehti.fi\/americana\/wp-content\/uploads\/sites\/10\/2022\/04\/americana_maunula-150x150.jpg","contentUrl":"https:\/\/suomenkuvalehti.fi\/americana\/wp-content\/uploads\/sites\/10\/2022\/04\/americana_maunula-150x150.jpg","caption":"Marko Maunula"},"description":"Kirjoittaja on Yhdysvaltain historian professori Atlantassa."}]}},"_links":{"self":[{"href":"https:\/\/suomenkuvalehti.fi\/americana\/wp-json\/wp\/v2\/posts\/2078","targetHints":{"allow":["GET"]}}],"collection":[{"href":"https:\/\/suomenkuvalehti.fi\/americana\/wp-json\/wp\/v2\/posts"}],"about":[{"href":"https:\/\/suomenkuvalehti.fi\/americana\/wp-json\/wp\/v2\/types\/post"}],"author":[{"embeddable":true,"href":"https:\/\/suomenkuvalehti.fi\/americana\/wp-json\/wp\/v2\/users\/158"}],"replies":[{"embeddable":true,"href":"https:\/\/suomenkuvalehti.fi\/americana\/wp-json\/wp\/v2\/comments?post=2078"}],"version-history":[{"count":4,"href":"https:\/\/suomenkuvalehti.fi\/americana\/wp-json\/wp\/v2\/posts\/2078\/revisions"}],"predecessor-version":[{"id":2082,"href":"https:\/\/suomenkuvalehti.fi\/americana\/wp-json\/wp\/v2\/posts\/2078\/revisions\/2082"}],"wp:attachment":[{"href":"https:\/\/suomenkuvalehti.fi\/americana\/wp-json\/wp\/v2\/media?parent=2078"}],"wp:term":[{"taxonomy":"category","embeddable":true,"href":"https:\/\/suomenkuvalehti.fi\/americana\/wp-json\/wp\/v2\/categories?post=2078"},{"taxonomy":"post_tag","embeddable":true,"href":"https:\/\/suomenkuvalehti.fi\/americana\/wp-json\/wp\/v2\/tags?post=2078"}],"curies":[{"name":"wp","href":"https:\/\/api.w.org\/{rel}","templated":true}]}}