{"id":2054,"date":"2014-11-26T11:00:44","date_gmt":"2014-11-26T09:00:44","guid":{"rendered":"https:\/\/suomenkuvalehti.fi\/americana\/?p=2054"},"modified":"2014-11-26T14:45:51","modified_gmt":"2014-11-26T12:45:51","slug":"obama-vilautti-keskisormea","status":"publish","type":"post","link":"https:\/\/suomenkuvalehti.fi\/americana\/obama-vilautti-keskisormea\/","title":{"rendered":"Obama vilautti keskisormea"},"content":{"rendered":"\n<p>Amerikkalaisen politiikan macchiavellim\u00e4inen armottomuus on paikoitellen viihdytt\u00e4v\u00e4\u00e4. Presidentti <strong>Barack Obaman<\/strong> siirtolaisuusm\u00e4\u00e4r\u00e4ys puski republikaanit suonsilm\u00e4\u00e4n, josta se ei p\u00e4\u00e4se ryvettym\u00e4tt\u00e4 yl\u00f6s.<\/p>\n\n\n\n<p>Yhdysvallat on paininut siirtolaisuuslains\u00e4\u00e4d\u00e4nn\u00f6n uudistuksen kanssa jo vuosikausia. Maassa on, useimpien arvioiden mukaan, noin 10<span class=\"st\">\u2013<\/span>12 miljoonaa laitonta siirtolaista, joista useimmat ovat tulleet espanjankielisest\u00e4 Amerikasta ja erityisesti Meksikosta.<\/p>\n\n\n\n<p>Laittomat siirtolaiset tarjoavat firmoille halpaa ty\u00f6voimaa ja merkitsev\u00e4t monille yritt\u00e4jille t\u00e4rke\u00e4\u00e4 asiakaskuntaa, mutta veronmaksajille he ovat satunnaisesti taakka. Harmaassa taloudessa operoivat ihmiset eiv\u00e4t yleens\u00e4 maksa veroja, mutta silti heid\u00e4n lapsensa tarvitsevat <span class=\"st\">\u2013 <\/span>ja saavat <span class=\"st\">\u2013 <\/span>koulutusta ja terveydenhoitoa.<\/p>\n\n\n\n<p>Jokainen normaalij\u00e4rjell\u00e4 varustettu ihminen tiet\u00e4\u00e4, ett\u00e4 yli 10 miljoonan ihmisen pid\u00e4tt\u00e4minen, kuskaaminen rajalle ja puskeminen takaisin kotimaihinsa on mahdotonta <span class=\"st\">\u2013 <\/span>ainakin oikeusvaltiossa. Yhdysvallat on lis\u00e4ksi taloudellisesti riippuvainen laittomien siirtolaisten ty\u00f6panoksesta vaikkapa palvelu- ja rakennussektoreilla. Jos kaikki meksikolaiset l\u00e4htisiv\u00e4t yll\u00e4tt\u00e4en kotiin, Yhdysvaltojen talous kakistelisi v\u00e4litt\u00f6m\u00e4sti.<\/p>\n\n\n\n<p>Silti kongressi on ollut kyvyt\u00f6n tekem\u00e4\u00e4n mit\u00e4\u00e4n asialle. Suuri osa republikaanien kannattajakunnasta pihisee raivosta, jos joku edes ehdottaa laittomien siirtolaisten tekemist\u00e4 laillisiksi. Esimerkiksi marraskuun alun senaatinvaaleissa republikaani <strong>David Perdue<\/strong> ratsasti <a title=\"YouTube\" href=\"https:\/\/www.youtube.com\/watch?v=c6Y18i5L1as\" target=\"_blank\">voittoon Georgiassa varoittamalla<\/a>, ett\u00e4 h\u00e4nen demokraattinen vastustajansa auttaisi presidentti Obamaa armahtamaan laittomat siirtolaiset ja antamaan heille laillisten siirtolaisten oikeudet maassaoloon.<\/p>\n\n\n\n<p>&nbsp;<\/p>\n\n\n\n<p>Tilanne nykymuodossaan on kest\u00e4m\u00e4t\u00f6n. Obama on jo vuosia puskenut kongressia muuttamaan siirtolaislakia siten, ett\u00e4 maassa jo olevien laittomien(kin) siirtolaisten k\u00e4sittely muuttuisi realistisemmaksi ja virtaviivaisemmaksi.<\/p>\n\n\n\n<p>Kongressi ei ole kykenyt halvaukseltaan toimimaan, ja viime viikolla Obama otti aloitteen. H\u00e4n julisti <a title=\"Wikipedia, engl.\" href=\"http:\/\/en.wikipedia.org\/wiki\/Executive_order\" target=\"_blank\"><em>executive order<\/em> -m\u00e4\u00e4r\u00e4yksen<\/a>, joka pys\u00e4ytt\u00e4\u00e4 perheellisten ja muuten lainkuuliaisten laittomien siirtolaisten maastakarkoituksen. Jos he maksavat veronsa ja rekister\u00f6iv\u00e4t itsens\u00e4, nousevat pois yhteiskunnan varjoista, he saavat asua ja ty\u00f6skennell\u00e4 Yhdysvalloissa ainakin kolme vuotta. Laki auttaa arviolta 4,3 miljoonaa laitonta siirtolaista.<\/p>\n\n\n\n<p>Republikaanit, luonnollisesti, <a title=\"Marketwatch.com\" href=\"http:\/\/www.marketwatch.com\/story\/republicans-vow-to-block-obama-immigration-plan-2014-11-23\" target=\"_blank\">raivostuivat Obaman p\u00e4\u00e4t\u00f6ksest\u00e4<\/a>. Heid\u00e4n kommenteissaan keisari Obama on nyt polttanut perustuslain, tuhonnut demokratian ohittamalla kongressin ja toiminut vastoin koko kansan tahtoa. Jotkut republikaanit haluavat haastaa Obaman valtakunnanoikeuteen; toiset uhoavat sulkevansa taas liittovaltion.<\/p>\n\n\n\n<p>Miten Obama on vastannut kriitikoilleen? Vaatimalla kongressia tekem\u00e4\u00e4n ty\u00f6ns\u00e4 ja uudistamaan siirtolaislain. Presidentin <a title=\"Reuters.com\" href=\"http:\/\/www.reuters.com\/article\/2014\/11\/23\/us-usa-immigration-obama-idUSKCN0J70OU20141123\" target=\"_blank\">viesti on simppeli<\/a>: \u201dS\u00e4\u00e4t\u00e4k\u00e4\u00e4 laki. Kongressilla on velvollisuus toimia, ja min\u00e4 en voi presidenttin\u00e4 tehd\u00e4 yksin kaikkea.\u201d<\/p>\n\n\n\n<p>Mit\u00e4 poliittiseen strategiaan tulee, Obaman veto oli taitava keskisormen vilautus. Republikaanit tiet\u00e4v\u00e4t hyvin, ett\u00e4 siirtolaislains\u00e4\u00e4d\u00e4nn\u00f6n uudistus on pakollinen. Tilanne ennen Obaman siirtoa oli laillisesti, moraalisesti, taloudellisesti ja poliittisesti kest\u00e4m\u00e4t\u00f6n. Toisaalta raivoisat siirtolaisten vihaajat muodostavat niin t\u00e4rke\u00e4n osan republikaanien vaalit voittaneesta koalitiosta, ett\u00e4 jokainen yritys tilanteen korjaamiseksi olisi republikaaneille poliittista myrkky\u00e4.<\/p>\n\n\n\n<p>Republikaanit eiv\u00e4t kykene vastaamaan Obaman haasteeseen. Jos he kirjoittavat uuden ja realistisen lakiuudistuksen, he raivostuttavat suuren osan kannattajakunnastaan. Mutta jos republikaanit eiv\u00e4t toimi, he osoittavat olevansa kykenem\u00e4tt\u00f6mi\u00e4 hallitsemaan vastuullisesti.<\/p>\n\n\n\n<p>Presidentin p\u00e4\u00e4t\u00f6s sitoutti yh\u00e4 suuremman osan latinoista demokraattiseen puolueeseen. P\u00e4\u00e4t\u00f6ksen j\u00e4lkimainingit tuntuvat vuoden 2016 presidentivaaleissa.<\/p>\n\n\n\n<p>Taitavasti pelattu, herra presidentti. Mit\u00e4 on \u201dn\u00e4ytt\u00e4\u00e4 keskisormea\u201d espanjaksi?<\/p>\n\n\n\n<p><em>Soundtrack: Los Lobos, <a title=\"YouTube\" href=\"https:\/\/www.youtube.com\/watch?v=XYLirU_oY3Q\" target=\"_blank\">La Pistola y el Corazon<\/a><\/em><\/p>\n\n\n\n<p>&nbsp;<\/p>\n\n\n\n<p><em>Juttu julkaistu 26.11. klo 11, jutun otsikkoa muokattu klo 14.45.<\/em><\/p>\n\n\n","protected":false},"excerpt":{"rendered":"<p>Amerikkalaisen politiikan macchiavellim\u00e4inen armottomuus on paikoitellen viihdytt\u00e4v\u00e4\u00e4. Presidentti Barack Obaman siirtolaisuusm\u00e4\u00e4r\u00e4ys puski republikaanit suonsilm\u00e4\u00e4n, josta se ei p\u00e4\u00e4se ryvettym\u00e4tt\u00e4 yl\u00f6s. Yhdysvallat on paininut siirtolaisuuslains\u00e4\u00e4d\u00e4nn\u00f6n uudistuksen kanssa jo<br \/>\nvuosikausia. Maas&hellip;<\/p>\n","protected":false},"author":158,"featured_media":0,"comment_status":"open","ping_status":"open","sticky":false,"template":"","format":"standard","meta":{"_acf_changed":false,"asauth_required_access_level":3,"asauth_cansharepaid":"true","om_header_attributes":[],"footnotes":"","om_featured_image_focal_point":[],"om_primary_tag":0,"om_contributors":[],"om_co_authors":[],"beyondwords_generate_audio":"","beyondwords_project_id":"","beyondwords_content_id":"","beyondwords_preview_token":"","beyondwords_player_content":"","beyondwords_player_style":"","beyondwords_language_code":"","beyondwords_language_id":"","beyondwords_title_voice_id":"","beyondwords_body_voice_id":"","beyondwords_summary_voice_id":"","beyondwords_error_message":"","beyondwords_disabled":"","beyondwords_delete_content":"","beyondwords_podcast_id":"","beyondwords_hash":"","publish_post_to_speechkit":"","speechkit_hash":"","speechkit_generate_audio":"","speechkit_project_id":"","speechkit_podcast_id":"","speechkit_error_message":"","speechkit_disabled":"","speechkit_access_key":"","speechkit_error":"","speechkit_info":"","speechkit_response":"","speechkit_retries":"","speechkit_status":"","speechkit_updated_at":"","_speechkit_link":"","_speechkit_text":""},"categories":[1],"tags":[36,23,562,24],"class_list":["post-2054","post","type-post","status-publish","format-standard","hentry","category-americana","tag-barack-obama","tag-kongressi","tag-laiton-siirtolaisuus","tag-yhdysvallat"],"om_views":null,"acf":{"tuuma_off":false,"tuuma_kysymys":"","tuuma_vastaus":""},"asauth":{"required_access_level":1,"share_token":"","is_paid":false},"yoast_head":"<!-- This site is optimized with the Yoast SEO plugin v26.4 - https:\/\/yoast.com\/wordpress\/plugins\/seo\/ -->\n<title>Obama vilautti keskisormea - Americana<\/title>\n<meta name=\"robots\" content=\"noindex, follow\" \/>\n<meta property=\"og:locale\" content=\"fi_FI\" \/>\n<meta property=\"og:type\" content=\"article\" \/>\n<meta property=\"og:title\" content=\"Obama vilautti keskisormea - Americana\" \/>\n<meta property=\"og:description\" content=\"Amerikkalaisen politiikan macchiavellim\u00e4inen armottomuus on paikoitellen viihdytt\u00e4v\u00e4\u00e4. Presidentti Barack Obaman siirtolaisuusm\u00e4\u00e4r\u00e4ys puski republikaanit suonsilm\u00e4\u00e4n, josta se ei p\u00e4\u00e4se ryvettym\u00e4tt\u00e4 yl\u00f6s. Yhdysvallat on paininut siirtolaisuuslains\u00e4\u00e4d\u00e4nn\u00f6n uudistuksen kanssa jo vuosikausia. Maas&hellip;\" \/>\n<meta property=\"og:url\" content=\"https:\/\/suomenkuvalehti.fi\/americana\/obama-vilautti-keskisormea\/\" \/>\n<meta property=\"og:site_name\" content=\"Americana\" \/>\n<meta property=\"article:published_time\" content=\"2014-11-26T09:00:44+00:00\" \/>\n<meta property=\"article:modified_time\" content=\"2014-11-26T12:45:51+00:00\" \/>\n<meta property=\"og:image\" content=\"https:\/\/suomenkuvalehti.fi\/americana\/wp-content\/uploads\/sites\/10\/2022\/04\/americana_maunula-scaled.jpg\" \/>\n\t<meta property=\"og:image:width\" content=\"2560\" \/>\n\t<meta property=\"og:image:height\" content=\"1706\" \/>\n\t<meta property=\"og:image:type\" content=\"image\/jpeg\" \/>\n<meta name=\"author\" content=\"Marko Maunula\" \/>\n<meta name=\"twitter:card\" content=\"summary_large_image\" \/>\n<meta name=\"twitter:label1\" content=\"Written by\" \/>\n\t<meta name=\"twitter:data1\" content=\"Marko Maunula\" \/>\n\t<meta name=\"twitter:label2\" content=\"Est. reading time\" \/>\n\t<meta name=\"twitter:data2\" content=\"3 minuuttia\" \/>\n<script type=\"application\/ld+json\" class=\"yoast-schema-graph\">{\"@context\":\"https:\/\/schema.org\",\"@graph\":[{\"@type\":\"WebPage\",\"@id\":\"https:\/\/suomenkuvalehti.fi\/americana\/obama-vilautti-keskisormea\/\",\"url\":\"https:\/\/suomenkuvalehti.fi\/americana\/obama-vilautti-keskisormea\/\",\"name\":\"Obama vilautti keskisormea - Americana\",\"isPartOf\":{\"@id\":\"https:\/\/suomenkuvalehti.fi\/americana\/#website\"},\"datePublished\":\"2014-11-26T09:00:44+00:00\",\"dateModified\":\"2014-11-26T12:45:51+00:00\",\"author\":{\"@id\":\"https:\/\/suomenkuvalehti.fi\/americana\/#\/schema\/person\/12d514491cb37506bc39c8e10176c3ec\"},\"breadcrumb\":{\"@id\":\"https:\/\/suomenkuvalehti.fi\/americana\/obama-vilautti-keskisormea\/#breadcrumb\"},\"inLanguage\":\"fi\",\"potentialAction\":[{\"@type\":\"ReadAction\",\"target\":[\"https:\/\/suomenkuvalehti.fi\/americana\/obama-vilautti-keskisormea\/\"]}]},{\"@type\":\"BreadcrumbList\",\"@id\":\"https:\/\/suomenkuvalehti.fi\/americana\/obama-vilautti-keskisormea\/#breadcrumb\",\"itemListElement\":[{\"@type\":\"ListItem\",\"position\":1,\"name\":\"Home\",\"item\":\"https:\/\/suomenkuvalehti.fi\/americana\/\"},{\"@type\":\"ListItem\",\"position\":2,\"name\":\"Obama vilautti keskisormea\"}]},{\"@type\":\"WebSite\",\"@id\":\"https:\/\/suomenkuvalehti.fi\/americana\/#website\",\"url\":\"https:\/\/suomenkuvalehti.fi\/americana\/\",\"name\":\"Americana\",\"description\":\"Professori Marko Maunula seuraa USA:n politiikkaa ja populaarikulttuuria\",\"potentialAction\":[{\"@type\":\"SearchAction\",\"target\":{\"@type\":\"EntryPoint\",\"urlTemplate\":\"https:\/\/suomenkuvalehti.fi\/haku\/?q={search_term_string}\"},\"query-input\":{\"@type\":\"PropertyValueSpecification\",\"valueRequired\":true,\"valueName\":\"search_term_string\"}}],\"inLanguage\":\"fi\"},{\"@type\":\"Person\",\"@id\":\"https:\/\/suomenkuvalehti.fi\/americana\/#\/schema\/person\/12d514491cb37506bc39c8e10176c3ec\",\"name\":\"Marko Maunula\",\"image\":{\"@type\":\"ImageObject\",\"inLanguage\":\"fi\",\"@id\":\"https:\/\/suomenkuvalehti.fi\/americana\/#\/schema\/person\/image\/\",\"url\":\"https:\/\/suomenkuvalehti.fi\/americana\/wp-content\/uploads\/sites\/10\/2022\/04\/americana_maunula-150x150.jpg\",\"contentUrl\":\"https:\/\/suomenkuvalehti.fi\/americana\/wp-content\/uploads\/sites\/10\/2022\/04\/americana_maunula-150x150.jpg\",\"caption\":\"Marko Maunula\"},\"description\":\"Kirjoittaja on Yhdysvaltain historian professori Atlantassa.\"}]}<\/script>\n<!-- \/ Yoast SEO plugin. -->","yoast_head_json":{"title":"Obama vilautti keskisormea - Americana","robots":{"index":"noindex","follow":"follow"},"og_locale":"fi_FI","og_type":"article","og_title":"Obama vilautti keskisormea - Americana","og_description":"Amerikkalaisen politiikan macchiavellim\u00e4inen armottomuus on paikoitellen viihdytt\u00e4v\u00e4\u00e4. Presidentti Barack Obaman siirtolaisuusm\u00e4\u00e4r\u00e4ys puski republikaanit suonsilm\u00e4\u00e4n, josta se ei p\u00e4\u00e4se ryvettym\u00e4tt\u00e4 yl\u00f6s. Yhdysvallat on paininut siirtolaisuuslains\u00e4\u00e4d\u00e4nn\u00f6n uudistuksen kanssa jo vuosikausia. Maas&hellip;","og_url":"https:\/\/suomenkuvalehti.fi\/americana\/obama-vilautti-keskisormea\/","og_site_name":"Americana","article_published_time":"2014-11-26T09:00:44+00:00","article_modified_time":"2014-11-26T12:45:51+00:00","og_image":[{"width":2560,"height":1706,"url":"https:\/\/suomenkuvalehti.fi\/americana\/wp-content\/uploads\/sites\/10\/2022\/04\/americana_maunula-scaled.jpg","type":"image\/jpeg"}],"author":"Marko Maunula","twitter_card":"summary_large_image","twitter_misc":{"Written by":"Marko Maunula","Est. reading time":"3 minuuttia"},"schema":{"@context":"https:\/\/schema.org","@graph":[{"@type":"WebPage","@id":"https:\/\/suomenkuvalehti.fi\/americana\/obama-vilautti-keskisormea\/","url":"https:\/\/suomenkuvalehti.fi\/americana\/obama-vilautti-keskisormea\/","name":"Obama vilautti keskisormea - Americana","isPartOf":{"@id":"https:\/\/suomenkuvalehti.fi\/americana\/#website"},"datePublished":"2014-11-26T09:00:44+00:00","dateModified":"2014-11-26T12:45:51+00:00","author":{"@id":"https:\/\/suomenkuvalehti.fi\/americana\/#\/schema\/person\/12d514491cb37506bc39c8e10176c3ec"},"breadcrumb":{"@id":"https:\/\/suomenkuvalehti.fi\/americana\/obama-vilautti-keskisormea\/#breadcrumb"},"inLanguage":"fi","potentialAction":[{"@type":"ReadAction","target":["https:\/\/suomenkuvalehti.fi\/americana\/obama-vilautti-keskisormea\/"]}]},{"@type":"BreadcrumbList","@id":"https:\/\/suomenkuvalehti.fi\/americana\/obama-vilautti-keskisormea\/#breadcrumb","itemListElement":[{"@type":"ListItem","position":1,"name":"Home","item":"https:\/\/suomenkuvalehti.fi\/americana\/"},{"@type":"ListItem","position":2,"name":"Obama vilautti keskisormea"}]},{"@type":"WebSite","@id":"https:\/\/suomenkuvalehti.fi\/americana\/#website","url":"https:\/\/suomenkuvalehti.fi\/americana\/","name":"Americana","description":"Professori Marko Maunula seuraa USA:n politiikkaa ja populaarikulttuuria","potentialAction":[{"@type":"SearchAction","target":{"@type":"EntryPoint","urlTemplate":"https:\/\/suomenkuvalehti.fi\/haku\/?q={search_term_string}"},"query-input":{"@type":"PropertyValueSpecification","valueRequired":true,"valueName":"search_term_string"}}],"inLanguage":"fi"},{"@type":"Person","@id":"https:\/\/suomenkuvalehti.fi\/americana\/#\/schema\/person\/12d514491cb37506bc39c8e10176c3ec","name":"Marko Maunula","image":{"@type":"ImageObject","inLanguage":"fi","@id":"https:\/\/suomenkuvalehti.fi\/americana\/#\/schema\/person\/image\/","url":"https:\/\/suomenkuvalehti.fi\/americana\/wp-content\/uploads\/sites\/10\/2022\/04\/americana_maunula-150x150.jpg","contentUrl":"https:\/\/suomenkuvalehti.fi\/americana\/wp-content\/uploads\/sites\/10\/2022\/04\/americana_maunula-150x150.jpg","caption":"Marko Maunula"},"description":"Kirjoittaja on Yhdysvaltain historian professori Atlantassa."}]}},"_links":{"self":[{"href":"https:\/\/suomenkuvalehti.fi\/americana\/wp-json\/wp\/v2\/posts\/2054","targetHints":{"allow":["GET"]}}],"collection":[{"href":"https:\/\/suomenkuvalehti.fi\/americana\/wp-json\/wp\/v2\/posts"}],"about":[{"href":"https:\/\/suomenkuvalehti.fi\/americana\/wp-json\/wp\/v2\/types\/post"}],"author":[{"embeddable":true,"href":"https:\/\/suomenkuvalehti.fi\/americana\/wp-json\/wp\/v2\/users\/158"}],"replies":[{"embeddable":true,"href":"https:\/\/suomenkuvalehti.fi\/americana\/wp-json\/wp\/v2\/comments?post=2054"}],"version-history":[{"count":6,"href":"https:\/\/suomenkuvalehti.fi\/americana\/wp-json\/wp\/v2\/posts\/2054\/revisions"}],"predecessor-version":[{"id":2062,"href":"https:\/\/suomenkuvalehti.fi\/americana\/wp-json\/wp\/v2\/posts\/2054\/revisions\/2062"}],"wp:attachment":[{"href":"https:\/\/suomenkuvalehti.fi\/americana\/wp-json\/wp\/v2\/media?parent=2054"}],"wp:term":[{"taxonomy":"category","embeddable":true,"href":"https:\/\/suomenkuvalehti.fi\/americana\/wp-json\/wp\/v2\/categories?post=2054"},{"taxonomy":"post_tag","embeddable":true,"href":"https:\/\/suomenkuvalehti.fi\/americana\/wp-json\/wp\/v2\/tags?post=2054"}],"curies":[{"name":"wp","href":"https:\/\/api.w.org\/{rel}","templated":true}]}}