{"id":1936,"date":"2014-09-10T14:00:31","date_gmt":"2014-09-10T11:00:31","guid":{"rendered":"https:\/\/suomenkuvalehti.fi\/americana\/?p=1936"},"modified":"2014-09-10T13:41:38","modified_gmt":"2014-09-10T10:41:38","slug":"mista-historian-vaiettava","status":"publish","type":"post","link":"https:\/\/suomenkuvalehti.fi\/americana\/mista-historian-vaiettava\/","title":{"rendered":"Mist\u00e4 historian on vaiettava?"},"content":{"rendered":"\n<p>Viime viikonloppuna <em>The Economist<\/em> arvioi historioitsija <strong>Edward Baptistin<\/strong> uuden kirjan <em>The Half Has Never Been Told: Slavery and the Making of American Capitalism<\/em>. Arviosta tuli nettihitti, mutta kaikista v\u00e4\u00e4rist\u00e4 syist\u00e4.<\/p>\n\n\n\n<p>Baptistin kirja toistaa viime vuosikymmenten konventionaalista viisautta: amerikkalainen kapitalismi kasvoi pitk\u00e4lti orjien ty\u00f6n ansiosta. Halpa ty\u00f6voima teki Etel\u00e4st\u00e4 oman aikansa talousihmeen, kun sen tuotteet (indigo, riisi, tupakka ja ennen kaikkea puuvilla) matkasivat Eurooppaan antamaan polttoainetta sen teollistumiselle.<\/p>\n\n\n\n<p>Ennen sis\u00e4llissotaa Etel\u00e4n valkoinen v\u00e4est\u00f6 oli tilastollisesti vaurainta v\u00e4ke\u00e4 koko Yhdysvalloissa. Orjuus oli Syv\u00e4n Etel\u00e4n t\u00e4rkein instituutio \u2013 taloudellisesti, poliittisesti, sosiaalisesti ja kulttuurisesti.<\/p>\n\n\n\n<p>My\u00f6s pohjoinen hy\u00f6tyi ep\u00e4suorasti orjuudesta. Pohjoisen tupakka- ja tekstiilitehtaat, varustamot, tukkukauppiaat ja muut firmat tienasivat orjien ty\u00f6n avulla lukemattomia miljoonia.<\/p>\n\n\n\n<p>Baptistin uusi kirja ei ole vallankumouksellinen. Se on viimeisin teos pitk\u00e4ss\u00e4 sarjassa orjuuden taloudellista merkityst\u00e4 analysoineita kirjoja ja esseit\u00e4. Baptistin ty\u00f6 rikastaa jo muodostunutta kuvaa, antaa lukijoille lis\u00e4\u00e4 dataa ja n\u00e4k\u00f6kulmia aiheeseen.<\/p>\n\n\n\n<p>&nbsp;<\/p>\n\n\n\n<p><em>Economist<\/em> veti kirjasta herneen nen\u00e4\u00e4n. Sen kriitikko syytti Baptistia tunteilusta, puolien valitsemisesta ja mustavalkoisesta syyllist\u00e4misest\u00e4.<\/p>\n\n\n\n<p>Kriitikko my\u00f6s sanoo, kuinka Baptist ei ota huomioon, ett\u00e4 orjien hyv\u00e4 k\u00e4sittely oli heid\u00e4n is\u00e4ntiens\u00e4 intresseiss\u00e4. Orjat olivat kallita, eik\u00e4 sairas ja aliravittu orja ole tuottava orja. Arvostelu loppuu tyrm\u00e4yksen yritykseen:<\/p>\n\n\n\n<p>\u201dBaptistin kirja ei ole objektiivinen orjuuden historia. Liki kaikki mustat h\u00e4nen kirjassaan ovat uhreja ja liki kaikki valkoiset pahiksia. T\u00e4m\u00e4 ei ole historiaa, vaan ideologian tuputtamista.\u201d<\/p>\n\n\n\n<p>Arvostelu oli kokonaisuudessaan typer\u00e4. Twitter t\u00e4yttyi sarkastisista kommenteista, joissa vitsailijat kanavoivat arvostelun henke\u00e4 (\u201dAjatelkaa mit\u00e4 vahinkoa Polk ja h\u00e4nen poliorokotuksensa tekiv\u00e4t lasten rullatuoliteollisuudelle!\u201d). <em>Economist<\/em> veti pian <a title=\"Economist.com\" href=\"http:\/\/www.economist.com\/news\/books\/21615864-how-slaves-built-american-capitalism-blood-cotton\" target=\"_blank\">arvostelunsa takaisin anteeksipyynn\u00f6n kera<\/a>.<\/p>\n\n\n\n<p>&nbsp;<\/p>\n\n\n\n<p><em>Economistin<\/em> hutily\u00f6nti her\u00e4tt\u00e4\u00e4 silti kiinnostavia kysymyksi\u00e4 historian teht\u00e4v\u00e4st\u00e4 ja aina vaikeasta tasapuolisuuden ongelmasta.<\/p>\n\n\n\n<p>Ensiksikin puolustaisin ammattikuntaa.<\/p>\n\n\n\n<p>Myytti plantaasista jonkin sortin subtrooppisena Auschwitzina on murskattu jo vuosikymmeni\u00e4 sitten. <strong>Robert Fogel<\/strong> ja <strong>Stanley Engermanin<\/strong> <em>Time on the Cross<\/em> (1974) osoitti vankan kvantitatiivisin metodein, ett\u00e4 orjat olivat yleens\u00e4 hyvin ruokittuja ja vaatetettuja. Nuori miesorja saattoi maksaa nykyrahassa jopa 35 000 euroa, ja jos h\u00e4n kuoli tai sairastui, sijoitus menetti arvonsa. Ansaintalogiikka pakotti omistajat pit\u00e4m\u00e4\u00e4n huolta orjistaan.<\/p>\n\n\n\n<p><em>Economistin<\/em> arvostelun keskeinen ongelma on uhriasenne. Sen kirjoittaja yritt\u00e4\u00e4 sanoa, ett\u00e4 orjanomistajat ovat syyllistetty ja v\u00e4\u00e4rinymm\u00e4rretty ryhm\u00e4, ja poliittisesti korrekti historiankirjoitus on v\u00e4\u00e4rist\u00e4nyt kuvaa instituutiosta. T\u00e4m\u00e4 on tietenkin huuhaata. Parempi tutustuminen alan kirjallisuuteen olisi auttanut korjaamaan kriitikon oletukset.<\/p>\n\n\n\n<p>Historia on yksi tieteenlajeista, joissa datan puute silti harvoin est\u00e4\u00e4 ihmisi\u00e4 esitt\u00e4m\u00e4\u00e4n rajuja, t\u00e4ydellisen tiet\u00e4m\u00e4tt\u00f6myyden antamalla varmuudella julistettuja mielipiteit\u00e4.<\/p>\n\n\n\n<p>Toinen yleinen virheoletus on, ett\u00e4 voittajat kirjoittavat historian. Kiva slogan, mutta se ei yksinkertaisesti ole totta. Jo pikainenkin silm\u00e4ys kiivaisiin v\u00e4ittelyihin historioitsijoiden v\u00e4lill\u00e4 osoittaa, ett\u00e4 monoliittinen ja kyyninen suhtautuminen historiaan on aiheetonta. Tiet\u00e4minen v\u00e4hent\u00e4isi t\u00e4\u00e4ll\u00e4kin luulemista.<\/p>\n\n\n\n<p>Historian tutkijat suhtautuvat aihepiiriins\u00e4 huomattavasti kliinisemmin kuin ei-ammattilaiset. Me revimme haavoja auki, pengomme kipeit\u00e4 aiheita, arvioimme ja yrit\u00e4mme ymm\u00e4rt\u00e4\u00e4 jopa ihmispaholaisten (<strong>Stalin<\/strong>, <strong>Hitler<\/strong>, <strong>Mao<\/strong>, <strong>Pol Pot<\/strong>) logiikkaa ja arvomaailmaa. Historioitsijat tutkivat miljoonia tappaneita tragedioita samalla kliinisyydell\u00e4 kuin biologian opiskelijat pilkkovat sammakoita.<\/p>\n\n\n\n<p>Historian ei ole syyt\u00e4 vaieta mist\u00e4\u00e4n, eik\u00e4 poliittinen korrektius tai voittajien n\u00e4k\u00f6kulmat ole ottaneet valtaa ammatista. Ampuvatko jotkut tutkijat joskus yli? Totta kai, mutta heid\u00e4n virheelliset tulkintansa korjaantuvat paremman tutkimuksen ja analyysin avulla. Historia toimii. Ellette usko, lukekaa enemm\u00e4n alan viimeisint\u00e4 kirjallisuutta.<\/p>\n\n\n\n<p><em>Soundtrack: Radiohead, <a title=\"YouTube\" href=\"https:\/\/www.youtube.com\/watch?v=7AQSLozK7aA\" target=\"_blank\">There, There<\/a><\/em><\/p>\n\n\n","protected":false},"excerpt":{"rendered":"<p>Viime viikonloppuna The Economist arvioi historioitsija Edward Baptistin uuden kirjan The Half Has Never Been Told: Slavery and the Making of American Capitalism. Arviosta tuli nettihitti, mutta kaikista v\u00e4\u00e4rist\u00e4 syist\u00e4. Baptistin kirja toistaa viime vuosikymmenten konventionaalista viisautta:<br \/>\name&hellip;<\/p>\n","protected":false},"author":158,"featured_media":0,"comment_status":"open","ping_status":"open","sticky":false,"template":"","format":"standard","meta":{"_acf_changed":false,"asauth_required_access_level":3,"asauth_cansharepaid":"true","om_header_attributes":[],"footnotes":"","om_featured_image_focal_point":[],"om_primary_tag":0,"om_contributors":[],"om_co_authors":[],"beyondwords_generate_audio":"","beyondwords_project_id":"","beyondwords_content_id":"","beyondwords_preview_token":"","beyondwords_player_content":"","beyondwords_player_style":"","beyondwords_language_code":"","beyondwords_language_id":"","beyondwords_title_voice_id":"","beyondwords_body_voice_id":"","beyondwords_summary_voice_id":"","beyondwords_error_message":"","beyondwords_disabled":"","beyondwords_delete_content":"","beyondwords_podcast_id":"","beyondwords_hash":"","publish_post_to_speechkit":"","speechkit_hash":"","speechkit_generate_audio":"","speechkit_project_id":"","speechkit_podcast_id":"","speechkit_error_message":"","speechkit_disabled":"","speechkit_access_key":"","speechkit_error":"","speechkit_info":"","speechkit_response":"","speechkit_retries":"","speechkit_status":"","speechkit_updated_at":"","_speechkit_link":"","_speechkit_text":""},"categories":[1],"tags":[10,1577,213,1578,178,1358],"class_list":["post-1936","post","type-post","status-publish","format-standard","hentry","category-americana","tag-debatti","tag-edward-baptist","tag-historia","tag-kirja-arvostelu","tag-orjuus","tag-the-economist"],"om_views":null,"acf":{"tuuma_off":false,"tuuma_kysymys":"","tuuma_vastaus":""},"asauth":{"required_access_level":1,"share_token":"","is_paid":false},"yoast_head":"<!-- This site is optimized with the Yoast SEO plugin v26.4 - https:\/\/yoast.com\/wordpress\/plugins\/seo\/ -->\n<title>Mist\u00e4 historian on vaiettava? - Americana<\/title>\n<meta name=\"robots\" content=\"noindex, follow\" \/>\n<meta property=\"og:locale\" content=\"fi_FI\" \/>\n<meta property=\"og:type\" content=\"article\" \/>\n<meta property=\"og:title\" content=\"Mist\u00e4 historian on vaiettava? - Americana\" \/>\n<meta property=\"og:description\" content=\"Viime viikonloppuna The Economist arvioi historioitsija Edward Baptistin uuden kirjan The Half Has Never Been Told: Slavery and the Making of American Capitalism. Arviosta tuli nettihitti, mutta kaikista v\u00e4\u00e4rist\u00e4 syist\u00e4. Baptistin kirja toistaa viime vuosikymmenten konventionaalista viisautta: ame&hellip;\" \/>\n<meta property=\"og:url\" content=\"https:\/\/suomenkuvalehti.fi\/americana\/mista-historian-vaiettava\/\" \/>\n<meta property=\"og:site_name\" content=\"Americana\" \/>\n<meta property=\"article:published_time\" content=\"2014-09-10T11:00:31+00:00\" \/>\n<meta property=\"og:image\" content=\"https:\/\/suomenkuvalehti.fi\/americana\/wp-content\/uploads\/sites\/10\/2022\/04\/americana_maunula-scaled.jpg\" \/>\n\t<meta property=\"og:image:width\" content=\"2560\" \/>\n\t<meta property=\"og:image:height\" content=\"1706\" \/>\n\t<meta property=\"og:image:type\" content=\"image\/jpeg\" \/>\n<meta name=\"author\" content=\"Marko Maunula\" \/>\n<meta name=\"twitter:card\" content=\"summary_large_image\" \/>\n<meta name=\"twitter:label1\" content=\"Written by\" \/>\n\t<meta name=\"twitter:data1\" content=\"Marko Maunula\" \/>\n\t<meta name=\"twitter:label2\" content=\"Est. reading time\" \/>\n\t<meta name=\"twitter:data2\" content=\"3 minuuttia\" \/>\n<script type=\"application\/ld+json\" class=\"yoast-schema-graph\">{\"@context\":\"https:\/\/schema.org\",\"@graph\":[{\"@type\":\"WebPage\",\"@id\":\"https:\/\/suomenkuvalehti.fi\/americana\/mista-historian-vaiettava\/\",\"url\":\"https:\/\/suomenkuvalehti.fi\/americana\/mista-historian-vaiettava\/\",\"name\":\"Mist\u00e4 historian on vaiettava? - Americana\",\"isPartOf\":{\"@id\":\"https:\/\/suomenkuvalehti.fi\/americana\/#website\"},\"datePublished\":\"2014-09-10T11:00:31+00:00\",\"author\":{\"@id\":\"https:\/\/suomenkuvalehti.fi\/americana\/#\/schema\/person\/12d514491cb37506bc39c8e10176c3ec\"},\"breadcrumb\":{\"@id\":\"https:\/\/suomenkuvalehti.fi\/americana\/mista-historian-vaiettava\/#breadcrumb\"},\"inLanguage\":\"fi\",\"potentialAction\":[{\"@type\":\"ReadAction\",\"target\":[\"https:\/\/suomenkuvalehti.fi\/americana\/mista-historian-vaiettava\/\"]}]},{\"@type\":\"BreadcrumbList\",\"@id\":\"https:\/\/suomenkuvalehti.fi\/americana\/mista-historian-vaiettava\/#breadcrumb\",\"itemListElement\":[{\"@type\":\"ListItem\",\"position\":1,\"name\":\"Home\",\"item\":\"https:\/\/suomenkuvalehti.fi\/americana\/\"},{\"@type\":\"ListItem\",\"position\":2,\"name\":\"Mist\u00e4 historian on vaiettava?\"}]},{\"@type\":\"WebSite\",\"@id\":\"https:\/\/suomenkuvalehti.fi\/americana\/#website\",\"url\":\"https:\/\/suomenkuvalehti.fi\/americana\/\",\"name\":\"Americana\",\"description\":\"Professori Marko Maunula seuraa USA:n politiikkaa ja populaarikulttuuria\",\"potentialAction\":[{\"@type\":\"SearchAction\",\"target\":{\"@type\":\"EntryPoint\",\"urlTemplate\":\"https:\/\/suomenkuvalehti.fi\/haku\/?q={search_term_string}\"},\"query-input\":{\"@type\":\"PropertyValueSpecification\",\"valueRequired\":true,\"valueName\":\"search_term_string\"}}],\"inLanguage\":\"fi\"},{\"@type\":\"Person\",\"@id\":\"https:\/\/suomenkuvalehti.fi\/americana\/#\/schema\/person\/12d514491cb37506bc39c8e10176c3ec\",\"name\":\"Marko Maunula\",\"image\":{\"@type\":\"ImageObject\",\"inLanguage\":\"fi\",\"@id\":\"https:\/\/suomenkuvalehti.fi\/americana\/#\/schema\/person\/image\/\",\"url\":\"https:\/\/suomenkuvalehti.fi\/americana\/wp-content\/uploads\/sites\/10\/2022\/04\/americana_maunula-150x150.jpg\",\"contentUrl\":\"https:\/\/suomenkuvalehti.fi\/americana\/wp-content\/uploads\/sites\/10\/2022\/04\/americana_maunula-150x150.jpg\",\"caption\":\"Marko Maunula\"},\"description\":\"Kirjoittaja on Yhdysvaltain historian professori Atlantassa.\"}]}<\/script>\n<!-- \/ Yoast SEO plugin. -->","yoast_head_json":{"title":"Mist\u00e4 historian on vaiettava? - Americana","robots":{"index":"noindex","follow":"follow"},"og_locale":"fi_FI","og_type":"article","og_title":"Mist\u00e4 historian on vaiettava? - Americana","og_description":"Viime viikonloppuna The Economist arvioi historioitsija Edward Baptistin uuden kirjan The Half Has Never Been Told: Slavery and the Making of American Capitalism. Arviosta tuli nettihitti, mutta kaikista v\u00e4\u00e4rist\u00e4 syist\u00e4. Baptistin kirja toistaa viime vuosikymmenten konventionaalista viisautta: ame&hellip;","og_url":"https:\/\/suomenkuvalehti.fi\/americana\/mista-historian-vaiettava\/","og_site_name":"Americana","article_published_time":"2014-09-10T11:00:31+00:00","og_image":[{"width":2560,"height":1706,"url":"https:\/\/suomenkuvalehti.fi\/americana\/wp-content\/uploads\/sites\/10\/2022\/04\/americana_maunula-scaled.jpg","type":"image\/jpeg"}],"author":"Marko Maunula","twitter_card":"summary_large_image","twitter_misc":{"Written by":"Marko Maunula","Est. reading time":"3 minuuttia"},"schema":{"@context":"https:\/\/schema.org","@graph":[{"@type":"WebPage","@id":"https:\/\/suomenkuvalehti.fi\/americana\/mista-historian-vaiettava\/","url":"https:\/\/suomenkuvalehti.fi\/americana\/mista-historian-vaiettava\/","name":"Mist\u00e4 historian on vaiettava? - Americana","isPartOf":{"@id":"https:\/\/suomenkuvalehti.fi\/americana\/#website"},"datePublished":"2014-09-10T11:00:31+00:00","author":{"@id":"https:\/\/suomenkuvalehti.fi\/americana\/#\/schema\/person\/12d514491cb37506bc39c8e10176c3ec"},"breadcrumb":{"@id":"https:\/\/suomenkuvalehti.fi\/americana\/mista-historian-vaiettava\/#breadcrumb"},"inLanguage":"fi","potentialAction":[{"@type":"ReadAction","target":["https:\/\/suomenkuvalehti.fi\/americana\/mista-historian-vaiettava\/"]}]},{"@type":"BreadcrumbList","@id":"https:\/\/suomenkuvalehti.fi\/americana\/mista-historian-vaiettava\/#breadcrumb","itemListElement":[{"@type":"ListItem","position":1,"name":"Home","item":"https:\/\/suomenkuvalehti.fi\/americana\/"},{"@type":"ListItem","position":2,"name":"Mist\u00e4 historian on vaiettava?"}]},{"@type":"WebSite","@id":"https:\/\/suomenkuvalehti.fi\/americana\/#website","url":"https:\/\/suomenkuvalehti.fi\/americana\/","name":"Americana","description":"Professori Marko Maunula seuraa USA:n politiikkaa ja populaarikulttuuria","potentialAction":[{"@type":"SearchAction","target":{"@type":"EntryPoint","urlTemplate":"https:\/\/suomenkuvalehti.fi\/haku\/?q={search_term_string}"},"query-input":{"@type":"PropertyValueSpecification","valueRequired":true,"valueName":"search_term_string"}}],"inLanguage":"fi"},{"@type":"Person","@id":"https:\/\/suomenkuvalehti.fi\/americana\/#\/schema\/person\/12d514491cb37506bc39c8e10176c3ec","name":"Marko Maunula","image":{"@type":"ImageObject","inLanguage":"fi","@id":"https:\/\/suomenkuvalehti.fi\/americana\/#\/schema\/person\/image\/","url":"https:\/\/suomenkuvalehti.fi\/americana\/wp-content\/uploads\/sites\/10\/2022\/04\/americana_maunula-150x150.jpg","contentUrl":"https:\/\/suomenkuvalehti.fi\/americana\/wp-content\/uploads\/sites\/10\/2022\/04\/americana_maunula-150x150.jpg","caption":"Marko Maunula"},"description":"Kirjoittaja on Yhdysvaltain historian professori Atlantassa."}]}},"_links":{"self":[{"href":"https:\/\/suomenkuvalehti.fi\/americana\/wp-json\/wp\/v2\/posts\/1936","targetHints":{"allow":["GET"]}}],"collection":[{"href":"https:\/\/suomenkuvalehti.fi\/americana\/wp-json\/wp\/v2\/posts"}],"about":[{"href":"https:\/\/suomenkuvalehti.fi\/americana\/wp-json\/wp\/v2\/types\/post"}],"author":[{"embeddable":true,"href":"https:\/\/suomenkuvalehti.fi\/americana\/wp-json\/wp\/v2\/users\/158"}],"replies":[{"embeddable":true,"href":"https:\/\/suomenkuvalehti.fi\/americana\/wp-json\/wp\/v2\/comments?post=1936"}],"version-history":[{"count":5,"href":"https:\/\/suomenkuvalehti.fi\/americana\/wp-json\/wp\/v2\/posts\/1936\/revisions"}],"predecessor-version":[{"id":1941,"href":"https:\/\/suomenkuvalehti.fi\/americana\/wp-json\/wp\/v2\/posts\/1936\/revisions\/1941"}],"wp:attachment":[{"href":"https:\/\/suomenkuvalehti.fi\/americana\/wp-json\/wp\/v2\/media?parent=1936"}],"wp:term":[{"taxonomy":"category","embeddable":true,"href":"https:\/\/suomenkuvalehti.fi\/americana\/wp-json\/wp\/v2\/categories?post=1936"},{"taxonomy":"post_tag","embeddable":true,"href":"https:\/\/suomenkuvalehti.fi\/americana\/wp-json\/wp\/v2\/tags?post=1936"}],"curies":[{"name":"wp","href":"https:\/\/api.w.org\/{rel}","templated":true}]}}