{"id":1907,"date":"2014-08-21T19:00:27","date_gmt":"2014-08-21T16:00:27","guid":{"rendered":"https:\/\/suomenkuvalehti.fi\/americana\/?p=1907"},"modified":"2014-08-21T17:18:07","modified_gmt":"2014-08-21T14:18:07","slug":"kirje-mustille-pojilleni","status":"publish","type":"post","link":"https:\/\/suomenkuvalehti.fi\/americana\/kirje-mustille-pojilleni\/","title":{"rendered":"Kirje mustille pojilleni"},"content":{"rendered":"\n<p><a title=\"CNN\" href=\"http:\/\/edition.cnn.com\/SPECIALS\/us\/ferguson-shooting-protests\/index.html\" target=\"_blank\">Fergusonin tapahtumat<\/a> Missourissa olivat viimeinen pisara. Joudun pit\u00e4m\u00e4\u00e4n pojilleni puheen. Ajatuskin puheesta kauhistuttaa, puistattaa ja liki raivostuttaa minua, mutta poikiaan syv\u00e4sti rakastavana is\u00e4n\u00e4 minulla ei ole muuta mahdollisuutta:<\/p>\n\n\n\n<p>&nbsp;<\/p>\n\n\n\n<p>Rakkaat poikani. Te olette suomalaisia ja afroamerikkalaisia. Teill\u00e4 on kaksi vanhempaa, nelj\u00e4 isovanhempaa, serkkuja, yst\u00e4vi\u00e4 ja muita l\u00e4heisi\u00e4 kahdella mantereella. Olette kahden eri maan, kulttuurin ja ns. \u201drodun\u201d risteytys. Olette asuneet sek\u00e4 Yhdysvalloissa ett\u00e4 Suomessa ja tunnette molemmat maat kodeiksenne. Te olette modernin, kosmopoliittisen ja yh\u00e4 suvaitsevaisemman maailman lapsia.<\/p>\n\n\n\n<p>Mutta ne jotka eiv\u00e4t tunne teit\u00e4, katsovat teit\u00e4 ja n\u00e4kev\u00e4t kolme mustaa teini-ik\u00e4ist\u00e4 poikaa. Te joudutte pelaamaan eri s\u00e4\u00e4nn\u00f6ill\u00e4 kuin teid\u00e4n valkoiset kaverinne \u2013 varsinkin tietyiss\u00e4 Yhdysvaltojen osissa.<\/p>\n\n\n\n<p>Teid\u00e4n virhemarginaalinne ovat kapeammat. Poliisit suhtautuvat teihin eri tavalla kuin valkoisiin kavereihinne. Jotkut tulkitsevat itsevarmuutenne r\u00f6yhkeydeksi, tasa-arvon ja kunnioituksen vaatimuksenne aggressioksi. Jos teette jotain teini-ik\u00e4isen typer\u00e4\u00e4 Yhdysvalloissa, teid\u00e4n valkoiset kaverinne selvi\u00e4v\u00e4t mahdollisesti tiukalla puhuttelulla ja poliisikyydill\u00e4 kotiin, mutta teid\u00e4t todenn\u00e4k\u00f6isesti pid\u00e4tet\u00e4\u00e4n.<\/p>\n\n\n\n<p>Teit\u00e4 pidet\u00e4\u00e4n silm\u00e4ll\u00e4, seurataan kaupoissa, ja monet suhtautuvat teihin potentiaalisina ongelmatapauksina. Normaalit kasvukipunne eiv\u00e4t ole vain teini-ik\u00e4isten etsimist\u00e4 paikkaansa maailmassa, vaan potentiaalisesti vaarallisia ilmentymi\u00e4 mustasta sosiaalisesta ongelmakent\u00e4st\u00e4. Ja yksikin merkint\u00e4 poliisirekisteriin kykenee tuhoamaan teid\u00e4n haaveenne tulevaisuudesta.<\/p>\n\n\n\n<p>Silti tienne on avoin niin pitk\u00e4lle kuin lahjanne, kiinnostuksenne ja ty\u00f6etiikkanne riitt\u00e4v\u00e4t. Katsokaa kuka asuu Valkoisessa talossa! \u00c4lk\u00e4\u00e4 syytt\u00e4k\u00f6 yhteiskuntaa, \u00e4lk\u00e4\u00e4 valittako liikaa, \u00e4lk\u00e4\u00e4 luovuttako. Olette edelleen oman onnenne seppi\u00e4, jotka kasvoivat kahden koulutetun vanhemman poikina. Olette saaneet nauttia etuisuuksista, jotka keskiluokkaan kuuluminen ja kahdella mantereella kasvaminen ovat teille antaneet. Sek\u00e4 Suomi ett\u00e4 Yhdysvallat tarjoavat teille mahdollisuudet hyv\u00e4\u00e4n el\u00e4m\u00e4\u00e4n.<\/p>\n\n\n\n<p>Mutta muistakaa, ett\u00e4 teid\u00e4n on oltava varovaisia. Ette saa v\u00e4itt\u00e4\u00e4 vastaan poliiseille, olivat he miten v\u00e4\u00e4r\u00e4ss\u00e4 tahansa. Teid\u00e4n vastauksenne auktoriteeteille on oltava kunnioittavampia ja kohteliaampia kuin valkoisten kavereidenne. T\u00e4m\u00e4 on viel\u00e4kin maailma, jossa aseettomia teini-ik\u00e4isi\u00e4 ampuvat siviilihenkil\u00f6t ja poliisit kulkevat vapaina.<\/p>\n\n\n\n<p><em>Soundtrack: Bob Marley, <a title=\"YouTube\" href=\"https:\/\/www.youtube.com\/watch?v=OFGgbT_VasI\" target=\"_blank\">Redemption song<\/a><\/em><\/p>\n\n\n","protected":false},"excerpt":{"rendered":"<p>Fergusonin tapahtumat Missourissa olivat viimeinen pisara. Joudun pit\u00e4m\u00e4\u00e4n pojilleni puheen. Ajatuskin puheesta kauhistuttaa, puistattaa ja liki raivostuttaa minua, mutta poikiaan syv\u00e4sti rakastavana is\u00e4n\u00e4 minulla ei ole muuta mahdollisuutta: &nbsp; Rakkaat poikani. Te olette suomalaisia ja<br \/>\nafroa&hellip;<\/p>\n","protected":false},"author":158,"featured_media":0,"comment_status":"open","ping_status":"open","sticky":false,"template":"","format":"standard","meta":{"_acf_changed":false,"asauth_required_access_level":3,"asauth_cansharepaid":"true","om_header_attributes":[],"footnotes":"","om_featured_image_focal_point":[],"om_primary_tag":0,"om_contributors":[],"om_co_authors":[],"beyondwords_generate_audio":"","beyondwords_project_id":"","beyondwords_content_id":"","beyondwords_preview_token":"","beyondwords_player_content":"","beyondwords_player_style":"","beyondwords_language_code":"","beyondwords_language_id":"","beyondwords_title_voice_id":"","beyondwords_body_voice_id":"","beyondwords_summary_voice_id":"","beyondwords_error_message":"","beyondwords_disabled":"","beyondwords_delete_content":"","beyondwords_podcast_id":"","beyondwords_hash":"","publish_post_to_speechkit":"","speechkit_hash":"","speechkit_generate_audio":"","speechkit_project_id":"","speechkit_podcast_id":"","speechkit_error_message":"","speechkit_disabled":"","speechkit_access_key":"","speechkit_error":"","speechkit_info":"","speechkit_response":"","speechkit_retries":"","speechkit_status":"","speechkit_updated_at":"","_speechkit_link":"","_speechkit_text":""},"categories":[1],"tags":[637,1566,1567,638,281,24],"class_list":["post-1907","post","type-post","status-publish","format-standard","hentry","category-americana","tag-ampuminen","tag-ferguson","tag-poikani","tag-poliisi","tag-rotu","tag-yhdysvallat"],"om_views":null,"acf":{"tuuma_off":false,"tuuma_kysymys":"","tuuma_vastaus":""},"asauth":{"required_access_level":1,"share_token":"","is_paid":false},"yoast_head":"<!-- This site is optimized with the Yoast SEO plugin v26.4 - https:\/\/yoast.com\/wordpress\/plugins\/seo\/ -->\n<title>Kirje mustille pojilleni - Americana<\/title>\n<meta name=\"robots\" content=\"noindex, follow\" \/>\n<meta property=\"og:locale\" content=\"fi_FI\" \/>\n<meta property=\"og:type\" content=\"article\" \/>\n<meta property=\"og:title\" content=\"Kirje mustille pojilleni - Americana\" \/>\n<meta property=\"og:description\" content=\"Fergusonin tapahtumat Missourissa olivat viimeinen pisara. Joudun pit\u00e4m\u00e4\u00e4n pojilleni puheen. Ajatuskin puheesta kauhistuttaa, puistattaa ja liki raivostuttaa minua, mutta poikiaan syv\u00e4sti rakastavana is\u00e4n\u00e4 minulla ei ole muuta mahdollisuutta: &nbsp; Rakkaat poikani. Te olette suomalaisia ja afroa&hellip;\" \/>\n<meta property=\"og:url\" content=\"https:\/\/suomenkuvalehti.fi\/americana\/kirje-mustille-pojilleni\/\" \/>\n<meta property=\"og:site_name\" content=\"Americana\" \/>\n<meta property=\"article:published_time\" content=\"2014-08-21T16:00:27+00:00\" \/>\n<meta property=\"og:image\" content=\"https:\/\/suomenkuvalehti.fi\/americana\/wp-content\/uploads\/sites\/10\/2022\/04\/americana_maunula-scaled.jpg\" \/>\n\t<meta property=\"og:image:width\" content=\"2560\" \/>\n\t<meta property=\"og:image:height\" content=\"1706\" \/>\n\t<meta property=\"og:image:type\" content=\"image\/jpeg\" \/>\n<meta name=\"author\" content=\"Marko Maunula\" \/>\n<meta name=\"twitter:card\" content=\"summary_large_image\" \/>\n<meta name=\"twitter:label1\" content=\"Written by\" \/>\n\t<meta name=\"twitter:data1\" content=\"Marko Maunula\" \/>\n\t<meta name=\"twitter:label2\" content=\"Est. reading time\" \/>\n\t<meta name=\"twitter:data2\" content=\"2 minuuttia\" \/>\n<script type=\"application\/ld+json\" class=\"yoast-schema-graph\">{\"@context\":\"https:\/\/schema.org\",\"@graph\":[{\"@type\":\"WebPage\",\"@id\":\"https:\/\/suomenkuvalehti.fi\/americana\/kirje-mustille-pojilleni\/\",\"url\":\"https:\/\/suomenkuvalehti.fi\/americana\/kirje-mustille-pojilleni\/\",\"name\":\"Kirje mustille pojilleni - Americana\",\"isPartOf\":{\"@id\":\"https:\/\/suomenkuvalehti.fi\/americana\/#website\"},\"datePublished\":\"2014-08-21T16:00:27+00:00\",\"author\":{\"@id\":\"https:\/\/suomenkuvalehti.fi\/americana\/#\/schema\/person\/12d514491cb37506bc39c8e10176c3ec\"},\"breadcrumb\":{\"@id\":\"https:\/\/suomenkuvalehti.fi\/americana\/kirje-mustille-pojilleni\/#breadcrumb\"},\"inLanguage\":\"fi\",\"potentialAction\":[{\"@type\":\"ReadAction\",\"target\":[\"https:\/\/suomenkuvalehti.fi\/americana\/kirje-mustille-pojilleni\/\"]}]},{\"@type\":\"BreadcrumbList\",\"@id\":\"https:\/\/suomenkuvalehti.fi\/americana\/kirje-mustille-pojilleni\/#breadcrumb\",\"itemListElement\":[{\"@type\":\"ListItem\",\"position\":1,\"name\":\"Home\",\"item\":\"https:\/\/suomenkuvalehti.fi\/americana\/\"},{\"@type\":\"ListItem\",\"position\":2,\"name\":\"Kirje mustille pojilleni\"}]},{\"@type\":\"WebSite\",\"@id\":\"https:\/\/suomenkuvalehti.fi\/americana\/#website\",\"url\":\"https:\/\/suomenkuvalehti.fi\/americana\/\",\"name\":\"Americana\",\"description\":\"Professori Marko Maunula seuraa USA:n politiikkaa ja populaarikulttuuria\",\"potentialAction\":[{\"@type\":\"SearchAction\",\"target\":{\"@type\":\"EntryPoint\",\"urlTemplate\":\"https:\/\/suomenkuvalehti.fi\/haku\/?q={search_term_string}\"},\"query-input\":{\"@type\":\"PropertyValueSpecification\",\"valueRequired\":true,\"valueName\":\"search_term_string\"}}],\"inLanguage\":\"fi\"},{\"@type\":\"Person\",\"@id\":\"https:\/\/suomenkuvalehti.fi\/americana\/#\/schema\/person\/12d514491cb37506bc39c8e10176c3ec\",\"name\":\"Marko Maunula\",\"image\":{\"@type\":\"ImageObject\",\"inLanguage\":\"fi\",\"@id\":\"https:\/\/suomenkuvalehti.fi\/americana\/#\/schema\/person\/image\/\",\"url\":\"https:\/\/suomenkuvalehti.fi\/americana\/wp-content\/uploads\/sites\/10\/2022\/04\/americana_maunula-150x150.jpg\",\"contentUrl\":\"https:\/\/suomenkuvalehti.fi\/americana\/wp-content\/uploads\/sites\/10\/2022\/04\/americana_maunula-150x150.jpg\",\"caption\":\"Marko Maunula\"},\"description\":\"Kirjoittaja on Yhdysvaltain historian professori Atlantassa.\"}]}<\/script>\n<!-- \/ Yoast SEO plugin. -->","yoast_head_json":{"title":"Kirje mustille pojilleni - Americana","robots":{"index":"noindex","follow":"follow"},"og_locale":"fi_FI","og_type":"article","og_title":"Kirje mustille pojilleni - Americana","og_description":"Fergusonin tapahtumat Missourissa olivat viimeinen pisara. Joudun pit\u00e4m\u00e4\u00e4n pojilleni puheen. Ajatuskin puheesta kauhistuttaa, puistattaa ja liki raivostuttaa minua, mutta poikiaan syv\u00e4sti rakastavana is\u00e4n\u00e4 minulla ei ole muuta mahdollisuutta: &nbsp; Rakkaat poikani. Te olette suomalaisia ja afroa&hellip;","og_url":"https:\/\/suomenkuvalehti.fi\/americana\/kirje-mustille-pojilleni\/","og_site_name":"Americana","article_published_time":"2014-08-21T16:00:27+00:00","og_image":[{"width":2560,"height":1706,"url":"https:\/\/suomenkuvalehti.fi\/americana\/wp-content\/uploads\/sites\/10\/2022\/04\/americana_maunula-scaled.jpg","type":"image\/jpeg"}],"author":"Marko Maunula","twitter_card":"summary_large_image","twitter_misc":{"Written by":"Marko Maunula","Est. reading time":"2 minuuttia"},"schema":{"@context":"https:\/\/schema.org","@graph":[{"@type":"WebPage","@id":"https:\/\/suomenkuvalehti.fi\/americana\/kirje-mustille-pojilleni\/","url":"https:\/\/suomenkuvalehti.fi\/americana\/kirje-mustille-pojilleni\/","name":"Kirje mustille pojilleni - Americana","isPartOf":{"@id":"https:\/\/suomenkuvalehti.fi\/americana\/#website"},"datePublished":"2014-08-21T16:00:27+00:00","author":{"@id":"https:\/\/suomenkuvalehti.fi\/americana\/#\/schema\/person\/12d514491cb37506bc39c8e10176c3ec"},"breadcrumb":{"@id":"https:\/\/suomenkuvalehti.fi\/americana\/kirje-mustille-pojilleni\/#breadcrumb"},"inLanguage":"fi","potentialAction":[{"@type":"ReadAction","target":["https:\/\/suomenkuvalehti.fi\/americana\/kirje-mustille-pojilleni\/"]}]},{"@type":"BreadcrumbList","@id":"https:\/\/suomenkuvalehti.fi\/americana\/kirje-mustille-pojilleni\/#breadcrumb","itemListElement":[{"@type":"ListItem","position":1,"name":"Home","item":"https:\/\/suomenkuvalehti.fi\/americana\/"},{"@type":"ListItem","position":2,"name":"Kirje mustille pojilleni"}]},{"@type":"WebSite","@id":"https:\/\/suomenkuvalehti.fi\/americana\/#website","url":"https:\/\/suomenkuvalehti.fi\/americana\/","name":"Americana","description":"Professori Marko Maunula seuraa USA:n politiikkaa ja populaarikulttuuria","potentialAction":[{"@type":"SearchAction","target":{"@type":"EntryPoint","urlTemplate":"https:\/\/suomenkuvalehti.fi\/haku\/?q={search_term_string}"},"query-input":{"@type":"PropertyValueSpecification","valueRequired":true,"valueName":"search_term_string"}}],"inLanguage":"fi"},{"@type":"Person","@id":"https:\/\/suomenkuvalehti.fi\/americana\/#\/schema\/person\/12d514491cb37506bc39c8e10176c3ec","name":"Marko Maunula","image":{"@type":"ImageObject","inLanguage":"fi","@id":"https:\/\/suomenkuvalehti.fi\/americana\/#\/schema\/person\/image\/","url":"https:\/\/suomenkuvalehti.fi\/americana\/wp-content\/uploads\/sites\/10\/2022\/04\/americana_maunula-150x150.jpg","contentUrl":"https:\/\/suomenkuvalehti.fi\/americana\/wp-content\/uploads\/sites\/10\/2022\/04\/americana_maunula-150x150.jpg","caption":"Marko Maunula"},"description":"Kirjoittaja on Yhdysvaltain historian professori Atlantassa."}]}},"_links":{"self":[{"href":"https:\/\/suomenkuvalehti.fi\/americana\/wp-json\/wp\/v2\/posts\/1907","targetHints":{"allow":["GET"]}}],"collection":[{"href":"https:\/\/suomenkuvalehti.fi\/americana\/wp-json\/wp\/v2\/posts"}],"about":[{"href":"https:\/\/suomenkuvalehti.fi\/americana\/wp-json\/wp\/v2\/types\/post"}],"author":[{"embeddable":true,"href":"https:\/\/suomenkuvalehti.fi\/americana\/wp-json\/wp\/v2\/users\/158"}],"replies":[{"embeddable":true,"href":"https:\/\/suomenkuvalehti.fi\/americana\/wp-json\/wp\/v2\/comments?post=1907"}],"version-history":[{"count":4,"href":"https:\/\/suomenkuvalehti.fi\/americana\/wp-json\/wp\/v2\/posts\/1907\/revisions"}],"predecessor-version":[{"id":1911,"href":"https:\/\/suomenkuvalehti.fi\/americana\/wp-json\/wp\/v2\/posts\/1907\/revisions\/1911"}],"wp:attachment":[{"href":"https:\/\/suomenkuvalehti.fi\/americana\/wp-json\/wp\/v2\/media?parent=1907"}],"wp:term":[{"taxonomy":"category","embeddable":true,"href":"https:\/\/suomenkuvalehti.fi\/americana\/wp-json\/wp\/v2\/categories?post=1907"},{"taxonomy":"post_tag","embeddable":true,"href":"https:\/\/suomenkuvalehti.fi\/americana\/wp-json\/wp\/v2\/tags?post=1907"}],"curies":[{"name":"wp","href":"https:\/\/api.w.org\/{rel}","templated":true}]}}