{"id":1890,"date":"2014-08-12T09:40:00","date_gmt":"2014-08-12T06:40:00","guid":{"rendered":"https:\/\/suomenkuvalehti.fi\/americana\/?p=1890"},"modified":"2014-08-12T09:40:00","modified_gmt":"2014-08-12T06:40:00","slug":"isis-islam-ja-eurooppa","status":"publish","type":"post","link":"https:\/\/suomenkuvalehti.fi\/americana\/isis-islam-ja-eurooppa\/","title":{"rendered":"Isis, islam ja Eurooppa"},"content":{"rendered":"\n<p>Yhdysvallat aloitti pommituskampanjan <a href=\"http:\/\/www.theguardian.com\/world\/2014\/aug\/10\/us-air-strikes-isis-iraq-yazidi-refugees\">Isis-terroristeja vastaan viikonvaihteessa<\/a>. Kasvaako l\u00e4nnen rooli arabimaailman sis\u00e4llissodassa?<\/p>\n\n\n\n<p>Arabimaailman kriisi syvenee. Arabikev\u00e4\u00e4n optimismi on kuihtunut, ja nyt alue Libyasta Irakiin n\u00e4ytt\u00e4\u00e4 olevan yh\u00e4 pahenevan islamilaisen sis\u00e4llissodan kynsiss\u00e4, kun islamilainen maailma taistelee suhtautumisestaan modernisaatioon. Konfliktin kaukaisempia et\u00e4pes\u00e4kkeit\u00e4 l\u00f6ytyy my\u00f6s Saharan etel\u00e4puolisesta Afrikasta.<\/p>\n\n\n\n<p>Militantit islamistit yritt\u00e4v\u00e4t valtaan Libyassa. Egyptiss\u00e4 armeija otti vallan, kun presidentti Morsi keskitti valtaa omiin k\u00e4siins\u00e4 ja ryhtyi (arvostelijoiden mukaan) ajamaan islamistista vallankaappausta. Syyrian sis\u00e4llissota on nyt l\u00e4ikkym\u00e4ss\u00e4 naapurimaihin, ennen kaikkea Irakiin.<\/p>\n\n\n\n<p>Isis (Irakin ja Syyrian islamilainen valtio) on saartanut noin <a href=\"http:\/\/www.cnn.com\/2014\/08\/10\/world\/meast\/iraq-isis-sinjar\/\">40 000 jesidi\u00e4 Irakin Sinjarvuorille<\/a>, luvaten tappaa jokaisen jesidi-uskonnon harjoittajan, joka ei suostu k\u00e4\u00e4ntym\u00e4\u00e4n islamiin. Isis on my\u00f6s ajanut kodeistaan noin 200 000 irakilaista kristitty\u00e4, samoin murhanhimoisin uhkauksin.<\/p>\n\n\n\n<p>Isisin julmuus on mykist\u00e4v\u00e4\u00e4. Internet tarjoaa puistattavaa kuvamateriaalia heid\u00e4n teoistaan. Jesidej\u00e4 uhkaava joukkomurha muodostaa niin vakavan humanit\u00e4\u00e4risen kriisin, ett\u00e4 Yhdysvallat aloitti iskut. Muut l\u00e4nsivallat ovat valtaosin reagoineet iskuihin hyv\u00e4ksyv\u00e4ll\u00e4 hiljaisuudella.<\/p>\n\n\n\n<p>Miten pitk\u00e4lle Yhdysvaltojen iskujen pit\u00e4isi menn\u00e4? Olisiko muiden l\u00e4nsivaltojen osallistuttava operaatioon? Onko Euroopan otettava aktiivisempi rooli ilmaiskuissa ja muissa mahdollisissa taisteluoperaatioissa?<\/p>\n\n\n\n<p>Islamilaisen maailman sis\u00e4llissota koskettaa l\u00e4ntt\u00e4 \u2013 ja erityisesti Eurooppaa. Humanit\u00e4\u00e4risten tekij\u00f6iden lis\u00e4ksi peliss\u00e4 on Euroopan turvallisuus. Fukuyama-Huntington-debatti on k\u00e4rjistym\u00e4ss\u00e4.<\/p>\n\n\n\n<p>Kun kylm\u00e4 sota p\u00e4\u00e4ttyi, <strong>Francis Fukuyama<\/strong> kirjoitti teoksen <i>The End of History and the Last Man<\/i>. Soveltaen hegelil\u00e4is-marxilaista teleologiaa Fukuyama sanoi suurten historiallisten kysymysten olevan nyt ohi. Kapitalismi ja demokratia ovat voittaneet. Loput historialliset debatit ovat perusluonteeltaan marginaalisia.<\/p>\n\n\n\n<p>Fukuyaman vanha professori <strong>Samuel Huntington<\/strong> kirjoitti vasta-argumentin vuonna 1993. Essee \u201cClash of Civilizations\u201d ilmestyi ensin <em>Foreign Affairs<\/em> -lehdess\u00e4, ja vuonna 1996 Huntington laajensi sen kokonaiseksi kirjaksi: <i>Clash of Civilizations and the Remaking of World Order<\/i>.<\/p>\n\n\n\n<p>Huntington sanoi, ett\u00e4 ideologioiden aikakausi on ohi, mutta tulevaisuudessa suuret konfliktit k\u00e4yd\u00e4\u00e4n sivilisaatioiden v\u00e4lill\u00e4. Huntingtonille sivilisaatiot ovat pitk\u00e4lti uskontojen ymp\u00e4rille muodostuneita laajoja rakenteita.<\/p>\n\n\n\n<p>Huntington painottaa erityisesti islamilaisen ja ei-islamilaisten sivilisaatioiden konflikteja. Niiden rajat ovat historiallisesti olleet verisi\u00e4, Huntington kirjoittaa. Islamilaisen maailman nopea v\u00e4est\u00f6nkasvu, uskonnon aseman vahvistuminen sek\u00e4 muslimeja raivostuttava, l\u00e4nsimaiden harrastama omien arvojen tuputtaminen universaaleina totuuksina k\u00e4rjist\u00e4v\u00e4t l\u00e4nnen ja islamilaisen maailman v\u00e4lej\u00e4.<\/p>\n\n\n\n<p>Jos Isis ja muut radikaalit islamilaiset liikkeet voittavat muslimien sis\u00e4llissodan, Huntingtonin pelottavasta visiosta tulee totta. Kalifaatin paluu vaatii entisten islamille vihittyjen maa-alueiden palauttamista fundamentalistisen islamin alaisuuteen. Katsokaa Euroopan historiallisia karttoja. Tai kuunnelkaa fundamentalistista suomalaista muslimia, joka toivoo sharia-lakia Suomeen.<\/p>\n\n\n\n<p>Tuki islamilaisen maailman modernisteille on v\u00e4ltt\u00e4m\u00e4t\u00f6nt\u00e4. T\u00e4ss\u00e4 koulutus, yhteisty\u00f6 ja rauhanomainen k\u00e4denojennus ovat ensisijaisen t\u00e4rkeit\u00e4. Mutta jossain vaiheessa tuen on mahdollisesti oltava my\u00f6s sotilaallista.<\/p>\n\n\n\n<p>Kun suuret historialliset voimat ovat liikkeess\u00e4, my\u00f6s ajatusten on oltava suuria \u2013 jopa dramaattisia.<\/p>\n\n\n\n<p><em>Soundtrack: Tool, <a href=\"https:\/\/www.youtube.com\/watch?v=UhjG47gtMCo\">Schism<\/a><\/em><\/p>\n\n\n","protected":false},"excerpt":{"rendered":"<p>Yhdysvallat aloitti pommituskampanjan Isis-terroristeja vastaan viikonvaihteessa. Kasvaako l\u00e4nnen rooli arabimaailman sis\u00e4llissodassa? Arabimaailman kriisi syvenee. Arabikev\u00e4\u00e4n optimismi on kuihtunut, ja nyt alue Libyasta Irakiin n\u00e4ytt\u00e4\u00e4 olevan yh\u00e4 pahenevan islamilaisen sis\u00e4llissodan kynsiss\u00e4,<br \/>\nkun islam&hellip;<\/p>\n","protected":false},"author":158,"featured_media":0,"comment_status":"open","ping_status":"open","sticky":false,"template":"","format":"standard","meta":{"_acf_changed":false,"asauth_required_access_level":3,"asauth_cansharepaid":"true","om_header_attributes":[],"footnotes":"","om_featured_image_focal_point":[],"om_primary_tag":0,"om_contributors":[],"om_co_authors":[],"beyondwords_generate_audio":"","beyondwords_project_id":"","beyondwords_content_id":"","beyondwords_preview_token":"","beyondwords_player_content":"","beyondwords_player_style":"","beyondwords_language_code":"","beyondwords_language_id":"","beyondwords_title_voice_id":"","beyondwords_body_voice_id":"","beyondwords_summary_voice_id":"","beyondwords_error_message":"","beyondwords_disabled":"","beyondwords_delete_content":"","beyondwords_podcast_id":"","beyondwords_hash":"","publish_post_to_speechkit":"","speechkit_hash":"","speechkit_generate_audio":"","speechkit_project_id":"","speechkit_podcast_id":"","speechkit_error_message":"","speechkit_disabled":"","speechkit_access_key":"","speechkit_error":"","speechkit_info":"","speechkit_response":"","speechkit_retries":"","speechkit_status":"","speechkit_updated_at":"","_speechkit_link":"","_speechkit_text":""},"categories":[1],"tags":[70,1562,1561,1051,83,24],"class_list":["post-1890","post","type-post","status-publish","format-standard","hentry","category-americana","tag-eurooppa","tag-ilmaiskut","tag-isis","tag-islam","tag-sota","tag-yhdysvallat"],"om_views":null,"acf":{"tuuma_off":false,"tuuma_kysymys":"","tuuma_vastaus":""},"asauth":{"required_access_level":1,"share_token":"","is_paid":false},"yoast_head":"<!-- This site is optimized with the Yoast SEO plugin v26.4 - https:\/\/yoast.com\/wordpress\/plugins\/seo\/ -->\n<title>Isis, islam ja Eurooppa - Americana<\/title>\n<meta name=\"robots\" content=\"noindex, follow\" \/>\n<meta property=\"og:locale\" content=\"fi_FI\" \/>\n<meta property=\"og:type\" content=\"article\" \/>\n<meta property=\"og:title\" content=\"Isis, islam ja Eurooppa - Americana\" \/>\n<meta property=\"og:description\" content=\"Yhdysvallat aloitti pommituskampanjan Isis-terroristeja vastaan viikonvaihteessa. Kasvaako l\u00e4nnen rooli arabimaailman sis\u00e4llissodassa? Arabimaailman kriisi syvenee. Arabikev\u00e4\u00e4n optimismi on kuihtunut, ja nyt alue Libyasta Irakiin n\u00e4ytt\u00e4\u00e4 olevan yh\u00e4 pahenevan islamilaisen sis\u00e4llissodan kynsiss\u00e4, kun islam&hellip;\" \/>\n<meta property=\"og:url\" content=\"https:\/\/suomenkuvalehti.fi\/americana\/isis-islam-ja-eurooppa\/\" \/>\n<meta property=\"og:site_name\" content=\"Americana\" \/>\n<meta property=\"article:published_time\" content=\"2014-08-12T06:40:00+00:00\" \/>\n<meta property=\"og:image\" content=\"https:\/\/suomenkuvalehti.fi\/americana\/wp-content\/uploads\/sites\/10\/2022\/04\/americana_maunula-scaled.jpg\" \/>\n\t<meta property=\"og:image:width\" content=\"2560\" \/>\n\t<meta property=\"og:image:height\" content=\"1706\" \/>\n\t<meta property=\"og:image:type\" content=\"image\/jpeg\" \/>\n<meta name=\"author\" content=\"Marko Maunula\" \/>\n<meta name=\"twitter:card\" content=\"summary_large_image\" \/>\n<meta name=\"twitter:label1\" content=\"Written by\" \/>\n\t<meta name=\"twitter:data1\" content=\"Marko Maunula\" \/>\n\t<meta name=\"twitter:label2\" content=\"Est. reading time\" \/>\n\t<meta name=\"twitter:data2\" content=\"2 minuuttia\" \/>\n<script type=\"application\/ld+json\" class=\"yoast-schema-graph\">{\"@context\":\"https:\/\/schema.org\",\"@graph\":[{\"@type\":\"WebPage\",\"@id\":\"https:\/\/suomenkuvalehti.fi\/americana\/isis-islam-ja-eurooppa\/\",\"url\":\"https:\/\/suomenkuvalehti.fi\/americana\/isis-islam-ja-eurooppa\/\",\"name\":\"Isis, islam ja Eurooppa - Americana\",\"isPartOf\":{\"@id\":\"https:\/\/suomenkuvalehti.fi\/americana\/#website\"},\"datePublished\":\"2014-08-12T06:40:00+00:00\",\"author\":{\"@id\":\"https:\/\/suomenkuvalehti.fi\/americana\/#\/schema\/person\/12d514491cb37506bc39c8e10176c3ec\"},\"breadcrumb\":{\"@id\":\"https:\/\/suomenkuvalehti.fi\/americana\/isis-islam-ja-eurooppa\/#breadcrumb\"},\"inLanguage\":\"fi\",\"potentialAction\":[{\"@type\":\"ReadAction\",\"target\":[\"https:\/\/suomenkuvalehti.fi\/americana\/isis-islam-ja-eurooppa\/\"]}]},{\"@type\":\"BreadcrumbList\",\"@id\":\"https:\/\/suomenkuvalehti.fi\/americana\/isis-islam-ja-eurooppa\/#breadcrumb\",\"itemListElement\":[{\"@type\":\"ListItem\",\"position\":1,\"name\":\"Home\",\"item\":\"https:\/\/suomenkuvalehti.fi\/americana\/\"},{\"@type\":\"ListItem\",\"position\":2,\"name\":\"Isis, islam ja Eurooppa\"}]},{\"@type\":\"WebSite\",\"@id\":\"https:\/\/suomenkuvalehti.fi\/americana\/#website\",\"url\":\"https:\/\/suomenkuvalehti.fi\/americana\/\",\"name\":\"Americana\",\"description\":\"Professori Marko Maunula seuraa USA:n politiikkaa ja populaarikulttuuria\",\"potentialAction\":[{\"@type\":\"SearchAction\",\"target\":{\"@type\":\"EntryPoint\",\"urlTemplate\":\"https:\/\/suomenkuvalehti.fi\/haku\/?q={search_term_string}\"},\"query-input\":{\"@type\":\"PropertyValueSpecification\",\"valueRequired\":true,\"valueName\":\"search_term_string\"}}],\"inLanguage\":\"fi\"},{\"@type\":\"Person\",\"@id\":\"https:\/\/suomenkuvalehti.fi\/americana\/#\/schema\/person\/12d514491cb37506bc39c8e10176c3ec\",\"name\":\"Marko Maunula\",\"image\":{\"@type\":\"ImageObject\",\"inLanguage\":\"fi\",\"@id\":\"https:\/\/suomenkuvalehti.fi\/americana\/#\/schema\/person\/image\/\",\"url\":\"https:\/\/suomenkuvalehti.fi\/americana\/wp-content\/uploads\/sites\/10\/2022\/04\/americana_maunula-150x150.jpg\",\"contentUrl\":\"https:\/\/suomenkuvalehti.fi\/americana\/wp-content\/uploads\/sites\/10\/2022\/04\/americana_maunula-150x150.jpg\",\"caption\":\"Marko Maunula\"},\"description\":\"Kirjoittaja on Yhdysvaltain historian professori Atlantassa.\"}]}<\/script>\n<!-- \/ Yoast SEO plugin. -->","yoast_head_json":{"title":"Isis, islam ja Eurooppa - Americana","robots":{"index":"noindex","follow":"follow"},"og_locale":"fi_FI","og_type":"article","og_title":"Isis, islam ja Eurooppa - Americana","og_description":"Yhdysvallat aloitti pommituskampanjan Isis-terroristeja vastaan viikonvaihteessa. Kasvaako l\u00e4nnen rooli arabimaailman sis\u00e4llissodassa? Arabimaailman kriisi syvenee. Arabikev\u00e4\u00e4n optimismi on kuihtunut, ja nyt alue Libyasta Irakiin n\u00e4ytt\u00e4\u00e4 olevan yh\u00e4 pahenevan islamilaisen sis\u00e4llissodan kynsiss\u00e4, kun islam&hellip;","og_url":"https:\/\/suomenkuvalehti.fi\/americana\/isis-islam-ja-eurooppa\/","og_site_name":"Americana","article_published_time":"2014-08-12T06:40:00+00:00","og_image":[{"width":2560,"height":1706,"url":"https:\/\/suomenkuvalehti.fi\/americana\/wp-content\/uploads\/sites\/10\/2022\/04\/americana_maunula-scaled.jpg","type":"image\/jpeg"}],"author":"Marko Maunula","twitter_card":"summary_large_image","twitter_misc":{"Written by":"Marko Maunula","Est. reading time":"2 minuuttia"},"schema":{"@context":"https:\/\/schema.org","@graph":[{"@type":"WebPage","@id":"https:\/\/suomenkuvalehti.fi\/americana\/isis-islam-ja-eurooppa\/","url":"https:\/\/suomenkuvalehti.fi\/americana\/isis-islam-ja-eurooppa\/","name":"Isis, islam ja Eurooppa - Americana","isPartOf":{"@id":"https:\/\/suomenkuvalehti.fi\/americana\/#website"},"datePublished":"2014-08-12T06:40:00+00:00","author":{"@id":"https:\/\/suomenkuvalehti.fi\/americana\/#\/schema\/person\/12d514491cb37506bc39c8e10176c3ec"},"breadcrumb":{"@id":"https:\/\/suomenkuvalehti.fi\/americana\/isis-islam-ja-eurooppa\/#breadcrumb"},"inLanguage":"fi","potentialAction":[{"@type":"ReadAction","target":["https:\/\/suomenkuvalehti.fi\/americana\/isis-islam-ja-eurooppa\/"]}]},{"@type":"BreadcrumbList","@id":"https:\/\/suomenkuvalehti.fi\/americana\/isis-islam-ja-eurooppa\/#breadcrumb","itemListElement":[{"@type":"ListItem","position":1,"name":"Home","item":"https:\/\/suomenkuvalehti.fi\/americana\/"},{"@type":"ListItem","position":2,"name":"Isis, islam ja Eurooppa"}]},{"@type":"WebSite","@id":"https:\/\/suomenkuvalehti.fi\/americana\/#website","url":"https:\/\/suomenkuvalehti.fi\/americana\/","name":"Americana","description":"Professori Marko Maunula seuraa USA:n politiikkaa ja populaarikulttuuria","potentialAction":[{"@type":"SearchAction","target":{"@type":"EntryPoint","urlTemplate":"https:\/\/suomenkuvalehti.fi\/haku\/?q={search_term_string}"},"query-input":{"@type":"PropertyValueSpecification","valueRequired":true,"valueName":"search_term_string"}}],"inLanguage":"fi"},{"@type":"Person","@id":"https:\/\/suomenkuvalehti.fi\/americana\/#\/schema\/person\/12d514491cb37506bc39c8e10176c3ec","name":"Marko Maunula","image":{"@type":"ImageObject","inLanguage":"fi","@id":"https:\/\/suomenkuvalehti.fi\/americana\/#\/schema\/person\/image\/","url":"https:\/\/suomenkuvalehti.fi\/americana\/wp-content\/uploads\/sites\/10\/2022\/04\/americana_maunula-150x150.jpg","contentUrl":"https:\/\/suomenkuvalehti.fi\/americana\/wp-content\/uploads\/sites\/10\/2022\/04\/americana_maunula-150x150.jpg","caption":"Marko Maunula"},"description":"Kirjoittaja on Yhdysvaltain historian professori Atlantassa."}]}},"_links":{"self":[{"href":"https:\/\/suomenkuvalehti.fi\/americana\/wp-json\/wp\/v2\/posts\/1890","targetHints":{"allow":["GET"]}}],"collection":[{"href":"https:\/\/suomenkuvalehti.fi\/americana\/wp-json\/wp\/v2\/posts"}],"about":[{"href":"https:\/\/suomenkuvalehti.fi\/americana\/wp-json\/wp\/v2\/types\/post"}],"author":[{"embeddable":true,"href":"https:\/\/suomenkuvalehti.fi\/americana\/wp-json\/wp\/v2\/users\/158"}],"replies":[{"embeddable":true,"href":"https:\/\/suomenkuvalehti.fi\/americana\/wp-json\/wp\/v2\/comments?post=1890"}],"version-history":[{"count":3,"href":"https:\/\/suomenkuvalehti.fi\/americana\/wp-json\/wp\/v2\/posts\/1890\/revisions"}],"predecessor-version":[{"id":1895,"href":"https:\/\/suomenkuvalehti.fi\/americana\/wp-json\/wp\/v2\/posts\/1890\/revisions\/1895"}],"wp:attachment":[{"href":"https:\/\/suomenkuvalehti.fi\/americana\/wp-json\/wp\/v2\/media?parent=1890"}],"wp:term":[{"taxonomy":"category","embeddable":true,"href":"https:\/\/suomenkuvalehti.fi\/americana\/wp-json\/wp\/v2\/categories?post=1890"},{"taxonomy":"post_tag","embeddable":true,"href":"https:\/\/suomenkuvalehti.fi\/americana\/wp-json\/wp\/v2\/tags?post=1890"}],"curies":[{"name":"wp","href":"https:\/\/api.w.org\/{rel}","templated":true}]}}