{"id":1819,"date":"2014-06-21T12:11:34","date_gmt":"2014-06-21T09:11:34","guid":{"rendered":"https:\/\/suomenkuvalehti.fi\/americana\/?p=1819"},"modified":"2014-06-21T12:11:34","modified_gmt":"2014-06-21T09:11:34","slug":"vasemmiston-antisemitismi-oikeiston-rasismi","status":"publish","type":"post","link":"https:\/\/suomenkuvalehti.fi\/americana\/vasemmiston-antisemitismi-oikeiston-rasismi\/","title":{"rendered":"Vasemmiston antisemitismi = oikeiston rasismi"},"content":{"rendered":"\n<p>Er\u00e4s juutalaisista kavereistani harkitsee lomamatkaa Pohjoismaihin. H\u00e4n kyseli suosituksia n\u00e4ht\u00e4vyyksist\u00e4 ja kokemuksista. Viimeinen kysymys oli: \u201dEnt\u00e4 antisemitismi?\u201d Uutiset <a href=\"http:\/\/www.haaretz.com\/opinion\/.premium-1.563147\">Ruotsin kasvavasta juutalaisvihasta<\/a> huolestuttivat.<\/p>\n\n\n\n<p>Kysymykset eurooppalaisesta antisemitismist\u00e4 tapasivat yll\u00e4tt\u00e4\u00e4 minut viel\u00e4 reilu vuosikymmen sitten. Eih\u00e4n meill\u00e4 sellaista en\u00e4\u00e4 ole? Miten kaveri voi olla noin paranoidi?<\/p>\n\n\n\n<p>Ajan ja et\u00e4isyyden my\u00f6t\u00e4 asenteeni ovat muuttuneet. En\u00e4\u00e4 en pelk\u00e4st\u00e4\u00e4n tunnusta eurooppalaisen antisemitismin olemassaoloa, mutta pid\u00e4n sit\u00e4 melko vakavana ongelmana. Antisemitismi ei rajoitu my\u00f6sk\u00e4\u00e4n marginaalisiin kellarifasisteihin tai L\u00e4hi-id\u00e4st\u00e4 saapuneisiin siirtolaisiin. Se el\u00e4\u00e4 valitettavan vahvana my\u00f6s eurooppalaisen vasemmiston parissa.<\/p>\n\n\n\n<p>Monen eurooppalaisen (laita)vasemmistolaisen asenne antisemitismiin muistuttaa h\u00e4tk\u00e4hdytt\u00e4v\u00e4n paljon amerikkalaisen (laita)oikeiston suhtautumista afroamerikkalaisiin.<\/p>\n\n\n\n<p>Amerikkalainen oikeisto on viime vuosikymmenet ajanut politiikkaa, joka on johdonmukaisesti toiminut afroamerikkalaisten etuja vastaan. K\u00f6yhimpi\u00e4 amerikkalaisia koetelleet sosiaaliturvan leikkaukset ovat osuneet vahvasti afroamerikkalaisiin. Rodullisia v\u00e4hemmist\u00f6j\u00e4 opiskelu- ja ty\u00f6paikkojen saannissa suosinut affirmative action \u2013k\u00e4yt\u00e4nt\u00f6 on hiipunut. Kaupunkien kaavoitukset, koulujen rahoitukset ja lukuisat muut oikeistoa el\u00e4v\u00f6itt\u00e4neet ajatukset ovat suhteettomasti vahingoittaneet afroamerikkalaisia naapurustoja.<\/p>\n\n\n\n<p>Samanaikaisesti moderni republikaani on raivoissaan, jos joku edes kehtaa ep\u00e4ill\u00e4 h\u00e4nen motiivejaan rasistisiksi. H\u00e4nen ideologiansa ei perustu rotuun! Se, ett\u00e4 h\u00e4nen ajamansa politiikka sattuu vahingoittamaan afroamerikkalaisia, on puhdas yhteensattuma.<\/p>\n\n\n\n<p>Amerikkalainen oikeistolainen nostaa itsekriittiset, omiaan ruoskivat afroamerikkalaiset (<strong>Thomas Sowell<\/strong>, <strong>Herman Cain<\/strong>, <strong>Allen West<\/strong>) jalustalle ja kertoo ihailullaan, ettei h\u00e4n voi olla rasisti, sill\u00e4 h\u00e4n \u00e4\u00e4nesti Cainia esivaaleissa.<\/p>\n\n\n\n<p>Julkisesti republikaani saattaa ihmetell\u00e4, mikseiv\u00e4t afroamerikkalaiset ymm\u00e4rr\u00e4, ett\u00e4 h\u00e4nen ajamansa tough love -linja itse asiassa auttaa heit\u00e4. Tosin muutaman tuopin j\u00e4lkeen h\u00e4n saattaa valittaa mustien laiskuudesta ja haluttomuudesta sosiaaliseen etenemiseen.<\/p>\n\n\n\n<p>Moderni eurooppalainen vasemmisto on puolestaan tehnyt Israelista yhden viime vuosikymmenten keskeisist\u00e4 pakkomielteist\u00e4\u00e4n.<\/p>\n\n\n\n<p>Kaikista maailman ep\u00e4kohdista L\u00e4hi-id\u00e4n ainoa demokratia sytytt\u00e4\u00e4 modernin (laita)vasemmiston taapertajassa suhteettoman voimakkaita tuntemuksia. Syyrian katastrofi j\u00e4\u00e4 kakkoseksi, kun Gazaan pit\u00e4\u00e4 l\u00e4hte\u00e4 viem\u00e4\u00e4n jalkapalloja. Iranin toimeenpanemat, tusinakaupalla jaetut kuolemantuomiot eiv\u00e4t kiinnosta l\u00e4hesk\u00e4\u00e4n yht\u00e4 paljon kuin Israelin poliisin ylily\u00f6nnit heid\u00e4n taltuttaessaan palestiinalaisten mielenosoitusta. Etel\u00e4-Sudanin tilanne on kamala, mutta ensin pit\u00e4\u00e4 lukea juttu Israelin siirtokunnista.<\/p>\n\n\n\n<p>Samanaikaisesti vasemmistolainen aktivisti on raivoissaan, jos joku kehtaa ep\u00e4ill\u00e4 h\u00e4nen motiivejaan antisemitismin s\u00e4vytt\u00e4miksi. Ei ole h\u00e4nen vikansa, ett\u00e4 Israel on niin kamala!<\/p>\n\n\n\n<p>Aktivisti my\u00f6s ny\u00f6kyttelee <strong>Tony Kushnerille<\/strong> ja <strong>Noam Chomskylle<\/strong>. H\u00e4n ei tietenk\u00e4\u00e4n voi olla antisemiitti, sill\u00e4 h\u00e4n arvostaa monia juutalaisia kirjailijoita ja muita ajattelijoita. Muutaman tuopin j\u00e4lkeen h\u00e4n tosin saattaa ihmetell\u00e4, voisiko juutalaisissa olla itsess\u00e4\u00e4n jotain syyt\u00e4 vainoihinsa. Heid\u00e4n menestyksess\u00e4\u00e4n on jotain outoa ja hieman h\u00e4iritsev\u00e4\u00e4.<\/p>\n\n\n\n<p>T\u00e4ss\u00e4kin asiassa malkan n\u00e4keminen toisen silm\u00e4ss\u00e4 on luvattoman helppoa, mutta omien motiivien ja ennakkoluulojen rohkea ja avoin arviointi on valtavan vaikeaa. Suosittelen l\u00e4mpim\u00e4sti muiden syntien unohtamista hetkeksi ja sen korvaamista ankaralla peiliin tuijottamisella: olenko rasisti, antisemiitti, seksisti, homofobi? Jos, niin pit\u00e4isik\u00f6 minun tehd\u00e4 sille jotain? Olenko johdonmukainen ja eettisesti sek\u00e4 loogisesti puhtailla papereilla peliss\u00e4?<\/p>\n\n\n\n<p>Suosittelen t\u00e4t\u00e4 peilisessiota erityisesti hyvien asioiden puolustajille.<\/p>\n\n\n\n<p><em>Soundtrack: The Adverts, <a href=\"https:\/\/www.youtube.com\/watch?v=USKocNP6WIk&amp;feature=kp\">One Chord Wonders<\/a>.<\/em><\/p>\n\n\n","protected":false},"excerpt":{"rendered":"<p>Er\u00e4s juutalaisista kavereistani harkitsee lomamatkaa Pohjoismaihin. H\u00e4n kyseli suosituksia n\u00e4ht\u00e4vyyksist\u00e4 ja kokemuksista. Viimeinen kysymys oli: \u201dEnt\u00e4 antisemitismi?\u201d Uutiset Ruotsin kasvavasta juutalaisvihasta huolestuttivat. Kysymykset eurooppalaisesta antisemitismist\u00e4<br \/>\ntapasivat &hellip;<\/p>\n","protected":false},"author":158,"featured_media":0,"comment_status":"open","ping_status":"open","sticky":false,"template":"","format":"standard","meta":{"_acf_changed":false,"asauth_required_access_level":3,"asauth_cansharepaid":"true","om_header_attributes":[],"footnotes":"","om_featured_image_focal_point":[],"om_primary_tag":0,"om_contributors":[],"om_co_authors":[],"beyondwords_generate_audio":"","beyondwords_project_id":"","beyondwords_content_id":"","beyondwords_preview_token":"","beyondwords_player_content":"","beyondwords_player_style":"","beyondwords_language_code":"","beyondwords_language_id":"","beyondwords_title_voice_id":"","beyondwords_body_voice_id":"","beyondwords_summary_voice_id":"","beyondwords_error_message":"","beyondwords_disabled":"","beyondwords_delete_content":"","beyondwords_podcast_id":"","beyondwords_hash":"","publish_post_to_speechkit":"","speechkit_hash":"","speechkit_generate_audio":"","speechkit_project_id":"","speechkit_podcast_id":"","speechkit_error_message":"","speechkit_disabled":"","speechkit_access_key":"","speechkit_error":"","speechkit_info":"","speechkit_response":"","speechkit_retries":"","speechkit_status":"","speechkit_updated_at":"","_speechkit_link":"","_speechkit_text":""},"categories":[1],"tags":[820,70,311,253,280,144,24],"class_list":["post-1819","post","type-post","status-publish","format-standard","hentry","category-americana","tag-antisemitismi","tag-eurooppa","tag-israel","tag-oikeisto","tag-rasismi","tag-vasemmisto","tag-yhdysvallat"],"om_views":null,"acf":{"tuuma_off":false,"tuuma_kysymys":"","tuuma_vastaus":""},"asauth":{"required_access_level":1,"share_token":"","is_paid":false},"yoast_head":"<!-- This site is optimized with the Yoast SEO plugin v26.4 - https:\/\/yoast.com\/wordpress\/plugins\/seo\/ -->\n<title>Vasemmiston antisemitismi = oikeiston rasismi - Americana<\/title>\n<meta name=\"robots\" content=\"noindex, follow\" \/>\n<meta property=\"og:locale\" content=\"fi_FI\" \/>\n<meta property=\"og:type\" content=\"article\" \/>\n<meta property=\"og:title\" content=\"Vasemmiston antisemitismi = oikeiston rasismi - Americana\" \/>\n<meta property=\"og:description\" content=\"Er\u00e4s juutalaisista kavereistani harkitsee lomamatkaa Pohjoismaihin. H\u00e4n kyseli suosituksia n\u00e4ht\u00e4vyyksist\u00e4 ja kokemuksista. Viimeinen kysymys oli: \u201dEnt\u00e4 antisemitismi?\u201d Uutiset Ruotsin kasvavasta juutalaisvihasta huolestuttivat. Kysymykset eurooppalaisesta antisemitismist\u00e4 tapasivat &hellip;\" \/>\n<meta property=\"og:url\" content=\"https:\/\/suomenkuvalehti.fi\/americana\/vasemmiston-antisemitismi-oikeiston-rasismi\/\" \/>\n<meta property=\"og:site_name\" content=\"Americana\" \/>\n<meta property=\"article:published_time\" content=\"2014-06-21T09:11:34+00:00\" \/>\n<meta property=\"og:image\" content=\"https:\/\/suomenkuvalehti.fi\/americana\/wp-content\/uploads\/sites\/10\/2022\/04\/americana_maunula-scaled.jpg\" \/>\n\t<meta property=\"og:image:width\" content=\"2560\" \/>\n\t<meta property=\"og:image:height\" content=\"1706\" \/>\n\t<meta property=\"og:image:type\" content=\"image\/jpeg\" \/>\n<meta name=\"author\" content=\"Marko Maunula\" \/>\n<meta name=\"twitter:card\" content=\"summary_large_image\" \/>\n<meta name=\"twitter:label1\" content=\"Written by\" \/>\n\t<meta name=\"twitter:data1\" content=\"Marko Maunula\" \/>\n\t<meta name=\"twitter:label2\" content=\"Est. reading time\" \/>\n\t<meta name=\"twitter:data2\" content=\"3 minuuttia\" \/>\n<script type=\"application\/ld+json\" class=\"yoast-schema-graph\">{\"@context\":\"https:\/\/schema.org\",\"@graph\":[{\"@type\":\"WebPage\",\"@id\":\"https:\/\/suomenkuvalehti.fi\/americana\/vasemmiston-antisemitismi-oikeiston-rasismi\/\",\"url\":\"https:\/\/suomenkuvalehti.fi\/americana\/vasemmiston-antisemitismi-oikeiston-rasismi\/\",\"name\":\"Vasemmiston antisemitismi = oikeiston rasismi - Americana\",\"isPartOf\":{\"@id\":\"https:\/\/suomenkuvalehti.fi\/americana\/#website\"},\"datePublished\":\"2014-06-21T09:11:34+00:00\",\"author\":{\"@id\":\"https:\/\/suomenkuvalehti.fi\/americana\/#\/schema\/person\/12d514491cb37506bc39c8e10176c3ec\"},\"breadcrumb\":{\"@id\":\"https:\/\/suomenkuvalehti.fi\/americana\/vasemmiston-antisemitismi-oikeiston-rasismi\/#breadcrumb\"},\"inLanguage\":\"fi\",\"potentialAction\":[{\"@type\":\"ReadAction\",\"target\":[\"https:\/\/suomenkuvalehti.fi\/americana\/vasemmiston-antisemitismi-oikeiston-rasismi\/\"]}]},{\"@type\":\"BreadcrumbList\",\"@id\":\"https:\/\/suomenkuvalehti.fi\/americana\/vasemmiston-antisemitismi-oikeiston-rasismi\/#breadcrumb\",\"itemListElement\":[{\"@type\":\"ListItem\",\"position\":1,\"name\":\"Home\",\"item\":\"https:\/\/suomenkuvalehti.fi\/americana\/\"},{\"@type\":\"ListItem\",\"position\":2,\"name\":\"Vasemmiston antisemitismi = oikeiston rasismi\"}]},{\"@type\":\"WebSite\",\"@id\":\"https:\/\/suomenkuvalehti.fi\/americana\/#website\",\"url\":\"https:\/\/suomenkuvalehti.fi\/americana\/\",\"name\":\"Americana\",\"description\":\"Professori Marko Maunula seuraa USA:n politiikkaa ja populaarikulttuuria\",\"potentialAction\":[{\"@type\":\"SearchAction\",\"target\":{\"@type\":\"EntryPoint\",\"urlTemplate\":\"https:\/\/suomenkuvalehti.fi\/haku\/?q={search_term_string}\"},\"query-input\":{\"@type\":\"PropertyValueSpecification\",\"valueRequired\":true,\"valueName\":\"search_term_string\"}}],\"inLanguage\":\"fi\"},{\"@type\":\"Person\",\"@id\":\"https:\/\/suomenkuvalehti.fi\/americana\/#\/schema\/person\/12d514491cb37506bc39c8e10176c3ec\",\"name\":\"Marko Maunula\",\"image\":{\"@type\":\"ImageObject\",\"inLanguage\":\"fi\",\"@id\":\"https:\/\/suomenkuvalehti.fi\/americana\/#\/schema\/person\/image\/\",\"url\":\"https:\/\/suomenkuvalehti.fi\/americana\/wp-content\/uploads\/sites\/10\/2022\/04\/americana_maunula-150x150.jpg\",\"contentUrl\":\"https:\/\/suomenkuvalehti.fi\/americana\/wp-content\/uploads\/sites\/10\/2022\/04\/americana_maunula-150x150.jpg\",\"caption\":\"Marko Maunula\"},\"description\":\"Kirjoittaja on Yhdysvaltain historian professori Atlantassa.\"}]}<\/script>\n<!-- \/ Yoast SEO plugin. -->","yoast_head_json":{"title":"Vasemmiston antisemitismi = oikeiston rasismi - Americana","robots":{"index":"noindex","follow":"follow"},"og_locale":"fi_FI","og_type":"article","og_title":"Vasemmiston antisemitismi = oikeiston rasismi - Americana","og_description":"Er\u00e4s juutalaisista kavereistani harkitsee lomamatkaa Pohjoismaihin. H\u00e4n kyseli suosituksia n\u00e4ht\u00e4vyyksist\u00e4 ja kokemuksista. Viimeinen kysymys oli: \u201dEnt\u00e4 antisemitismi?\u201d Uutiset Ruotsin kasvavasta juutalaisvihasta huolestuttivat. Kysymykset eurooppalaisesta antisemitismist\u00e4 tapasivat &hellip;","og_url":"https:\/\/suomenkuvalehti.fi\/americana\/vasemmiston-antisemitismi-oikeiston-rasismi\/","og_site_name":"Americana","article_published_time":"2014-06-21T09:11:34+00:00","og_image":[{"width":2560,"height":1706,"url":"https:\/\/suomenkuvalehti.fi\/americana\/wp-content\/uploads\/sites\/10\/2022\/04\/americana_maunula-scaled.jpg","type":"image\/jpeg"}],"author":"Marko Maunula","twitter_card":"summary_large_image","twitter_misc":{"Written by":"Marko Maunula","Est. reading time":"3 minuuttia"},"schema":{"@context":"https:\/\/schema.org","@graph":[{"@type":"WebPage","@id":"https:\/\/suomenkuvalehti.fi\/americana\/vasemmiston-antisemitismi-oikeiston-rasismi\/","url":"https:\/\/suomenkuvalehti.fi\/americana\/vasemmiston-antisemitismi-oikeiston-rasismi\/","name":"Vasemmiston antisemitismi = oikeiston rasismi - Americana","isPartOf":{"@id":"https:\/\/suomenkuvalehti.fi\/americana\/#website"},"datePublished":"2014-06-21T09:11:34+00:00","author":{"@id":"https:\/\/suomenkuvalehti.fi\/americana\/#\/schema\/person\/12d514491cb37506bc39c8e10176c3ec"},"breadcrumb":{"@id":"https:\/\/suomenkuvalehti.fi\/americana\/vasemmiston-antisemitismi-oikeiston-rasismi\/#breadcrumb"},"inLanguage":"fi","potentialAction":[{"@type":"ReadAction","target":["https:\/\/suomenkuvalehti.fi\/americana\/vasemmiston-antisemitismi-oikeiston-rasismi\/"]}]},{"@type":"BreadcrumbList","@id":"https:\/\/suomenkuvalehti.fi\/americana\/vasemmiston-antisemitismi-oikeiston-rasismi\/#breadcrumb","itemListElement":[{"@type":"ListItem","position":1,"name":"Home","item":"https:\/\/suomenkuvalehti.fi\/americana\/"},{"@type":"ListItem","position":2,"name":"Vasemmiston antisemitismi = oikeiston rasismi"}]},{"@type":"WebSite","@id":"https:\/\/suomenkuvalehti.fi\/americana\/#website","url":"https:\/\/suomenkuvalehti.fi\/americana\/","name":"Americana","description":"Professori Marko Maunula seuraa USA:n politiikkaa ja populaarikulttuuria","potentialAction":[{"@type":"SearchAction","target":{"@type":"EntryPoint","urlTemplate":"https:\/\/suomenkuvalehti.fi\/haku\/?q={search_term_string}"},"query-input":{"@type":"PropertyValueSpecification","valueRequired":true,"valueName":"search_term_string"}}],"inLanguage":"fi"},{"@type":"Person","@id":"https:\/\/suomenkuvalehti.fi\/americana\/#\/schema\/person\/12d514491cb37506bc39c8e10176c3ec","name":"Marko Maunula","image":{"@type":"ImageObject","inLanguage":"fi","@id":"https:\/\/suomenkuvalehti.fi\/americana\/#\/schema\/person\/image\/","url":"https:\/\/suomenkuvalehti.fi\/americana\/wp-content\/uploads\/sites\/10\/2022\/04\/americana_maunula-150x150.jpg","contentUrl":"https:\/\/suomenkuvalehti.fi\/americana\/wp-content\/uploads\/sites\/10\/2022\/04\/americana_maunula-150x150.jpg","caption":"Marko Maunula"},"description":"Kirjoittaja on Yhdysvaltain historian professori Atlantassa."}]}},"_links":{"self":[{"href":"https:\/\/suomenkuvalehti.fi\/americana\/wp-json\/wp\/v2\/posts\/1819","targetHints":{"allow":["GET"]}}],"collection":[{"href":"https:\/\/suomenkuvalehti.fi\/americana\/wp-json\/wp\/v2\/posts"}],"about":[{"href":"https:\/\/suomenkuvalehti.fi\/americana\/wp-json\/wp\/v2\/types\/post"}],"author":[{"embeddable":true,"href":"https:\/\/suomenkuvalehti.fi\/americana\/wp-json\/wp\/v2\/users\/158"}],"replies":[{"embeddable":true,"href":"https:\/\/suomenkuvalehti.fi\/americana\/wp-json\/wp\/v2\/comments?post=1819"}],"version-history":[{"count":3,"href":"https:\/\/suomenkuvalehti.fi\/americana\/wp-json\/wp\/v2\/posts\/1819\/revisions"}],"predecessor-version":[{"id":1823,"href":"https:\/\/suomenkuvalehti.fi\/americana\/wp-json\/wp\/v2\/posts\/1819\/revisions\/1823"}],"wp:attachment":[{"href":"https:\/\/suomenkuvalehti.fi\/americana\/wp-json\/wp\/v2\/media?parent=1819"}],"wp:term":[{"taxonomy":"category","embeddable":true,"href":"https:\/\/suomenkuvalehti.fi\/americana\/wp-json\/wp\/v2\/categories?post=1819"},{"taxonomy":"post_tag","embeddable":true,"href":"https:\/\/suomenkuvalehti.fi\/americana\/wp-json\/wp\/v2\/tags?post=1819"}],"curies":[{"name":"wp","href":"https:\/\/api.w.org\/{rel}","templated":true}]}}