{"id":1811,"date":"2014-06-16T18:30:42","date_gmt":"2014-06-16T15:30:42","guid":{"rendered":"https:\/\/suomenkuvalehti.fi\/americana\/?p=1811"},"modified":"2014-06-16T14:46:50","modified_gmt":"2014-06-16T11:46:50","slug":"vallankumous-soi-jalleen-lapsensa","status":"publish","type":"post","link":"https:\/\/suomenkuvalehti.fi\/americana\/vallankumous-soi-jalleen-lapsensa\/","title":{"rendered":"Vallankumous s\u00f6i j\u00e4lleen lapsensa"},"content":{"rendered":"\n<p>Palasin viikonloppuna Karibian lomamatkalta. Maihin noustuani ensimm\u00e4inen uutinen oli sokkiluokkaa: edustajainhuoneen republikaanien johtaja <strong>Eric Cantor<\/strong> <a title=\"CNN\" href=\"http:\/\/www.cnn.com\/2014\/06\/11\/politics\/brat-cantor-upset-win\/\" target=\"_blank\">h\u00e4visi viime viikolla<\/a> puolueensa esivaalit.<\/p>\n\n\n\n<p>Cantorin kukistaja oli <strong>Dave Brat<\/strong>, teekutsuliikkeen kandidaatti, poliittinen noviisi ja taloustieteen professori pienest\u00e4 yliopistosta. Bratin median\u00e4kyvyys oli minimaalinen, vaalibudjetti vain murto-osa Cantorin kassasta ja tunnettavuus rajoittunut ainoastaan Virginian kaikkein omistautuneimpiin republikaaneihin. Silti Brat pieksi Cantorin selvin lukemin.<\/p>\n\n\n\n<p><span style=\"line-height: 1.5em;\">Syyt Cantorin kaatumiseen l\u00f6ytyv\u00e4t sekoituksesta muukalaiskammoa, Cantorin omaa poliittista puusilm\u00e4isyytt\u00e4, populistisen liikkeen psykopatologiaa ja ripauksesta uskonnollisia ennakkoluuloja.<\/span><\/p>\n\n\n\n<p>Cantor tuki maahanmuuttolain reformia. H\u00e4n kannatti ehdotusta, jossa vanhempiensa mukana pikkulapsina maahan tulleet laittomat siirtolaiset saisivat kansalaisuuden, jos he liittyisiv\u00e4t armeijaan, opiskelisivat yliopistossa tai muuten osoittautuisivat positiivisiksi kansalaisiksi.<\/p>\n\n\n\n<p>Siirtolaisvastaisen raivon valtaamalle amerikkalaiselle oikeistolle t\u00e4m\u00e4kin oli liikaa.<\/p>\n\n\n\n<p>Cantor itse teki vakavia poliittisia virheit\u00e4, joista suurin oli h\u00e4nen liian avoin kunnianhimonsa. Mies hinkusi edustajainhuoneen puhemieheksi. Katsoessaan yl\u00f6s ja eteenp\u00e4in h\u00e4n unohti oman vaalipiirins\u00e4 ja sen \u00e4\u00e4nest\u00e4j\u00e4t. Poliitikko ei saa koskaan unohtaa vaalipiiri\u00e4\u00e4n.<\/p>\n\n\n\n<p>&nbsp;<\/p>\n\n\n\n<p>Kun <strong>Barack Obama<\/strong> voitti vaalit vuonna 2008, republikaanit kokoontuivat strategiasessioon, jossa he p\u00e4\u00e4ttiv\u00e4t tulevan oppositiokautensa linjasta. Republikaanien johto p\u00e4\u00e4tti, ett\u00e4 heist\u00e4 tulee puolue \u201dEi!\u201d.<\/p>\n\n\n\n<p>Johdonmukainen kielt\u00e4ytyminen yhteisty\u00f6st\u00e4 demokraattien ja Obaman kanssa, jatkuva presidentin aloitteiden torpedointi ja kritiikki muodostivat heid\u00e4n oppositiopolitiikkansa keskeisen linjan. He k\u00e4yttiv\u00e4t hyv\u00e4kseen teekutsuliikkeen raivoa ja energiaa matkaten vaalivoittoon ja ottaen kontrollin edustajainhuoneesta vuonna 2010.<\/p>\n\n\n\n<p>Cantor oli yksi linjan arkkitehdeist\u00e4. H\u00e4nest\u00e4 tuli republikaanien taukoamattoman Obama-kritiikin n\u00e4kyv\u00e4 hahmo, joka ruokki teekutsuliikkeen vallannutta poliittista raivoa. H\u00e4n ratsasti tiikerill\u00e4 aikansa, mutta sitten tiikerille tuli n\u00e4lk\u00e4.<\/p>\n\n\n\n<p>Raivosta polttovoimansa ottanut populistinen liike osoittautui mahdottomaksi kontrolloida. Republikaanien johto havaitsi, ett\u00e4 t\u00e4m\u00e4n vallankumouksen jakobiinit k\u00e4\u00e4nsiv\u00e4t aseensa kohti republikaanien <em>establishmentia<\/em>, Cantor mukaan luettuna.<\/p>\n\n\n\n<p>Lopuksi Cantorin juutalaisuus nakersi ainakin murusia h\u00e4nen kannatuksestaan. Cantorin tappion my\u00f6t\u00e4 kongressin republikaanien jokainen j\u00e4sen on nyt kristitty, ja yht\u00e4 lukuun ottamatta he ovat valkoisia.<\/p>\n\n\n\n<p>Kongressin ainoa ei-valkoinen republikaani, Etel\u00e4-Carolinan afroamerikkalainen senaattori <strong>Tim Scott<\/strong> nousi virkaansa nimityksen, ei vaalien, my\u00f6t\u00e4. Osavaltion republikaaninen kuvern\u00f6\u00f6ri <strong>Nikki Haley<\/strong> nosti Scottin korvaamaan paikkansa j\u00e4tt\u00e4nytt\u00e4 <strong>Jim DeMintia<\/strong>.<\/p>\n\n\n\n<p>Politiikassa on siedett\u00e4vi\u00e4 ja katastrofaalisia tappioita, ja Cantorin tappio kuului j\u00e4lkimm\u00e4iseen luokkaan. Teekutsuliike ei ole kuollut ja republikaanien valtaklikin on syyt\u00e4 olla peloissaan. Demokraatit puolestaan hihitt\u00e4v\u00e4t vahingonilosta. Joka miekkaan tarttuu, se miekkaan hukkuu.<\/p>\n\n\n\n<p><em>Soundtrack: Beck, <a title=\"YouTube\" href=\"https:\/\/www.youtube.com\/watch?v=YgSPaXgAdzE&amp;feature=kp\" target=\"_blank\">Loser<\/a><\/em><\/p>\n\n\n","protected":false},"excerpt":{"rendered":"<p>Palasin viikonloppuna Karibian lomamatkalta. Maihin noustuani ensimm\u00e4inen uutinen oli sokkiluokkaa: edustajainhuoneen republikaanien johtaja Eric Cantor h\u00e4visi viime viikolla puolueensa esivaalit. Cantorin kukistaja oli Dave Brat, teekutsuliikkeen kandidaatti, poliittinen noviisi ja<br \/>\nt&hellip;<\/p>\n","protected":false},"author":158,"featured_media":0,"comment_status":"open","ping_status":"open","sticky":false,"template":"","format":"standard","meta":{"_acf_changed":false,"asauth_required_access_level":3,"asauth_cansharepaid":"true","om_header_attributes":[],"footnotes":"","om_featured_image_focal_point":[],"om_primary_tag":0,"om_contributors":[],"om_co_authors":[],"beyondwords_generate_audio":"","beyondwords_project_id":"","beyondwords_content_id":"","beyondwords_preview_token":"","beyondwords_player_content":"","beyondwords_player_style":"","beyondwords_language_code":"","beyondwords_language_id":"","beyondwords_title_voice_id":"","beyondwords_body_voice_id":"","beyondwords_summary_voice_id":"","beyondwords_error_message":"","beyondwords_disabled":"","beyondwords_delete_content":"","beyondwords_podcast_id":"","beyondwords_hash":"","publish_post_to_speechkit":"","speechkit_hash":"","speechkit_generate_audio":"","speechkit_project_id":"","speechkit_podcast_id":"","speechkit_error_message":"","speechkit_disabled":"","speechkit_access_key":"","speechkit_error":"","speechkit_info":"","speechkit_response":"","speechkit_retries":"","speechkit_status":"","speechkit_updated_at":"","_speechkit_link":"","_speechkit_text":""},"categories":[1],"tags":[1544,1543,648,30,669,21],"class_list":["post-1811","post","type-post","status-publish","format-standard","hentry","category-americana","tag-dave-brat","tag-eric-cantor","tag-esivaalit","tag-republikaanit","tag-tappio","tag-teekutsut"],"om_views":null,"acf":{"tuuma_off":false,"tuuma_kysymys":"","tuuma_vastaus":""},"asauth":{"required_access_level":1,"share_token":"","is_paid":false},"yoast_head":"<!-- This site is optimized with the Yoast SEO plugin v26.4 - https:\/\/yoast.com\/wordpress\/plugins\/seo\/ -->\n<title>Vallankumous s\u00f6i j\u00e4lleen lapsensa - Americana<\/title>\n<meta name=\"robots\" content=\"noindex, follow\" \/>\n<meta property=\"og:locale\" content=\"fi_FI\" \/>\n<meta property=\"og:type\" content=\"article\" \/>\n<meta property=\"og:title\" content=\"Vallankumous s\u00f6i j\u00e4lleen lapsensa - Americana\" \/>\n<meta property=\"og:description\" content=\"Palasin viikonloppuna Karibian lomamatkalta. Maihin noustuani ensimm\u00e4inen uutinen oli sokkiluokkaa: edustajainhuoneen republikaanien johtaja Eric Cantor h\u00e4visi viime viikolla puolueensa esivaalit. Cantorin kukistaja oli Dave Brat, teekutsuliikkeen kandidaatti, poliittinen noviisi ja t&hellip;\" \/>\n<meta property=\"og:url\" content=\"https:\/\/suomenkuvalehti.fi\/americana\/vallankumous-soi-jalleen-lapsensa\/\" \/>\n<meta property=\"og:site_name\" content=\"Americana\" \/>\n<meta property=\"article:published_time\" content=\"2014-06-16T15:30:42+00:00\" \/>\n<meta property=\"og:image\" content=\"https:\/\/suomenkuvalehti.fi\/americana\/wp-content\/uploads\/sites\/10\/2022\/04\/americana_maunula-scaled.jpg\" \/>\n\t<meta property=\"og:image:width\" content=\"2560\" \/>\n\t<meta property=\"og:image:height\" content=\"1706\" \/>\n\t<meta property=\"og:image:type\" content=\"image\/jpeg\" \/>\n<meta name=\"author\" content=\"Marko Maunula\" \/>\n<meta name=\"twitter:card\" content=\"summary_large_image\" \/>\n<meta name=\"twitter:label1\" content=\"Written by\" \/>\n\t<meta name=\"twitter:data1\" content=\"Marko Maunula\" \/>\n\t<meta name=\"twitter:label2\" content=\"Est. reading time\" \/>\n\t<meta name=\"twitter:data2\" content=\"2 minuuttia\" \/>\n<script type=\"application\/ld+json\" class=\"yoast-schema-graph\">{\"@context\":\"https:\/\/schema.org\",\"@graph\":[{\"@type\":\"WebPage\",\"@id\":\"https:\/\/suomenkuvalehti.fi\/americana\/vallankumous-soi-jalleen-lapsensa\/\",\"url\":\"https:\/\/suomenkuvalehti.fi\/americana\/vallankumous-soi-jalleen-lapsensa\/\",\"name\":\"Vallankumous s\u00f6i j\u00e4lleen lapsensa - Americana\",\"isPartOf\":{\"@id\":\"https:\/\/suomenkuvalehti.fi\/americana\/#website\"},\"datePublished\":\"2014-06-16T15:30:42+00:00\",\"author\":{\"@id\":\"https:\/\/suomenkuvalehti.fi\/americana\/#\/schema\/person\/12d514491cb37506bc39c8e10176c3ec\"},\"breadcrumb\":{\"@id\":\"https:\/\/suomenkuvalehti.fi\/americana\/vallankumous-soi-jalleen-lapsensa\/#breadcrumb\"},\"inLanguage\":\"fi\",\"potentialAction\":[{\"@type\":\"ReadAction\",\"target\":[\"https:\/\/suomenkuvalehti.fi\/americana\/vallankumous-soi-jalleen-lapsensa\/\"]}]},{\"@type\":\"BreadcrumbList\",\"@id\":\"https:\/\/suomenkuvalehti.fi\/americana\/vallankumous-soi-jalleen-lapsensa\/#breadcrumb\",\"itemListElement\":[{\"@type\":\"ListItem\",\"position\":1,\"name\":\"Home\",\"item\":\"https:\/\/suomenkuvalehti.fi\/americana\/\"},{\"@type\":\"ListItem\",\"position\":2,\"name\":\"Vallankumous s\u00f6i j\u00e4lleen lapsensa\"}]},{\"@type\":\"WebSite\",\"@id\":\"https:\/\/suomenkuvalehti.fi\/americana\/#website\",\"url\":\"https:\/\/suomenkuvalehti.fi\/americana\/\",\"name\":\"Americana\",\"description\":\"Professori Marko Maunula seuraa USA:n politiikkaa ja populaarikulttuuria\",\"potentialAction\":[{\"@type\":\"SearchAction\",\"target\":{\"@type\":\"EntryPoint\",\"urlTemplate\":\"https:\/\/suomenkuvalehti.fi\/haku\/?q={search_term_string}\"},\"query-input\":{\"@type\":\"PropertyValueSpecification\",\"valueRequired\":true,\"valueName\":\"search_term_string\"}}],\"inLanguage\":\"fi\"},{\"@type\":\"Person\",\"@id\":\"https:\/\/suomenkuvalehti.fi\/americana\/#\/schema\/person\/12d514491cb37506bc39c8e10176c3ec\",\"name\":\"Marko Maunula\",\"image\":{\"@type\":\"ImageObject\",\"inLanguage\":\"fi\",\"@id\":\"https:\/\/suomenkuvalehti.fi\/americana\/#\/schema\/person\/image\/\",\"url\":\"https:\/\/suomenkuvalehti.fi\/americana\/wp-content\/uploads\/sites\/10\/2022\/04\/americana_maunula-150x150.jpg\",\"contentUrl\":\"https:\/\/suomenkuvalehti.fi\/americana\/wp-content\/uploads\/sites\/10\/2022\/04\/americana_maunula-150x150.jpg\",\"caption\":\"Marko Maunula\"},\"description\":\"Kirjoittaja on Yhdysvaltain historian professori Atlantassa.\"}]}<\/script>\n<!-- \/ Yoast SEO plugin. -->","yoast_head_json":{"title":"Vallankumous s\u00f6i j\u00e4lleen lapsensa - Americana","robots":{"index":"noindex","follow":"follow"},"og_locale":"fi_FI","og_type":"article","og_title":"Vallankumous s\u00f6i j\u00e4lleen lapsensa - Americana","og_description":"Palasin viikonloppuna Karibian lomamatkalta. Maihin noustuani ensimm\u00e4inen uutinen oli sokkiluokkaa: edustajainhuoneen republikaanien johtaja Eric Cantor h\u00e4visi viime viikolla puolueensa esivaalit. Cantorin kukistaja oli Dave Brat, teekutsuliikkeen kandidaatti, poliittinen noviisi ja t&hellip;","og_url":"https:\/\/suomenkuvalehti.fi\/americana\/vallankumous-soi-jalleen-lapsensa\/","og_site_name":"Americana","article_published_time":"2014-06-16T15:30:42+00:00","og_image":[{"width":2560,"height":1706,"url":"https:\/\/suomenkuvalehti.fi\/americana\/wp-content\/uploads\/sites\/10\/2022\/04\/americana_maunula-scaled.jpg","type":"image\/jpeg"}],"author":"Marko Maunula","twitter_card":"summary_large_image","twitter_misc":{"Written by":"Marko Maunula","Est. reading time":"2 minuuttia"},"schema":{"@context":"https:\/\/schema.org","@graph":[{"@type":"WebPage","@id":"https:\/\/suomenkuvalehti.fi\/americana\/vallankumous-soi-jalleen-lapsensa\/","url":"https:\/\/suomenkuvalehti.fi\/americana\/vallankumous-soi-jalleen-lapsensa\/","name":"Vallankumous s\u00f6i j\u00e4lleen lapsensa - Americana","isPartOf":{"@id":"https:\/\/suomenkuvalehti.fi\/americana\/#website"},"datePublished":"2014-06-16T15:30:42+00:00","author":{"@id":"https:\/\/suomenkuvalehti.fi\/americana\/#\/schema\/person\/12d514491cb37506bc39c8e10176c3ec"},"breadcrumb":{"@id":"https:\/\/suomenkuvalehti.fi\/americana\/vallankumous-soi-jalleen-lapsensa\/#breadcrumb"},"inLanguage":"fi","potentialAction":[{"@type":"ReadAction","target":["https:\/\/suomenkuvalehti.fi\/americana\/vallankumous-soi-jalleen-lapsensa\/"]}]},{"@type":"BreadcrumbList","@id":"https:\/\/suomenkuvalehti.fi\/americana\/vallankumous-soi-jalleen-lapsensa\/#breadcrumb","itemListElement":[{"@type":"ListItem","position":1,"name":"Home","item":"https:\/\/suomenkuvalehti.fi\/americana\/"},{"@type":"ListItem","position":2,"name":"Vallankumous s\u00f6i j\u00e4lleen lapsensa"}]},{"@type":"WebSite","@id":"https:\/\/suomenkuvalehti.fi\/americana\/#website","url":"https:\/\/suomenkuvalehti.fi\/americana\/","name":"Americana","description":"Professori Marko Maunula seuraa USA:n politiikkaa ja populaarikulttuuria","potentialAction":[{"@type":"SearchAction","target":{"@type":"EntryPoint","urlTemplate":"https:\/\/suomenkuvalehti.fi\/haku\/?q={search_term_string}"},"query-input":{"@type":"PropertyValueSpecification","valueRequired":true,"valueName":"search_term_string"}}],"inLanguage":"fi"},{"@type":"Person","@id":"https:\/\/suomenkuvalehti.fi\/americana\/#\/schema\/person\/12d514491cb37506bc39c8e10176c3ec","name":"Marko Maunula","image":{"@type":"ImageObject","inLanguage":"fi","@id":"https:\/\/suomenkuvalehti.fi\/americana\/#\/schema\/person\/image\/","url":"https:\/\/suomenkuvalehti.fi\/americana\/wp-content\/uploads\/sites\/10\/2022\/04\/americana_maunula-150x150.jpg","contentUrl":"https:\/\/suomenkuvalehti.fi\/americana\/wp-content\/uploads\/sites\/10\/2022\/04\/americana_maunula-150x150.jpg","caption":"Marko Maunula"},"description":"Kirjoittaja on Yhdysvaltain historian professori Atlantassa."}]}},"_links":{"self":[{"href":"https:\/\/suomenkuvalehti.fi\/americana\/wp-json\/wp\/v2\/posts\/1811","targetHints":{"allow":["GET"]}}],"collection":[{"href":"https:\/\/suomenkuvalehti.fi\/americana\/wp-json\/wp\/v2\/posts"}],"about":[{"href":"https:\/\/suomenkuvalehti.fi\/americana\/wp-json\/wp\/v2\/types\/post"}],"author":[{"embeddable":true,"href":"https:\/\/suomenkuvalehti.fi\/americana\/wp-json\/wp\/v2\/users\/158"}],"replies":[{"embeddable":true,"href":"https:\/\/suomenkuvalehti.fi\/americana\/wp-json\/wp\/v2\/comments?post=1811"}],"version-history":[{"count":6,"href":"https:\/\/suomenkuvalehti.fi\/americana\/wp-json\/wp\/v2\/posts\/1811\/revisions"}],"predecessor-version":[{"id":1818,"href":"https:\/\/suomenkuvalehti.fi\/americana\/wp-json\/wp\/v2\/posts\/1811\/revisions\/1818"}],"wp:attachment":[{"href":"https:\/\/suomenkuvalehti.fi\/americana\/wp-json\/wp\/v2\/media?parent=1811"}],"wp:term":[{"taxonomy":"category","embeddable":true,"href":"https:\/\/suomenkuvalehti.fi\/americana\/wp-json\/wp\/v2\/categories?post=1811"},{"taxonomy":"post_tag","embeddable":true,"href":"https:\/\/suomenkuvalehti.fi\/americana\/wp-json\/wp\/v2\/tags?post=1811"}],"curies":[{"name":"wp","href":"https:\/\/api.w.org\/{rel}","templated":true}]}}