{"id":1442,"date":"2013-12-10T18:38:04","date_gmt":"2013-12-10T16:38:04","guid":{"rendered":"https:\/\/suomenkuvalehti.fi\/americana\/?p=1442"},"modified":"2013-12-11T00:42:37","modified_gmt":"2013-12-10T22:42:37","slug":"mita-valkoinen-voi-tietaa-rodusta-ja-rasismista","status":"publish","type":"post","link":"https:\/\/suomenkuvalehti.fi\/americana\/mita-valkoinen-voi-tietaa-rodusta-ja-rasismista\/","title":{"rendered":"Mit\u00e4 valkoinen voi tiet\u00e4\u00e4 rodusta ja rasismista?"},"content":{"rendered":"\n<p><!--[if gte mso 9]&gt;--><\/p>\n\n\n\n<p><!--[if gte mso 9]&gt;--><\/p>\n\n\n\n<p><span lang=\"FI\" style=\"font-size: 12.0pt;line-height: 115%;font-family: 'Times New Roman','serif'\">Minnesotalaisen ammattikorkeakoulun englannin kielen ja afrikkalaisen diasporian professori <strong>Shannon Gibney<\/strong> on synnytt\u00e4nyt <a href=\"http:\/\/www.salon.com\/2013\/12\/02\/three_white_college_students_file_racial_discrimination_complaint_against_professor_over_lesson_on_structural_racism\/\">akateemisen myrskyn vesilasissa<\/a>. Kolme valkoista opiskelijaa syytti professoria rotusyrjinn\u00e4st\u00e4. Opiskelijoiden mukaan Gibneyn keskustelut rakenteellisesta rasismista olivat tehneet heid\u00e4n olonsa ep\u00e4mukavaksi. Yliopiston hallinto puolsi opiskelijoiden valitusta ja <a href=\"http:\/\/blogs.citypages.com\/blotter\/2013\/11\/mctc_prof_reprimanded_for_alienating_white_students_during_structural_racism_discussion.php\">antoi Gibneylle varoituksen<\/a>.<\/span><\/p>\n\n\n\n<p><span lang=\"FI\" style=\"font-size: 12.0pt;line-height: 115%;font-family: 'Times New Roman','serif'\">Ottamatta mill\u00e4\u00e4n muotoa kantaa itse tapahtumaan \u2013 en tunne Gibneyt\u00e4 tai opiskelijoita enk\u00e4 tied\u00e4, mit\u00e4 luentosalissa tapahtui \u2013 voin silti py\u00f6ritt\u00e4\u00e4 surullisena p\u00e4\u00e4t\u00e4ni rotukeskustelun vaikeudesta akateemisella foorumilla.<\/span><\/p>\n\n\n\n<p><span lang=\"FI\" style=\"font-size: 12.0pt;line-height: 115%;font-family: 'Times New Roman','serif'\">Opiskeluvuosinani tankkasin afroamerikkalaista historiaa roppakaupalla. Istuin seminaareissa ja luentosaleissa ja luin valtaosan aihepiirin t\u00e4rkeimmist\u00e4 kirjoista. Yhdysvaltojen Etel\u00e4\u00e4n keskittyneen\u00e4 historioitsijana katsoin afroamerikkalaisen historian tuntemuksen pakolliseksi. Kuten vanha viisaus sanoo, Etel\u00e4n historian tutkiminen ilman huomiota rotuun on kuin lukisi Sveitsin karttaa, josta on poistettu vuoret.<\/span><\/p>\n\n\n\n<p><span lang=\"FI\" style=\"font-size: 12.0pt;line-height: 115%;font-family: 'Times New Roman','serif'\">T\u00e4m\u00e4 kokemus valmisti minut luennoimaan afroamerikkalaisesta historiasta. Yliopistossani ei aikaisemmin ollut kentt\u00e4\u00e4n erikoistunutta tutkijaa, joten min\u00e4 sain hukin. Aihepiiri kiinnosti minua eritt\u00e4in paljon, ja v\u00e4it\u00e4n tuntevani sen melko hyvin.<\/span><\/p>\n\n\n\n<p><span lang=\"FI\" style=\"font-size: 12.0pt;line-height: 115%;font-family: 'Times New Roman','serif'\">Valtaosa (liki t\u00e4ysin afroamerikkalaisista) opiskelijoista suhtautui luentoihin positiivisesti, mutta rasittavan usein jouduimme k\u00e4ym\u00e4\u00e4n l\u00e4pi toivotonta keskustelua siit\u00e4, voiko valkoinen mies todella tuntea afroamerikkalaista historiaa.<\/span><\/p>\n\n\n\n<p><span lang=\"FI\" style=\"font-size: 12.0pt;line-height: 115%;font-family: 'Times New Roman','serif'\">Joillekin opiskelijoille \u2013 ja jopa tutkijoille \u2013 afroamerikkalainen historia oli l\u00e4hinn\u00e4 terapeuttista pedagogiikkaa. He halusivat kuulla aikaisempia mielikuvia vahvistavia tarinoita orjuuden julmuudesta, ns. \u201dpid\u00e4tk\u00f6 minttubourboniani kun piiskaan orjani\u201d -tulkintaa Etel\u00e4n historiasta. Ehdotus, ett\u00e4 plantaasi oli mit\u00e4\u00e4n muuta kuin subtrooppinen Auschtwitz, loukkasi heit\u00e4. Orjuuden ja afroamerikkalaisen historian ei olisi pit\u00e4nyt olla mit\u00e4\u00e4n muuta kuin uhrimytologiaa vahvistavaa hyv\u00e4 vastaan paha -mantraa.<\/span><\/p>\n\n\n\n<p><span lang=\"FI\" style=\"font-size: 12.0pt;line-height: 115%;font-family: 'Times New Roman','serif'\">Toisaalta jotkut valkoiset n\u00e4kiv\u00e4t luennot jonkin sortin synninp\u00e4\u00e4st\u00f6in\u00e4 esi-isilleen. He tarttuivat tietoon, ett\u00e4 jotkut mustat olivat osallisia orjakauppaan ja jotkut mustat olivat orjanomistajia, kuin se olisi ollut luentosarjan t\u00e4rkein asia. He operoivat tunnejanan toisessa p\u00e4\u00e4ss\u00e4, v\u00e4\u00e4rist\u00e4en samalla lailla kuvaa vanhan Etel\u00e4n rasistisesta perusolemuksesta.<\/span><\/p>\n\n\n\n<p><span lang=\"FI\" style=\"font-size: 12.0pt;line-height: 115%;font-family: 'Times New Roman','serif'\">Jossain vaiheessa v\u00e4syin siihen, ett\u00e4 niin suuri osa luentoaikaa meni jatkuvaan takkuamiseen ja vahvojen emotionaalisten reaktioiden prosessointiin. Kun yliopistoni palkkasi erinomaisen afroamerikkalaisen historian asiantuntijan, huokaisin helpotuksesta ja sys\u00e4sin opiskelijat h\u00e4nen luentosaliinsa.<\/span><\/p>\n\n\n\n<p><span lang=\"FI\" style=\"font-size: 12.0pt;line-height: 115%;font-family: 'Times New Roman','serif'\">Ajatus, ett\u00e4 ainoastaan afroamerikkalainen voi tiet\u00e4\u00e4 kunnolla afroamerikkalaisen historian on yht\u00e4 p\u00e4\u00e4t\u00f6n kuin v\u00e4ite, ett\u00e4 pit\u00e4\u00e4 olla saksalainen voidakseen tutkia Saksan historiaa, tai ett\u00e4 ainoastaan viikinki voi antaa lausuntoja viikinkiajan historiasta.<\/span><\/p>\n\n\n\n<p><span lang=\"FI\" style=\"font-size: 12.0pt;line-height: 115%;font-family: 'Times New Roman','serif'\">Ehdoton enemmist\u00f6 afroamerikkalaisen historian tutkijoista ja opiskelijoista on hyvi\u00e4 ja avaramielisi\u00e4, joskus rumaa ja nyanssien t\u00e4ytt\u00e4m\u00e4\u00e4 totuutta jahtaavia akateemisen suon tarpojia. Mutta v\u00e4hemmist\u00f6 on \u00e4\u00e4nek\u00e4s ja tuntee aihepiirin tuskan vahvasti DNA:ssaan.<\/span><\/p>\n\n\n\n<p><span lang=\"FI\" style=\"font-size: 12.0pt;line-height: 115%;font-family: 'Times New Roman','serif'\">Historian subjektivisointi ja k\u00e4ytt\u00e4minen terapian ty\u00f6kaluna ei rajoitu afroamerikkalaisiin, mutta johtuen ryhm\u00e4n historian poikkeuksellisesta kipeydest\u00e4 sen ilmenemismuodot ovat, varsinkin t\u00e4\u00e4ll\u00e4 Etel\u00e4ss\u00e4, voimakkaita. Sellaisina he muistuttavat vanhemman sukupolven suomalaisia, joille ehdotus, ett\u00e4 Suomi olisi joskus voinut olla v\u00e4\u00e4r\u00e4ss\u00e4 ja toimia ei-niin-ideaalilla tavalla, oli usein liki pyh\u00e4inh\u00e4v\u00e4istyst\u00e4.<\/span><\/p>\n\n\n\n<p><span lang=\"FI\" style=\"font-size: 12.0pt;line-height: 115%;font-family: 'Times New Roman','serif'\">&nbsp;<\/span><\/p>\n\n\n\n<p><em><span style=\"font-size: 12pt;font-family: 'Times New Roman','serif'\">Cleveland Benoit ja Darby Hicks &#8211; <a href=\"https:\/\/www.youtube.com\/watch?v=ojFoa38D7_Q\">L\u00e0-Bas Chez Moreau<\/a><\/span><\/em><\/p>\n\n\n","protected":false},"excerpt":{"rendered":"<p>Minnesotalaisen ammattikorkeakoulun englannin kielen ja afrikkalaisen diasporian professori Shannon Gibney on synnytt\u00e4nyt akateemisen myrskyn vesilasissa. Kolme valkoista opiskelijaa syytti professoria rotusyrjinn\u00e4st\u00e4. Opiskelijoiden mukaan Gibneyn keskustelut rakenteellisesta<br \/>\nra&hellip;<\/p>\n","protected":false},"author":158,"featured_media":0,"comment_status":"open","ping_status":"open","sticky":false,"template":"","format":"standard","meta":{"_acf_changed":false,"asauth_required_access_level":0,"asauth_cansharepaid":"","om_header_attributes":[],"footnotes":"","om_featured_image_focal_point":[],"om_primary_tag":0,"om_contributors":[],"om_co_authors":[],"beyondwords_generate_audio":"","beyondwords_project_id":"","beyondwords_content_id":"","beyondwords_preview_token":"","beyondwords_player_content":"","beyondwords_player_style":"","beyondwords_language_code":"","beyondwords_language_id":"","beyondwords_title_voice_id":"","beyondwords_body_voice_id":"","beyondwords_summary_voice_id":"","beyondwords_error_message":"","beyondwords_disabled":"","beyondwords_delete_content":"","beyondwords_podcast_id":"","beyondwords_hash":"","publish_post_to_speechkit":"","speechkit_hash":"","speechkit_generate_audio":"","speechkit_project_id":"","speechkit_podcast_id":"","speechkit_error_message":"","speechkit_disabled":"","speechkit_access_key":"","speechkit_error":"","speechkit_info":"","speechkit_response":"","speechkit_retries":"","speechkit_status":"","speechkit_updated_at":"","_speechkit_link":"","_speechkit_text":""},"categories":[1],"tags":[92,1317,213,329,281,1471],"class_list":["post-1442","post","type-post","status-publish","format-standard","hentry","category-americana","tag-afroamerikkalaiset","tag-akatemia","tag-historia","tag-kiista","tag-rotu","tag-shannon-gibney"],"om_views":null,"acf":{"tuuma_off":false,"tuuma_kysymys":"","tuuma_vastaus":""},"asauth":{"required_access_level":1,"share_token":"","is_paid":false},"yoast_head":"<!-- This site is optimized with the Yoast SEO plugin v26.4 - https:\/\/yoast.com\/wordpress\/plugins\/seo\/ -->\n<title>Mit\u00e4 valkoinen voi tiet\u00e4\u00e4 rodusta ja rasismista? - Americana<\/title>\n<meta name=\"robots\" content=\"noindex, follow\" \/>\n<meta property=\"og:locale\" content=\"fi_FI\" \/>\n<meta property=\"og:type\" content=\"article\" \/>\n<meta property=\"og:title\" content=\"Mit\u00e4 valkoinen voi tiet\u00e4\u00e4 rodusta ja rasismista? - Americana\" \/>\n<meta property=\"og:description\" content=\"Minnesotalaisen ammattikorkeakoulun englannin kielen ja afrikkalaisen diasporian professori Shannon Gibney on synnytt\u00e4nyt akateemisen myrskyn vesilasissa. Kolme valkoista opiskelijaa syytti professoria rotusyrjinn\u00e4st\u00e4. Opiskelijoiden mukaan Gibneyn keskustelut rakenteellisesta ra&hellip;\" \/>\n<meta property=\"og:url\" content=\"https:\/\/suomenkuvalehti.fi\/americana\/mita-valkoinen-voi-tietaa-rodusta-ja-rasismista\/\" \/>\n<meta property=\"og:site_name\" content=\"Americana\" \/>\n<meta property=\"article:published_time\" content=\"2013-12-10T16:38:04+00:00\" \/>\n<meta property=\"article:modified_time\" content=\"2013-12-10T22:42:37+00:00\" \/>\n<meta property=\"og:image\" content=\"https:\/\/suomenkuvalehti.fi\/americana\/wp-content\/uploads\/sites\/10\/2022\/04\/americana_maunula-scaled.jpg\" \/>\n\t<meta property=\"og:image:width\" content=\"2560\" \/>\n\t<meta property=\"og:image:height\" content=\"1706\" \/>\n\t<meta property=\"og:image:type\" content=\"image\/jpeg\" \/>\n<meta name=\"author\" content=\"Marko Maunula\" \/>\n<meta name=\"twitter:card\" content=\"summary_large_image\" \/>\n<meta name=\"twitter:label1\" content=\"Written by\" \/>\n\t<meta name=\"twitter:data1\" content=\"Marko Maunula\" \/>\n\t<meta name=\"twitter:label2\" content=\"Est. reading time\" \/>\n\t<meta name=\"twitter:data2\" content=\"2 minuuttia\" \/>\n<script type=\"application\/ld+json\" class=\"yoast-schema-graph\">{\"@context\":\"https:\/\/schema.org\",\"@graph\":[{\"@type\":\"WebPage\",\"@id\":\"https:\/\/suomenkuvalehti.fi\/americana\/mita-valkoinen-voi-tietaa-rodusta-ja-rasismista\/\",\"url\":\"https:\/\/suomenkuvalehti.fi\/americana\/mita-valkoinen-voi-tietaa-rodusta-ja-rasismista\/\",\"name\":\"Mit\u00e4 valkoinen voi tiet\u00e4\u00e4 rodusta ja rasismista? - Americana\",\"isPartOf\":{\"@id\":\"https:\/\/suomenkuvalehti.fi\/americana\/#website\"},\"datePublished\":\"2013-12-10T16:38:04+00:00\",\"dateModified\":\"2013-12-10T22:42:37+00:00\",\"author\":{\"@id\":\"https:\/\/suomenkuvalehti.fi\/americana\/#\/schema\/person\/12d514491cb37506bc39c8e10176c3ec\"},\"breadcrumb\":{\"@id\":\"https:\/\/suomenkuvalehti.fi\/americana\/mita-valkoinen-voi-tietaa-rodusta-ja-rasismista\/#breadcrumb\"},\"inLanguage\":\"fi\",\"potentialAction\":[{\"@type\":\"ReadAction\",\"target\":[\"https:\/\/suomenkuvalehti.fi\/americana\/mita-valkoinen-voi-tietaa-rodusta-ja-rasismista\/\"]}]},{\"@type\":\"BreadcrumbList\",\"@id\":\"https:\/\/suomenkuvalehti.fi\/americana\/mita-valkoinen-voi-tietaa-rodusta-ja-rasismista\/#breadcrumb\",\"itemListElement\":[{\"@type\":\"ListItem\",\"position\":1,\"name\":\"Home\",\"item\":\"https:\/\/suomenkuvalehti.fi\/americana\/\"},{\"@type\":\"ListItem\",\"position\":2,\"name\":\"Mit\u00e4 valkoinen voi tiet\u00e4\u00e4 rodusta ja rasismista?\"}]},{\"@type\":\"WebSite\",\"@id\":\"https:\/\/suomenkuvalehti.fi\/americana\/#website\",\"url\":\"https:\/\/suomenkuvalehti.fi\/americana\/\",\"name\":\"Americana\",\"description\":\"Professori Marko Maunula seuraa USA:n politiikkaa ja populaarikulttuuria\",\"potentialAction\":[{\"@type\":\"SearchAction\",\"target\":{\"@type\":\"EntryPoint\",\"urlTemplate\":\"https:\/\/suomenkuvalehti.fi\/haku\/?q={search_term_string}\"},\"query-input\":{\"@type\":\"PropertyValueSpecification\",\"valueRequired\":true,\"valueName\":\"search_term_string\"}}],\"inLanguage\":\"fi\"},{\"@type\":\"Person\",\"@id\":\"https:\/\/suomenkuvalehti.fi\/americana\/#\/schema\/person\/12d514491cb37506bc39c8e10176c3ec\",\"name\":\"Marko Maunula\",\"image\":{\"@type\":\"ImageObject\",\"inLanguage\":\"fi\",\"@id\":\"https:\/\/suomenkuvalehti.fi\/americana\/#\/schema\/person\/image\/\",\"url\":\"https:\/\/suomenkuvalehti.fi\/americana\/wp-content\/uploads\/sites\/10\/2022\/04\/americana_maunula-150x150.jpg\",\"contentUrl\":\"https:\/\/suomenkuvalehti.fi\/americana\/wp-content\/uploads\/sites\/10\/2022\/04\/americana_maunula-150x150.jpg\",\"caption\":\"Marko Maunula\"},\"description\":\"Kirjoittaja on Yhdysvaltain historian professori Atlantassa.\"}]}<\/script>\n<!-- \/ Yoast SEO plugin. -->","yoast_head_json":{"title":"Mit\u00e4 valkoinen voi tiet\u00e4\u00e4 rodusta ja rasismista? - Americana","robots":{"index":"noindex","follow":"follow"},"og_locale":"fi_FI","og_type":"article","og_title":"Mit\u00e4 valkoinen voi tiet\u00e4\u00e4 rodusta ja rasismista? - Americana","og_description":"Minnesotalaisen ammattikorkeakoulun englannin kielen ja afrikkalaisen diasporian professori Shannon Gibney on synnytt\u00e4nyt akateemisen myrskyn vesilasissa. Kolme valkoista opiskelijaa syytti professoria rotusyrjinn\u00e4st\u00e4. Opiskelijoiden mukaan Gibneyn keskustelut rakenteellisesta ra&hellip;","og_url":"https:\/\/suomenkuvalehti.fi\/americana\/mita-valkoinen-voi-tietaa-rodusta-ja-rasismista\/","og_site_name":"Americana","article_published_time":"2013-12-10T16:38:04+00:00","article_modified_time":"2013-12-10T22:42:37+00:00","og_image":[{"width":2560,"height":1706,"url":"https:\/\/suomenkuvalehti.fi\/americana\/wp-content\/uploads\/sites\/10\/2022\/04\/americana_maunula-scaled.jpg","type":"image\/jpeg"}],"author":"Marko Maunula","twitter_card":"summary_large_image","twitter_misc":{"Written by":"Marko Maunula","Est. reading time":"2 minuuttia"},"schema":{"@context":"https:\/\/schema.org","@graph":[{"@type":"WebPage","@id":"https:\/\/suomenkuvalehti.fi\/americana\/mita-valkoinen-voi-tietaa-rodusta-ja-rasismista\/","url":"https:\/\/suomenkuvalehti.fi\/americana\/mita-valkoinen-voi-tietaa-rodusta-ja-rasismista\/","name":"Mit\u00e4 valkoinen voi tiet\u00e4\u00e4 rodusta ja rasismista? - Americana","isPartOf":{"@id":"https:\/\/suomenkuvalehti.fi\/americana\/#website"},"datePublished":"2013-12-10T16:38:04+00:00","dateModified":"2013-12-10T22:42:37+00:00","author":{"@id":"https:\/\/suomenkuvalehti.fi\/americana\/#\/schema\/person\/12d514491cb37506bc39c8e10176c3ec"},"breadcrumb":{"@id":"https:\/\/suomenkuvalehti.fi\/americana\/mita-valkoinen-voi-tietaa-rodusta-ja-rasismista\/#breadcrumb"},"inLanguage":"fi","potentialAction":[{"@type":"ReadAction","target":["https:\/\/suomenkuvalehti.fi\/americana\/mita-valkoinen-voi-tietaa-rodusta-ja-rasismista\/"]}]},{"@type":"BreadcrumbList","@id":"https:\/\/suomenkuvalehti.fi\/americana\/mita-valkoinen-voi-tietaa-rodusta-ja-rasismista\/#breadcrumb","itemListElement":[{"@type":"ListItem","position":1,"name":"Home","item":"https:\/\/suomenkuvalehti.fi\/americana\/"},{"@type":"ListItem","position":2,"name":"Mit\u00e4 valkoinen voi tiet\u00e4\u00e4 rodusta ja rasismista?"}]},{"@type":"WebSite","@id":"https:\/\/suomenkuvalehti.fi\/americana\/#website","url":"https:\/\/suomenkuvalehti.fi\/americana\/","name":"Americana","description":"Professori Marko Maunula seuraa USA:n politiikkaa ja populaarikulttuuria","potentialAction":[{"@type":"SearchAction","target":{"@type":"EntryPoint","urlTemplate":"https:\/\/suomenkuvalehti.fi\/haku\/?q={search_term_string}"},"query-input":{"@type":"PropertyValueSpecification","valueRequired":true,"valueName":"search_term_string"}}],"inLanguage":"fi"},{"@type":"Person","@id":"https:\/\/suomenkuvalehti.fi\/americana\/#\/schema\/person\/12d514491cb37506bc39c8e10176c3ec","name":"Marko Maunula","image":{"@type":"ImageObject","inLanguage":"fi","@id":"https:\/\/suomenkuvalehti.fi\/americana\/#\/schema\/person\/image\/","url":"https:\/\/suomenkuvalehti.fi\/americana\/wp-content\/uploads\/sites\/10\/2022\/04\/americana_maunula-150x150.jpg","contentUrl":"https:\/\/suomenkuvalehti.fi\/americana\/wp-content\/uploads\/sites\/10\/2022\/04\/americana_maunula-150x150.jpg","caption":"Marko Maunula"},"description":"Kirjoittaja on Yhdysvaltain historian professori Atlantassa."}]}},"_links":{"self":[{"href":"https:\/\/suomenkuvalehti.fi\/americana\/wp-json\/wp\/v2\/posts\/1442","targetHints":{"allow":["GET"]}}],"collection":[{"href":"https:\/\/suomenkuvalehti.fi\/americana\/wp-json\/wp\/v2\/posts"}],"about":[{"href":"https:\/\/suomenkuvalehti.fi\/americana\/wp-json\/wp\/v2\/types\/post"}],"author":[{"embeddable":true,"href":"https:\/\/suomenkuvalehti.fi\/americana\/wp-json\/wp\/v2\/users\/158"}],"replies":[{"embeddable":true,"href":"https:\/\/suomenkuvalehti.fi\/americana\/wp-json\/wp\/v2\/comments?post=1442"}],"version-history":[{"count":6,"href":"https:\/\/suomenkuvalehti.fi\/americana\/wp-json\/wp\/v2\/posts\/1442\/revisions"}],"predecessor-version":[{"id":1451,"href":"https:\/\/suomenkuvalehti.fi\/americana\/wp-json\/wp\/v2\/posts\/1442\/revisions\/1451"}],"wp:attachment":[{"href":"https:\/\/suomenkuvalehti.fi\/americana\/wp-json\/wp\/v2\/media?parent=1442"}],"wp:term":[{"taxonomy":"category","embeddable":true,"href":"https:\/\/suomenkuvalehti.fi\/americana\/wp-json\/wp\/v2\/categories?post=1442"},{"taxonomy":"post_tag","embeddable":true,"href":"https:\/\/suomenkuvalehti.fi\/americana\/wp-json\/wp\/v2\/tags?post=1442"}],"curies":[{"name":"wp","href":"https:\/\/api.w.org\/{rel}","templated":true}]}}