{"id":105,"date":"2012-12-15T16:53:00","date_gmt":"2012-12-15T14:53:00","guid":{"rendered":"https:\/\/suomenkuvalehti.fi\/americana\/kansakunta-kaipaa-asekeskustelua\/"},"modified":"2013-11-30T16:22:02","modified_gmt":"2013-11-30T14:22:02","slug":"kansakunta-kaipaa-asekeskustelua","status":"publish","type":"post","link":"https:\/\/suomenkuvalehti.fi\/americana\/kansakunta-kaipaa-asekeskustelua\/","title":{"rendered":"Kansakunta kaipaa asekeskustelua"},"content":{"rendered":"\n<p>Politiikot, aktivistit ja tavalliset aseiden harrastajat ovat viimeisen vuorokauden ajan toistaneet mantraa, jonka mukaan nyt ei ole oikea aika puhua aselains\u00e4\u00e4d\u00e4nn\u00f6st\u00e4 ja amerikkalaisesta asekulttuurista. Okei, voiko joku poimia hyv\u00e4n p\u00e4iv\u00e4n ja kellonajan? Koko kansakunnan olisi hyv\u00e4 merkit\u00e4 se kalentereihinsa.<\/p>\n\n\n\n<p>Connecticutin tragedian politisointi kesti noin kaksi tuntia. Puoliltap\u00e4ivin joku postitti facebookiin vihaisen viestin: &#8221;Fuck you, <strong>Wayne LaPierre<\/strong>!&#8221; LaPierre on aseoikeuksia puolustavan National Rifle Associationin (NRA) johtaja. Samoihin aikoihin autoradiossani <strong>Rush Limbaugh<\/strong> k\u00e4ytti tragediaa hyv\u00e4kseen aloittaakseen vaahtosuisen monologin liberaalien vapauden vihasta sek\u00e4 tapahtuman politisoinnista.<\/p>\n\n\n\n<p>Eilen ei ollut viel\u00e4 aika keskustella amerikkalaisesta aselains\u00e4\u00e4d\u00e4nn\u00f6st\u00e4, mutta ent\u00e4 t\u00e4n\u00e4\u00e4n? Huomenna? Ensi viikolla? Mahdollisimman pian, joka tapauksessa.<\/p>\n\n\n\n<p>NRA on nerokkaan tehokas organisaatio. Jos haluat perustaa tehokkaan poliittisen painostusj\u00e4rjest\u00f6n, seuraa NRA:n mallia. Organisaatio rekrytoi j\u00e4seni\u00e4, lobbaa poliitikkoja, ker\u00e4\u00e4 rahaa ja vaikuttaa yleiseen mielipiteeseen tehokkaammin kuin mik\u00e4\u00e4n muu amerikkalainen j\u00e4rjest\u00f6.<\/p>\n\n\n\n<p>Asetragedioiden yhteydess\u00e4 NRA yleens\u00e4 valitsee taktisen hiljaisuuden. Organisaation johto ymm\u00e4rt\u00e4\u00e4, ett\u00e4 jokainen lausunto, osanotot mukaanlukien, kohtaa ainoastaan suuttumusta ja kritiikki\u00e4 yleis\u00f6lt\u00e4. Organisaation tragedia on olla hiljaa kunnes kansakunta unohtaa tapahtuman. Samanaikaisesti se jatkaa hiljaista taustaty\u00f6t\u00e4\u00e4n, lobaten aselains\u00e4\u00e4d\u00e4nn\u00f6n tiukentamisyrityksi\u00e4 vastaan.<\/p>\n\n\n\n<p>Strategia on tehokas. Massamurhien ja muun n\u00e4kyv\u00e4n asev\u00e4kivallan yhteydess\u00e4 amerikkalaiset ovat t\u00e4ynn\u00e4 surua ja suuttumusta, mutta kun uutiset hiipuvat pois etusivuilta ja tietoisuudesta, amerikkalaiset ovat j\u00e4lleen vastaanottavaisempia NRA:n argumenteille: laista huolimatta rikolliset saavat aina aseita, perustuslaki takaa amerikkalaisille oikeuden omistaa aseita, lailliset aseet tarjoavat parhaan puolustuksen rikollisten aseita vastaan.<\/p>\n\n\n\n<p>Aselakien tiukentamisen kannattajien pit\u00e4\u00e4 nyt imitoida NRA:ta ja lobata politiikkoja sek\u00e4 yleist\u00e4 mielipidett\u00e4 herke\u00e4m\u00e4tt\u00f6m\u00e4ll\u00e4 tarmolla. Aseiden vastustajilla riitt\u00e4\u00e4 argumentteja: aseiden omistaja ampuu pistoolillaan todenn\u00e4k\u00f6isemmin itsens\u00e4 tai perheenj\u00e4senens\u00e4 kuin rikollisen; valtaosa rikoksista tapahtuu alunperin laillisesti hankituilla k\u00e4siaseilla; osavaltioiden asev\u00e4kivallan ja aseiden lukum\u00e4\u00e4r\u00e4n v\u00e4lill\u00e4 on selke\u00e4 korrelaatio.<\/p>\n\n\n\n<p><em>Soundtrack: Hiljainen hetki Connecticutin uhrien muistolle.<\/em><\/p>\n\n\n","protected":false},"excerpt":{"rendered":"<p>Politiikot, aktivistit ja tavalliset aseiden harrastajat ovat viimeisen vuorokauden ajan toistaneet mantraa, jonka mukaan nyt ei ole oikea aika puhua aselains\u00e4\u00e4d\u00e4nn\u00f6st\u00e4 ja amerikkalaisesta asekulttuurista. Okei, voiko joku poimia hyv\u00e4n p\u00e4iv\u00e4n ja kellonajan? Koko kansakunnan olisi hyv\u00e4<br \/>\nmerkit\u00e4 &hellip;<\/p>\n","protected":false},"author":158,"featured_media":0,"comment_status":"open","ping_status":"open","sticky":false,"template":"","format":"standard","meta":{"_acf_changed":false,"asauth_required_access_level":0,"asauth_cansharepaid":"","om_header_attributes":[],"footnotes":"","om_featured_image_focal_point":[],"om_primary_tag":0,"om_contributors":[],"om_co_authors":[],"beyondwords_generate_audio":"","beyondwords_project_id":"","beyondwords_content_id":"","beyondwords_preview_token":"","beyondwords_player_content":"","beyondwords_player_style":"","beyondwords_language_code":"","beyondwords_language_id":"","beyondwords_title_voice_id":"","beyondwords_body_voice_id":"","beyondwords_summary_voice_id":"","beyondwords_error_message":"","beyondwords_disabled":"","beyondwords_delete_content":"","beyondwords_podcast_id":"","beyondwords_hash":"","publish_post_to_speechkit":"","speechkit_hash":"","speechkit_generate_audio":"","speechkit_project_id":"","speechkit_podcast_id":"","speechkit_error_message":"","speechkit_disabled":"","speechkit_access_key":"","speechkit_error":"","speechkit_info":"","speechkit_response":"","speechkit_retries":"","speechkit_status":"","speechkit_updated_at":"","_speechkit_link":"","_speechkit_text":""},"categories":[1],"tags":[249,367,368,360,128,361,24],"class_list":["post-105","post","type-post","status-publish","format-standard","hentry","category-americana","tag-ammuskelu","tag-asevalvonta","tag-connecticut","tag-nra","tag-rush-limbaugh","tag-wayne-lapierre","tag-yhdysvallat"],"om_views":null,"acf":{"tuuma_off":false,"tuuma_kysymys":"","tuuma_vastaus":""},"asauth":{"required_access_level":1,"share_token":"","is_paid":false},"yoast_head":"<!-- This site is optimized with the Yoast SEO plugin v26.4 - https:\/\/yoast.com\/wordpress\/plugins\/seo\/ -->\n<title>Kansakunta kaipaa asekeskustelua - Americana<\/title>\n<meta name=\"robots\" content=\"noindex, follow\" \/>\n<meta property=\"og:locale\" content=\"fi_FI\" \/>\n<meta property=\"og:type\" content=\"article\" \/>\n<meta property=\"og:title\" content=\"Kansakunta kaipaa asekeskustelua - Americana\" \/>\n<meta property=\"og:description\" content=\"Politiikot, aktivistit ja tavalliset aseiden harrastajat ovat viimeisen vuorokauden ajan toistaneet mantraa, jonka mukaan nyt ei ole oikea aika puhua aselains\u00e4\u00e4d\u00e4nn\u00f6st\u00e4 ja amerikkalaisesta asekulttuurista. Okei, voiko joku poimia hyv\u00e4n p\u00e4iv\u00e4n ja kellonajan? Koko kansakunnan olisi hyv\u00e4 merkit\u00e4 &hellip;\" \/>\n<meta property=\"og:url\" content=\"https:\/\/suomenkuvalehti.fi\/americana\/kansakunta-kaipaa-asekeskustelua\/\" \/>\n<meta property=\"og:site_name\" content=\"Americana\" \/>\n<meta property=\"article:published_time\" content=\"2012-12-15T14:53:00+00:00\" \/>\n<meta property=\"article:modified_time\" content=\"2013-11-30T14:22:02+00:00\" \/>\n<meta property=\"og:image\" content=\"https:\/\/suomenkuvalehti.fi\/americana\/wp-content\/uploads\/sites\/10\/2022\/04\/americana_maunula-scaled.jpg\" \/>\n\t<meta property=\"og:image:width\" content=\"2560\" \/>\n\t<meta property=\"og:image:height\" content=\"1706\" \/>\n\t<meta property=\"og:image:type\" content=\"image\/jpeg\" \/>\n<meta name=\"author\" content=\"Marko Maunula\" \/>\n<meta name=\"twitter:card\" content=\"summary_large_image\" \/>\n<meta name=\"twitter:label1\" content=\"Written by\" \/>\n\t<meta name=\"twitter:data1\" content=\"Marko Maunula\" \/>\n\t<meta name=\"twitter:label2\" content=\"Est. reading time\" \/>\n\t<meta name=\"twitter:data2\" content=\"2 minuuttia\" \/>\n<script type=\"application\/ld+json\" class=\"yoast-schema-graph\">{\"@context\":\"https:\/\/schema.org\",\"@graph\":[{\"@type\":\"WebPage\",\"@id\":\"https:\/\/suomenkuvalehti.fi\/americana\/kansakunta-kaipaa-asekeskustelua\/\",\"url\":\"https:\/\/suomenkuvalehti.fi\/americana\/kansakunta-kaipaa-asekeskustelua\/\",\"name\":\"Kansakunta kaipaa asekeskustelua - Americana\",\"isPartOf\":{\"@id\":\"https:\/\/suomenkuvalehti.fi\/americana\/#website\"},\"datePublished\":\"2012-12-15T14:53:00+00:00\",\"dateModified\":\"2013-11-30T14:22:02+00:00\",\"author\":{\"@id\":\"https:\/\/suomenkuvalehti.fi\/americana\/#\/schema\/person\/12d514491cb37506bc39c8e10176c3ec\"},\"breadcrumb\":{\"@id\":\"https:\/\/suomenkuvalehti.fi\/americana\/kansakunta-kaipaa-asekeskustelua\/#breadcrumb\"},\"inLanguage\":\"fi\",\"potentialAction\":[{\"@type\":\"ReadAction\",\"target\":[\"https:\/\/suomenkuvalehti.fi\/americana\/kansakunta-kaipaa-asekeskustelua\/\"]}]},{\"@type\":\"BreadcrumbList\",\"@id\":\"https:\/\/suomenkuvalehti.fi\/americana\/kansakunta-kaipaa-asekeskustelua\/#breadcrumb\",\"itemListElement\":[{\"@type\":\"ListItem\",\"position\":1,\"name\":\"Home\",\"item\":\"https:\/\/suomenkuvalehti.fi\/americana\/\"},{\"@type\":\"ListItem\",\"position\":2,\"name\":\"Kansakunta kaipaa asekeskustelua\"}]},{\"@type\":\"WebSite\",\"@id\":\"https:\/\/suomenkuvalehti.fi\/americana\/#website\",\"url\":\"https:\/\/suomenkuvalehti.fi\/americana\/\",\"name\":\"Americana\",\"description\":\"Professori Marko Maunula seuraa USA:n politiikkaa ja populaarikulttuuria\",\"potentialAction\":[{\"@type\":\"SearchAction\",\"target\":{\"@type\":\"EntryPoint\",\"urlTemplate\":\"https:\/\/suomenkuvalehti.fi\/haku\/?q={search_term_string}\"},\"query-input\":{\"@type\":\"PropertyValueSpecification\",\"valueRequired\":true,\"valueName\":\"search_term_string\"}}],\"inLanguage\":\"fi\"},{\"@type\":\"Person\",\"@id\":\"https:\/\/suomenkuvalehti.fi\/americana\/#\/schema\/person\/12d514491cb37506bc39c8e10176c3ec\",\"name\":\"Marko Maunula\",\"image\":{\"@type\":\"ImageObject\",\"inLanguage\":\"fi\",\"@id\":\"https:\/\/suomenkuvalehti.fi\/americana\/#\/schema\/person\/image\/\",\"url\":\"https:\/\/suomenkuvalehti.fi\/americana\/wp-content\/uploads\/sites\/10\/2022\/04\/americana_maunula-150x150.jpg\",\"contentUrl\":\"https:\/\/suomenkuvalehti.fi\/americana\/wp-content\/uploads\/sites\/10\/2022\/04\/americana_maunula-150x150.jpg\",\"caption\":\"Marko Maunula\"},\"description\":\"Kirjoittaja on Yhdysvaltain historian professori Atlantassa.\"}]}<\/script>\n<!-- \/ Yoast SEO plugin. -->","yoast_head_json":{"title":"Kansakunta kaipaa asekeskustelua - Americana","robots":{"index":"noindex","follow":"follow"},"og_locale":"fi_FI","og_type":"article","og_title":"Kansakunta kaipaa asekeskustelua - Americana","og_description":"Politiikot, aktivistit ja tavalliset aseiden harrastajat ovat viimeisen vuorokauden ajan toistaneet mantraa, jonka mukaan nyt ei ole oikea aika puhua aselains\u00e4\u00e4d\u00e4nn\u00f6st\u00e4 ja amerikkalaisesta asekulttuurista. Okei, voiko joku poimia hyv\u00e4n p\u00e4iv\u00e4n ja kellonajan? Koko kansakunnan olisi hyv\u00e4 merkit\u00e4 &hellip;","og_url":"https:\/\/suomenkuvalehti.fi\/americana\/kansakunta-kaipaa-asekeskustelua\/","og_site_name":"Americana","article_published_time":"2012-12-15T14:53:00+00:00","article_modified_time":"2013-11-30T14:22:02+00:00","og_image":[{"width":2560,"height":1706,"url":"https:\/\/suomenkuvalehti.fi\/americana\/wp-content\/uploads\/sites\/10\/2022\/04\/americana_maunula-scaled.jpg","type":"image\/jpeg"}],"author":"Marko Maunula","twitter_card":"summary_large_image","twitter_misc":{"Written by":"Marko Maunula","Est. reading time":"2 minuuttia"},"schema":{"@context":"https:\/\/schema.org","@graph":[{"@type":"WebPage","@id":"https:\/\/suomenkuvalehti.fi\/americana\/kansakunta-kaipaa-asekeskustelua\/","url":"https:\/\/suomenkuvalehti.fi\/americana\/kansakunta-kaipaa-asekeskustelua\/","name":"Kansakunta kaipaa asekeskustelua - Americana","isPartOf":{"@id":"https:\/\/suomenkuvalehti.fi\/americana\/#website"},"datePublished":"2012-12-15T14:53:00+00:00","dateModified":"2013-11-30T14:22:02+00:00","author":{"@id":"https:\/\/suomenkuvalehti.fi\/americana\/#\/schema\/person\/12d514491cb37506bc39c8e10176c3ec"},"breadcrumb":{"@id":"https:\/\/suomenkuvalehti.fi\/americana\/kansakunta-kaipaa-asekeskustelua\/#breadcrumb"},"inLanguage":"fi","potentialAction":[{"@type":"ReadAction","target":["https:\/\/suomenkuvalehti.fi\/americana\/kansakunta-kaipaa-asekeskustelua\/"]}]},{"@type":"BreadcrumbList","@id":"https:\/\/suomenkuvalehti.fi\/americana\/kansakunta-kaipaa-asekeskustelua\/#breadcrumb","itemListElement":[{"@type":"ListItem","position":1,"name":"Home","item":"https:\/\/suomenkuvalehti.fi\/americana\/"},{"@type":"ListItem","position":2,"name":"Kansakunta kaipaa asekeskustelua"}]},{"@type":"WebSite","@id":"https:\/\/suomenkuvalehti.fi\/americana\/#website","url":"https:\/\/suomenkuvalehti.fi\/americana\/","name":"Americana","description":"Professori Marko Maunula seuraa USA:n politiikkaa ja populaarikulttuuria","potentialAction":[{"@type":"SearchAction","target":{"@type":"EntryPoint","urlTemplate":"https:\/\/suomenkuvalehti.fi\/haku\/?q={search_term_string}"},"query-input":{"@type":"PropertyValueSpecification","valueRequired":true,"valueName":"search_term_string"}}],"inLanguage":"fi"},{"@type":"Person","@id":"https:\/\/suomenkuvalehti.fi\/americana\/#\/schema\/person\/12d514491cb37506bc39c8e10176c3ec","name":"Marko Maunula","image":{"@type":"ImageObject","inLanguage":"fi","@id":"https:\/\/suomenkuvalehti.fi\/americana\/#\/schema\/person\/image\/","url":"https:\/\/suomenkuvalehti.fi\/americana\/wp-content\/uploads\/sites\/10\/2022\/04\/americana_maunula-150x150.jpg","contentUrl":"https:\/\/suomenkuvalehti.fi\/americana\/wp-content\/uploads\/sites\/10\/2022\/04\/americana_maunula-150x150.jpg","caption":"Marko Maunula"},"description":"Kirjoittaja on Yhdysvaltain historian professori Atlantassa."}]}},"_links":{"self":[{"href":"https:\/\/suomenkuvalehti.fi\/americana\/wp-json\/wp\/v2\/posts\/105","targetHints":{"allow":["GET"]}}],"collection":[{"href":"https:\/\/suomenkuvalehti.fi\/americana\/wp-json\/wp\/v2\/posts"}],"about":[{"href":"https:\/\/suomenkuvalehti.fi\/americana\/wp-json\/wp\/v2\/types\/post"}],"author":[{"embeddable":true,"href":"https:\/\/suomenkuvalehti.fi\/americana\/wp-json\/wp\/v2\/users\/158"}],"replies":[{"embeddable":true,"href":"https:\/\/suomenkuvalehti.fi\/americana\/wp-json\/wp\/v2\/comments?post=105"}],"version-history":[{"count":1,"href":"https:\/\/suomenkuvalehti.fi\/americana\/wp-json\/wp\/v2\/posts\/105\/revisions"}],"predecessor-version":[{"id":237,"href":"https:\/\/suomenkuvalehti.fi\/americana\/wp-json\/wp\/v2\/posts\/105\/revisions\/237"}],"wp:attachment":[{"href":"https:\/\/suomenkuvalehti.fi\/americana\/wp-json\/wp\/v2\/media?parent=105"}],"wp:term":[{"taxonomy":"category","embeddable":true,"href":"https:\/\/suomenkuvalehti.fi\/americana\/wp-json\/wp\/v2\/categories?post=105"},{"taxonomy":"post_tag","embeddable":true,"href":"https:\/\/suomenkuvalehti.fi\/americana\/wp-json\/wp\/v2\/tags?post=105"}],"curies":[{"name":"wp","href":"https:\/\/api.w.org\/{rel}","templated":true}]}}