{"id":100,"date":"2013-01-01T16:16:34","date_gmt":"2013-01-01T14:16:34","guid":{"rendered":"https:\/\/suomenkuvalehti.fi\/americana\/sisallissota-lincoln-ja-orjuuden-loppu\/"},"modified":"2013-11-30T16:22:02","modified_gmt":"2013-11-30T14:22:02","slug":"sisallissota-lincoln-ja-orjuuden-loppu","status":"publish","type":"post","link":"https:\/\/suomenkuvalehti.fi\/americana\/sisallissota-lincoln-ja-orjuuden-loppu\/","title":{"rendered":"Sis\u00e4llissota, Lincoln ja orjuuden loppu"},"content":{"rendered":"\n<p>Tasan 150 vuotta sitten, 1.1. 1863, orjuudesta tuli laitonta Yhdysvaltojen Etel\u00e4ss\u00e4. Samana p\u00e4iv\u00e4n\u00e4 Yhdysvaltain armeija avasi ovensa afroamerikkalaisille.<\/p>\n\n\n\n<p>Kun sis\u00e4llissota k\u00e4ynnistyi, presidentti <strong>Abraham Lincolnin<\/strong> virallinen kanta oli, ett\u00e4 sota ei koske orjuutta, vaan ainoastaan liittovaltion pit\u00e4mist\u00e4 yhten\u00e4isen\u00e4. Ennen Etel\u00e4n itsen\u00e4isyysjulistusta sek\u00e4 irtautumista liittovaltiosta, Lincoln yritti rauhoitella Etel\u00e4n politiikkoja vakuuttamalla orjuuden tulevaisuuden olevan turvattu sit\u00e4 haluavissa osavaltioissa.<\/p>\n\n\n\n<p>Silti, Lincoln oli ns. sala-abolitionisti. Politiikkona h\u00e4n ymm\u00e4rsi, ett\u00e4 h\u00e4nen t\u00e4ytyi salata mielipiteens\u00e4 orjuudesta ennen sotaa, mutta pian sodan syttymisen j\u00e4lkeen h\u00e4n halusi paitsi palauttaa Etel\u00e4n takaisin liittovaltioon, mutta my\u00f6s lakkauttaa orjuuden.<\/p>\n\n\n\n<p>Voitokkaan Antietamin taistelun (17. syyskuuta 1862) j\u00e4lkeen Lincoln k\u00e4ytti tilaisuutta hyv\u00e4kseen ja julisti kaikki Etel\u00e4n orjat vapaiksi, alkaen 1.1.1863. Samana p\u00e4iv\u00e4n\u00e4 Yhdysvaltain armeija ryhtyi my\u00f6s virallisesti hyv\u00e4ksym\u00e4\u00e4n afroamerikkalaisia sotilaita riveihins\u00e4. Ennen sodan p\u00e4\u00e4ttymist\u00e4 kaikkiaan 186 097 afroamerikkalaista sotilasta taisteli liittovaltion univormuissa.<\/p>\n\n\n\n<p>Orjuuden p\u00e4\u00e4ttymisjulistus oli ennen kaikkea symbolinen veto. Lincoln ei vapauttanut liittovaltiolle uskollisten orjavaltioiden (Delaware, Maryland, Kentucky, Missouri) orjia, eik\u00e4 juhlallinen julistus vaikuttanut orjien arkip\u00e4iv\u00e4\u00e4n Etel\u00e4n hallitsemilla alueilla mill\u00e4\u00e4n muotoa.<\/p>\n\n\n\n<p>Symbolisella tasolla julistuksen merkitys oli silti valtava. Sis\u00e4llissota sai uuden merkityksen. Sota oli aikaisemmin ollut taistelu liittovaltion pit\u00e4miseksi yhten\u00e4isen\u00e4. Nyt se oli virallisesti my\u00f6s sota orjuuden lopettamiseksi. Liittovaltion voiton my\u00f6t\u00e4 orjuus Yhdysvalloissa loppui. L\u00e4ntisess\u00e4 maailmassa ainoastaan espanjalainen Karibia (Kuuba, Puerto Rico) sek\u00e4 Brasilia jatkoivat en\u00e4\u00e4 orjuuttamista, kunnes nekin luopuivat instituutiosta 1870- ja 1880-luvuilla.<\/p>\n\n\n\n<p><em>Hyv\u00e4\u00e4 uutta vuotta kaikille Americanan lukijoille!<\/em><\/p>\n\n\n\n<p><em>Soundtrack: Battle Hymn of the Republic.<\/em><\/p>\n\n\n","protected":false},"excerpt":{"rendered":"<p>Tasan 150 vuotta sitten, 1.1. 1863, orjuudesta tuli laitonta Yhdysvaltojen Etel\u00e4ss\u00e4. Samana p\u00e4iv\u00e4n\u00e4 Yhdysvaltain armeija avasi ovensa afroamerikkalaisille. Kun sis\u00e4llissota k\u00e4ynnistyi, presidentti Abraham Lincolnin virallinen kanta oli, ett\u00e4 sota ei koske orjuutta, vaan ainoastaan<br \/>\nliittov&hellip;<\/p>\n","protected":false},"author":158,"featured_media":0,"comment_status":"open","ping_status":"open","sticky":false,"template":"","format":"standard","meta":{"_acf_changed":false,"asauth_required_access_level":0,"asauth_cansharepaid":"","om_header_attributes":[],"footnotes":"","om_featured_image_focal_point":[],"om_primary_tag":0,"om_contributors":[],"om_co_authors":[],"beyondwords_generate_audio":"","beyondwords_project_id":"","beyondwords_content_id":"","beyondwords_preview_token":"","beyondwords_player_content":"","beyondwords_player_style":"","beyondwords_language_code":"","beyondwords_language_id":"","beyondwords_title_voice_id":"","beyondwords_body_voice_id":"","beyondwords_summary_voice_id":"","beyondwords_error_message":"","beyondwords_disabled":"","beyondwords_delete_content":"","beyondwords_podcast_id":"","beyondwords_hash":"","publish_post_to_speechkit":"","speechkit_hash":"","speechkit_generate_audio":"","speechkit_project_id":"","speechkit_podcast_id":"","speechkit_error_message":"","speechkit_disabled":"","speechkit_access_key":"","speechkit_error":"","speechkit_info":"","speechkit_response":"","speechkit_retries":"","speechkit_status":"","speechkit_updated_at":"","_speechkit_link":"","_speechkit_text":""},"categories":[1],"tags":[354,178,84,24],"class_list":["post-100","post","type-post","status-publish","format-standard","hentry","category-americana","tag-abraham-lincoln","tag-orjuus","tag-sisallissota","tag-yhdysvallat"],"om_views":null,"acf":{"tuuma_off":false,"tuuma_kysymys":"","tuuma_vastaus":""},"asauth":{"required_access_level":1,"share_token":"","is_paid":false},"yoast_head":"<!-- This site is optimized with the Yoast SEO plugin v26.4 - https:\/\/yoast.com\/wordpress\/plugins\/seo\/ -->\n<title>Sis\u00e4llissota, Lincoln ja orjuuden loppu - Americana<\/title>\n<meta name=\"robots\" content=\"noindex, follow\" \/>\n<meta property=\"og:locale\" content=\"fi_FI\" \/>\n<meta property=\"og:type\" content=\"article\" \/>\n<meta property=\"og:title\" content=\"Sis\u00e4llissota, Lincoln ja orjuuden loppu - Americana\" \/>\n<meta property=\"og:description\" content=\"Tasan 150 vuotta sitten, 1.1. 1863, orjuudesta tuli laitonta Yhdysvaltojen Etel\u00e4ss\u00e4. Samana p\u00e4iv\u00e4n\u00e4 Yhdysvaltain armeija avasi ovensa afroamerikkalaisille. Kun sis\u00e4llissota k\u00e4ynnistyi, presidentti Abraham Lincolnin virallinen kanta oli, ett\u00e4 sota ei koske orjuutta, vaan ainoastaan liittov&hellip;\" \/>\n<meta property=\"og:url\" content=\"https:\/\/suomenkuvalehti.fi\/americana\/sisallissota-lincoln-ja-orjuuden-loppu\/\" \/>\n<meta property=\"og:site_name\" content=\"Americana\" \/>\n<meta property=\"article:published_time\" content=\"2013-01-01T14:16:34+00:00\" \/>\n<meta property=\"article:modified_time\" content=\"2013-11-30T14:22:02+00:00\" \/>\n<meta property=\"og:image\" content=\"https:\/\/suomenkuvalehti.fi\/americana\/wp-content\/uploads\/sites\/10\/2022\/04\/americana_maunula-scaled.jpg\" \/>\n\t<meta property=\"og:image:width\" content=\"2560\" \/>\n\t<meta property=\"og:image:height\" content=\"1706\" \/>\n\t<meta property=\"og:image:type\" content=\"image\/jpeg\" \/>\n<meta name=\"author\" content=\"Marko Maunula\" \/>\n<meta name=\"twitter:card\" content=\"summary_large_image\" \/>\n<meta name=\"twitter:label1\" content=\"Written by\" \/>\n\t<meta name=\"twitter:data1\" content=\"Marko Maunula\" \/>\n\t<meta name=\"twitter:label2\" content=\"Est. reading time\" \/>\n\t<meta name=\"twitter:data2\" content=\"1 minuutti\" \/>\n<script type=\"application\/ld+json\" class=\"yoast-schema-graph\">{\"@context\":\"https:\/\/schema.org\",\"@graph\":[{\"@type\":\"WebPage\",\"@id\":\"https:\/\/suomenkuvalehti.fi\/americana\/sisallissota-lincoln-ja-orjuuden-loppu\/\",\"url\":\"https:\/\/suomenkuvalehti.fi\/americana\/sisallissota-lincoln-ja-orjuuden-loppu\/\",\"name\":\"Sis\u00e4llissota, Lincoln ja orjuuden loppu - Americana\",\"isPartOf\":{\"@id\":\"https:\/\/suomenkuvalehti.fi\/americana\/#website\"},\"datePublished\":\"2013-01-01T14:16:34+00:00\",\"dateModified\":\"2013-11-30T14:22:02+00:00\",\"author\":{\"@id\":\"https:\/\/suomenkuvalehti.fi\/americana\/#\/schema\/person\/12d514491cb37506bc39c8e10176c3ec\"},\"breadcrumb\":{\"@id\":\"https:\/\/suomenkuvalehti.fi\/americana\/sisallissota-lincoln-ja-orjuuden-loppu\/#breadcrumb\"},\"inLanguage\":\"fi\",\"potentialAction\":[{\"@type\":\"ReadAction\",\"target\":[\"https:\/\/suomenkuvalehti.fi\/americana\/sisallissota-lincoln-ja-orjuuden-loppu\/\"]}]},{\"@type\":\"BreadcrumbList\",\"@id\":\"https:\/\/suomenkuvalehti.fi\/americana\/sisallissota-lincoln-ja-orjuuden-loppu\/#breadcrumb\",\"itemListElement\":[{\"@type\":\"ListItem\",\"position\":1,\"name\":\"Home\",\"item\":\"https:\/\/suomenkuvalehti.fi\/americana\/\"},{\"@type\":\"ListItem\",\"position\":2,\"name\":\"Sis\u00e4llissota, Lincoln ja orjuuden loppu\"}]},{\"@type\":\"WebSite\",\"@id\":\"https:\/\/suomenkuvalehti.fi\/americana\/#website\",\"url\":\"https:\/\/suomenkuvalehti.fi\/americana\/\",\"name\":\"Americana\",\"description\":\"Professori Marko Maunula seuraa USA:n politiikkaa ja populaarikulttuuria\",\"potentialAction\":[{\"@type\":\"SearchAction\",\"target\":{\"@type\":\"EntryPoint\",\"urlTemplate\":\"https:\/\/suomenkuvalehti.fi\/haku\/?q={search_term_string}\"},\"query-input\":{\"@type\":\"PropertyValueSpecification\",\"valueRequired\":true,\"valueName\":\"search_term_string\"}}],\"inLanguage\":\"fi\"},{\"@type\":\"Person\",\"@id\":\"https:\/\/suomenkuvalehti.fi\/americana\/#\/schema\/person\/12d514491cb37506bc39c8e10176c3ec\",\"name\":\"Marko Maunula\",\"image\":{\"@type\":\"ImageObject\",\"inLanguage\":\"fi\",\"@id\":\"https:\/\/suomenkuvalehti.fi\/americana\/#\/schema\/person\/image\/\",\"url\":\"https:\/\/suomenkuvalehti.fi\/americana\/wp-content\/uploads\/sites\/10\/2022\/04\/americana_maunula-150x150.jpg\",\"contentUrl\":\"https:\/\/suomenkuvalehti.fi\/americana\/wp-content\/uploads\/sites\/10\/2022\/04\/americana_maunula-150x150.jpg\",\"caption\":\"Marko Maunula\"},\"description\":\"Kirjoittaja on Yhdysvaltain historian professori Atlantassa.\"}]}<\/script>\n<!-- \/ Yoast SEO plugin. -->","yoast_head_json":{"title":"Sis\u00e4llissota, Lincoln ja orjuuden loppu - Americana","robots":{"index":"noindex","follow":"follow"},"og_locale":"fi_FI","og_type":"article","og_title":"Sis\u00e4llissota, Lincoln ja orjuuden loppu - Americana","og_description":"Tasan 150 vuotta sitten, 1.1. 1863, orjuudesta tuli laitonta Yhdysvaltojen Etel\u00e4ss\u00e4. Samana p\u00e4iv\u00e4n\u00e4 Yhdysvaltain armeija avasi ovensa afroamerikkalaisille. Kun sis\u00e4llissota k\u00e4ynnistyi, presidentti Abraham Lincolnin virallinen kanta oli, ett\u00e4 sota ei koske orjuutta, vaan ainoastaan liittov&hellip;","og_url":"https:\/\/suomenkuvalehti.fi\/americana\/sisallissota-lincoln-ja-orjuuden-loppu\/","og_site_name":"Americana","article_published_time":"2013-01-01T14:16:34+00:00","article_modified_time":"2013-11-30T14:22:02+00:00","og_image":[{"width":2560,"height":1706,"url":"https:\/\/suomenkuvalehti.fi\/americana\/wp-content\/uploads\/sites\/10\/2022\/04\/americana_maunula-scaled.jpg","type":"image\/jpeg"}],"author":"Marko Maunula","twitter_card":"summary_large_image","twitter_misc":{"Written by":"Marko Maunula","Est. reading time":"1 minuutti"},"schema":{"@context":"https:\/\/schema.org","@graph":[{"@type":"WebPage","@id":"https:\/\/suomenkuvalehti.fi\/americana\/sisallissota-lincoln-ja-orjuuden-loppu\/","url":"https:\/\/suomenkuvalehti.fi\/americana\/sisallissota-lincoln-ja-orjuuden-loppu\/","name":"Sis\u00e4llissota, Lincoln ja orjuuden loppu - Americana","isPartOf":{"@id":"https:\/\/suomenkuvalehti.fi\/americana\/#website"},"datePublished":"2013-01-01T14:16:34+00:00","dateModified":"2013-11-30T14:22:02+00:00","author":{"@id":"https:\/\/suomenkuvalehti.fi\/americana\/#\/schema\/person\/12d514491cb37506bc39c8e10176c3ec"},"breadcrumb":{"@id":"https:\/\/suomenkuvalehti.fi\/americana\/sisallissota-lincoln-ja-orjuuden-loppu\/#breadcrumb"},"inLanguage":"fi","potentialAction":[{"@type":"ReadAction","target":["https:\/\/suomenkuvalehti.fi\/americana\/sisallissota-lincoln-ja-orjuuden-loppu\/"]}]},{"@type":"BreadcrumbList","@id":"https:\/\/suomenkuvalehti.fi\/americana\/sisallissota-lincoln-ja-orjuuden-loppu\/#breadcrumb","itemListElement":[{"@type":"ListItem","position":1,"name":"Home","item":"https:\/\/suomenkuvalehti.fi\/americana\/"},{"@type":"ListItem","position":2,"name":"Sis\u00e4llissota, Lincoln ja orjuuden loppu"}]},{"@type":"WebSite","@id":"https:\/\/suomenkuvalehti.fi\/americana\/#website","url":"https:\/\/suomenkuvalehti.fi\/americana\/","name":"Americana","description":"Professori Marko Maunula seuraa USA:n politiikkaa ja populaarikulttuuria","potentialAction":[{"@type":"SearchAction","target":{"@type":"EntryPoint","urlTemplate":"https:\/\/suomenkuvalehti.fi\/haku\/?q={search_term_string}"},"query-input":{"@type":"PropertyValueSpecification","valueRequired":true,"valueName":"search_term_string"}}],"inLanguage":"fi"},{"@type":"Person","@id":"https:\/\/suomenkuvalehti.fi\/americana\/#\/schema\/person\/12d514491cb37506bc39c8e10176c3ec","name":"Marko Maunula","image":{"@type":"ImageObject","inLanguage":"fi","@id":"https:\/\/suomenkuvalehti.fi\/americana\/#\/schema\/person\/image\/","url":"https:\/\/suomenkuvalehti.fi\/americana\/wp-content\/uploads\/sites\/10\/2022\/04\/americana_maunula-150x150.jpg","contentUrl":"https:\/\/suomenkuvalehti.fi\/americana\/wp-content\/uploads\/sites\/10\/2022\/04\/americana_maunula-150x150.jpg","caption":"Marko Maunula"},"description":"Kirjoittaja on Yhdysvaltain historian professori Atlantassa."}]}},"_links":{"self":[{"href":"https:\/\/suomenkuvalehti.fi\/americana\/wp-json\/wp\/v2\/posts\/100","targetHints":{"allow":["GET"]}}],"collection":[{"href":"https:\/\/suomenkuvalehti.fi\/americana\/wp-json\/wp\/v2\/posts"}],"about":[{"href":"https:\/\/suomenkuvalehti.fi\/americana\/wp-json\/wp\/v2\/types\/post"}],"author":[{"embeddable":true,"href":"https:\/\/suomenkuvalehti.fi\/americana\/wp-json\/wp\/v2\/users\/158"}],"replies":[{"embeddable":true,"href":"https:\/\/suomenkuvalehti.fi\/americana\/wp-json\/wp\/v2\/comments?post=100"}],"version-history":[{"count":1,"href":"https:\/\/suomenkuvalehti.fi\/americana\/wp-json\/wp\/v2\/posts\/100\/revisions"}],"predecessor-version":[{"id":232,"href":"https:\/\/suomenkuvalehti.fi\/americana\/wp-json\/wp\/v2\/posts\/100\/revisions\/232"}],"wp:attachment":[{"href":"https:\/\/suomenkuvalehti.fi\/americana\/wp-json\/wp\/v2\/media?parent=100"}],"wp:term":[{"taxonomy":"category","embeddable":true,"href":"https:\/\/suomenkuvalehti.fi\/americana\/wp-json\/wp\/v2\/categories?post=100"},{"taxonomy":"post_tag","embeddable":true,"href":"https:\/\/suomenkuvalehti.fi\/americana\/wp-json\/wp\/v2\/tags?post=100"}],"curies":[{"name":"wp","href":"https:\/\/api.w.org\/{rel}","templated":true}]}}