{"id":511,"date":"2017-09-07T12:55:47","date_gmt":"2017-09-07T09:55:47","guid":{"rendered":"https:\/\/suomenkuvalehti.fi\/ajolahto\/?p=511"},"modified":"2017-09-07T12:55:47","modified_gmt":"2017-09-07T09:55:47","slug":"kouvolassa-tapahtuu","status":"publish","type":"post","link":"https:\/\/suomenkuvalehti.fi\/ajolahto\/2017\/09\/07\/kouvolassa-tapahtuu\/","title":{"rendered":"Kouvolassa tapahtuu"},"content":{"rendered":"\n<div class=\"page\" title=\"Page 11\">\n<div class=\"layoutArea\">\n<div class=\"column\">\n<p>Ajol\u00e4ht\u00f6-hankkeen valokuvan\u00e4yttely <em>Liikkeess\u00e4 \u2013 Nuoret aikuiset uuden ty\u00f6n markkinoilla<\/em> on saavuttanut p\u00e4\u00e4tepisteens\u00e4.&nbsp;Viimeinen ripustus on esill\u00e4 Kouvolassa,&nbsp;<a href=\"https:\/\/fi-fi.facebook.com\/patoklubi\/\">Kuusankosken Taideruukilla<\/a> 24.9. saakka. Tervetuloa tutustumaan!<\/p>\n<p>&nbsp;<\/p>\n<\/div>\n<\/div>\n<\/div>\n\n\n<figure class=\"aligncenter size-article-img wp-block-image\">\n  <div class=\"wp-block-image__inner-container\">\n    <a href=\"https:\/\/suomenkuvalehti.fi\/ajolahto\/wp-content\/uploads\/sites\/38\/2017\/09\/08_p.jpg\"><img loading=\"lazy\" decoding=\"async\" src=\"https:\/\/suomenkuvalehti.fi\/ajolahto\/wp-content\/uploads\/sites\/38\/2017\/09\/08_p-630x421.jpg\" alt=\"\" class=\"wp-image-515\" width=\"1200\" height=\"801\" style=\"--aspect-ratio: 1.5\" srcset=\"https:\/\/suomenkuvalehti.fi\/ajolahto\/wp-content\/uploads\/sites\/38\/2017\/09\/08_p-630x421.jpg 630w, https:\/\/suomenkuvalehti.fi\/ajolahto\/wp-content\/uploads\/sites\/38\/2017\/09\/08_p-300x200.jpg 300w, https:\/\/suomenkuvalehti.fi\/ajolahto\/wp-content\/uploads\/sites\/38\/2017\/09\/08_p-768x513.jpg 768w, https:\/\/suomenkuvalehti.fi\/ajolahto\/wp-content\/uploads\/sites\/38\/2017\/09\/08_p-1024x684.jpg 1024w, https:\/\/suomenkuvalehti.fi\/ajolahto\/wp-content\/uploads\/sites\/38\/2017\/09\/08_p.jpg 1200w\" sizes=\"auto, (max-width: 1200px) 100vw, 1200px\" \/><\/a>    <figcaption class=\"wp-block-image__figcaption\">\n      kuva: Sami Perttil\u00e4          <\/figcaption>\n      <\/div>\n<\/figure>\n\n\n<p>Ajol\u00e4hd\u00f6n haastattelemat nuoret aikuiset pitiv\u00e4t yhden viikon ajalta kirjaa ty\u00f6st\u00e4\u00e4n ja vapaa-ajastaan. Monen arki on silppua: on paljon tekemist\u00e4, ty\u00f6 ja vapaa lomittuvat ja sekoittuvat.<\/p>\n\n\n\n<p>Kiireen tunne syntyy usein siit\u00e4, ett\u00e4 mieless\u00e4 on samaan aikaan monta hoidettavaa asiaa. Yleinen on my\u00f6s tunne ajan hupenemisesta vain johonkin. Aika todella on tiimalasin l\u00e4pi valuvaa hiekkaa.<\/p>\n\n\n\n<p>Moni osallistuja t\u00e4ytti ajank\u00e4ytt\u00f6p\u00e4iv\u00e4kirjaa mielell\u00e4\u00e4n. Heit\u00e4 motivoi n\u00e4hd\u00e4 kerrankin, mihin aika todella kuluu.<\/p>\n\n\n\n<p>Osalle kaikki viikonp\u00e4iv\u00e4t ovat tavalla tai toisella ty\u00f6p\u00e4ivi\u00e4 \u2013 ehk\u00e4 palkkaty\u00f6t\u00e4, toimeksiantoja ja yritt\u00e4jyytt\u00e4 rinnakkain. Monelle toimeentulo on sinnittely\u00e4, mutta oma ty\u00f6 ja yritt\u00e4jyys ylpeyden aihe.<\/p>\n\n\n","protected":false},"excerpt":{"rendered":"<p>Ajol\u00e4ht\u00f6-hankkeen valokuvan\u00e4yttely Liikkeess\u00e4 \u2013 Nuoret aikuiset uuden ty\u00f6n markkinoilla on saavuttanut p\u00e4\u00e4tepisteens\u00e4.&nbsp;Viimeinen ripustus on esill\u00e4 Kouvolassa,&nbsp;Kuusankosken Taideruukilla 24.9. saakka. Tervetuloa tutustumaan! &nbsp; Ajol\u00e4hd\u00f6n haastattelemat nuoret aikuiset pitiv\u00e4t yhden<br \/>\nviikon ajalta&hellip;<\/p>\n","protected":false},"author":25067,"featured_media":0,"comment_status":"open","ping_status":"closed","sticky":false,"template":"","format":"standard","meta":{"_acf_changed":false,"asauth_required_access_level":0,"asauth_cansharepaid":"true","om_header_attributes":[],"footnotes":"","om_featured_image_focal_point":[],"om_primary_tag":0,"om_contributors":[],"om_co_authors":[],"beyondwords_generate_audio":"","beyondwords_project_id":"","beyondwords_content_id":"","beyondwords_preview_token":"","beyondwords_player_content":"","beyondwords_player_style":"","beyondwords_language_code":"","beyondwords_language_id":"","beyondwords_title_voice_id":"","beyondwords_body_voice_id":"","beyondwords_summary_voice_id":"","beyondwords_error_message":"","beyondwords_disabled":"","beyondwords_delete_content":"","beyondwords_podcast_id":"","beyondwords_hash":"","publish_post_to_speechkit":"","speechkit_hash":"","speechkit_generate_audio":"","speechkit_project_id":"","speechkit_podcast_id":"","speechkit_error_message":"","speechkit_disabled":"","speechkit_access_key":"","speechkit_error":"","speechkit_info":"","speechkit_response":"","speechkit_retries":"","speechkit_status":"","speechkit_updated_at":"","_speechkit_link":"","_speechkit_text":""},"categories":[1],"tags":[58,131,275,219],"class_list":["post-511","post","type-post","status-publish","format-standard","hentry","category-ajolahto","tag-ajolahto","tag-kouvola","tag-liikkeessa-nayttely","tag-valokuvanayttely"],"om_views":null,"acf":{"tuuma_off":false,"tuuma_kysymys":"","tuuma_vastaus":""},"asauth":{"required_access_level":1,"share_token":"","is_paid":false},"yoast_head":"<!-- This site is optimized with the Yoast SEO plugin v26.4 - https:\/\/yoast.com\/wordpress\/plugins\/seo\/ -->\n<title>Kouvolassa tapahtuu - Ajol\u00e4ht\u00f6<\/title>\n<meta name=\"robots\" content=\"index, follow, max-snippet:-1, max-image-preview:large, max-video-preview:-1\" \/>\n<link rel=\"canonical\" href=\"https:\/\/suomenkuvalehti.fi\/ajolahto\/2017\/09\/07\/kouvolassa-tapahtuu\/\" \/>\n<meta property=\"og:locale\" content=\"fi_FI\" \/>\n<meta property=\"og:type\" content=\"article\" \/>\n<meta property=\"og:title\" content=\"Kouvolassa tapahtuu - Ajol\u00e4ht\u00f6\" \/>\n<meta property=\"og:description\" content=\"Ajol\u00e4ht\u00f6-hankkeen valokuvan\u00e4yttely Liikkeess\u00e4 \u2013 Nuoret aikuiset uuden ty\u00f6n markkinoilla on saavuttanut p\u00e4\u00e4tepisteens\u00e4.&nbsp;Viimeinen ripustus on esill\u00e4 Kouvolassa,&nbsp;Kuusankosken Taideruukilla 24.9. saakka. Tervetuloa tutustumaan! &nbsp; Ajol\u00e4hd\u00f6n haastattelemat nuoret aikuiset pitiv\u00e4t yhden viikon ajalta&hellip;\" \/>\n<meta property=\"og:url\" content=\"https:\/\/suomenkuvalehti.fi\/ajolahto\/2017\/09\/07\/kouvolassa-tapahtuu\/\" \/>\n<meta property=\"og:site_name\" content=\"Ajol\u00e4ht\u00f6\" \/>\n<meta property=\"article:published_time\" content=\"2017-09-07T09:55:47+00:00\" \/>\n<meta property=\"og:image\" content=\"https:\/\/suomenkuvalehti.fi\/ajolahto\/wp-content\/uploads\/sites\/38\/2017\/09\/08_p-630x421.jpg\" \/>\n<meta name=\"author\" content=\"Sami Perttil\u00e4\" \/>\n<meta name=\"twitter:card\" content=\"summary_large_image\" \/>\n<meta name=\"twitter:label1\" content=\"Written by\" \/>\n\t<meta name=\"twitter:data1\" content=\"Sami Perttil\u00e4\" \/>\n\t<meta name=\"twitter:label2\" content=\"Est. reading time\" \/>\n\t<meta name=\"twitter:data2\" content=\"1 minuutti\" \/>\n<script type=\"application\/ld+json\" class=\"yoast-schema-graph\">{\"@context\":\"https:\/\/schema.org\",\"@graph\":[{\"@type\":\"WebPage\",\"@id\":\"https:\/\/suomenkuvalehti.fi\/ajolahto\/2017\/09\/07\/kouvolassa-tapahtuu\/\",\"url\":\"https:\/\/suomenkuvalehti.fi\/ajolahto\/2017\/09\/07\/kouvolassa-tapahtuu\/\",\"name\":\"Kouvolassa tapahtuu - Ajol\u00e4ht\u00f6\",\"isPartOf\":{\"@id\":\"https:\/\/suomenkuvalehti.fi\/ajolahto\/#website\"},\"primaryImageOfPage\":{\"@id\":\"https:\/\/suomenkuvalehti.fi\/ajolahto\/2017\/09\/07\/kouvolassa-tapahtuu\/#primaryimage\"},\"image\":{\"@id\":\"https:\/\/suomenkuvalehti.fi\/ajolahto\/2017\/09\/07\/kouvolassa-tapahtuu\/#primaryimage\"},\"thumbnailUrl\":\"https:\/\/suomenkuvalehti.fi\/ajolahto\/wp-content\/uploads\/sites\/38\/2017\/09\/08_p-630x421.jpg\",\"datePublished\":\"2017-09-07T09:55:47+00:00\",\"author\":{\"@id\":\"https:\/\/suomenkuvalehti.fi\/ajolahto\/#\/schema\/person\/6de562b85cd0f9962abfb1f472938190\"},\"breadcrumb\":{\"@id\":\"https:\/\/suomenkuvalehti.fi\/ajolahto\/2017\/09\/07\/kouvolassa-tapahtuu\/#breadcrumb\"},\"inLanguage\":\"fi\",\"potentialAction\":[{\"@type\":\"ReadAction\",\"target\":[\"https:\/\/suomenkuvalehti.fi\/ajolahto\/2017\/09\/07\/kouvolassa-tapahtuu\/\"]}]},{\"@type\":\"ImageObject\",\"inLanguage\":\"fi\",\"@id\":\"https:\/\/suomenkuvalehti.fi\/ajolahto\/2017\/09\/07\/kouvolassa-tapahtuu\/#primaryimage\",\"url\":\"https:\/\/suomenkuvalehti.fi\/ajolahto\/wp-content\/uploads\/sites\/38\/2017\/09\/08_p.jpg\",\"contentUrl\":\"https:\/\/suomenkuvalehti.fi\/ajolahto\/wp-content\/uploads\/sites\/38\/2017\/09\/08_p.jpg\",\"width\":1200,\"height\":801,\"caption\":\"kuva: Sami Perttil\u00e4\"},{\"@type\":\"BreadcrumbList\",\"@id\":\"https:\/\/suomenkuvalehti.fi\/ajolahto\/2017\/09\/07\/kouvolassa-tapahtuu\/#breadcrumb\",\"itemListElement\":[{\"@type\":\"ListItem\",\"position\":1,\"name\":\"Home\",\"item\":\"https:\/\/suomenkuvalehti.fi\/ajolahto\/\"},{\"@type\":\"ListItem\",\"position\":2,\"name\":\"Kouvolassa tapahtuu\"}]},{\"@type\":\"WebSite\",\"@id\":\"https:\/\/suomenkuvalehti.fi\/ajolahto\/#website\",\"url\":\"https:\/\/suomenkuvalehti.fi\/ajolahto\/\",\"name\":\"Ajol\u00e4ht\u00f6\",\"description\":\"Ajol\u00e4ht\u00f6-hanke on Koneen S\u00e4\u00e4ti\u00f6n Jakautuuko Suomi? -rahoituksen (2015\u20132017) saanut tutkimushanke, joka yhdist\u00e4\u00e4 journalismin, valokuvan ja tutkimuksen keinoja.\",\"potentialAction\":[{\"@type\":\"SearchAction\",\"target\":{\"@type\":\"EntryPoint\",\"urlTemplate\":\"https:\/\/suomenkuvalehti.fi\/haku\/?q={search_term_string}\"},\"query-input\":{\"@type\":\"PropertyValueSpecification\",\"valueRequired\":true,\"valueName\":\"search_term_string\"}}],\"inLanguage\":\"fi\"},{\"@type\":\"Person\",\"@id\":\"https:\/\/suomenkuvalehti.fi\/ajolahto\/#\/schema\/person\/6de562b85cd0f9962abfb1f472938190\",\"name\":\"Sami Perttil\u00e4\",\"image\":{\"@type\":\"ImageObject\",\"inLanguage\":\"fi\",\"@id\":\"https:\/\/suomenkuvalehti.fi\/ajolahto\/#\/schema\/person\/image\/\",\"url\":\"https:\/\/suomenkuvalehti.fi\/ajolahto\/wp-content\/uploads\/sites\/38\/2016\/01\/sami_perttila_-150x150.jpg\",\"contentUrl\":\"https:\/\/suomenkuvalehti.fi\/ajolahto\/wp-content\/uploads\/sites\/38\/2016\/01\/sami_perttila_-150x150.jpg\",\"caption\":\"Sami Perttil\u00e4\"},\"description\":\"Kirjoittaja on helsinkil\u00e4inen freelance-valokuvaaja ja taiteen maisteri, joka ty\u00f6skentelee Nuorisotutkimusverkostossa Ajol\u00e4ht\u00f6-hankkeessa.\"}]}<\/script>\n<!-- \/ Yoast SEO plugin. -->","yoast_head_json":{"title":"Kouvolassa tapahtuu - Ajol\u00e4ht\u00f6","robots":{"index":"index","follow":"follow","max-snippet":"max-snippet:-1","max-image-preview":"max-image-preview:large","max-video-preview":"max-video-preview:-1"},"canonical":"https:\/\/suomenkuvalehti.fi\/ajolahto\/2017\/09\/07\/kouvolassa-tapahtuu\/","og_locale":"fi_FI","og_type":"article","og_title":"Kouvolassa tapahtuu - Ajol\u00e4ht\u00f6","og_description":"Ajol\u00e4ht\u00f6-hankkeen valokuvan\u00e4yttely Liikkeess\u00e4 \u2013 Nuoret aikuiset uuden ty\u00f6n markkinoilla on saavuttanut p\u00e4\u00e4tepisteens\u00e4.&nbsp;Viimeinen ripustus on esill\u00e4 Kouvolassa,&nbsp;Kuusankosken Taideruukilla 24.9. saakka. Tervetuloa tutustumaan! &nbsp; Ajol\u00e4hd\u00f6n haastattelemat nuoret aikuiset pitiv\u00e4t yhden viikon ajalta&hellip;","og_url":"https:\/\/suomenkuvalehti.fi\/ajolahto\/2017\/09\/07\/kouvolassa-tapahtuu\/","og_site_name":"Ajol\u00e4ht\u00f6","article_published_time":"2017-09-07T09:55:47+00:00","og_image":[{"url":"https:\/\/suomenkuvalehti.fi\/ajolahto\/wp-content\/uploads\/sites\/38\/2017\/09\/08_p-630x421.jpg","type":"","width":"","height":""}],"author":"Sami Perttil\u00e4","twitter_card":"summary_large_image","twitter_misc":{"Written by":"Sami Perttil\u00e4","Est. reading time":"1 minuutti"},"schema":{"@context":"https:\/\/schema.org","@graph":[{"@type":"WebPage","@id":"https:\/\/suomenkuvalehti.fi\/ajolahto\/2017\/09\/07\/kouvolassa-tapahtuu\/","url":"https:\/\/suomenkuvalehti.fi\/ajolahto\/2017\/09\/07\/kouvolassa-tapahtuu\/","name":"Kouvolassa tapahtuu - Ajol\u00e4ht\u00f6","isPartOf":{"@id":"https:\/\/suomenkuvalehti.fi\/ajolahto\/#website"},"primaryImageOfPage":{"@id":"https:\/\/suomenkuvalehti.fi\/ajolahto\/2017\/09\/07\/kouvolassa-tapahtuu\/#primaryimage"},"image":{"@id":"https:\/\/suomenkuvalehti.fi\/ajolahto\/2017\/09\/07\/kouvolassa-tapahtuu\/#primaryimage"},"thumbnailUrl":"https:\/\/suomenkuvalehti.fi\/ajolahto\/wp-content\/uploads\/sites\/38\/2017\/09\/08_p-630x421.jpg","datePublished":"2017-09-07T09:55:47+00:00","author":{"@id":"https:\/\/suomenkuvalehti.fi\/ajolahto\/#\/schema\/person\/6de562b85cd0f9962abfb1f472938190"},"breadcrumb":{"@id":"https:\/\/suomenkuvalehti.fi\/ajolahto\/2017\/09\/07\/kouvolassa-tapahtuu\/#breadcrumb"},"inLanguage":"fi","potentialAction":[{"@type":"ReadAction","target":["https:\/\/suomenkuvalehti.fi\/ajolahto\/2017\/09\/07\/kouvolassa-tapahtuu\/"]}]},{"@type":"ImageObject","inLanguage":"fi","@id":"https:\/\/suomenkuvalehti.fi\/ajolahto\/2017\/09\/07\/kouvolassa-tapahtuu\/#primaryimage","url":"https:\/\/suomenkuvalehti.fi\/ajolahto\/wp-content\/uploads\/sites\/38\/2017\/09\/08_p.jpg","contentUrl":"https:\/\/suomenkuvalehti.fi\/ajolahto\/wp-content\/uploads\/sites\/38\/2017\/09\/08_p.jpg","width":1200,"height":801,"caption":"kuva: Sami Perttil\u00e4"},{"@type":"BreadcrumbList","@id":"https:\/\/suomenkuvalehti.fi\/ajolahto\/2017\/09\/07\/kouvolassa-tapahtuu\/#breadcrumb","itemListElement":[{"@type":"ListItem","position":1,"name":"Home","item":"https:\/\/suomenkuvalehti.fi\/ajolahto\/"},{"@type":"ListItem","position":2,"name":"Kouvolassa tapahtuu"}]},{"@type":"WebSite","@id":"https:\/\/suomenkuvalehti.fi\/ajolahto\/#website","url":"https:\/\/suomenkuvalehti.fi\/ajolahto\/","name":"Ajol\u00e4ht\u00f6","description":"Ajol\u00e4ht\u00f6-hanke on Koneen S\u00e4\u00e4ti\u00f6n Jakautuuko Suomi? -rahoituksen (2015\u20132017) saanut tutkimushanke, joka yhdist\u00e4\u00e4 journalismin, valokuvan ja tutkimuksen keinoja.","potentialAction":[{"@type":"SearchAction","target":{"@type":"EntryPoint","urlTemplate":"https:\/\/suomenkuvalehti.fi\/haku\/?q={search_term_string}"},"query-input":{"@type":"PropertyValueSpecification","valueRequired":true,"valueName":"search_term_string"}}],"inLanguage":"fi"},{"@type":"Person","@id":"https:\/\/suomenkuvalehti.fi\/ajolahto\/#\/schema\/person\/6de562b85cd0f9962abfb1f472938190","name":"Sami Perttil\u00e4","image":{"@type":"ImageObject","inLanguage":"fi","@id":"https:\/\/suomenkuvalehti.fi\/ajolahto\/#\/schema\/person\/image\/","url":"https:\/\/suomenkuvalehti.fi\/ajolahto\/wp-content\/uploads\/sites\/38\/2016\/01\/sami_perttila_-150x150.jpg","contentUrl":"https:\/\/suomenkuvalehti.fi\/ajolahto\/wp-content\/uploads\/sites\/38\/2016\/01\/sami_perttila_-150x150.jpg","caption":"Sami Perttil\u00e4"},"description":"Kirjoittaja on helsinkil\u00e4inen freelance-valokuvaaja ja taiteen maisteri, joka ty\u00f6skentelee Nuorisotutkimusverkostossa Ajol\u00e4ht\u00f6-hankkeessa."}]}},"_links":{"self":[{"href":"https:\/\/suomenkuvalehti.fi\/ajolahto\/wp-json\/wp\/v2\/posts\/511","targetHints":{"allow":["GET"]}}],"collection":[{"href":"https:\/\/suomenkuvalehti.fi\/ajolahto\/wp-json\/wp\/v2\/posts"}],"about":[{"href":"https:\/\/suomenkuvalehti.fi\/ajolahto\/wp-json\/wp\/v2\/types\/post"}],"author":[{"embeddable":true,"href":"https:\/\/suomenkuvalehti.fi\/ajolahto\/wp-json\/wp\/v2\/users\/25067"}],"replies":[{"embeddable":true,"href":"https:\/\/suomenkuvalehti.fi\/ajolahto\/wp-json\/wp\/v2\/comments?post=511"}],"version-history":[{"count":1,"href":"https:\/\/suomenkuvalehti.fi\/ajolahto\/wp-json\/wp\/v2\/posts\/511\/revisions"}],"predecessor-version":[{"id":516,"href":"https:\/\/suomenkuvalehti.fi\/ajolahto\/wp-json\/wp\/v2\/posts\/511\/revisions\/516"}],"wp:attachment":[{"href":"https:\/\/suomenkuvalehti.fi\/ajolahto\/wp-json\/wp\/v2\/media?parent=511"}],"wp:term":[{"taxonomy":"category","embeddable":true,"href":"https:\/\/suomenkuvalehti.fi\/ajolahto\/wp-json\/wp\/v2\/categories?post=511"},{"taxonomy":"post_tag","embeddable":true,"href":"https:\/\/suomenkuvalehti.fi\/ajolahto\/wp-json\/wp\/v2\/tags?post=511"}],"curies":[{"name":"wp","href":"https:\/\/api.w.org\/{rel}","templated":true}]}}