{"id":487,"date":"2017-08-10T10:00:55","date_gmt":"2017-08-10T07:00:55","guid":{"rendered":"https:\/\/suomenkuvalehti.fi\/ajolahto\/?p=487"},"modified":"2017-08-10T00:10:42","modified_gmt":"2017-08-09T21:10:42","slug":"ajolahto-hankkeen-nayttely-kiertaa","status":"publish","type":"post","link":"https:\/\/suomenkuvalehti.fi\/ajolahto\/2017\/08\/10\/ajolahto-hankkeen-nayttely-kiertaa\/","title":{"rendered":"Ajol\u00e4ht\u00f6-hankkeen n\u00e4yttely kiert\u00e4\u00e4"},"content":{"rendered":"\n<div class=\"page\" title=\"Page 16\">\n<div class=\"layoutArea\">\n<div class=\"column\">\n<p>Farmaseutti Hennin arki oli vuoden 2016 kev\u00e4\u00e4ll\u00e4 kiireist\u00e4 ja rankkaakin. H\u00e4n ty\u00f6skenteli Kotkan-Kouvolan alueella eri apteekeissa sen mukaan, mihin milloinkin tarvittiin lis\u00e4v\u00e4ke\u00e4. V\u00e4lill\u00e4 saattoi menn\u00e4 kolmekin viikkoa samassa apteekissa, v\u00e4lill\u00e4 h\u00e4n taas oli kolmessa apteekissa samalla viikolla.<\/p>\n<p>P\u00e4ivitt\u00e4iset ajomatkat olivat usein pitki\u00e4, ja jatkuva ty\u00f6paikan vaihto oli my\u00f6s henkisesti raskasta.<\/p>\n<p>Samalla Henni luki p\u00e4\u00e4sykokeisiin ja haaveili alanvaihdosta. Nyt h\u00e4n opiskelee Lahdessa ymp\u00e4rist\u00f6tieteit\u00e4 ja toivoo p\u00e4\u00e4sev\u00e4ns\u00e4 tulevaisuudessa ulkomaille asiantuntija- tai tutkimust\u00f6ihin. Farmaseuttina h\u00e4n toimii edelleen opiskelun ohessa, nyt kuitenkin vain yhdess\u00e4 apteekissa.<\/p>\n<p>Muutto Kotkasta Lahteen j\u00e4nnitti, koska h\u00e4n ei tiennyt Lahdesta mit\u00e4\u00e4n. Nyt tulevaisuus n\u00e4ytt\u00e4\u00e4 kuitenkin valoisalta.<\/p>\n<figure class=\"aligncenter size-article-img wp-block-image\">\n  <div class=\"wp-block-image__inner-container\">\n    <a href=\"https:\/\/suomenkuvalehti.fi\/ajolahto\/wp-content\/uploads\/sites\/38\/2017\/08\/16_henni.jpg\"><img loading=\"lazy\" decoding=\"async\" src=\"https:\/\/suomenkuvalehti.fi\/ajolahto\/wp-content\/uploads\/sites\/38\/2017\/08\/16_henni-630x944.jpg\" alt=\"\" class=\"wp-image-488\" width=\"1200\" height=\"1798\" style=\"--aspect-ratio: 0.67\" srcset=\"https:\/\/suomenkuvalehti.fi\/ajolahto\/wp-content\/uploads\/sites\/38\/2017\/08\/16_henni-630x944.jpg 630w, https:\/\/suomenkuvalehti.fi\/ajolahto\/wp-content\/uploads\/sites\/38\/2017\/08\/16_henni-200x300.jpg 200w, https:\/\/suomenkuvalehti.fi\/ajolahto\/wp-content\/uploads\/sites\/38\/2017\/08\/16_henni-768x1151.jpg 768w, https:\/\/suomenkuvalehti.fi\/ajolahto\/wp-content\/uploads\/sites\/38\/2017\/08\/16_henni-683x1024.jpg 683w, https:\/\/suomenkuvalehti.fi\/ajolahto\/wp-content\/uploads\/sites\/38\/2017\/08\/16_henni-300x450.jpg 300w, https:\/\/suomenkuvalehti.fi\/ajolahto\/wp-content\/uploads\/sites\/38\/2017\/08\/16_henni.jpg 1200w\" sizes=\"auto, (max-width: 1200px) 100vw, 1200px\" \/><\/a>    <figcaption class=\"wp-block-image__figcaption\">\n      kuva: Sami Perttil\u00e4          <\/figcaption>\n      <\/div>\n<\/figure>\n<\/div>\n<p>Ajol\u00e4ht\u00f6-hankkeen valokuvan\u00e4yttely kiert\u00e4\u00e4. Kuvia ja tekstej\u00e4 nuorten aikuisten ty\u00f6el\u00e4m\u00e4st\u00e4 on paraikaa&nbsp;esill\u00e4 Lahden Aatetilassa (Kansantalon kioski, Aleksanterinkatu 26 B).&nbsp;<\/p>\n<p>Taidelauantaina 26.8. pelaamme kioskin edustalla Venytin-peli\u00e4. Tule testaamaan joustosi ty\u00f6markkinoilla!<\/p>\n<\/div>\n<\/div>\n\n\n","protected":false},"excerpt":{"rendered":"","protected":false},"author":25067,"featured_media":0,"comment_status":"open","ping_status":"closed","sticky":false,"template":"","format":"standard","meta":{"_acf_changed":false,"asauth_required_access_level":0,"asauth_cansharepaid":"true","om_header_attributes":[],"footnotes":"","om_featured_image_focal_point":[],"om_primary_tag":0,"om_contributors":[],"om_co_authors":[],"beyondwords_generate_audio":"","beyondwords_project_id":"","beyondwords_content_id":"","beyondwords_preview_token":"","beyondwords_player_content":"","beyondwords_player_style":"","beyondwords_language_code":"","beyondwords_language_id":"","beyondwords_title_voice_id":"","beyondwords_body_voice_id":"","beyondwords_summary_voice_id":"","beyondwords_error_message":"","beyondwords_disabled":"","beyondwords_delete_content":"","beyondwords_podcast_id":"","beyondwords_hash":"","publish_post_to_speechkit":"","speechkit_hash":"","speechkit_generate_audio":"","speechkit_project_id":"","speechkit_podcast_id":"","speechkit_error_message":"","speechkit_disabled":"","speechkit_access_key":"","speechkit_error":"","speechkit_info":"","speechkit_response":"","speechkit_retries":"","speechkit_status":"","speechkit_updated_at":"","_speechkit_link":"","_speechkit_text":""},"categories":[1],"tags":[58,276,275],"class_list":["post-487","post","type-post","status-publish","format-standard","hentry","category-ajolahto","tag-ajolahto","tag-lahti","tag-liikkeessa-nayttely"],"om_views":null,"acf":{"tuuma_off":false,"tuuma_kysymys":"","tuuma_vastaus":""},"asauth":{"required_access_level":1,"share_token":"","is_paid":false},"yoast_head":"<!-- This site is optimized with the Yoast SEO plugin v26.4 - https:\/\/yoast.com\/wordpress\/plugins\/seo\/ -->\n<title>Ajol\u00e4ht\u00f6-hankkeen n\u00e4yttely kiert\u00e4\u00e4 - Ajol\u00e4ht\u00f6<\/title>\n<meta name=\"robots\" content=\"index, follow, max-snippet:-1, max-image-preview:large, max-video-preview:-1\" \/>\n<link rel=\"canonical\" href=\"https:\/\/suomenkuvalehti.fi\/ajolahto\/2017\/08\/10\/ajolahto-hankkeen-nayttely-kiertaa\/\" \/>\n<meta property=\"og:locale\" content=\"fi_FI\" \/>\n<meta property=\"og:type\" content=\"article\" \/>\n<meta property=\"og:title\" content=\"Ajol\u00e4ht\u00f6-hankkeen n\u00e4yttely kiert\u00e4\u00e4 - Ajol\u00e4ht\u00f6\" \/>\n<meta property=\"og:url\" content=\"https:\/\/suomenkuvalehti.fi\/ajolahto\/2017\/08\/10\/ajolahto-hankkeen-nayttely-kiertaa\/\" \/>\n<meta property=\"og:site_name\" content=\"Ajol\u00e4ht\u00f6\" \/>\n<meta property=\"article:published_time\" content=\"2017-08-10T07:00:55+00:00\" \/>\n<meta property=\"og:image\" content=\"https:\/\/suomenkuvalehti.fi\/ajolahto\/wp-content\/uploads\/sites\/38\/2017\/08\/16_henni-630x944.jpg\" \/>\n<meta name=\"author\" content=\"Sami Perttil\u00e4\" \/>\n<meta name=\"twitter:card\" content=\"summary_large_image\" \/>\n<meta name=\"twitter:label1\" content=\"Written by\" \/>\n\t<meta name=\"twitter:data1\" content=\"Sami Perttil\u00e4\" \/>\n\t<meta name=\"twitter:label2\" content=\"Est. reading time\" \/>\n\t<meta name=\"twitter:data2\" content=\"1 minuutti\" \/>\n<script type=\"application\/ld+json\" class=\"yoast-schema-graph\">{\"@context\":\"https:\/\/schema.org\",\"@graph\":[{\"@type\":\"WebPage\",\"@id\":\"https:\/\/suomenkuvalehti.fi\/ajolahto\/2017\/08\/10\/ajolahto-hankkeen-nayttely-kiertaa\/\",\"url\":\"https:\/\/suomenkuvalehti.fi\/ajolahto\/2017\/08\/10\/ajolahto-hankkeen-nayttely-kiertaa\/\",\"name\":\"Ajol\u00e4ht\u00f6-hankkeen n\u00e4yttely kiert\u00e4\u00e4 - Ajol\u00e4ht\u00f6\",\"isPartOf\":{\"@id\":\"https:\/\/suomenkuvalehti.fi\/ajolahto\/#website\"},\"primaryImageOfPage\":{\"@id\":\"https:\/\/suomenkuvalehti.fi\/ajolahto\/2017\/08\/10\/ajolahto-hankkeen-nayttely-kiertaa\/#primaryimage\"},\"image\":{\"@id\":\"https:\/\/suomenkuvalehti.fi\/ajolahto\/2017\/08\/10\/ajolahto-hankkeen-nayttely-kiertaa\/#primaryimage\"},\"thumbnailUrl\":\"https:\/\/suomenkuvalehti.fi\/ajolahto\/wp-content\/uploads\/sites\/38\/2017\/08\/16_henni-630x944.jpg\",\"datePublished\":\"2017-08-10T07:00:55+00:00\",\"author\":{\"@id\":\"https:\/\/suomenkuvalehti.fi\/ajolahto\/#\/schema\/person\/6de562b85cd0f9962abfb1f472938190\"},\"breadcrumb\":{\"@id\":\"https:\/\/suomenkuvalehti.fi\/ajolahto\/2017\/08\/10\/ajolahto-hankkeen-nayttely-kiertaa\/#breadcrumb\"},\"inLanguage\":\"fi\",\"potentialAction\":[{\"@type\":\"ReadAction\",\"target\":[\"https:\/\/suomenkuvalehti.fi\/ajolahto\/2017\/08\/10\/ajolahto-hankkeen-nayttely-kiertaa\/\"]}]},{\"@type\":\"ImageObject\",\"inLanguage\":\"fi\",\"@id\":\"https:\/\/suomenkuvalehti.fi\/ajolahto\/2017\/08\/10\/ajolahto-hankkeen-nayttely-kiertaa\/#primaryimage\",\"url\":\"https:\/\/suomenkuvalehti.fi\/ajolahto\/wp-content\/uploads\/sites\/38\/2017\/08\/16_henni.jpg\",\"contentUrl\":\"https:\/\/suomenkuvalehti.fi\/ajolahto\/wp-content\/uploads\/sites\/38\/2017\/08\/16_henni.jpg\",\"width\":1200,\"height\":1798,\"caption\":\"kuva: Sami Perttil\u00e4\"},{\"@type\":\"BreadcrumbList\",\"@id\":\"https:\/\/suomenkuvalehti.fi\/ajolahto\/2017\/08\/10\/ajolahto-hankkeen-nayttely-kiertaa\/#breadcrumb\",\"itemListElement\":[{\"@type\":\"ListItem\",\"position\":1,\"name\":\"Home\",\"item\":\"https:\/\/suomenkuvalehti.fi\/ajolahto\/\"},{\"@type\":\"ListItem\",\"position\":2,\"name\":\"Ajol\u00e4ht\u00f6-hankkeen n\u00e4yttely kiert\u00e4\u00e4\"}]},{\"@type\":\"WebSite\",\"@id\":\"https:\/\/suomenkuvalehti.fi\/ajolahto\/#website\",\"url\":\"https:\/\/suomenkuvalehti.fi\/ajolahto\/\",\"name\":\"Ajol\u00e4ht\u00f6\",\"description\":\"Ajol\u00e4ht\u00f6-hanke on Koneen S\u00e4\u00e4ti\u00f6n Jakautuuko Suomi? -rahoituksen (2015\u20132017) saanut tutkimushanke, joka yhdist\u00e4\u00e4 journalismin, valokuvan ja tutkimuksen keinoja.\",\"potentialAction\":[{\"@type\":\"SearchAction\",\"target\":{\"@type\":\"EntryPoint\",\"urlTemplate\":\"https:\/\/suomenkuvalehti.fi\/haku\/?q={search_term_string}\"},\"query-input\":{\"@type\":\"PropertyValueSpecification\",\"valueRequired\":true,\"valueName\":\"search_term_string\"}}],\"inLanguage\":\"fi\"},{\"@type\":\"Person\",\"@id\":\"https:\/\/suomenkuvalehti.fi\/ajolahto\/#\/schema\/person\/6de562b85cd0f9962abfb1f472938190\",\"name\":\"Sami Perttil\u00e4\",\"image\":{\"@type\":\"ImageObject\",\"inLanguage\":\"fi\",\"@id\":\"https:\/\/suomenkuvalehti.fi\/ajolahto\/#\/schema\/person\/image\/\",\"url\":\"https:\/\/suomenkuvalehti.fi\/ajolahto\/wp-content\/uploads\/sites\/38\/2016\/01\/sami_perttila_-150x150.jpg\",\"contentUrl\":\"https:\/\/suomenkuvalehti.fi\/ajolahto\/wp-content\/uploads\/sites\/38\/2016\/01\/sami_perttila_-150x150.jpg\",\"caption\":\"Sami Perttil\u00e4\"},\"description\":\"Kirjoittaja on helsinkil\u00e4inen freelance-valokuvaaja ja taiteen maisteri, joka ty\u00f6skentelee Nuorisotutkimusverkostossa Ajol\u00e4ht\u00f6-hankkeessa.\"}]}<\/script>\n<!-- \/ Yoast SEO plugin. -->","yoast_head_json":{"title":"Ajol\u00e4ht\u00f6-hankkeen n\u00e4yttely kiert\u00e4\u00e4 - Ajol\u00e4ht\u00f6","robots":{"index":"index","follow":"follow","max-snippet":"max-snippet:-1","max-image-preview":"max-image-preview:large","max-video-preview":"max-video-preview:-1"},"canonical":"https:\/\/suomenkuvalehti.fi\/ajolahto\/2017\/08\/10\/ajolahto-hankkeen-nayttely-kiertaa\/","og_locale":"fi_FI","og_type":"article","og_title":"Ajol\u00e4ht\u00f6-hankkeen n\u00e4yttely kiert\u00e4\u00e4 - Ajol\u00e4ht\u00f6","og_url":"https:\/\/suomenkuvalehti.fi\/ajolahto\/2017\/08\/10\/ajolahto-hankkeen-nayttely-kiertaa\/","og_site_name":"Ajol\u00e4ht\u00f6","article_published_time":"2017-08-10T07:00:55+00:00","og_image":[{"url":"https:\/\/suomenkuvalehti.fi\/ajolahto\/wp-content\/uploads\/sites\/38\/2017\/08\/16_henni-630x944.jpg","type":"","width":"","height":""}],"author":"Sami Perttil\u00e4","twitter_card":"summary_large_image","twitter_misc":{"Written by":"Sami Perttil\u00e4","Est. reading time":"1 minuutti"},"schema":{"@context":"https:\/\/schema.org","@graph":[{"@type":"WebPage","@id":"https:\/\/suomenkuvalehti.fi\/ajolahto\/2017\/08\/10\/ajolahto-hankkeen-nayttely-kiertaa\/","url":"https:\/\/suomenkuvalehti.fi\/ajolahto\/2017\/08\/10\/ajolahto-hankkeen-nayttely-kiertaa\/","name":"Ajol\u00e4ht\u00f6-hankkeen n\u00e4yttely kiert\u00e4\u00e4 - Ajol\u00e4ht\u00f6","isPartOf":{"@id":"https:\/\/suomenkuvalehti.fi\/ajolahto\/#website"},"primaryImageOfPage":{"@id":"https:\/\/suomenkuvalehti.fi\/ajolahto\/2017\/08\/10\/ajolahto-hankkeen-nayttely-kiertaa\/#primaryimage"},"image":{"@id":"https:\/\/suomenkuvalehti.fi\/ajolahto\/2017\/08\/10\/ajolahto-hankkeen-nayttely-kiertaa\/#primaryimage"},"thumbnailUrl":"https:\/\/suomenkuvalehti.fi\/ajolahto\/wp-content\/uploads\/sites\/38\/2017\/08\/16_henni-630x944.jpg","datePublished":"2017-08-10T07:00:55+00:00","author":{"@id":"https:\/\/suomenkuvalehti.fi\/ajolahto\/#\/schema\/person\/6de562b85cd0f9962abfb1f472938190"},"breadcrumb":{"@id":"https:\/\/suomenkuvalehti.fi\/ajolahto\/2017\/08\/10\/ajolahto-hankkeen-nayttely-kiertaa\/#breadcrumb"},"inLanguage":"fi","potentialAction":[{"@type":"ReadAction","target":["https:\/\/suomenkuvalehti.fi\/ajolahto\/2017\/08\/10\/ajolahto-hankkeen-nayttely-kiertaa\/"]}]},{"@type":"ImageObject","inLanguage":"fi","@id":"https:\/\/suomenkuvalehti.fi\/ajolahto\/2017\/08\/10\/ajolahto-hankkeen-nayttely-kiertaa\/#primaryimage","url":"https:\/\/suomenkuvalehti.fi\/ajolahto\/wp-content\/uploads\/sites\/38\/2017\/08\/16_henni.jpg","contentUrl":"https:\/\/suomenkuvalehti.fi\/ajolahto\/wp-content\/uploads\/sites\/38\/2017\/08\/16_henni.jpg","width":1200,"height":1798,"caption":"kuva: Sami Perttil\u00e4"},{"@type":"BreadcrumbList","@id":"https:\/\/suomenkuvalehti.fi\/ajolahto\/2017\/08\/10\/ajolahto-hankkeen-nayttely-kiertaa\/#breadcrumb","itemListElement":[{"@type":"ListItem","position":1,"name":"Home","item":"https:\/\/suomenkuvalehti.fi\/ajolahto\/"},{"@type":"ListItem","position":2,"name":"Ajol\u00e4ht\u00f6-hankkeen n\u00e4yttely kiert\u00e4\u00e4"}]},{"@type":"WebSite","@id":"https:\/\/suomenkuvalehti.fi\/ajolahto\/#website","url":"https:\/\/suomenkuvalehti.fi\/ajolahto\/","name":"Ajol\u00e4ht\u00f6","description":"Ajol\u00e4ht\u00f6-hanke on Koneen S\u00e4\u00e4ti\u00f6n Jakautuuko Suomi? -rahoituksen (2015\u20132017) saanut tutkimushanke, joka yhdist\u00e4\u00e4 journalismin, valokuvan ja tutkimuksen keinoja.","potentialAction":[{"@type":"SearchAction","target":{"@type":"EntryPoint","urlTemplate":"https:\/\/suomenkuvalehti.fi\/haku\/?q={search_term_string}"},"query-input":{"@type":"PropertyValueSpecification","valueRequired":true,"valueName":"search_term_string"}}],"inLanguage":"fi"},{"@type":"Person","@id":"https:\/\/suomenkuvalehti.fi\/ajolahto\/#\/schema\/person\/6de562b85cd0f9962abfb1f472938190","name":"Sami Perttil\u00e4","image":{"@type":"ImageObject","inLanguage":"fi","@id":"https:\/\/suomenkuvalehti.fi\/ajolahto\/#\/schema\/person\/image\/","url":"https:\/\/suomenkuvalehti.fi\/ajolahto\/wp-content\/uploads\/sites\/38\/2016\/01\/sami_perttila_-150x150.jpg","contentUrl":"https:\/\/suomenkuvalehti.fi\/ajolahto\/wp-content\/uploads\/sites\/38\/2016\/01\/sami_perttila_-150x150.jpg","caption":"Sami Perttil\u00e4"},"description":"Kirjoittaja on helsinkil\u00e4inen freelance-valokuvaaja ja taiteen maisteri, joka ty\u00f6skentelee Nuorisotutkimusverkostossa Ajol\u00e4ht\u00f6-hankkeessa."}]}},"_links":{"self":[{"href":"https:\/\/suomenkuvalehti.fi\/ajolahto\/wp-json\/wp\/v2\/posts\/487","targetHints":{"allow":["GET"]}}],"collection":[{"href":"https:\/\/suomenkuvalehti.fi\/ajolahto\/wp-json\/wp\/v2\/posts"}],"about":[{"href":"https:\/\/suomenkuvalehti.fi\/ajolahto\/wp-json\/wp\/v2\/types\/post"}],"author":[{"embeddable":true,"href":"https:\/\/suomenkuvalehti.fi\/ajolahto\/wp-json\/wp\/v2\/users\/25067"}],"replies":[{"embeddable":true,"href":"https:\/\/suomenkuvalehti.fi\/ajolahto\/wp-json\/wp\/v2\/comments?post=487"}],"version-history":[{"count":3,"href":"https:\/\/suomenkuvalehti.fi\/ajolahto\/wp-json\/wp\/v2\/posts\/487\/revisions"}],"predecessor-version":[{"id":491,"href":"https:\/\/suomenkuvalehti.fi\/ajolahto\/wp-json\/wp\/v2\/posts\/487\/revisions\/491"}],"wp:attachment":[{"href":"https:\/\/suomenkuvalehti.fi\/ajolahto\/wp-json\/wp\/v2\/media?parent=487"}],"wp:term":[{"taxonomy":"category","embeddable":true,"href":"https:\/\/suomenkuvalehti.fi\/ajolahto\/wp-json\/wp\/v2\/categories?post=487"},{"taxonomy":"post_tag","embeddable":true,"href":"https:\/\/suomenkuvalehti.fi\/ajolahto\/wp-json\/wp\/v2\/tags?post=487"}],"curies":[{"name":"wp","href":"https:\/\/api.w.org\/{rel}","templated":true}]}}